{"id":1470328,"date":"2024-12-11T07:22:15","date_gmt":"2024-12-11T06:22:15","guid":{"rendered":"https:\/\/theplayoffs.news\/fr\/?p=1470328"},"modified":"2024-12-11T07:22:15","modified_gmt":"2024-12-11T06:22:15","slug":"max-fried-yankees","status":"publish","type":"post","link":"https:\/\/theplayoffs.news\/fr\/actualite-mlb\/max-fried-yankees\/","title":{"rendered":"Max Fried aux Yankees : Contrat record sur 8 ans pour un lanceur gaucher"},"content":{"rendered":"<h4>Les <strong>Yankees<\/strong>, apr&egrave;s avoir perdu <strong><a href=\"https:\/\/theplayoffs.news\/fr\/mlb\/juan-soto-signe-aux-mets-new-king-of-queens\/\" class=\"trk-cta-link\" data-cta-trk='{\"ctaType\":\"Link\",\"ctaSubType\":\"main\"}'>Juan Soto au profit des Mets<\/a>,<\/strong> ont r&eacute;agi rapidement en s&eacute;curisant l&rsquo;un des plus grands noms du march&eacute; des agents libres. <strong>Max Fried<\/strong>, lanceur gaucher de 30 ans et pilier de la rotation des <strong>Atlanta Braves<\/strong>, a sign&eacute; un contrat de <strong>8 ans et 218 millions de dollars<\/strong> avec la franchise new-yorkaise. Ce deal, le plus important jamais accord&eacute; &agrave; un lanceur gaucher, est &eacute;galement le quatri&egrave;me plus &eacute;lev&eacute; pour un lanceur dans l&rsquo;histoire de la <strong>MLB<\/strong>, derri&egrave;re <strong>Shohei Ohtani<\/strong>, <strong>Yoshinobu Yamamoto<\/strong> et <strong>Gerrit Cole<\/strong>.<\/h4><h3><strong>Un atout majeur pour la rotation des Yankees<\/strong><\/h3><p><strong>Max Fried<\/strong> arrive aux <strong>Yankees<\/strong> avec un palmar&egrave;s impressionnant. Avec un bilan de <strong>73 victoires et 36 d&eacute;faites<\/strong>, et une <strong>ERA de 3.07<\/strong> en 168 matchs de saison r&eacute;guli&egrave;re, il est l&rsquo;un des meilleurs lanceurs des derni&egrave;res ann&eacute;es. En <strong>2024<\/strong>, il a enregistr&eacute; un record de 11-10 avec une <strong>ERA de 3.25,<\/strong> malgr&eacute; des probl&egrave;mes r&eacute;currents au niveau du bras, qui l&rsquo;ont temporairement &eacute;loign&eacute; des terrains. Cependant, son retour rapide et ses performances solides, y compris deux matchs complets et un blanchissage, montrent qu&rsquo;il reste un atout majeur. Ce dernier signe aux <strong>Yankees<\/strong> apr&egrave;s une solide carri&egrave;re avec les <strong>Braves<\/strong>, qui l&rsquo;ont acquis en <strong>2014<\/strong> dans un &eacute;change avec les <strong>Padres<\/strong>, et o&ugrave; il a particip&eacute; &agrave; la <a href=\"https:\/\/theplayoffs.news\/fr\/mlb\/les-braves-remportent-les-world-series-2021\/\" class=\"trk-cta-link\" data-cta-trk='{\"ctaType\":\"Link\",\"ctaSubType\":\"main\"}'>conqu&ecirc;te du titre en 2021<\/a>.<\/p><h3><strong>Max Fried, un d&eacute;part attendu pour les Braves<\/strong><\/h3><p><strong>Fried<\/strong> quitte <strong>Atlanta<\/strong> apr&egrave;s six saisons r&eacute;ussies, et bien que son d&eacute;part ait &eacute;t&eacute; anticip&eacute;, il marque la fin d&rsquo;une &eacute;poque pour les <strong>Braves<\/strong>. Cependant, des discussions ont eu lieu pour une prolongation de contrat, <strong>Fried<\/strong> n&rsquo;a jamais &eacute;t&eacute; au c&oelig;ur des projets futurs de la franchise, notamment apr&egrave;s plusieurs saisons o&ugrave; des <strong>blessures<\/strong> ont frein&eacute; ses performances en <strong>postseason<\/strong>. Son d&eacute;part s&rsquo;ajoute &agrave; ceux de <strong>Freddie Freeman<\/strong> et de <strong>Dansby Swanson<\/strong>, mais il laisse un h&eacute;ritage ind&eacute;niable &agrave; <strong>Atlanta<\/strong>, avec des distinctions telles que <strong>deux s&eacute;lections All-Star<\/strong>, <strong>trois Gold Gloves<\/strong>, et une <a href=\"https:\/\/www.mlb.com\/news\/max-fried-second-2022-nl-cy-young-award-voting#:~:text=Fried%20on%20being%20Cy%20Young%20finalist&amp;text=The%2028%2Dyear%2Dold%20hurler,Braves%20played%20down%20the%20stretch.\" class=\"trk-cta-link\" data-cta-trk='{\"ctaType\":\"Link\",\"ctaSubType\":\"main\"}'><strong>deuxi&egrave;me place au vote du Cy Young en 2022<\/strong><\/a>.<\/p><h3><strong>Les Yankees : une r&eacute;ponse apr&egrave;s l&rsquo;&eacute;chec Soto<\/strong><\/h3><p>Apr&egrave;s l&rsquo;&eacute;chec de leur tentative pour acqu&eacute;rir <strong>Juan Soto<\/strong>, les <strong>Yankees<\/strong> ont rapidement pivot&eacute; vers l&rsquo;ajout de <strong>Fried<\/strong>, un joueur qu&rsquo;ils consid&egrave;rent comme un n&deg;2 id&eacute;al derri&egrave;re <strong>Gerrit Cole<\/strong> dans la rotation. Cette signature place les <strong>Yankees<\/strong> dans une position de force avec une rotation qui inclut d&eacute;sormais <strong>Cole<\/strong>, <strong>Fried<\/strong>, <strong>Rod&oacute;n<\/strong> et les jeunes talents comme <strong>Luis Gil<\/strong>. Ce renforcement de la rotation pourrait avoir des implications sur les transactions futures, avec la possibilit&eacute; d&rsquo;&eacute;changer des joueurs comme <strong>Nestor Cort&eacute;s<\/strong> ou <strong>Marcus Stroman<\/strong>. Le plus probable sera de voir <strong>Stroman<\/strong> &eacute;chang&eacute; et <strong>Cort&eacute;s<\/strong> passer en releveur.<\/p><p><iframe loading=\"lazy\" title=\"Max Fried signs with the Yankees, per reports\" width=\"500\" height=\"281\" src=\"https:\/\/www.youtube.com\/embed\/D7H98cSksXM?feature=oembed\" frameborder=\"0\" allow=\"accelerometer; autoplay; clipboard-write; encrypted-media; gyroscope; picture-in-picture; web-share\" referrerpolicy=\"strict-origin-when-cross-origin\" allowfullscreen><\/iframe><\/p><p>&nbsp;<\/p><p><strong>Fried<\/strong>, malgr&eacute; ses blessures pass&eacute;es, apporte une stabilit&eacute; et une exp&eacute;rience pr&eacute;cieuses pour les <strong>Yankees<\/strong>, qui cherchent &agrave; se renforcer en vue des playoffs 2025. Avec ce contrat record, les <strong>Yankees<\/strong> montrent leur volont&eacute; d&rsquo;investir pour redevenir une &eacute;quipe dominante en <strong>MLB<\/strong>. Le chemin est encore long mais la perte de <strong>Juan Soto<\/strong> laisse entrevoir une certaine agressivit&eacute; de la part des <strong>Yankees<\/strong> sur le march&eacute; de la F<strong>ree Agency<\/strong> et sans doute des <strong>transferts<\/strong> dans cette<strong> postseason<\/strong> o&ugrave; &agrave; pr&eacute;sent tout semble se d&eacute;bloquer. Il ne serait pas surprenant de les voir encore tr&egrave;s actifs dans les jours &agrave; venir afin de renforcer l&rsquo;Infield et l&rsquo;outfield avec des gros noms encore disponible, <strong>Christian Walker, <\/strong>A<strong>lex Bregman<\/strong>, <strong>Anthony Santander,<\/strong> <strong>Jurickson Profar<\/strong>, <strong>Theoscar Hernandez&hellip;<\/strong> Affaire &agrave; suivre&hellip;<\/p><p><label>Credit:<\/label><\/p><p class=\"ng-binding\">&copy; Brett Davis-Imagn Images<\/p>\n","protected":false},"excerpt":{"rendered":"","protected":false},"author":180310249,"featured_media":1470332,"comment_status":"open","ping_status":"closed","sticky":false,"template":"","format":"standard","meta":{"inline_featured_image":false,"kia_subtitle":"","_mux_skip_reasons":[],"proofreadBy":0,"footnotes":""},"categories":[188,9],"tags":[442,7816,2931,717],"sport":[2786],"saison":[6111,7475],"class_list":["post-1470328","post","type-post","status-publish","format-standard","has-post-thumbnail","hentry","category-actualite-mlb","category-mlb","tag-atlanta-braves","tag-free-agency-mlb-2025","tag-max-fried","tag-new-york-yankees","sport-mlb","saison-6111","saison-7475"],"acf":[],"yoast_head":"<!-- This site is optimized with the Yoast SEO plugin v24.2 - https:\/\/yoast.com\/wordpress\/plugins\/seo\/ -->\n<title>Max Fried aux Yankees : Contrat record sur 8 ans pour un lanceur gaucher - The Playoffs FR<\/title>\n<meta name=\"robots\" content=\"index, follow, max-snippet:-1, max-image-preview:large, max-video-preview:-1\" \/>\n<link rel=\"canonical\" href=\"https:\/\/theplayoffs.news\/fr\/actualite-mlb\/max-fried-yankees\/\" \/>\n<meta property=\"og:locale\" content=\"fr_FR\" \/>\n<meta property=\"og:type\" content=\"article\" \/>\n<meta property=\"og:title\" content=\"Max Fried aux Yankees : Contrat record sur 8 ans pour un lanceur gaucher - The Playoffs FR\" \/>\n<meta property=\"og:url\" content=\"https:\/\/theplayoffs.news\/fr\/actualite-mlb\/max-fried-yankees\/\" \/>\n<meta property=\"og:site_name\" content=\"The Playoffs FR\" \/>\n<meta property=\"article:publisher\" content=\"https:\/\/www.facebook.com\/TheFreeAgentFR\/\" \/>\n<meta property=\"article:modified_time\" content=\"2024-12-11T07:22:15+01:00\" \/>\n<meta property=\"og:image\" content=\"https:\/\/theplayoffs.news\/fr\/wp-content\/uploads\/2024\/12\/USATSI_24339877.jpg\" \/>\n\t<meta property=\"og:image:width\" content=\"1920\" \/>\n\t<meta property=\"og:image:height\" content=\"1280\" \/>\n\t<meta property=\"og:image:type\" content=\"image\/jpeg\" \/>\n<meta name=\"author\" content=\"Julien Farsy\" \/>\n<meta name=\"twitter:card\" content=\"summary_large_image\" \/>\n<meta name=\"twitter:creator\" content=\"@thefrenchdugout\" \/>\n<meta name=\"twitter:site\" content=\"@TheFreeAgentFR\" \/>\n<meta name=\"twitter:label1\" content=\"\u00c9crit par\" \/>\n\t<meta name=\"twitter:data1\" content=\"Julien Farsy\" \/>\n\t<meta name=\"twitter:label2\" content=\"Dur\u00e9e de lecture estim\u00e9e\" \/>\n\t<meta name=\"twitter:data2\" content=\"3 minutes\" \/>\n<script type=\"application\/ld+json\" class=\"yoast-schema-graph\">{\"@context\":\"https:\/\/schema.org\",\"@graph\":[{\"@type\":\"WebPage\",\"@id\":\"https:\/\/theplayoffs.news\/fr\/actualite-mlb\/max-fried-yankees\/\",\"url\":\"https:\/\/theplayoffs.news\/fr\/actualite-mlb\/max-fried-yankees\/\",\"name\":\"Max Fried aux Yankees : Contrat record sur 8 ans pour un lanceur gaucher - The Playoffs FR\",\"isPartOf\":{\"@id\":\"https:\/\/theplayoffs.news\/fr\/#website\"},\"primaryImageOfPage\":{\"@id\":\"https:\/\/theplayoffs.news\/fr\/actualite-mlb\/max-fried-yankees\/#primaryimage\"},\"image\":{\"@id\":\"https:\/\/theplayoffs.news\/fr\/actualite-mlb\/max-fried-yankees\/#primaryimage\"},\"thumbnailUrl\":\"https:\/\/theplayoffs.news\/fr\/wp-content\/uploads\/2024\/12\/USATSI_24339877.jpg\",\"datePublished\":\"2024-12-11T06:22:15+00:00\",\"dateModified\":\"2024-12-11T06:22:15+00:00\",\"author\":{\"@id\":\"https:\/\/theplayoffs.news\/fr\/#\/schema\/person\/51111e94bd2107e63692a0742e68cc78\"},\"breadcrumb\":{\"@id\":\"https:\/\/theplayoffs.news\/fr\/actualite-mlb\/max-fried-yankees\/#breadcrumb\"},\"inLanguage\":\"fr-FR\",\"potentialAction\":[{\"@type\":\"ReadAction\",\"target\":[\"https:\/\/theplayoffs.news\/fr\/actualite-mlb\/max-fried-yankees\/\"]}]},{\"@type\":\"ImageObject\",\"inLanguage\":\"fr-FR\",\"@id\":\"https:\/\/theplayoffs.news\/fr\/actualite-mlb\/max-fried-yankees\/#primaryimage\",\"url\":\"https:\/\/theplayoffs.news\/fr\/wp-content\/uploads\/2024\/12\/USATSI_24339877.jpg\",\"contentUrl\":\"https:\/\/theplayoffs.news\/fr\/wp-content\/uploads\/2024\/12\/USATSI_24339877.jpg\",\"width\":1920,\"height\":1280,\"caption\":\"Max Fried signe aux Yankees pour un contrat record de 8 ans et 218 millions de dollars, renfor\u00e7ant ainsi la rotation de New York pour 2024.\"},{\"@type\":\"BreadcrumbList\",\"@id\":\"https:\/\/theplayoffs.news\/fr\/actualite-mlb\/max-fried-yankees\/#breadcrumb\",\"itemListElement\":[{\"@type\":\"ListItem\",\"position\":1,\"name\":\"Accueil\",\"item\":\"https:\/\/theplayoffs.news\/fr\/\"},{\"@type\":\"ListItem\",\"position\":2,\"name\":\"Max Fried aux Yankees : Contrat record sur 8 ans pour un lanceur gaucher\"}]},{\"@type\":\"WebSite\",\"@id\":\"https:\/\/theplayoffs.news\/fr\/#website\",\"url\":\"https:\/\/theplayoffs.news\/fr\/\",\"name\":\"The Playoffs FR\",\"description\":\"NBA-NFL-NHL-MLB\",\"potentialAction\":[{\"@type\":\"SearchAction\",\"target\":{\"@type\":\"EntryPoint\",\"urlTemplate\":\"https:\/\/theplayoffs.news\/fr\/?s={search_term_string}\"},\"query-input\":{\"@type\":\"PropertyValueSpecification\",\"valueRequired\":true,\"valueName\":\"search_term_string\"}}],\"inLanguage\":\"fr-FR\"},{\"@type\":\"Person\",\"@id\":\"https:\/\/theplayoffs.news\/fr\/#\/schema\/person\/51111e94bd2107e63692a0742e68cc78\",\"name\":\"Julien Farsy\",\"image\":{\"@type\":\"ImageObject\",\"inLanguage\":\"fr-FR\",\"@id\":\"https:\/\/theplayoffs.news\/fr\/#\/schema\/person\/image\/\",\"url\":\"https:\/\/secure.gravatar.com\/avatar\/459de1b1e59a6aa6e6b85ed839ee05e1569259e61fffdb66f3dd7c975117592c?s=96&d=mm&r=g\",\"contentUrl\":\"https:\/\/secure.gravatar.com\/avatar\/459de1b1e59a6aa6e6b85ed839ee05e1569259e61fffdb66f3dd7c975117592c?s=96&d=mm&r=g\",\"caption\":\"Julien Farsy\"},\"description\":\"R\u00e9dacteur et podcast MLB principalement, un peu de NBA et un peu de NFL aussi. Kin\u00e9 de m\u00e9tier, ancien joueur de l\\\\'\u00e9quipe de France de Flag Football et de Football Americain. J\\\\'ai grandi berc\u00e9 par les sports US et la culture US. J\\\\'adore d\u00e9battre et analyser le sport. J\\\\'\u00e9tais un jour \\\\\\\"free agent\\\\\\\" et j\\\\'ai eu l\\\\'opportunit\u00e9 avec The Playoffs de partager mon analyse, je m\\\\'eclate.\",\"sameAs\":[\"https:\/\/www.instagram.com\/thefrenchdugout\/\",\"https:\/\/x.com\/thefrenchdugout\"],\"url\":\"https:\/\/theplayoffs.news\/fr\/author\/julien-farsyyahoo-fr\/\"}]}<\/script>\n<!-- \/ Yoast SEO plugin. -->","yoast_head_json":{"title":"Max Fried aux Yankees : Contrat record sur 8 ans pour un lanceur gaucher - The Playoffs FR","robots":{"index":"index","follow":"follow","max-snippet":"max-snippet:-1","max-image-preview":"max-image-preview:large","max-video-preview":"max-video-preview:-1"},"canonical":"https:\/\/theplayoffs.news\/fr\/actualite-mlb\/max-fried-yankees\/","og_locale":"fr_FR","og_type":"article","og_title":"Max Fried aux Yankees : Contrat record sur 8 ans pour un lanceur gaucher - The Playoffs FR","og_url":"https:\/\/theplayoffs.news\/fr\/actualite-mlb\/max-fried-yankees\/","og_site_name":"The Playoffs FR","article_publisher":"https:\/\/www.facebook.com\/TheFreeAgentFR\/","og_image":[{"width":1920,"height":1280,"url":"https:\/\/theplayoffs.news\/fr\/wp-content\/uploads\/2024\/12\/USATSI_24339877.jpg","type":"image\/jpeg"}],"author":"Julien Farsy","twitter_card":"summary_large_image","twitter_creator":"@thefrenchdugout","twitter_site":"@TheFreeAgentFR","twitter_misc":{"\u00c9crit par":"Julien Farsy","Dur\u00e9e de lecture estim\u00e9e":"3 minutes"},"schema":{"@context":"https:\/\/schema.org","@graph":[{"@type":"WebPage","@id":"https:\/\/theplayoffs.news\/fr\/actualite-mlb\/max-fried-yankees\/","url":"https:\/\/theplayoffs.news\/fr\/actualite-mlb\/max-fried-yankees\/","name":"Max Fried aux Yankees : Contrat record sur 8 ans pour un lanceur gaucher - The Playoffs FR","isPartOf":{"@id":"https:\/\/theplayoffs.news\/fr\/#website"},"primaryImageOfPage":{"@id":"https:\/\/theplayoffs.news\/fr\/actualite-mlb\/max-fried-yankees\/#primaryimage"},"image":{"@id":"https:\/\/theplayoffs.news\/fr\/actualite-mlb\/max-fried-yankees\/#primaryimage"},"thumbnailUrl":"https:\/\/theplayoffs.news\/fr\/wp-content\/uploads\/2024\/12\/USATSI_24339877.jpg","datePublished":"2024-12-11T06:22:15+00:00","dateModified":"2024-12-11T06:22:15+00:00","author":{"@id":"https:\/\/theplayoffs.news\/fr\/#\/schema\/person\/51111e94bd2107e63692a0742e68cc78"},"breadcrumb":{"@id":"https:\/\/theplayoffs.news\/fr\/actualite-mlb\/max-fried-yankees\/#breadcrumb"},"inLanguage":"fr-FR","potentialAction":[{"@type":"ReadAction","target":["https:\/\/theplayoffs.news\/fr\/actualite-mlb\/max-fried-yankees\/"]}]},{"@type":"ImageObject","inLanguage":"fr-FR","@id":"https:\/\/theplayoffs.news\/fr\/actualite-mlb\/max-fried-yankees\/#primaryimage","url":"https:\/\/theplayoffs.news\/fr\/wp-content\/uploads\/2024\/12\/USATSI_24339877.jpg","contentUrl":"https:\/\/theplayoffs.news\/fr\/wp-content\/uploads\/2024\/12\/USATSI_24339877.jpg","width":1920,"height":1280,"caption":"Max Fried signe aux Yankees pour un contrat record de 8 ans et 218 millions de dollars, renfor\u00e7ant ainsi la rotation de New York pour 2024."},{"@type":"BreadcrumbList","@id":"https:\/\/theplayoffs.news\/fr\/actualite-mlb\/max-fried-yankees\/#breadcrumb","itemListElement":[{"@type":"ListItem","position":1,"name":"Accueil","item":"https:\/\/theplayoffs.news\/fr\/"},{"@type":"ListItem","position":2,"name":"Max Fried aux Yankees : Contrat record sur 8 ans pour un lanceur gaucher"}]},{"@type":"WebSite","@id":"https:\/\/theplayoffs.news\/fr\/#website","url":"https:\/\/theplayoffs.news\/fr\/","name":"The Playoffs FR","description":"NBA-NFL-NHL-MLB","potentialAction":[{"@type":"SearchAction","target":{"@type":"EntryPoint","urlTemplate":"https:\/\/theplayoffs.news\/fr\/?s={search_term_string}"},"query-input":{"@type":"PropertyValueSpecification","valueRequired":true,"valueName":"search_term_string"}}],"inLanguage":"fr-FR"},{"@type":"Person","@id":"https:\/\/theplayoffs.news\/fr\/#\/schema\/person\/51111e94bd2107e63692a0742e68cc78","name":"Julien Farsy","image":{"@type":"ImageObject","inLanguage":"fr-FR","@id":"https:\/\/theplayoffs.news\/fr\/#\/schema\/person\/image\/","url":"https:\/\/secure.gravatar.com\/avatar\/459de1b1e59a6aa6e6b85ed839ee05e1569259e61fffdb66f3dd7c975117592c?s=96&d=mm&r=g","contentUrl":"https:\/\/secure.gravatar.com\/avatar\/459de1b1e59a6aa6e6b85ed839ee05e1569259e61fffdb66f3dd7c975117592c?s=96&d=mm&r=g","caption":"Julien Farsy"},"description":"R\u00e9dacteur et podcast MLB principalement, un peu de NBA et un peu de NFL aussi. Kin\u00e9 de m\u00e9tier, ancien joueur de l\\'\u00e9quipe de France de Flag Football et de Football Americain. J\\'ai grandi berc\u00e9 par les sports US et la culture US. J\\'adore d\u00e9battre et analyser le sport. J\\'\u00e9tais un jour \\\"free agent\\\" et j\\'ai eu l\\'opportunit\u00e9 avec The Playoffs de partager mon analyse, je m\\'eclate.","sameAs":["https:\/\/www.instagram.com\/thefrenchdugout\/","https:\/\/x.com\/thefrenchdugout"],"url":"https:\/\/theplayoffs.news\/fr\/author\/julien-farsyyahoo-fr\/"}]}},"_links":{"self":[{"href":"https:\/\/theplayoffs.news\/fr\/wp-json\/wp\/v2\/posts\/1470328","targetHints":{"allow":["GET"]}}],"collection":[{"href":"https:\/\/theplayoffs.news\/fr\/wp-json\/wp\/v2\/posts"}],"about":[{"href":"https:\/\/theplayoffs.news\/fr\/wp-json\/wp\/v2\/types\/post"}],"author":[{"embeddable":true,"href":"https:\/\/theplayoffs.news\/fr\/wp-json\/wp\/v2\/users\/180310249"}],"replies":[{"embeddable":true,"href":"https:\/\/theplayoffs.news\/fr\/wp-json\/wp\/v2\/comments?post=1470328"}],"version-history":[{"count":4,"href":"https:\/\/theplayoffs.news\/fr\/wp-json\/wp\/v2\/posts\/1470328\/revisions"}],"predecessor-version":[{"id":1470337,"href":"https:\/\/theplayoffs.news\/fr\/wp-json\/wp\/v2\/posts\/1470328\/revisions\/1470337"}],"wp:featuredmedia":[{"embeddable":true,"href":"https:\/\/theplayoffs.news\/fr\/wp-json\/wp\/v2\/media\/1470332"}],"wp:attachment":[{"href":"https:\/\/theplayoffs.news\/fr\/wp-json\/wp\/v2\/media?parent=1470328"}],"wp:term":[{"taxonomy":"category","embeddable":true,"href":"https:\/\/theplayoffs.news\/fr\/wp-json\/wp\/v2\/categories?post=1470328"},{"taxonomy":"post_tag","embeddable":true,"href":"https:\/\/theplayoffs.news\/fr\/wp-json\/wp\/v2\/tags?post=1470328"},{"taxonomy":"sport","embeddable":true,"href":"https:\/\/theplayoffs.news\/fr\/wp-json\/wp\/v2\/sport?post=1470328"},{"taxonomy":"saison","embeddable":true,"href":"https:\/\/theplayoffs.news\/fr\/wp-json\/wp\/v2\/saison?post=1470328"}],"curies":[{"name":"wp","href":"https:\/\/api.w.org\/{rel}","templated":true}]}}