{"id":1469989,"date":"2024-12-08T07:26:04","date_gmt":"2024-12-08T06:26:04","guid":{"rendered":"https:\/\/theplayoffs.news\/fr\/?p=1469989"},"modified":"2024-12-08T07:26:04","modified_gmt":"2024-12-08T06:26:04","slug":"willy-adames-signe-avec-les-giants","status":"publish","type":"post","link":"https:\/\/theplayoffs.news\/fr\/actualite-mlb\/willy-adames-signe-avec-les-giants\/","title":{"rendered":"Willy Adames signe avec les Giants : une signature cl\u00e9 avant le d\u00e9nouement du dossier Soto"},"content":{"rendered":"<h4>Le march&eacute; des agents libres commence &agrave; bouger s&eacute;rieusement, et les Giants de San Francisco ont frapp&eacute; un grand coup en s&eacute;curisant les services du shortstop Willy Adames. Selon les informations de <a href=\"https:\/\/www.mlb.com\/\" class=\"trk-cta-link\" data-cta-trk='{\"ctaType\":\"Link\",\"ctaSubType\":\"main\"}'><em>MLB.com<\/em><\/a>, le joueur de 29 ans s&rsquo;est engag&eacute; pour un contrat de sept ans et 182 millions de dollars, incluant une prime &agrave; la signature de 22 millions. Ce contrat, encore soumis &agrave; une visite m&eacute;dicale, marque une &eacute;tape historique pour la franchise, d&eacute;passant les 167 millions accord&eacute;s &agrave; Buster Posey en 2013.<\/h4><h4><strong>Un coup strat&eacute;gique avant la bataille Soto<\/strong><\/h4><p>Alors que toutes les <a href=\"https:\/\/theplayoffs.news\/fr\/mlb\/juan-soto-decision-imminente\/\" class=\"trk-cta-link\" data-cta-trk='{\"ctaType\":\"Link\",\"ctaSubType\":\"main\"}'>discussions gravitent autour du dossier <strong>Juan Soto<\/strong><\/a>, avec plusieurs &eacute;quipes jouant la carte de l&rsquo;attente strat&eacute;gique, les <strong>Giants<\/strong> ont pris tout le monde de court. En s&rsquo;assurant <strong>Adames<\/strong> d&egrave;s maintenant, <strong>San Francisco<\/strong> &eacute;vite les potentielles surench&egrave;res d&rsquo;une fin de march&eacute;, o&ugrave; les &eacute;quipes risquent de se repositionner une fois le feuilleton <strong>Soto<\/strong> r&eacute;solu. Une d&eacute;marche audacieuse, mais qui pourrait s&rsquo;av&eacute;rer payante dans une semaine o&ugrave; les grandes d&eacute;cisions sont attendues, notamment lors des <strong>Winter Meetings.<\/strong><\/p><h4><strong>Willy Adames,&nbsp; joueur complet pour stabiliser l&rsquo;infield<\/strong><\/h4><p><strong>Willy Adames<\/strong> arrive &agrave; <strong>San Francisco<\/strong> apr&egrave;s une saison 2024 exceptionnelle avec les <strong>Brewers<\/strong>, o&ugrave; il a &eacute;tabli plusieurs records personnels : 32 home runs, 112 RBIs, et 21 bases vol&eacute;es, le tout avec une moyenne au b&acirc;ton de .251 et un OPS+ de 118. Sa polyvalence offensive est ind&eacute;niable, et il offre un &eacute;quilibre parfait entre puissance et discipline au marbre. D&eacute;fensivement, m&ecirc;me s&rsquo;il a connu une l&eacute;g&egrave;re baisse avec seulement +1 Outs Above Average (OAA) en 2024, <strong>Adames<\/strong> reste une valeur s&ucirc;re gr&acirc;ce &agrave; son exp&eacute;rience et son habilet&eacute; &agrave; jouer des matchs presque tous les jours (161 titularisations &agrave; l&rsquo;arr&ecirc;t-court, un record MLB en 2024).<\/p><p><iframe loading=\"lazy\" title=\"Willy Adames - Defensive Plays - 2024 Highlights\" width=\"500\" height=\"281\" src=\"https:\/\/www.youtube.com\/embed\/LEEyWVgTL2A?feature=oembed\" frameborder=\"0\" allow=\"accelerometer; autoplay; clipboard-write; encrypted-media; gyroscope; picture-in-picture; web-share\" referrerpolicy=\"strict-origin-when-cross-origin\" allowfullscreen><\/iframe><\/p><p>Son arriv&eacute;e permet &eacute;galement aux <strong>Giants<\/strong> de r&eacute;organiser leur infield. Avec <strong>Matt Chapman<\/strong>, <a href=\"https:\/\/theplayoffs.news\/fr\/mlb\/matt-chapman-prolonge-6-ans-avec-les-giants\/\" class=\"trk-cta-link\" data-cta-trk='{\"ctaType\":\"Link\",\"ctaSubType\":\"main\"}'>r&eacute;cemment prolong&eacute; pour six ans<\/a>, &agrave; la troisi&egrave;me base, et <strong>Tyler Fitzgerald<\/strong> qui pourrait &ecirc;tre d&eacute;plac&eacute; en deuxi&egrave;me base, <strong>San Francisco<\/strong> renforce non seulement sa d&eacute;fense mais aussi sa profondeur au poste de milieu de terrain.<\/p><h4><strong>Les co&ucirc;ts de cette signature<\/strong><\/h4><p>En raison de leur d&eacute;passement de la <strong>Luxury Tax en 2024<\/strong>, les <strong>Giants<\/strong> devront sacrifier des choix de Draft importants (les 2e et 5e choix en 2025) ainsi qu&rsquo;un million de dollars de leur pool de bonus international pour signer <strong>Adames<\/strong>, qui avait refus&eacute; l&rsquo;offre qualificative des <strong>Brewers<\/strong>. Cela souligne l&rsquo;importance accord&eacute;e &agrave; cette acquisition par la franchise, qui semble pr&ecirc;te &agrave; jouer gros pour retrouver une comp&eacute;titivit&eacute; durable.<\/p><h4><strong>Un hiver mouvement&eacute; pour les Giants ?<\/strong><\/h4><p>Cette signature pourrait ne pas &ecirc;tre la derni&egrave;re de l&rsquo;hiver pour les <strong>Giants<\/strong>. Avec le d&eacute;part de <a href=\"https:\/\/theplayoffs.news\/fr\/mlb\/blake-snell-sengage-avec-les-dodgers\/\" class=\"trk-cta-link\" data-cta-trk='{\"ctaType\":\"Link\",\"ctaSubType\":\"main\"}'><strong>Blake Snell<\/strong> chez les <strong>Dodgers<\/strong><\/a>, <strong>Buster Posey<\/strong>, d&eacute;sormais <a href=\"https:\/\/theplayoffs.news\/fr\/mlb\/buster-posey-revient-chez-les-giants\/\" class=\"trk-cta-link\" data-cta-trk='{\"ctaType\":\"Link\",\"ctaSubType\":\"main\"}'>pr&eacute;sident des op&eacute;rations baseball<\/a>, doit encore trouver un lanceur d&rsquo;&eacute;lite pour stabiliser la rotation. Les rumeurs pointent vers <strong>Corbin Burnes<\/strong>, ancien co&eacute;quipier d&rsquo;<strong>Adames &agrave; Milwaukee,<\/strong> qui serait une cible potentielle.<\/p><h4><strong>Analyse : un mouvement avant que le march&eacute; s&rsquo;emballe<\/strong><\/h4><p>Les <strong>Giants<\/strong> ont fait preuve d&rsquo;anticipation. Alors que la majorit&eacute; des &eacute;quipes semblent retenir leur souffle dans l&rsquo;attente de l&rsquo;issue du dossier <strong>Soto,<\/strong> <strong>San Francisco<\/strong> profite de ce moment pour avancer ses pions. <strong>Adames<\/strong> n&rsquo;est peut-&ecirc;tre pas un nom aussi glamour que <strong>Soto,<\/strong> mais il r&eacute;pond &agrave; un besoin fondamental de stabilit&eacute; et de performance &agrave; un poste cl&eacute;. Cette signature strat&eacute;gique pourrait bien donner le ton pour le reste de l&rsquo;hiver et mettre la pression sur les rivaux de la <strong>NL West<\/strong>, en particulier les <strong>Dodgers<\/strong>.<\/p><p>Les <strong>Giants<\/strong> n&rsquo;ont pas seulement sign&eacute; un joueur, ils ont fait une d&eacute;claration : ils sont pr&ecirc;ts &agrave; investir massivement et &agrave; agir rapidement pour redevenir comp&eacute;titifs. Avec <strong>Adames<\/strong>, ils ajoutent non seulement un talent confirm&eacute; mais aussi une pi&egrave;ce ma&icirc;tresse pour construire leur avenir.<\/p><p><label>Credit:<\/label><\/p><p class=\"ng-binding\">&copy; Mike De Sisti \/ Milwaukee Journal Sentinel \/ USA TODAY NETWORK via Imagn Images<\/p>\n","protected":false},"excerpt":{"rendered":"","protected":false},"author":180310249,"featured_media":1469990,"comment_status":"open","ping_status":"closed","sticky":false,"template":"","format":"standard","meta":{"inline_featured_image":false,"kia_subtitle":"","_mux_skip_reasons":[],"proofreadBy":0,"footnotes":""},"categories":[188,9],"tags":[7816,454,466,4109],"sport":[2786],"saison":[6111,7475],"class_list":["post-1469989","post","type-post","status-publish","format-standard","has-post-thumbnail","hentry","category-actualite-mlb","category-mlb","tag-free-agency-mlb-2025","tag-milwaukee-brewers","tag-san-francisco-giants","tag-willy-adames","sport-mlb","saison-6111","saison-7475"],"acf":[],"yoast_head":"<!-- This site is optimized with the Yoast SEO plugin v24.2 - https:\/\/yoast.com\/wordpress\/plugins\/seo\/ -->\n<title>Willy Adames signe avec les Giants : une signature cl&eacute; avant le d&eacute;nouement du dossier Soto - The Playoffs FR<\/title>\n<meta name=\"robots\" content=\"index, follow, max-snippet:-1, max-image-preview:large, max-video-preview:-1\" \/>\n<link rel=\"canonical\" href=\"https:\/\/theplayoffs.news\/fr\/actualite-mlb\/willy-adames-signe-avec-les-giants\/\" \/>\n<meta property=\"og:locale\" content=\"fr_FR\" \/>\n<meta property=\"og:type\" content=\"article\" \/>\n<meta property=\"og:title\" content=\"Willy Adames signe avec les Giants : une signature cl&eacute; avant le d&eacute;nouement du dossier Soto - The Playoffs FR\" \/>\n<meta property=\"og:url\" content=\"https:\/\/theplayoffs.news\/fr\/actualite-mlb\/willy-adames-signe-avec-les-giants\/\" \/>\n<meta property=\"og:site_name\" content=\"The Playoffs FR\" \/>\n<meta property=\"article:publisher\" content=\"https:\/\/www.facebook.com\/TheFreeAgentFR\/\" \/>\n<meta property=\"article:modified_time\" content=\"2024-12-08T07:26:04+01:00\" \/>\n<meta property=\"og:image\" content=\"https:\/\/theplayoffs.news\/fr\/wp-content\/uploads\/2024\/12\/USATSI_24940991.jpg\" \/>\n\t<meta property=\"og:image:width\" content=\"1920\" \/>\n\t<meta property=\"og:image:height\" content=\"1280\" \/>\n\t<meta property=\"og:image:type\" content=\"image\/jpeg\" \/>\n<meta name=\"author\" content=\"Julien Farsy\" \/>\n<meta name=\"twitter:card\" content=\"summary_large_image\" \/>\n<meta name=\"twitter:creator\" content=\"@thefrenchdugout\" \/>\n<meta name=\"twitter:site\" content=\"@TheFreeAgentFR\" \/>\n<meta name=\"twitter:label1\" content=\"\u00c9crit par\" \/>\n\t<meta name=\"twitter:data1\" content=\"Julien Farsy\" \/>\n\t<meta name=\"twitter:label2\" content=\"Dur\u00e9e de lecture estim\u00e9e\" \/>\n\t<meta name=\"twitter:data2\" content=\"3 minutes\" \/>\n<script type=\"application\/ld+json\" class=\"yoast-schema-graph\">{\"@context\":\"https:\/\/schema.org\",\"@graph\":[{\"@type\":\"WebPage\",\"@id\":\"https:\/\/theplayoffs.news\/fr\/actualite-mlb\/willy-adames-signe-avec-les-giants\/\",\"url\":\"https:\/\/theplayoffs.news\/fr\/actualite-mlb\/willy-adames-signe-avec-les-giants\/\",\"name\":\"Willy Adames signe avec les Giants : une signature cl\u00e9 avant le d\u00e9nouement du dossier Soto - The Playoffs FR\",\"isPartOf\":{\"@id\":\"https:\/\/theplayoffs.news\/fr\/#website\"},\"primaryImageOfPage\":{\"@id\":\"https:\/\/theplayoffs.news\/fr\/actualite-mlb\/willy-adames-signe-avec-les-giants\/#primaryimage\"},\"image\":{\"@id\":\"https:\/\/theplayoffs.news\/fr\/actualite-mlb\/willy-adames-signe-avec-les-giants\/#primaryimage\"},\"thumbnailUrl\":\"https:\/\/theplayoffs.news\/fr\/wp-content\/uploads\/2024\/12\/USATSI_24940991.jpg\",\"datePublished\":\"2024-12-08T06:26:04+00:00\",\"dateModified\":\"2024-12-08T06:26:04+00:00\",\"author\":{\"@id\":\"https:\/\/theplayoffs.news\/fr\/#\/schema\/person\/51111e94bd2107e63692a0742e68cc78\"},\"breadcrumb\":{\"@id\":\"https:\/\/theplayoffs.news\/fr\/actualite-mlb\/willy-adames-signe-avec-les-giants\/#breadcrumb\"},\"inLanguage\":\"fr-FR\",\"potentialAction\":[{\"@type\":\"ReadAction\",\"target\":[\"https:\/\/theplayoffs.news\/fr\/actualite-mlb\/willy-adames-signe-avec-les-giants\/\"]}]},{\"@type\":\"ImageObject\",\"inLanguage\":\"fr-FR\",\"@id\":\"https:\/\/theplayoffs.news\/fr\/actualite-mlb\/willy-adames-signe-avec-les-giants\/#primaryimage\",\"url\":\"https:\/\/theplayoffs.news\/fr\/wp-content\/uploads\/2024\/12\/USATSI_24940991.jpg\",\"contentUrl\":\"https:\/\/theplayoffs.news\/fr\/wp-content\/uploads\/2024\/12\/USATSI_24940991.jpg\",\"width\":1920,\"height\":1280,\"caption\":\"Willy Adames rejoint les Giants pour 7 ans et 182 M$. Un renfort cl\u00e9 \u00e0 l\\\\'arr\u00eat-court avant l\\\\'\u00e9pilogue attendu du dossier Soto.\"},{\"@type\":\"BreadcrumbList\",\"@id\":\"https:\/\/theplayoffs.news\/fr\/actualite-mlb\/willy-adames-signe-avec-les-giants\/#breadcrumb\",\"itemListElement\":[{\"@type\":\"ListItem\",\"position\":1,\"name\":\"Accueil\",\"item\":\"https:\/\/theplayoffs.news\/fr\/\"},{\"@type\":\"ListItem\",\"position\":2,\"name\":\"Willy Adames signe avec les Giants : une signature cl\u00e9 avant le d\u00e9nouement du dossier Soto\"}]},{\"@type\":\"WebSite\",\"@id\":\"https:\/\/theplayoffs.news\/fr\/#website\",\"url\":\"https:\/\/theplayoffs.news\/fr\/\",\"name\":\"The Playoffs FR\",\"description\":\"NBA-NFL-NHL-MLB\",\"potentialAction\":[{\"@type\":\"SearchAction\",\"target\":{\"@type\":\"EntryPoint\",\"urlTemplate\":\"https:\/\/theplayoffs.news\/fr\/?s={search_term_string}\"},\"query-input\":{\"@type\":\"PropertyValueSpecification\",\"valueRequired\":true,\"valueName\":\"search_term_string\"}}],\"inLanguage\":\"fr-FR\"},{\"@type\":\"Person\",\"@id\":\"https:\/\/theplayoffs.news\/fr\/#\/schema\/person\/51111e94bd2107e63692a0742e68cc78\",\"name\":\"Julien Farsy\",\"image\":{\"@type\":\"ImageObject\",\"inLanguage\":\"fr-FR\",\"@id\":\"https:\/\/theplayoffs.news\/fr\/#\/schema\/person\/image\/\",\"url\":\"https:\/\/secure.gravatar.com\/avatar\/459de1b1e59a6aa6e6b85ed839ee05e1569259e61fffdb66f3dd7c975117592c?s=96&d=mm&r=g\",\"contentUrl\":\"https:\/\/secure.gravatar.com\/avatar\/459de1b1e59a6aa6e6b85ed839ee05e1569259e61fffdb66f3dd7c975117592c?s=96&d=mm&r=g\",\"caption\":\"Julien Farsy\"},\"description\":\"R\u00e9dacteur et podcast MLB principalement, un peu de NBA et un peu de NFL aussi. Kin\u00e9 de m\u00e9tier, ancien joueur de l\\\\'\u00e9quipe de France de Flag Football et de Football Americain. J\\\\'ai grandi berc\u00e9 par les sports US et la culture US. J\\\\'adore d\u00e9battre et analyser le sport. J\\\\'\u00e9tais un jour \\\\\\\"free agent\\\\\\\" et j\\\\'ai eu l\\\\'opportunit\u00e9 avec The Playoffs de partager mon analyse, je m\\\\'eclate.\",\"sameAs\":[\"https:\/\/www.instagram.com\/thefrenchdugout\/\",\"https:\/\/x.com\/thefrenchdugout\"],\"url\":\"https:\/\/theplayoffs.news\/fr\/author\/julien-farsyyahoo-fr\/\"}]}<\/script>\n<!-- \/ Yoast SEO plugin. -->","yoast_head_json":{"title":"Willy Adames signe avec les Giants : une signature cl&eacute; avant le d&eacute;nouement du dossier Soto - The Playoffs FR","robots":{"index":"index","follow":"follow","max-snippet":"max-snippet:-1","max-image-preview":"max-image-preview:large","max-video-preview":"max-video-preview:-1"},"canonical":"https:\/\/theplayoffs.news\/fr\/actualite-mlb\/willy-adames-signe-avec-les-giants\/","og_locale":"fr_FR","og_type":"article","og_title":"Willy Adames signe avec les Giants : une signature cl&eacute; avant le d&eacute;nouement du dossier Soto - The Playoffs FR","og_url":"https:\/\/theplayoffs.news\/fr\/actualite-mlb\/willy-adames-signe-avec-les-giants\/","og_site_name":"The Playoffs FR","article_publisher":"https:\/\/www.facebook.com\/TheFreeAgentFR\/","og_image":[{"width":1920,"height":1280,"url":"https:\/\/theplayoffs.news\/fr\/wp-content\/uploads\/2024\/12\/USATSI_24940991.jpg","type":"image\/jpeg"}],"author":"Julien Farsy","twitter_card":"summary_large_image","twitter_creator":"@thefrenchdugout","twitter_site":"@TheFreeAgentFR","twitter_misc":{"\u00c9crit par":"Julien Farsy","Dur\u00e9e de lecture estim\u00e9e":"3 minutes"},"schema":{"@context":"https:\/\/schema.org","@graph":[{"@type":"WebPage","@id":"https:\/\/theplayoffs.news\/fr\/actualite-mlb\/willy-adames-signe-avec-les-giants\/","url":"https:\/\/theplayoffs.news\/fr\/actualite-mlb\/willy-adames-signe-avec-les-giants\/","name":"Willy Adames signe avec les Giants : une signature cl\u00e9 avant le d\u00e9nouement du dossier Soto - The Playoffs FR","isPartOf":{"@id":"https:\/\/theplayoffs.news\/fr\/#website"},"primaryImageOfPage":{"@id":"https:\/\/theplayoffs.news\/fr\/actualite-mlb\/willy-adames-signe-avec-les-giants\/#primaryimage"},"image":{"@id":"https:\/\/theplayoffs.news\/fr\/actualite-mlb\/willy-adames-signe-avec-les-giants\/#primaryimage"},"thumbnailUrl":"https:\/\/theplayoffs.news\/fr\/wp-content\/uploads\/2024\/12\/USATSI_24940991.jpg","datePublished":"2024-12-08T06:26:04+00:00","dateModified":"2024-12-08T06:26:04+00:00","author":{"@id":"https:\/\/theplayoffs.news\/fr\/#\/schema\/person\/51111e94bd2107e63692a0742e68cc78"},"breadcrumb":{"@id":"https:\/\/theplayoffs.news\/fr\/actualite-mlb\/willy-adames-signe-avec-les-giants\/#breadcrumb"},"inLanguage":"fr-FR","potentialAction":[{"@type":"ReadAction","target":["https:\/\/theplayoffs.news\/fr\/actualite-mlb\/willy-adames-signe-avec-les-giants\/"]}]},{"@type":"ImageObject","inLanguage":"fr-FR","@id":"https:\/\/theplayoffs.news\/fr\/actualite-mlb\/willy-adames-signe-avec-les-giants\/#primaryimage","url":"https:\/\/theplayoffs.news\/fr\/wp-content\/uploads\/2024\/12\/USATSI_24940991.jpg","contentUrl":"https:\/\/theplayoffs.news\/fr\/wp-content\/uploads\/2024\/12\/USATSI_24940991.jpg","width":1920,"height":1280,"caption":"Willy Adames rejoint les Giants pour 7 ans et 182 M$. Un renfort cl\u00e9 \u00e0 l\\'arr\u00eat-court avant l\\'\u00e9pilogue attendu du dossier Soto."},{"@type":"BreadcrumbList","@id":"https:\/\/theplayoffs.news\/fr\/actualite-mlb\/willy-adames-signe-avec-les-giants\/#breadcrumb","itemListElement":[{"@type":"ListItem","position":1,"name":"Accueil","item":"https:\/\/theplayoffs.news\/fr\/"},{"@type":"ListItem","position":2,"name":"Willy Adames signe avec les Giants : une signature cl\u00e9 avant le d\u00e9nouement du dossier Soto"}]},{"@type":"WebSite","@id":"https:\/\/theplayoffs.news\/fr\/#website","url":"https:\/\/theplayoffs.news\/fr\/","name":"The Playoffs FR","description":"NBA-NFL-NHL-MLB","potentialAction":[{"@type":"SearchAction","target":{"@type":"EntryPoint","urlTemplate":"https:\/\/theplayoffs.news\/fr\/?s={search_term_string}"},"query-input":{"@type":"PropertyValueSpecification","valueRequired":true,"valueName":"search_term_string"}}],"inLanguage":"fr-FR"},{"@type":"Person","@id":"https:\/\/theplayoffs.news\/fr\/#\/schema\/person\/51111e94bd2107e63692a0742e68cc78","name":"Julien Farsy","image":{"@type":"ImageObject","inLanguage":"fr-FR","@id":"https:\/\/theplayoffs.news\/fr\/#\/schema\/person\/image\/","url":"https:\/\/secure.gravatar.com\/avatar\/459de1b1e59a6aa6e6b85ed839ee05e1569259e61fffdb66f3dd7c975117592c?s=96&d=mm&r=g","contentUrl":"https:\/\/secure.gravatar.com\/avatar\/459de1b1e59a6aa6e6b85ed839ee05e1569259e61fffdb66f3dd7c975117592c?s=96&d=mm&r=g","caption":"Julien Farsy"},"description":"R\u00e9dacteur et podcast MLB principalement, un peu de NBA et un peu de NFL aussi. Kin\u00e9 de m\u00e9tier, ancien joueur de l\\'\u00e9quipe de France de Flag Football et de Football Americain. J\\'ai grandi berc\u00e9 par les sports US et la culture US. J\\'adore d\u00e9battre et analyser le sport. J\\'\u00e9tais un jour \\\"free agent\\\" et j\\'ai eu l\\'opportunit\u00e9 avec The Playoffs de partager mon analyse, je m\\'eclate.","sameAs":["https:\/\/www.instagram.com\/thefrenchdugout\/","https:\/\/x.com\/thefrenchdugout"],"url":"https:\/\/theplayoffs.news\/fr\/author\/julien-farsyyahoo-fr\/"}]}},"_links":{"self":[{"href":"https:\/\/theplayoffs.news\/fr\/wp-json\/wp\/v2\/posts\/1469989","targetHints":{"allow":["GET"]}}],"collection":[{"href":"https:\/\/theplayoffs.news\/fr\/wp-json\/wp\/v2\/posts"}],"about":[{"href":"https:\/\/theplayoffs.news\/fr\/wp-json\/wp\/v2\/types\/post"}],"author":[{"embeddable":true,"href":"https:\/\/theplayoffs.news\/fr\/wp-json\/wp\/v2\/users\/180310249"}],"replies":[{"embeddable":true,"href":"https:\/\/theplayoffs.news\/fr\/wp-json\/wp\/v2\/comments?post=1469989"}],"version-history":[{"count":2,"href":"https:\/\/theplayoffs.news\/fr\/wp-json\/wp\/v2\/posts\/1469989\/revisions"}],"predecessor-version":[{"id":1469993,"href":"https:\/\/theplayoffs.news\/fr\/wp-json\/wp\/v2\/posts\/1469989\/revisions\/1469993"}],"wp:featuredmedia":[{"embeddable":true,"href":"https:\/\/theplayoffs.news\/fr\/wp-json\/wp\/v2\/media\/1469990"}],"wp:attachment":[{"href":"https:\/\/theplayoffs.news\/fr\/wp-json\/wp\/v2\/media?parent=1469989"}],"wp:term":[{"taxonomy":"category","embeddable":true,"href":"https:\/\/theplayoffs.news\/fr\/wp-json\/wp\/v2\/categories?post=1469989"},{"taxonomy":"post_tag","embeddable":true,"href":"https:\/\/theplayoffs.news\/fr\/wp-json\/wp\/v2\/tags?post=1469989"},{"taxonomy":"sport","embeddable":true,"href":"https:\/\/theplayoffs.news\/fr\/wp-json\/wp\/v2\/sport?post=1469989"},{"taxonomy":"saison","embeddable":true,"href":"https:\/\/theplayoffs.news\/fr\/wp-json\/wp\/v2\/saison?post=1469989"}],"curies":[{"name":"wp","href":"https:\/\/api.w.org\/{rel}","templated":true}]}}