{"id":1469724,"date":"2024-12-05T20:13:03","date_gmt":"2024-12-05T19:13:03","guid":{"rendered":"https:\/\/theplayoffs.news\/fr\/?p=1469724"},"modified":"2024-12-05T20:13:03","modified_gmt":"2024-12-05T19:13:03","slug":"luis-severino-rejoint-les-athletics","status":"publish","type":"post","link":"https:\/\/theplayoffs.news\/fr\/actualite-mlb\/luis-severino-rejoint-les-athletics\/","title":{"rendered":"Luis Severino rejoint les Athletics : un contrat historique pour un avenir prometteur"},"content":{"rendered":"<h4>Les Oakland Athletics ont sign&eacute; un contrat historique, accueillant Luis Severino, un lanceur droitier v&eacute;t&eacute;ran, pour<a href=\"https:\/\/twitter.com\/MLBONFOX\/status\/1864728399798767840\" class=\"trk-cta-link\" data-cta-trk='{\"ctaType\":\"Link\",\"ctaSubType\":\"main\"}'> trois saisons et 67 millions de dollars.<\/a> Ce contrat repr&eacute;sente la plus grande somme jamais garantie dans l&rsquo;histoire de la franchise, un signe de la volont&eacute; de l&rsquo;&eacute;quipe de b&acirc;tir une formation comp&eacute;titive pour les ann&eacute;es &agrave; venir.<\/h4><h4><strong>Un geste audacieux dans un contexte incertain<\/strong><\/h4><p>Les <strong>A&rsquo;s,<\/strong> qui vivent <a href=\"https:\/\/theplayoffs.news\/fr\/mlb\/mlb-des-adieux-inoubliables-au-oakland-coliseum-pour-les-athletics-et-leurs-fans\/\" class=\"trk-cta-link\" data-cta-trk='{\"ctaType\":\"Link\",\"ctaSubType\":\"main\"}'>une p&eacute;riode complexe marqu&eacute;e par leur d&eacute;m&eacute;nagement imminent &agrave; Sacramento<\/a> et leur transition vers un <a href=\"https:\/\/theplayoffs.news\/fr\/mlb\/officiel-les-athletics-demenagent-a-las-vegas\/\" class=\"trk-cta-link\" data-cta-trk='{\"ctaType\":\"Link\",\"ctaSubType\":\"main\"}'>futur stade &agrave; Las Vegas<\/a>, semblaient confront&eacute;s &agrave; de nombreux obstacles pour attirer de gros noms. Le contexte de la franchise, coinc&eacute;e dans une ar&egrave;ne de ligue mineure en attendant la fin de la construction de leur nouveau domicile, n&rsquo;a pas facilit&eacute; les choses. Les difficult&eacute;s li&eacute;es &agrave; l&rsquo;incertitude g&eacute;ographique et aux projets de relocalisation auraient pu &eacute;loigner les grandes stars du march&eacute;. Pourtant, l&rsquo;acquisition de <strong>Severino<\/strong> montre une nouvelle direction.<\/p><p>Ce contrat refl&egrave;te un changement de strat&eacute;gie pour les <strong>A&rsquo;s<\/strong>, qui semblent d&eacute;termin&eacute;s &agrave; se pr&eacute;parer pour un avenir solide dans la capitale du divertissement. En effet, bien que l&rsquo;&eacute;quipe traverse une p&eacute;riode de transition difficile, ce mouvement traduit une intention claire : construire une &eacute;quipe capable de rivaliser d&egrave;s leurs d&eacute;buts &agrave; <strong>Las Vegas<\/strong> dans deux ou trois ans.<\/p><h4><strong>Luis Severino : un choix de leadership pour l&rsquo;avenir<\/strong><\/h4><p>Le parcours de <strong>Luis Severino<\/strong> est marqu&eacute; par des hauts et des bas, mais la<strong> saison 2024<\/strong> a &eacute;t&eacute; un exemple &eacute;clatant de r&eacute;silience. Apr&egrave;s plusieurs saisons ternies par des blessures, notamment des probl&egrave;mes &agrave; l&rsquo;&eacute;paule et des interventions chirurgicales, <strong>Severino<\/strong> a retrouv&eacute; son niveau de jeu en 2024 avec les <strong>Mets<\/strong>. Il a enregistr&eacute; un excellent <strong>3.91 ERA<\/strong> en 31 d&eacute;parts, prouvant qu&rsquo;il pouvait encore &ecirc;tre un atout pr&eacute;cieux sur le monticule. &Agrave; 31 ans, <strong>Severino<\/strong> arrive &agrave; un tournant de sa carri&egrave;re, et bien que son style de jeu ait &eacute;volu&eacute; avec l&rsquo;&acirc;ge et les blessures, son exp&eacute;rience et son influence dans le vestiaire des <strong>A&rsquo;s<\/strong> seront inestimables.<\/p><p><iframe loading=\"lazy\" title=\"Luis Severino 2024 MLB All 174 Strikeouts (13 Postseason) New York Mets\" width=\"500\" height=\"281\" src=\"https:\/\/www.youtube.com\/embed\/ccBGDJBfg8Y?feature=oembed\" frameborder=\"0\" allow=\"accelerometer; autoplay; clipboard-write; encrypted-media; gyroscope; picture-in-picture; web-share\" referrerpolicy=\"strict-origin-when-cross-origin\" allowfullscreen><\/iframe><\/p><p>&nbsp;<\/p><p>Ancien <strong>All-Star<\/strong> et consid&eacute;r&eacute; comme l&rsquo;un des <strong>meilleurs jeunes lanceurs<\/strong> au d&eacute;but de sa carri&egrave;re, <strong>Severino<\/strong> reste un leader sur le terrain. Son adaptation au fil des ann&eacute;es, notamment avec l&rsquo;int&eacute;gration de nouveaux lancers comme un sinker et un sweeper d&eacute;vastateur, montre sa capacit&eacute; &agrave; &eacute;voluer malgr&eacute; les difficult&eacute;s physiques. Avec une vitesse de balle toujours impressionnante et des outils de plus en plus affin&eacute;s, <strong>Severino<\/strong> pourrait bien se transformer en l&rsquo;un des &eacute;l&eacute;ments cl&eacute;s du futur succ&egrave;s des <strong>A&rsquo;s.<\/strong><\/p><h4><strong>Un investissement pour l&rsquo;avenir &agrave; Las Vegas<\/strong><\/h4><p>Les <strong>Athletics<\/strong> se positionnent ainsi pour un avenir plus comp&eacute;titif dans leur nouvelle ville, <strong>Las Vegas<\/strong>. Si l&rsquo;incertitude entourant le d&eacute;m&eacute;nagement et la situation actuelle de l&rsquo;&eacute;quipe ont longtemps suscit&eacute; des doutes sur leur capacit&eacute; &agrave; attirer des talents, le contrat de <strong>Severino<\/strong> prouve que la franchise est pr&ecirc;te &agrave; investir dans des joueurs de haut niveau pour atteindre ses objectifs.<\/p><p>Avec des bases solides en place et un ensemble de jeunes talents prometteurs dans leurs rangs, les <strong>A&rsquo;s<\/strong> pourraient bien surprendre la ligue dans les ann&eacute;es &agrave; venir. Leurs premi&egrave;res saisons &agrave; <strong>Las Vegas<\/strong> pourraient marquer le d&eacute;but d&rsquo;une nouvelle &egrave;re, et <strong>Severino<\/strong>, en tant que leader exp&eacute;riment&eacute;, pourrait jouer un r&ocirc;le crucial dans cette transition.<\/p><p>Ainsi, ce contrat avec <strong>Severino<\/strong> n&rsquo;est pas seulement une acquisition de talent, mais un message fort : les <strong>Athletics<\/strong> sont pr&ecirc;ts &agrave; se battre pour leur place parmi les meilleures &eacute;quipes de la Ligue dans un futur proche.<\/p><p><label>Credit:<\/label><\/p><p class=\"ng-binding\">&copy; Brad Penner-Imagn Images<\/p>\n","protected":false},"excerpt":{"rendered":"","protected":false},"author":180310249,"featured_media":1469725,"comment_status":"open","ping_status":"closed","sticky":false,"template":"","format":"standard","meta":{"inline_featured_image":false,"kia_subtitle":"","_mux_skip_reasons":[],"proofreadBy":0,"footnotes":""},"categories":[188,9],"tags":[343,7889,5729,29,444],"sport":[2786],"saison":[],"class_list":["post-1469724","post","type-post","status-publish","format-standard","has-post-thumbnail","hentry","category-actualite-mlb","category-mlb","tag-athletics","tag-fre-agency-2025","tag-luis-severino","tag-mlb","tag-new-york-mets","sport-mlb"],"acf":[],"yoast_head":"<!-- This site is optimized with the Yoast SEO plugin v24.2 - https:\/\/yoast.com\/wordpress\/plugins\/seo\/ -->\n<title>Luis Severino rejoint les Athletics : un contrat historique pour un avenir prometteur - The Playoffs FR<\/title>\n<meta name=\"robots\" content=\"index, follow, max-snippet:-1, max-image-preview:large, max-video-preview:-1\" \/>\n<link rel=\"canonical\" href=\"https:\/\/theplayoffs.news\/fr\/actualite-mlb\/luis-severino-rejoint-les-athletics\/\" \/>\n<meta property=\"og:locale\" content=\"fr_FR\" \/>\n<meta property=\"og:type\" content=\"article\" \/>\n<meta property=\"og:title\" content=\"Luis Severino rejoint les Athletics : un contrat historique pour un avenir prometteur - The Playoffs FR\" \/>\n<meta property=\"og:url\" content=\"https:\/\/theplayoffs.news\/fr\/actualite-mlb\/luis-severino-rejoint-les-athletics\/\" \/>\n<meta property=\"og:site_name\" content=\"The Playoffs FR\" \/>\n<meta property=\"article:publisher\" content=\"https:\/\/www.facebook.com\/TheFreeAgentFR\/\" \/>\n<meta property=\"article:modified_time\" content=\"2024-12-05T20:13:03+01:00\" \/>\n<meta property=\"og:image\" content=\"https:\/\/theplayoffs.news\/fr\/wp-content\/uploads\/2024\/12\/USATSI_24507404.jpg\" \/>\n\t<meta property=\"og:image:width\" content=\"1920\" \/>\n\t<meta property=\"og:image:height\" content=\"1280\" \/>\n\t<meta property=\"og:image:type\" content=\"image\/jpeg\" \/>\n<meta name=\"author\" content=\"Julien Farsy\" \/>\n<meta name=\"twitter:card\" content=\"summary_large_image\" \/>\n<meta name=\"twitter:creator\" content=\"@thefrenchdugout\" \/>\n<meta name=\"twitter:site\" content=\"@TheFreeAgentFR\" \/>\n<meta name=\"twitter:label1\" content=\"\u00c9crit par\" \/>\n\t<meta name=\"twitter:data1\" content=\"Julien Farsy\" \/>\n\t<meta name=\"twitter:label2\" content=\"Dur\u00e9e de lecture estim\u00e9e\" \/>\n\t<meta name=\"twitter:data2\" content=\"3 minutes\" \/>\n<script type=\"application\/ld+json\" class=\"yoast-schema-graph\">{\"@context\":\"https:\/\/schema.org\",\"@graph\":[{\"@type\":\"WebPage\",\"@id\":\"https:\/\/theplayoffs.news\/fr\/actualite-mlb\/luis-severino-rejoint-les-athletics\/\",\"url\":\"https:\/\/theplayoffs.news\/fr\/actualite-mlb\/luis-severino-rejoint-les-athletics\/\",\"name\":\"Luis Severino rejoint les Athletics : un contrat historique pour un avenir prometteur - The Playoffs FR\",\"isPartOf\":{\"@id\":\"https:\/\/theplayoffs.news\/fr\/#website\"},\"primaryImageOfPage\":{\"@id\":\"https:\/\/theplayoffs.news\/fr\/actualite-mlb\/luis-severino-rejoint-les-athletics\/#primaryimage\"},\"image\":{\"@id\":\"https:\/\/theplayoffs.news\/fr\/actualite-mlb\/luis-severino-rejoint-les-athletics\/#primaryimage\"},\"thumbnailUrl\":\"https:\/\/theplayoffs.news\/fr\/wp-content\/uploads\/2024\/12\/USATSI_24507404.jpg\",\"datePublished\":\"2024-12-05T19:13:03+00:00\",\"dateModified\":\"2024-12-05T19:13:03+00:00\",\"author\":{\"@id\":\"https:\/\/theplayoffs.news\/fr\/#\/schema\/person\/51111e94bd2107e63692a0742e68cc78\"},\"breadcrumb\":{\"@id\":\"https:\/\/theplayoffs.news\/fr\/actualite-mlb\/luis-severino-rejoint-les-athletics\/#breadcrumb\"},\"inLanguage\":\"fr-FR\",\"potentialAction\":[{\"@type\":\"ReadAction\",\"target\":[\"https:\/\/theplayoffs.news\/fr\/actualite-mlb\/luis-severino-rejoint-les-athletics\/\"]}]},{\"@type\":\"ImageObject\",\"inLanguage\":\"fr-FR\",\"@id\":\"https:\/\/theplayoffs.news\/fr\/actualite-mlb\/luis-severino-rejoint-les-athletics\/#primaryimage\",\"url\":\"https:\/\/theplayoffs.news\/fr\/wp-content\/uploads\/2024\/12\/USATSI_24507404.jpg\",\"contentUrl\":\"https:\/\/theplayoffs.news\/fr\/wp-content\/uploads\/2024\/12\/USATSI_24507404.jpg\",\"width\":1920,\"height\":1280,\"caption\":\"Oct 16, 2024; New York City, New York, USA;New York Mets pitcher Luis Severino (40) reacts after an out against the Los Angeles Dodgers in the first inning during game three of the NLCS for the 2024 MLB playoffs at Citi Field. Mandatory Credit: Brad Penner-Imagn Images\"},{\"@type\":\"BreadcrumbList\",\"@id\":\"https:\/\/theplayoffs.news\/fr\/actualite-mlb\/luis-severino-rejoint-les-athletics\/#breadcrumb\",\"itemListElement\":[{\"@type\":\"ListItem\",\"position\":1,\"name\":\"Accueil\",\"item\":\"https:\/\/theplayoffs.news\/fr\/\"},{\"@type\":\"ListItem\",\"position\":2,\"name\":\"Luis Severino rejoint les Athletics : un contrat historique pour un avenir prometteur\"}]},{\"@type\":\"WebSite\",\"@id\":\"https:\/\/theplayoffs.news\/fr\/#website\",\"url\":\"https:\/\/theplayoffs.news\/fr\/\",\"name\":\"The Playoffs FR\",\"description\":\"NBA-NFL-NHL-MLB\",\"potentialAction\":[{\"@type\":\"SearchAction\",\"target\":{\"@type\":\"EntryPoint\",\"urlTemplate\":\"https:\/\/theplayoffs.news\/fr\/?s={search_term_string}\"},\"query-input\":{\"@type\":\"PropertyValueSpecification\",\"valueRequired\":true,\"valueName\":\"search_term_string\"}}],\"inLanguage\":\"fr-FR\"},{\"@type\":\"Person\",\"@id\":\"https:\/\/theplayoffs.news\/fr\/#\/schema\/person\/51111e94bd2107e63692a0742e68cc78\",\"name\":\"Julien Farsy\",\"image\":{\"@type\":\"ImageObject\",\"inLanguage\":\"fr-FR\",\"@id\":\"https:\/\/theplayoffs.news\/fr\/#\/schema\/person\/image\/\",\"url\":\"https:\/\/secure.gravatar.com\/avatar\/459de1b1e59a6aa6e6b85ed839ee05e1569259e61fffdb66f3dd7c975117592c?s=96&d=mm&r=g\",\"contentUrl\":\"https:\/\/secure.gravatar.com\/avatar\/459de1b1e59a6aa6e6b85ed839ee05e1569259e61fffdb66f3dd7c975117592c?s=96&d=mm&r=g\",\"caption\":\"Julien Farsy\"},\"description\":\"R\u00e9dacteur et podcast MLB principalement, un peu de NBA et un peu de NFL aussi. Kin\u00e9 de m\u00e9tier, ancien joueur de l\\\\'\u00e9quipe de France de Flag Football et de Football Americain. J\\\\'ai grandi berc\u00e9 par les sports US et la culture US. J\\\\'adore d\u00e9battre et analyser le sport. J\\\\'\u00e9tais un jour \\\\\\\"free agent\\\\\\\" et j\\\\'ai eu l\\\\'opportunit\u00e9 avec The Playoffs de partager mon analyse, je m\\\\'eclate.\",\"sameAs\":[\"https:\/\/www.instagram.com\/thefrenchdugout\/\",\"https:\/\/x.com\/thefrenchdugout\"],\"url\":\"https:\/\/theplayoffs.news\/fr\/author\/julien-farsyyahoo-fr\/\"}]}<\/script>\n<!-- \/ Yoast SEO plugin. -->","yoast_head_json":{"title":"Luis Severino rejoint les Athletics : un contrat historique pour un avenir prometteur - The Playoffs FR","robots":{"index":"index","follow":"follow","max-snippet":"max-snippet:-1","max-image-preview":"max-image-preview:large","max-video-preview":"max-video-preview:-1"},"canonical":"https:\/\/theplayoffs.news\/fr\/actualite-mlb\/luis-severino-rejoint-les-athletics\/","og_locale":"fr_FR","og_type":"article","og_title":"Luis Severino rejoint les Athletics : un contrat historique pour un avenir prometteur - The Playoffs FR","og_url":"https:\/\/theplayoffs.news\/fr\/actualite-mlb\/luis-severino-rejoint-les-athletics\/","og_site_name":"The Playoffs FR","article_publisher":"https:\/\/www.facebook.com\/TheFreeAgentFR\/","og_image":[{"width":1920,"height":1280,"url":"https:\/\/theplayoffs.news\/fr\/wp-content\/uploads\/2024\/12\/USATSI_24507404.jpg","type":"image\/jpeg"}],"author":"Julien Farsy","twitter_card":"summary_large_image","twitter_creator":"@thefrenchdugout","twitter_site":"@TheFreeAgentFR","twitter_misc":{"\u00c9crit par":"Julien Farsy","Dur\u00e9e de lecture estim\u00e9e":"3 minutes"},"schema":{"@context":"https:\/\/schema.org","@graph":[{"@type":"WebPage","@id":"https:\/\/theplayoffs.news\/fr\/actualite-mlb\/luis-severino-rejoint-les-athletics\/","url":"https:\/\/theplayoffs.news\/fr\/actualite-mlb\/luis-severino-rejoint-les-athletics\/","name":"Luis Severino rejoint les Athletics : un contrat historique pour un avenir prometteur - The Playoffs FR","isPartOf":{"@id":"https:\/\/theplayoffs.news\/fr\/#website"},"primaryImageOfPage":{"@id":"https:\/\/theplayoffs.news\/fr\/actualite-mlb\/luis-severino-rejoint-les-athletics\/#primaryimage"},"image":{"@id":"https:\/\/theplayoffs.news\/fr\/actualite-mlb\/luis-severino-rejoint-les-athletics\/#primaryimage"},"thumbnailUrl":"https:\/\/theplayoffs.news\/fr\/wp-content\/uploads\/2024\/12\/USATSI_24507404.jpg","datePublished":"2024-12-05T19:13:03+00:00","dateModified":"2024-12-05T19:13:03+00:00","author":{"@id":"https:\/\/theplayoffs.news\/fr\/#\/schema\/person\/51111e94bd2107e63692a0742e68cc78"},"breadcrumb":{"@id":"https:\/\/theplayoffs.news\/fr\/actualite-mlb\/luis-severino-rejoint-les-athletics\/#breadcrumb"},"inLanguage":"fr-FR","potentialAction":[{"@type":"ReadAction","target":["https:\/\/theplayoffs.news\/fr\/actualite-mlb\/luis-severino-rejoint-les-athletics\/"]}]},{"@type":"ImageObject","inLanguage":"fr-FR","@id":"https:\/\/theplayoffs.news\/fr\/actualite-mlb\/luis-severino-rejoint-les-athletics\/#primaryimage","url":"https:\/\/theplayoffs.news\/fr\/wp-content\/uploads\/2024\/12\/USATSI_24507404.jpg","contentUrl":"https:\/\/theplayoffs.news\/fr\/wp-content\/uploads\/2024\/12\/USATSI_24507404.jpg","width":1920,"height":1280,"caption":"Oct 16, 2024; New York City, New York, USA;New York Mets pitcher Luis Severino (40) reacts after an out against the Los Angeles Dodgers in the first inning during game three of the NLCS for the 2024 MLB playoffs at Citi Field. Mandatory Credit: Brad Penner-Imagn Images"},{"@type":"BreadcrumbList","@id":"https:\/\/theplayoffs.news\/fr\/actualite-mlb\/luis-severino-rejoint-les-athletics\/#breadcrumb","itemListElement":[{"@type":"ListItem","position":1,"name":"Accueil","item":"https:\/\/theplayoffs.news\/fr\/"},{"@type":"ListItem","position":2,"name":"Luis Severino rejoint les Athletics : un contrat historique pour un avenir prometteur"}]},{"@type":"WebSite","@id":"https:\/\/theplayoffs.news\/fr\/#website","url":"https:\/\/theplayoffs.news\/fr\/","name":"The Playoffs FR","description":"NBA-NFL-NHL-MLB","potentialAction":[{"@type":"SearchAction","target":{"@type":"EntryPoint","urlTemplate":"https:\/\/theplayoffs.news\/fr\/?s={search_term_string}"},"query-input":{"@type":"PropertyValueSpecification","valueRequired":true,"valueName":"search_term_string"}}],"inLanguage":"fr-FR"},{"@type":"Person","@id":"https:\/\/theplayoffs.news\/fr\/#\/schema\/person\/51111e94bd2107e63692a0742e68cc78","name":"Julien Farsy","image":{"@type":"ImageObject","inLanguage":"fr-FR","@id":"https:\/\/theplayoffs.news\/fr\/#\/schema\/person\/image\/","url":"https:\/\/secure.gravatar.com\/avatar\/459de1b1e59a6aa6e6b85ed839ee05e1569259e61fffdb66f3dd7c975117592c?s=96&d=mm&r=g","contentUrl":"https:\/\/secure.gravatar.com\/avatar\/459de1b1e59a6aa6e6b85ed839ee05e1569259e61fffdb66f3dd7c975117592c?s=96&d=mm&r=g","caption":"Julien Farsy"},"description":"R\u00e9dacteur et podcast MLB principalement, un peu de NBA et un peu de NFL aussi. Kin\u00e9 de m\u00e9tier, ancien joueur de l\\'\u00e9quipe de France de Flag Football et de Football Americain. J\\'ai grandi berc\u00e9 par les sports US et la culture US. J\\'adore d\u00e9battre et analyser le sport. J\\'\u00e9tais un jour \\\"free agent\\\" et j\\'ai eu l\\'opportunit\u00e9 avec The Playoffs de partager mon analyse, je m\\'eclate.","sameAs":["https:\/\/www.instagram.com\/thefrenchdugout\/","https:\/\/x.com\/thefrenchdugout"],"url":"https:\/\/theplayoffs.news\/fr\/author\/julien-farsyyahoo-fr\/"}]}},"_links":{"self":[{"href":"https:\/\/theplayoffs.news\/fr\/wp-json\/wp\/v2\/posts\/1469724","targetHints":{"allow":["GET"]}}],"collection":[{"href":"https:\/\/theplayoffs.news\/fr\/wp-json\/wp\/v2\/posts"}],"about":[{"href":"https:\/\/theplayoffs.news\/fr\/wp-json\/wp\/v2\/types\/post"}],"author":[{"embeddable":true,"href":"https:\/\/theplayoffs.news\/fr\/wp-json\/wp\/v2\/users\/180310249"}],"replies":[{"embeddable":true,"href":"https:\/\/theplayoffs.news\/fr\/wp-json\/wp\/v2\/comments?post=1469724"}],"version-history":[{"count":2,"href":"https:\/\/theplayoffs.news\/fr\/wp-json\/wp\/v2\/posts\/1469724\/revisions"}],"predecessor-version":[{"id":1469728,"href":"https:\/\/theplayoffs.news\/fr\/wp-json\/wp\/v2\/posts\/1469724\/revisions\/1469728"}],"wp:featuredmedia":[{"embeddable":true,"href":"https:\/\/theplayoffs.news\/fr\/wp-json\/wp\/v2\/media\/1469725"}],"wp:attachment":[{"href":"https:\/\/theplayoffs.news\/fr\/wp-json\/wp\/v2\/media?parent=1469724"}],"wp:term":[{"taxonomy":"category","embeddable":true,"href":"https:\/\/theplayoffs.news\/fr\/wp-json\/wp\/v2\/categories?post=1469724"},{"taxonomy":"post_tag","embeddable":true,"href":"https:\/\/theplayoffs.news\/fr\/wp-json\/wp\/v2\/tags?post=1469724"},{"taxonomy":"sport","embeddable":true,"href":"https:\/\/theplayoffs.news\/fr\/wp-json\/wp\/v2\/sport?post=1469724"},{"taxonomy":"saison","embeddable":true,"href":"https:\/\/theplayoffs.news\/fr\/wp-json\/wp\/v2\/saison?post=1469724"}],"curies":[{"name":"wp","href":"https:\/\/api.w.org\/{rel}","templated":true}]}}