{"id":1469695,"date":"2024-12-06T12:39:26","date_gmt":"2024-12-06T11:39:26","guid":{"rendered":"https:\/\/theplayoffs.news\/fr\/?p=1469695"},"modified":"2024-12-06T12:39:26","modified_gmt":"2024-12-06T11:39:26","slug":"toronto-tempo-2026","status":"publish","type":"post","link":"https:\/\/theplayoffs.news\/fr\/wnba\/toronto-tempo-2026\/","title":{"rendered":"WNBA : le Toronto Tempo d\u00e9barque dans la ligue en 2026 !"},"content":{"rendered":"<h2>Alors que le nom de l&rsquo;&eacute;quipe canadienne a fuit&eacute;, la <a href=\"https:\/\/theplayoffs.news\/fr\/wnba\/\" class=\"trk-cta-link\" data-cta-trk='{\"ctaType\":\"Link\",\"ctaSubType\":\"main\"}'>WNBA<\/a> s&rsquo;est vu contrainte de d&eacute;voiler l&rsquo;identit&eacute; visuelle de la 14e franchise, le Toronto Tempo.<\/h2><p>Le Toronto Tempo rejoindra la WNBA au d&eacute;but de la saison 2026 en tant que 14e franchise de la ligue apr&egrave;s l&rsquo;instauration des Golden State Valkyries pour la saison 2025. <a href=\"https:\/\/theplayoffs.news\/fr\/wnba\/toronto-accueillera-une-franchise-wnba-en-2026\/\" class=\"trk-cta-link\" data-cta-trk='{\"ctaType\":\"Link\",\"ctaSubType\":\"main\"}'>L&rsquo;annonce de la franchise au Canada<\/a> avait &eacute;t&eacute; faite le 23 mai dernier, en laissant le suspens de l&rsquo;identit&eacute; visuelle et du nom de l&rsquo;&eacute;quipe.<\/p><p>Cependant, une erreur informatique a permis aux utilisateurs de consulter &ldquo;<a href=\"https:\/\/tempo.wnba.com\/\" class=\"trk-cta-link\" data-cta-trk='{\"ctaType\":\"Link\",\"ctaSubType\":\"main\"}'>Toronto Tempo<\/a>&rdquo; sur la liste d&eacute;roulante d&rsquo;&eacute;quipes WNBA. L&rsquo;&eacute;quipe de communication de la ligue a d&ucirc; donc annoncer dans l&rsquo;urgence l&rsquo;identit&eacute; visuelle de la franchise canadienne.<\/p><blockquote class=\"twitter-tweet\">\n<p dir=\"ltr\" lang=\"en\">Introducing <a href=\"https:\/\/twitter.com\/TempoBasketball?ref_src=twsrc%5Etfw\" class=\"trk-cta-link\" data-cta-trk='{\"ctaType\":\"Link\",\"ctaSubType\":\"main\"}'>@TempoBasketball<\/a><\/p>\n<p>Tip-off 2026. <a href=\"https:\/\/t.co\/59M2V11Li0\" class=\"trk-cta-link\" data-cta-trk='{\"ctaType\":\"Link\",\"ctaSubType\":\"main\"}'>pic.twitter.com\/59M2V11Li0<\/a><\/p>\n<p>&mdash; WNBA (@WNBA) <a href=\"https:\/\/twitter.com\/WNBA\/status\/1864671889307677103?ref_src=twsrc%5Etfw\" class=\"trk-cta-link\" data-cta-trk='{\"ctaType\":\"Link\",\"ctaSubType\":\"main\"}'>December 5, 2024<\/a><\/p><\/blockquote><p><script async src=\"https:\/\/platform.twitter.com\/widgets.js\" charset=\"utf-8\"><\/script><\/p><p>Un look r&eacute;tro, un logo proche de celui des Indiana Pacers en NBA, ce n&rsquo;&eacute;tait pas la recette que l&rsquo;on attendait. Les fans canadiens seront peut-&ecirc;tre surpris de ne pas voir une feuille d&rsquo;&eacute;rable ou une l&eacute;g&egrave;re r&eacute;f&eacute;rence au Grand Nord blanc. Les explications sont les suivantes :<\/p><blockquote><p>&laquo;&nbsp;Le tempo, c&rsquo;est le rythme. C&rsquo;est la vitesse. C&rsquo;est un battement de c&oelig;ur. Et c&rsquo;est ce que vous ressentez lorsque vous marchez dans les rues de cette ville, et dans l&rsquo;&eacute;nergie des gens qui appellent le Canada chez eux&nbsp;&raquo;, a d&eacute;clar&eacute; Teresa Resch, pr&eacute;sidente du Toronto Tempo. &laquo;&nbsp;En tant qu&rsquo;&eacute;quipe canadienne de la WNBA, je sais que le Tempo &eacute;tablira son propre rythme, se d&eacute;placera &agrave; la cadence d&rsquo;un championnat et inspirera les gens &agrave; travers le pays&nbsp;&raquo;<\/p><\/blockquote><p><span style=\"font-weight: 400;\">Il faut noter que la ligue a pens&eacute; aux Qu&eacute;b&eacute;cois car le nom Tempo fonctionne dans les deux langues.<\/span><\/p><blockquote><p>&laquo;&nbsp;Le nom a &eacute;t&eacute; d&eacute;lib&eacute;r&eacute;ment con&ccedil;u pour fonctionner &agrave; la fois en fran&ccedil;ais et en anglais, cr&eacute;ant ainsi une marque inclusive pour les fans de tout le pays&nbsp;&raquo;<\/p><\/blockquote><p>Cr&eacute;dit Photo : John E. Sokolowski-Imagn Images<\/p>\n","protected":false},"excerpt":{"rendered":"","protected":false},"author":180310247,"featured_media":1469696,"comment_status":"open","ping_status":"closed","sticky":false,"template":"","format":"standard","meta":{"inline_featured_image":false,"kia_subtitle":"","_mux_skip_reasons":[],"proofreadBy":0,"footnotes":""},"categories":[143],"tags":[7886,1603,7885,424],"sport":[2902],"saison":[7884],"class_list":["post-1469695","post","type-post","status-publish","format-standard","has-post-thumbnail","hentry","category-wnba","tag-7886","tag-canada","tag-toronto-tempo","tag-wnba","sport-wnba","saison-7884"],"acf":[],"yoast_head":"<!-- This site is optimized with the Yoast SEO plugin v24.2 - https:\/\/yoast.com\/wordpress\/plugins\/seo\/ -->\n<title>WNBA : le Toronto Tempo d&eacute;barque dans la ligue en 2026 ! - The Playoffs FR<\/title>\n<meta name=\"robots\" content=\"index, follow, max-snippet:-1, max-image-preview:large, max-video-preview:-1\" \/>\n<link rel=\"canonical\" href=\"https:\/\/theplayoffs.news\/fr\/wnba\/toronto-tempo-2026\/\" \/>\n<meta property=\"og:locale\" content=\"fr_FR\" \/>\n<meta property=\"og:type\" content=\"article\" \/>\n<meta property=\"og:title\" content=\"WNBA : le Toronto Tempo d&eacute;barque dans la ligue en 2026 ! - The Playoffs FR\" \/>\n<meta property=\"og:url\" content=\"https:\/\/theplayoffs.news\/fr\/wnba\/toronto-tempo-2026\/\" \/>\n<meta property=\"og:site_name\" content=\"The Playoffs FR\" \/>\n<meta property=\"article:publisher\" content=\"https:\/\/www.facebook.com\/TheFreeAgentFR\/\" \/>\n<meta property=\"article:modified_time\" content=\"2024-12-06T12:39:26+01:00\" \/>\n<meta property=\"og:image\" content=\"https:\/\/theplayoffs.news\/fr\/wp-content\/uploads\/2024\/12\/USATSI_20660925.jpg\" \/>\n\t<meta property=\"og:image:width\" content=\"1920\" \/>\n\t<meta property=\"og:image:height\" content=\"1280\" \/>\n\t<meta property=\"og:image:type\" content=\"image\/jpeg\" \/>\n<meta name=\"author\" content=\"Eliott Caillot\" \/>\n<meta name=\"twitter:card\" content=\"summary_large_image\" \/>\n<meta name=\"twitter:creator\" content=\"@TheFreeAgentFR\" \/>\n<meta name=\"twitter:site\" content=\"@TheFreeAgentFR\" \/>\n<meta name=\"twitter:label1\" content=\"\u00c9crit par\" \/>\n\t<meta name=\"twitter:data1\" content=\"Eliott Caillot\" \/>\n\t<meta name=\"twitter:label2\" content=\"Dur\u00e9e de lecture estim\u00e9e\" \/>\n\t<meta name=\"twitter:data2\" content=\"2 minutes\" \/>\n<script type=\"application\/ld+json\" class=\"yoast-schema-graph\">{\"@context\":\"https:\/\/schema.org\",\"@graph\":[{\"@type\":\"WebPage\",\"@id\":\"https:\/\/theplayoffs.news\/fr\/wnba\/toronto-tempo-2026\/\",\"url\":\"https:\/\/theplayoffs.news\/fr\/wnba\/toronto-tempo-2026\/\",\"name\":\"WNBA : le Toronto Tempo d\u00e9barque dans la ligue en 2026 ! - The Playoffs FR\",\"isPartOf\":{\"@id\":\"https:\/\/theplayoffs.news\/fr\/#website\"},\"primaryImageOfPage\":{\"@id\":\"https:\/\/theplayoffs.news\/fr\/wnba\/toronto-tempo-2026\/#primaryimage\"},\"image\":{\"@id\":\"https:\/\/theplayoffs.news\/fr\/wnba\/toronto-tempo-2026\/#primaryimage\"},\"thumbnailUrl\":\"https:\/\/theplayoffs.news\/fr\/wp-content\/uploads\/2024\/12\/USATSI_20660925.jpg\",\"datePublished\":\"2024-12-06T11:39:26+00:00\",\"dateModified\":\"2024-12-06T11:39:26+00:00\",\"author\":{\"@id\":\"https:\/\/theplayoffs.news\/fr\/#\/schema\/person\/b3263eb0855dc52bd89a891bffd4ac2d\"},\"breadcrumb\":{\"@id\":\"https:\/\/theplayoffs.news\/fr\/wnba\/toronto-tempo-2026\/#breadcrumb\"},\"inLanguage\":\"fr-FR\",\"potentialAction\":[{\"@type\":\"ReadAction\",\"target\":[\"https:\/\/theplayoffs.news\/fr\/wnba\/toronto-tempo-2026\/\"]}]},{\"@type\":\"ImageObject\",\"inLanguage\":\"fr-FR\",\"@id\":\"https:\/\/theplayoffs.news\/fr\/wnba\/toronto-tempo-2026\/#primaryimage\",\"url\":\"https:\/\/theplayoffs.news\/fr\/wp-content\/uploads\/2024\/12\/USATSI_20660925.jpg\",\"contentUrl\":\"https:\/\/theplayoffs.news\/fr\/wp-content\/uploads\/2024\/12\/USATSI_20660925.jpg\",\"width\":1920,\"height\":1280,\"caption\":\"May 13, 2023; Toronto, Ontario, Canada; A general view of Scotiabank Arena during the first half of the first ever WNBA game in Canada between Chicago Sky and Minnesota Lynx. Mandatory Credit: John E. Sokolowski-USA TODAY Sports\"},{\"@type\":\"BreadcrumbList\",\"@id\":\"https:\/\/theplayoffs.news\/fr\/wnba\/toronto-tempo-2026\/#breadcrumb\",\"itemListElement\":[{\"@type\":\"ListItem\",\"position\":1,\"name\":\"Accueil\",\"item\":\"https:\/\/theplayoffs.news\/fr\/\"},{\"@type\":\"ListItem\",\"position\":2,\"name\":\"WNBA : le Toronto Tempo d\u00e9barque dans la ligue en 2026 !\"}]},{\"@type\":\"WebSite\",\"@id\":\"https:\/\/theplayoffs.news\/fr\/#website\",\"url\":\"https:\/\/theplayoffs.news\/fr\/\",\"name\":\"The Playoffs FR\",\"description\":\"NBA-NFL-NHL-MLB\",\"potentialAction\":[{\"@type\":\"SearchAction\",\"target\":{\"@type\":\"EntryPoint\",\"urlTemplate\":\"https:\/\/theplayoffs.news\/fr\/?s={search_term_string}\"},\"query-input\":{\"@type\":\"PropertyValueSpecification\",\"valueRequired\":true,\"valueName\":\"search_term_string\"}}],\"inLanguage\":\"fr-FR\"},{\"@type\":\"Person\",\"@id\":\"https:\/\/theplayoffs.news\/fr\/#\/schema\/person\/b3263eb0855dc52bd89a891bffd4ac2d\",\"name\":\"Eliott Caillot\",\"image\":{\"@type\":\"ImageObject\",\"inLanguage\":\"fr-FR\",\"@id\":\"https:\/\/theplayoffs.news\/fr\/#\/schema\/person\/image\/\",\"url\":\"https:\/\/secure.gravatar.com\/avatar\/f0e6c30d165f1a46b16f05bf08040e1dfc41812cc7ff16ed9b1cde5726a8c951?s=96&d=mm&r=g\",\"contentUrl\":\"https:\/\/secure.gravatar.com\/avatar\/f0e6c30d165f1a46b16f05bf08040e1dfc41812cc7ff16ed9b1cde5726a8c951?s=96&d=mm&r=g\",\"caption\":\"Eliott Caillot\"},\"description\":\"\u00c9tudiant en journalisme, r\u00e9dacteur sp\u00e9cialis\u00e9 dans le basket f\u00e9minin avec la WNBA et Unrivaled Women\u2019s Basketball. Passionn\u00e9 de basket depuis que j\u2019ai assist\u00e9 \u00e0 un derby new-yorkais au Barclays Center en 2016, j\u2019aime autant \u00eatre sur le parquet qu\u2019en tribune de presse pour faire vibrer les lecteurs. Les salles de conf\u00e9rences de presse sont ma deuxi\u00e8me maison. Si votre num\u00e9ro favori est le 22, et que vous avez d\u00e9j\u00e0 entendu parler d\u2019une jeune Clark, vous serez au bon endroit sur TPO.\",\"sameAs\":[\"https:\/\/www.linkedin.com\/in\/eliott-caillot-etudiant\"],\"url\":\"https:\/\/theplayoffs.news\/fr\/author\/eliott-caillotgmail-com\/\"}]}<\/script>\n<!-- \/ Yoast SEO plugin. -->","yoast_head_json":{"title":"WNBA : le Toronto Tempo d&eacute;barque dans la ligue en 2026 ! - The Playoffs FR","robots":{"index":"index","follow":"follow","max-snippet":"max-snippet:-1","max-image-preview":"max-image-preview:large","max-video-preview":"max-video-preview:-1"},"canonical":"https:\/\/theplayoffs.news\/fr\/wnba\/toronto-tempo-2026\/","og_locale":"fr_FR","og_type":"article","og_title":"WNBA : le Toronto Tempo d&eacute;barque dans la ligue en 2026 ! - The Playoffs FR","og_url":"https:\/\/theplayoffs.news\/fr\/wnba\/toronto-tempo-2026\/","og_site_name":"The Playoffs FR","article_publisher":"https:\/\/www.facebook.com\/TheFreeAgentFR\/","og_image":[{"width":1920,"height":1280,"url":"https:\/\/theplayoffs.news\/fr\/wp-content\/uploads\/2024\/12\/USATSI_20660925.jpg","type":"image\/jpeg"}],"author":"Eliott Caillot","twitter_card":"summary_large_image","twitter_creator":"@TheFreeAgentFR","twitter_site":"@TheFreeAgentFR","twitter_misc":{"\u00c9crit par":"Eliott Caillot","Dur\u00e9e de lecture estim\u00e9e":"2 minutes"},"schema":{"@context":"https:\/\/schema.org","@graph":[{"@type":"WebPage","@id":"https:\/\/theplayoffs.news\/fr\/wnba\/toronto-tempo-2026\/","url":"https:\/\/theplayoffs.news\/fr\/wnba\/toronto-tempo-2026\/","name":"WNBA : le Toronto Tempo d\u00e9barque dans la ligue en 2026 ! - The Playoffs FR","isPartOf":{"@id":"https:\/\/theplayoffs.news\/fr\/#website"},"primaryImageOfPage":{"@id":"https:\/\/theplayoffs.news\/fr\/wnba\/toronto-tempo-2026\/#primaryimage"},"image":{"@id":"https:\/\/theplayoffs.news\/fr\/wnba\/toronto-tempo-2026\/#primaryimage"},"thumbnailUrl":"https:\/\/theplayoffs.news\/fr\/wp-content\/uploads\/2024\/12\/USATSI_20660925.jpg","datePublished":"2024-12-06T11:39:26+00:00","dateModified":"2024-12-06T11:39:26+00:00","author":{"@id":"https:\/\/theplayoffs.news\/fr\/#\/schema\/person\/b3263eb0855dc52bd89a891bffd4ac2d"},"breadcrumb":{"@id":"https:\/\/theplayoffs.news\/fr\/wnba\/toronto-tempo-2026\/#breadcrumb"},"inLanguage":"fr-FR","potentialAction":[{"@type":"ReadAction","target":["https:\/\/theplayoffs.news\/fr\/wnba\/toronto-tempo-2026\/"]}]},{"@type":"ImageObject","inLanguage":"fr-FR","@id":"https:\/\/theplayoffs.news\/fr\/wnba\/toronto-tempo-2026\/#primaryimage","url":"https:\/\/theplayoffs.news\/fr\/wp-content\/uploads\/2024\/12\/USATSI_20660925.jpg","contentUrl":"https:\/\/theplayoffs.news\/fr\/wp-content\/uploads\/2024\/12\/USATSI_20660925.jpg","width":1920,"height":1280,"caption":"May 13, 2023; Toronto, Ontario, Canada; A general view of Scotiabank Arena during the first half of the first ever WNBA game in Canada between Chicago Sky and Minnesota Lynx. Mandatory Credit: John E. Sokolowski-USA TODAY Sports"},{"@type":"BreadcrumbList","@id":"https:\/\/theplayoffs.news\/fr\/wnba\/toronto-tempo-2026\/#breadcrumb","itemListElement":[{"@type":"ListItem","position":1,"name":"Accueil","item":"https:\/\/theplayoffs.news\/fr\/"},{"@type":"ListItem","position":2,"name":"WNBA : le Toronto Tempo d\u00e9barque dans la ligue en 2026 !"}]},{"@type":"WebSite","@id":"https:\/\/theplayoffs.news\/fr\/#website","url":"https:\/\/theplayoffs.news\/fr\/","name":"The Playoffs FR","description":"NBA-NFL-NHL-MLB","potentialAction":[{"@type":"SearchAction","target":{"@type":"EntryPoint","urlTemplate":"https:\/\/theplayoffs.news\/fr\/?s={search_term_string}"},"query-input":{"@type":"PropertyValueSpecification","valueRequired":true,"valueName":"search_term_string"}}],"inLanguage":"fr-FR"},{"@type":"Person","@id":"https:\/\/theplayoffs.news\/fr\/#\/schema\/person\/b3263eb0855dc52bd89a891bffd4ac2d","name":"Eliott Caillot","image":{"@type":"ImageObject","inLanguage":"fr-FR","@id":"https:\/\/theplayoffs.news\/fr\/#\/schema\/person\/image\/","url":"https:\/\/secure.gravatar.com\/avatar\/f0e6c30d165f1a46b16f05bf08040e1dfc41812cc7ff16ed9b1cde5726a8c951?s=96&d=mm&r=g","contentUrl":"https:\/\/secure.gravatar.com\/avatar\/f0e6c30d165f1a46b16f05bf08040e1dfc41812cc7ff16ed9b1cde5726a8c951?s=96&d=mm&r=g","caption":"Eliott Caillot"},"description":"\u00c9tudiant en journalisme, r\u00e9dacteur sp\u00e9cialis\u00e9 dans le basket f\u00e9minin avec la WNBA et Unrivaled Women\u2019s Basketball. Passionn\u00e9 de basket depuis que j\u2019ai assist\u00e9 \u00e0 un derby new-yorkais au Barclays Center en 2016, j\u2019aime autant \u00eatre sur le parquet qu\u2019en tribune de presse pour faire vibrer les lecteurs. Les salles de conf\u00e9rences de presse sont ma deuxi\u00e8me maison. Si votre num\u00e9ro favori est le 22, et que vous avez d\u00e9j\u00e0 entendu parler d\u2019une jeune Clark, vous serez au bon endroit sur TPO.","sameAs":["https:\/\/www.linkedin.com\/in\/eliott-caillot-etudiant"],"url":"https:\/\/theplayoffs.news\/fr\/author\/eliott-caillotgmail-com\/"}]}},"_links":{"self":[{"href":"https:\/\/theplayoffs.news\/fr\/wp-json\/wp\/v2\/posts\/1469695","targetHints":{"allow":["GET"]}}],"collection":[{"href":"https:\/\/theplayoffs.news\/fr\/wp-json\/wp\/v2\/posts"}],"about":[{"href":"https:\/\/theplayoffs.news\/fr\/wp-json\/wp\/v2\/types\/post"}],"author":[{"embeddable":true,"href":"https:\/\/theplayoffs.news\/fr\/wp-json\/wp\/v2\/users\/180310247"}],"replies":[{"embeddable":true,"href":"https:\/\/theplayoffs.news\/fr\/wp-json\/wp\/v2\/comments?post=1469695"}],"version-history":[{"count":4,"href":"https:\/\/theplayoffs.news\/fr\/wp-json\/wp\/v2\/posts\/1469695\/revisions"}],"predecessor-version":[{"id":1469801,"href":"https:\/\/theplayoffs.news\/fr\/wp-json\/wp\/v2\/posts\/1469695\/revisions\/1469801"}],"wp:featuredmedia":[{"embeddable":true,"href":"https:\/\/theplayoffs.news\/fr\/wp-json\/wp\/v2\/media\/1469696"}],"wp:attachment":[{"href":"https:\/\/theplayoffs.news\/fr\/wp-json\/wp\/v2\/media?parent=1469695"}],"wp:term":[{"taxonomy":"category","embeddable":true,"href":"https:\/\/theplayoffs.news\/fr\/wp-json\/wp\/v2\/categories?post=1469695"},{"taxonomy":"post_tag","embeddable":true,"href":"https:\/\/theplayoffs.news\/fr\/wp-json\/wp\/v2\/tags?post=1469695"},{"taxonomy":"sport","embeddable":true,"href":"https:\/\/theplayoffs.news\/fr\/wp-json\/wp\/v2\/sport?post=1469695"},{"taxonomy":"saison","embeddable":true,"href":"https:\/\/theplayoffs.news\/fr\/wp-json\/wp\/v2\/saison?post=1469695"}],"curies":[{"name":"wp","href":"https:\/\/api.w.org\/{rel}","templated":true}]}}