{"id":1469584,"date":"2024-12-04T12:27:42","date_gmt":"2024-12-04T11:27:42","guid":{"rendered":"https:\/\/theplayoffs.news\/fr\/?p=1469584"},"modified":"2024-12-04T12:27:42","modified_gmt":"2024-12-04T11:27:42","slug":"elf-barcelone-milan-forfaits-2025","status":"publish","type":"post","link":"https:\/\/theplayoffs.news\/fr\/elf\/elf-barcelone-milan-forfaits-2025\/","title":{"rendered":"ELF: Barcelone et Milan ne participeront pas \u00e0 la saison 2025!"},"content":{"rendered":"<h2>ELF &ndash; Les Barcelona Dragons et les Milano Seamen ne participeront pas &agrave; la saison d&rsquo;ELF 2025!<\/h2><p>Ils devaient &ecirc;tre 18 sur la ligne de d&eacute;part de la saison 2025 d&rsquo;ELF &agrave; la fin du printemps prochain, ils ne seront finalement que 16 franchises. Dans une <a href=\"https:\/\/twitter.com\/ELF_Official\/status\/1864264012726190086\" class=\"trk-cta-link\" data-cta-trk='{\"ctaType\":\"Link\",\"ctaSubType\":\"main\"}'>annonce faite aujourd&rsquo;hui sur le compte officiel de l&rsquo;European League of Football<\/a>, les instances de la ligue europ&eacute;enne ont annonc&eacute; que ni les Barcelona Dragons, ni les Milano Seamen ne participeraient &agrave; la saison 2025 pour des raisons diff&eacute;rentes!<\/p><p>Pour les italiens de Milan, c&rsquo;est une &laquo;&nbsp;pause&nbsp;&raquo; d&rsquo;un an qui est annonc&eacute;. En effet, si la franchise transalpine, la seule du pays, ne participera pas &agrave; la saison 2025 elle compte n&eacute;anmoins revenir en ELF pour la saison 2026. Pour expliquer cette pause, les Seamen annoncent qu&rsquo;ils souhaitent &laquo;&nbsp;la mise en place d&rsquo;une nouvelle &eacute;quipe de propri&eacute;taires pour revenir &eacute;conomiquement plus fort au sein de la ligue&nbsp;&raquo;. Lors de la saison 2024, les Milano Seamen avaient termin&eacute; avec un bilan de <a href=\"https:\/\/europeanleague.football\/game-center\/standings\" class=\"trk-cta-link\" data-cta-trk='{\"ctaType\":\"Link\",\"ctaSubType\":\"main\"}'>4 victoires pour 8 d&eacute;faites<\/a>!<\/p><p>En revanche, pour les Barcelona Dragons, ce n&rsquo;est pas une pause mais un v&eacute;ritable d&eacute;part de l&rsquo;ELF! Arriv&eacute; dans la grande ligue europ&eacute;enne en 2021, les Dragons conna&icirc;tront une belle saison 2022 avec une participation en playoffs gr&acirc;ce notamment &agrave; la performance de leur quarterback <a href=\"https:\/\/theplayoffs.news\/fr\/elf\/zach-edwards-joueur-offensif-saison-2024\/\" class=\"trk-cta-link\" data-cta-trk='{\"ctaType\":\"Link\",\"ctaSubType\":\"main\"}'>Zach Edwards<\/a> arriv&eacute; depuis chez les Paris Musketeers. Mais 2024 fut une saison tr&egrave;s p&eacute;nible pour les Dragons qui n&rsquo;ont connu que deux victoires et qui ont du finir la saison avec peu de joueurs ce qui emp&ecirc;chait la franchise d&rsquo;&ecirc;tre comp&eacute;titive.<\/p><p>Ces deux d&eacute;parts avant la saison 2025 d&rsquo;ELF vont obliger la ligue europ&eacute;enne &agrave; redessiner la carte des conf&eacute;rences au sein de la ligue puisque les deux &eacute;quipes &eacute;taient membres de la conf&eacute;rence Centrale. En attendant le nouveau d&eacute;coupage, cette situation interroge sur la sant&eacute; financi&egrave;re des franchises engag&eacute;es dans le championnat ce qui reste une pr&eacute;occupation majeure pour la p&eacute;rennit&eacute; et la comp&eacute;titivit&eacute; de cette ligue europ&eacute;enne.<\/p><p><em>Cr&eacute;dit photo: Maxime Le Pihif<\/em><\/p>\n","protected":false},"excerpt":{"rendered":"","protected":false},"author":180309964,"featured_media":1469585,"comment_status":"open","ping_status":"closed","sticky":false,"template":"","format":"standard","meta":{"inline_featured_image":false,"kia_subtitle":"","_mux_skip_reasons":[],"proofreadBy":0,"footnotes":""},"categories":[5964],"tags":[6379,4569,7882],"sport":[7354],"saison":[7475],"class_list":["post-1469584","post","type-post","status-publish","format-standard","has-post-thumbnail","hentry","category-elf","tag-barcelona-dragons","tag-elf","tag-milano-seamen","sport-elf","saison-7475"],"acf":[],"yoast_head":"<!-- This site is optimized with the Yoast SEO plugin v24.2 - https:\/\/yoast.com\/wordpress\/plugins\/seo\/ -->\n<title>ELF: Barcelone et Milan ne participeront pas &agrave; la saison 2025! - The Playoffs FR<\/title>\n<meta name=\"robots\" content=\"index, follow, max-snippet:-1, max-image-preview:large, max-video-preview:-1\" \/>\n<link rel=\"canonical\" href=\"https:\/\/theplayoffs.news\/fr\/elf\/elf-barcelone-milan-forfaits-2025\/\" \/>\n<meta property=\"og:locale\" content=\"fr_FR\" \/>\n<meta property=\"og:type\" content=\"article\" \/>\n<meta property=\"og:title\" content=\"ELF: Barcelone et Milan ne participeront pas &agrave; la saison 2025! - The Playoffs FR\" \/>\n<meta property=\"og:url\" content=\"https:\/\/theplayoffs.news\/fr\/elf\/elf-barcelone-milan-forfaits-2025\/\" \/>\n<meta property=\"og:site_name\" content=\"The Playoffs FR\" \/>\n<meta property=\"article:publisher\" content=\"https:\/\/www.facebook.com\/TheFreeAgentFR\/\" \/>\n<meta property=\"article:modified_time\" content=\"2024-12-04T12:27:42+01:00\" \/>\n<meta property=\"og:image\" content=\"https:\/\/theplayoffs.news\/fr\/wp-content\/uploads\/2024\/12\/52951540182_7c3ea5ef14_o-5.jpg\" \/>\n\t<meta property=\"og:image:width\" content=\"1920\" \/>\n\t<meta property=\"og:image:height\" content=\"1280\" \/>\n\t<meta property=\"og:image:type\" content=\"image\/jpeg\" \/>\n<meta name=\"author\" content=\"Flavien Jumeau\" \/>\n<meta name=\"twitter:card\" content=\"summary_large_image\" \/>\n<meta name=\"twitter:creator\" content=\"@TheFreeAgentFR\" \/>\n<meta name=\"twitter:site\" content=\"@TheFreeAgentFR\" \/>\n<meta name=\"twitter:label1\" content=\"\u00c9crit par\" \/>\n\t<meta name=\"twitter:data1\" content=\"Flavien Jumeau\" \/>\n\t<meta name=\"twitter:label2\" content=\"Dur\u00e9e de lecture estim\u00e9e\" \/>\n\t<meta name=\"twitter:data2\" content=\"2 minutes\" \/>\n<script type=\"application\/ld+json\" class=\"yoast-schema-graph\">{\"@context\":\"https:\/\/schema.org\",\"@graph\":[{\"@type\":\"WebPage\",\"@id\":\"https:\/\/theplayoffs.news\/fr\/elf\/elf-barcelone-milan-forfaits-2025\/\",\"url\":\"https:\/\/theplayoffs.news\/fr\/elf\/elf-barcelone-milan-forfaits-2025\/\",\"name\":\"ELF: Barcelone et Milan ne participeront pas \u00e0 la saison 2025! - The Playoffs FR\",\"isPartOf\":{\"@id\":\"https:\/\/theplayoffs.news\/fr\/#website\"},\"primaryImageOfPage\":{\"@id\":\"https:\/\/theplayoffs.news\/fr\/elf\/elf-barcelone-milan-forfaits-2025\/#primaryimage\"},\"image\":{\"@id\":\"https:\/\/theplayoffs.news\/fr\/elf\/elf-barcelone-milan-forfaits-2025\/#primaryimage\"},\"thumbnailUrl\":\"https:\/\/theplayoffs.news\/fr\/wp-content\/uploads\/2024\/12\/52951540182_7c3ea5ef14_o-5.jpg\",\"datePublished\":\"2024-12-04T11:27:42+00:00\",\"dateModified\":\"2024-12-04T11:27:42+00:00\",\"author\":{\"@id\":\"https:\/\/theplayoffs.news\/fr\/#\/schema\/person\/def63bc6746dc5957469b75feb99e66d\"},\"breadcrumb\":{\"@id\":\"https:\/\/theplayoffs.news\/fr\/elf\/elf-barcelone-milan-forfaits-2025\/#breadcrumb\"},\"inLanguage\":\"fr-FR\",\"potentialAction\":[{\"@type\":\"ReadAction\",\"target\":[\"https:\/\/theplayoffs.news\/fr\/elf\/elf-barcelone-milan-forfaits-2025\/\"]}]},{\"@type\":\"ImageObject\",\"inLanguage\":\"fr-FR\",\"@id\":\"https:\/\/theplayoffs.news\/fr\/elf\/elf-barcelone-milan-forfaits-2025\/#primaryimage\",\"url\":\"https:\/\/theplayoffs.news\/fr\/wp-content\/uploads\/2024\/12\/52951540182_7c3ea5ef14_o-5.jpg\",\"contentUrl\":\"https:\/\/theplayoffs.news\/fr\/wp-content\/uploads\/2024\/12\/52951540182_7c3ea5ef14_o-5.jpg\",\"width\":1920,\"height\":1280,\"caption\":\"ELF\"},{\"@type\":\"BreadcrumbList\",\"@id\":\"https:\/\/theplayoffs.news\/fr\/elf\/elf-barcelone-milan-forfaits-2025\/#breadcrumb\",\"itemListElement\":[{\"@type\":\"ListItem\",\"position\":1,\"name\":\"Accueil\",\"item\":\"https:\/\/theplayoffs.news\/fr\/\"},{\"@type\":\"ListItem\",\"position\":2,\"name\":\"ELF: Barcelone et Milan ne participeront pas \u00e0 la saison 2025!\"}]},{\"@type\":\"WebSite\",\"@id\":\"https:\/\/theplayoffs.news\/fr\/#website\",\"url\":\"https:\/\/theplayoffs.news\/fr\/\",\"name\":\"The Playoffs FR\",\"description\":\"NBA-NFL-NHL-MLB\",\"potentialAction\":[{\"@type\":\"SearchAction\",\"target\":{\"@type\":\"EntryPoint\",\"urlTemplate\":\"https:\/\/theplayoffs.news\/fr\/?s={search_term_string}\"},\"query-input\":{\"@type\":\"PropertyValueSpecification\",\"valueRequired\":true,\"valueName\":\"search_term_string\"}}],\"inLanguage\":\"fr-FR\"},{\"@type\":\"Person\",\"@id\":\"https:\/\/theplayoffs.news\/fr\/#\/schema\/person\/def63bc6746dc5957469b75feb99e66d\",\"name\":\"Flavien Jumeau\",\"image\":{\"@type\":\"ImageObject\",\"inLanguage\":\"fr-FR\",\"@id\":\"https:\/\/theplayoffs.news\/fr\/#\/schema\/person\/image\/\",\"url\":\"https:\/\/secure.gravatar.com\/avatar\/e7fa8ba5a4b7e4ce35fe152f083f352db28ad0acce692004ed88a7a7d78893f7?s=96&d=mm&r=g\",\"contentUrl\":\"https:\/\/secure.gravatar.com\/avatar\/e7fa8ba5a4b7e4ce35fe152f083f352db28ad0acce692004ed88a7a7d78893f7?s=96&d=mm&r=g\",\"caption\":\"Flavien Jumeau\"},\"description\":\"Amoureux du sport (et de vraiment tous les sports) depuis mon plus jeune \u00e2ge, j\u2019ai longtemps h\u00e9site entre le snooker et le curling. Finalement c\u2019est le foot US que j\u2019ai d\u00e9cid\u00e9 de choisir! Responsable foot US sur TPO et animateur du podcast Tailgate j\u2019ai pour mission de vous faire d\u00e9couvrir ce sport passionnant si ce n\u2019est pas encore fait et de vous donner les derni\u00e8res actus. Le tout dans la bonne humeur et avec toujours un jeu de mots ou deux savamment distill\u00e9s! Fan des Saints, pour moi Drew Brees est le vrai GOAT!\",\"url\":\"https:\/\/theplayoffs.news\/fr\/author\/flavien-jumeaugmail-com\/\"}]}<\/script>\n<!-- \/ Yoast SEO plugin. -->","yoast_head_json":{"title":"ELF: Barcelone et Milan ne participeront pas &agrave; la saison 2025! - The Playoffs FR","robots":{"index":"index","follow":"follow","max-snippet":"max-snippet:-1","max-image-preview":"max-image-preview:large","max-video-preview":"max-video-preview:-1"},"canonical":"https:\/\/theplayoffs.news\/fr\/elf\/elf-barcelone-milan-forfaits-2025\/","og_locale":"fr_FR","og_type":"article","og_title":"ELF: Barcelone et Milan ne participeront pas &agrave; la saison 2025! - The Playoffs FR","og_url":"https:\/\/theplayoffs.news\/fr\/elf\/elf-barcelone-milan-forfaits-2025\/","og_site_name":"The Playoffs FR","article_publisher":"https:\/\/www.facebook.com\/TheFreeAgentFR\/","og_image":[{"width":1920,"height":1280,"url":"https:\/\/theplayoffs.news\/fr\/wp-content\/uploads\/2024\/12\/52951540182_7c3ea5ef14_o-5.jpg","type":"image\/jpeg"}],"author":"Flavien Jumeau","twitter_card":"summary_large_image","twitter_creator":"@TheFreeAgentFR","twitter_site":"@TheFreeAgentFR","twitter_misc":{"\u00c9crit par":"Flavien Jumeau","Dur\u00e9e de lecture estim\u00e9e":"2 minutes"},"schema":{"@context":"https:\/\/schema.org","@graph":[{"@type":"WebPage","@id":"https:\/\/theplayoffs.news\/fr\/elf\/elf-barcelone-milan-forfaits-2025\/","url":"https:\/\/theplayoffs.news\/fr\/elf\/elf-barcelone-milan-forfaits-2025\/","name":"ELF: Barcelone et Milan ne participeront pas \u00e0 la saison 2025! - The Playoffs FR","isPartOf":{"@id":"https:\/\/theplayoffs.news\/fr\/#website"},"primaryImageOfPage":{"@id":"https:\/\/theplayoffs.news\/fr\/elf\/elf-barcelone-milan-forfaits-2025\/#primaryimage"},"image":{"@id":"https:\/\/theplayoffs.news\/fr\/elf\/elf-barcelone-milan-forfaits-2025\/#primaryimage"},"thumbnailUrl":"https:\/\/theplayoffs.news\/fr\/wp-content\/uploads\/2024\/12\/52951540182_7c3ea5ef14_o-5.jpg","datePublished":"2024-12-04T11:27:42+00:00","dateModified":"2024-12-04T11:27:42+00:00","author":{"@id":"https:\/\/theplayoffs.news\/fr\/#\/schema\/person\/def63bc6746dc5957469b75feb99e66d"},"breadcrumb":{"@id":"https:\/\/theplayoffs.news\/fr\/elf\/elf-barcelone-milan-forfaits-2025\/#breadcrumb"},"inLanguage":"fr-FR","potentialAction":[{"@type":"ReadAction","target":["https:\/\/theplayoffs.news\/fr\/elf\/elf-barcelone-milan-forfaits-2025\/"]}]},{"@type":"ImageObject","inLanguage":"fr-FR","@id":"https:\/\/theplayoffs.news\/fr\/elf\/elf-barcelone-milan-forfaits-2025\/#primaryimage","url":"https:\/\/theplayoffs.news\/fr\/wp-content\/uploads\/2024\/12\/52951540182_7c3ea5ef14_o-5.jpg","contentUrl":"https:\/\/theplayoffs.news\/fr\/wp-content\/uploads\/2024\/12\/52951540182_7c3ea5ef14_o-5.jpg","width":1920,"height":1280,"caption":"ELF"},{"@type":"BreadcrumbList","@id":"https:\/\/theplayoffs.news\/fr\/elf\/elf-barcelone-milan-forfaits-2025\/#breadcrumb","itemListElement":[{"@type":"ListItem","position":1,"name":"Accueil","item":"https:\/\/theplayoffs.news\/fr\/"},{"@type":"ListItem","position":2,"name":"ELF: Barcelone et Milan ne participeront pas \u00e0 la saison 2025!"}]},{"@type":"WebSite","@id":"https:\/\/theplayoffs.news\/fr\/#website","url":"https:\/\/theplayoffs.news\/fr\/","name":"The Playoffs FR","description":"NBA-NFL-NHL-MLB","potentialAction":[{"@type":"SearchAction","target":{"@type":"EntryPoint","urlTemplate":"https:\/\/theplayoffs.news\/fr\/?s={search_term_string}"},"query-input":{"@type":"PropertyValueSpecification","valueRequired":true,"valueName":"search_term_string"}}],"inLanguage":"fr-FR"},{"@type":"Person","@id":"https:\/\/theplayoffs.news\/fr\/#\/schema\/person\/def63bc6746dc5957469b75feb99e66d","name":"Flavien Jumeau","image":{"@type":"ImageObject","inLanguage":"fr-FR","@id":"https:\/\/theplayoffs.news\/fr\/#\/schema\/person\/image\/","url":"https:\/\/secure.gravatar.com\/avatar\/e7fa8ba5a4b7e4ce35fe152f083f352db28ad0acce692004ed88a7a7d78893f7?s=96&d=mm&r=g","contentUrl":"https:\/\/secure.gravatar.com\/avatar\/e7fa8ba5a4b7e4ce35fe152f083f352db28ad0acce692004ed88a7a7d78893f7?s=96&d=mm&r=g","caption":"Flavien Jumeau"},"description":"Amoureux du sport (et de vraiment tous les sports) depuis mon plus jeune \u00e2ge, j\u2019ai longtemps h\u00e9site entre le snooker et le curling. Finalement c\u2019est le foot US que j\u2019ai d\u00e9cid\u00e9 de choisir! Responsable foot US sur TPO et animateur du podcast Tailgate j\u2019ai pour mission de vous faire d\u00e9couvrir ce sport passionnant si ce n\u2019est pas encore fait et de vous donner les derni\u00e8res actus. Le tout dans la bonne humeur et avec toujours un jeu de mots ou deux savamment distill\u00e9s! Fan des Saints, pour moi Drew Brees est le vrai GOAT!","url":"https:\/\/theplayoffs.news\/fr\/author\/flavien-jumeaugmail-com\/"}]}},"_links":{"self":[{"href":"https:\/\/theplayoffs.news\/fr\/wp-json\/wp\/v2\/posts\/1469584","targetHints":{"allow":["GET"]}}],"collection":[{"href":"https:\/\/theplayoffs.news\/fr\/wp-json\/wp\/v2\/posts"}],"about":[{"href":"https:\/\/theplayoffs.news\/fr\/wp-json\/wp\/v2\/types\/post"}],"author":[{"embeddable":true,"href":"https:\/\/theplayoffs.news\/fr\/wp-json\/wp\/v2\/users\/180309964"}],"replies":[{"embeddable":true,"href":"https:\/\/theplayoffs.news\/fr\/wp-json\/wp\/v2\/comments?post=1469584"}],"version-history":[{"count":3,"href":"https:\/\/theplayoffs.news\/fr\/wp-json\/wp\/v2\/posts\/1469584\/revisions"}],"predecessor-version":[{"id":1469588,"href":"https:\/\/theplayoffs.news\/fr\/wp-json\/wp\/v2\/posts\/1469584\/revisions\/1469588"}],"wp:featuredmedia":[{"embeddable":true,"href":"https:\/\/theplayoffs.news\/fr\/wp-json\/wp\/v2\/media\/1469585"}],"wp:attachment":[{"href":"https:\/\/theplayoffs.news\/fr\/wp-json\/wp\/v2\/media?parent=1469584"}],"wp:term":[{"taxonomy":"category","embeddable":true,"href":"https:\/\/theplayoffs.news\/fr\/wp-json\/wp\/v2\/categories?post=1469584"},{"taxonomy":"post_tag","embeddable":true,"href":"https:\/\/theplayoffs.news\/fr\/wp-json\/wp\/v2\/tags?post=1469584"},{"taxonomy":"sport","embeddable":true,"href":"https:\/\/theplayoffs.news\/fr\/wp-json\/wp\/v2\/sport?post=1469584"},{"taxonomy":"saison","embeddable":true,"href":"https:\/\/theplayoffs.news\/fr\/wp-json\/wp\/v2\/saison?post=1469584"}],"curies":[{"name":"wp","href":"https:\/\/api.w.org\/{rel}","templated":true}]}}