{"id":1469450,"date":"2024-12-03T10:00:15","date_gmt":"2024-12-03T09:00:15","guid":{"rendered":"https:\/\/theplayoffs.news\/fr\/?p=1469450"},"modified":"2024-12-03T10:00:15","modified_gmt":"2024-12-03T09:00:15","slug":"los-angeles-lakers-la-panne-seche","status":"publish","type":"post","link":"https:\/\/theplayoffs.news\/fr\/actualite-nba\/los-angeles-lakers-la-panne-seche\/","title":{"rendered":"Los Angeles Lakers\u00a0: La panne s\u00e8che\u00a0!"},"content":{"rendered":"<p style=\"text-align: justify\"><strong>NBA &ndash; Les Los Angeles Lakers traversent actuellement une mauvaise passe, enregistrant la nuit derni&egrave;re leur cinqui&egrave;me d&eacute;faite lors des sept derniers matchs. Faut-il s&rsquo;inqui&eacute;ter&nbsp;?<\/strong><\/p><h3 style=\"text-align: justify\">Los Angeles Lakers&nbsp;: Que se passe-t-il&nbsp;?<\/h3><p style=\"text-align: justify\">Apr&egrave;s un d&eacute;but de saison poussif, la bonne s&eacute;rie de 6 victoires de suite en novembre nous laissait penser que la recette de <a href=\"https:\/\/www.basketball-reference.com\/players\/r\/redicjj01.html\" class=\"trk-cta-link\" data-cta-trk='{\"ctaType\":\"Link\",\"ctaSubType\":\"main\"}'>JJ Redick<\/a> avait enfin pris. Les<a href=\"https:\/\/theplayoffs.news\/fr\/equipe\/los-angeles-lakers-nba\/\" class=\"trk-cta-link\" data-cta-trk='{\"ctaType\":\"Link\",\"ctaSubType\":\"main\"}'> Los Angeles Lakers<\/a> &eacute;taient m&ecirc;me sur le podium.<\/p><p style=\"text-align: justify\">Malheureusement, les joueurs de la franchise californienne semblent avoir perdu le rythme enchainant les r&eacute;sultats irr&eacute;guliers avec cinq d&eacute;faites en sept matchs.<\/p><p style=\"text-align: justify\">La nuit derni&egrave;re, <a href=\"https:\/\/theplayoffs.news\/fr\/joueur\/lebron-james-nba-3932\/\" class=\"trk-cta-link\" data-cta-trk='{\"ctaType\":\"Link\",\"ctaSubType\":\"main\"}'>Lebron James<\/a> et sa bande semble avoir touch&eacute; le fond face aux <a href=\"https:\/\/theplayoffs.news\/fr\/equipe\/minnesota-timberwolves-nba\/\" class=\"trk-cta-link\" data-cta-trk='{\"ctaType\":\"Link\",\"ctaSubType\":\"main\"}'>Minnesota Timberwolves<\/a>. Avec seulement 80 points, l&rsquo;attaque des Los Angeles Lakers a montr&eacute; ses limites. Ce total repr&eacute;sente le plus faible nombre de points inscris par la franchise depuis le 22 janvier 2017 et les 73 points inscris dans une d&eacute;faite contre les <a href=\"https:\/\/theplayoffs.news\/fr\/equipe\/dallas-mavericks-nba\/\" class=\"trk-cta-link\" data-cta-trk='{\"ctaType\":\"Link\",\"ctaSubType\":\"main\"}'>Dallas Mavericks<\/a>.<\/p><p style=\"text-align: justify\">JJ.Redick et son staff vont devoir rapidement trouver des solutions avant de plonger dans une spirale n&eacute;gative plus profonde et s&rsquo;engluer dans les bas-fonds de la conf&eacute;rence ouest.<\/p><blockquote>\n<p style=\"text-align: justify\">&laquo;&nbsp;Je ne nous ai pas vu jouer de la fa&ccedil;on dont on a jou&eacute; plus t&ocirc;t cette saison.&nbsp;&raquo; a d&eacute;clar&eacute; JJ Redick &agrave; l&rsquo;issue du match. Avant d&rsquo;ajouter&nbsp;: &laquo;&nbsp; Je veux dire, je dois passer toute la journ&eacute;e de demain avec mon staff pour comprendre comment revenir &agrave; cela.&nbsp;&raquo;<\/p>\n<\/blockquote><p style=\"text-align: justify\">Seul <a href=\"https:\/\/theplayoffs.news\/fr\/joueur\/dangelo-russell-nba-6273552\/\" class=\"trk-cta-link\" data-cta-trk='{\"ctaType\":\"Link\",\"ctaSubType\":\"main\"}'>D&rsquo;Angelo Russell<\/a> a sembl&eacute; sortir du lot hier soir avec ses 20 points. <a href=\"https:\/\/theplayoffs.news\/fr\/joueur\/anthony-davis-nba-13166\/\" class=\"trk-cta-link\" data-cta-trk='{\"ctaType\":\"Link\",\"ctaSubType\":\"main\"}'>Anthony Davis<\/a> n&rsquo;a &eacute;t&eacute; que l&rsquo;ombre de lui-m&ecirc;me avec ses 12 points et 11 rebonds et Lebron James n&rsquo;a pas su palier aux lacunes offensives de son &eacute;quipe avec seulement 10 points inscris.<\/p><p style=\"text-align: justify\">Les Los Angeles Lakers n&rsquo;ont que la 17<sup>&egrave;me<\/sup> attaque de la NBA cette saison avec 112.3 points de moyenne inscris. Pire leur d&eacute;fense pointe &agrave; une bien faible 22<sup>&egrave;me<\/sup> place avec 114.9 points de moyenne encaiss&eacute;s.<\/p><p style=\"text-align: justify\">Anthony Davis a point&eacute; cette irr&eacute;gularit&eacute; cette saison en terme de contenus et de r&eacute;sultats.<\/p><blockquote>\n<p style=\"text-align: justify\">&laquo;&nbsp;Parfois, nous avons l&rsquo;air d&rsquo;une &eacute;quipe qui peut rivaliser avec n&rsquo;importe qui, et parfois nous avons l&rsquo;air d&rsquo;&ecirc;tre une &eacute;quipe terrible et qui ne va rien faire cette saison. Je pense que nous avons eu des matchs o&ugrave; nous &eacute;tions ph&eacute;nom&eacute;naux et d&rsquo;autres matchs o&ugrave; nous &eacute;tions d&eacute;go&ucirc;tants comme aujourd&rsquo;hui&nbsp;&raquo; a d&eacute;clar&eacute; le pivot des Los Angeles Lakers apr&egrave;s la d&eacute;faite des siens.<\/p>\n<\/blockquote><p style=\"text-align: justify\">Avec un bilan de 12 victoires pour 9 d&eacute;faites, les Los Angeles Lakers pointent &agrave; la 8<sup>&egrave;me<\/sup> place d&rsquo;une conf&eacute;rence Ouest encore plus dense que jamais.<\/p><h3 style=\"text-align: justify\">Lebron James&nbsp;: Plus certains de pouvoir jouer les 82 matchs de la saison&nbsp;!<\/h3><p style=\"text-align: justify\">C&rsquo;&eacute;tait l&rsquo;un des objectifs du &laquo;&nbsp;King&nbsp;&raquo; cette saison, pouvoir jouer l&rsquo;int&eacute;gralit&eacute; de la saison r&eacute;guli&egrave;re (82 matchs). La r&eacute;cente m&eacute;forme de la star des Los Angeles Lakers laisse penser &agrave; JJ Redick que l&rsquo;objectif des 82 matchs semble illusoire.<\/p><blockquote>\n<p style=\"text-align: justify\">&laquo;&nbsp;Je ne sais pas si c&rsquo;est dans son int&eacute;r&ecirc;t et dans le notre qu&rsquo;il fasse &ccedil;a, mais si il se sent bien, alors il doit jouer. Mais s&eacute;rieusement nous voulons g&eacute;rer du mieux que nous pouvons&nbsp;&raquo; a d&eacute;clar&eacute; JJ Redick.<\/p>\n<\/blockquote><p style=\"text-align: justify\">&nbsp;La nuit derni&egrave;re contre Minnesota, Lebron James a termin&eacute; la rencontre avec un vilain 0\/4 &agrave; 3 points, portant ainsi son total &agrave; 0\/19 au cours des quatre derniers matchs. Il faut remonter &agrave; la p&eacute;riode du 26 d&eacute;cembre 2003 au 13 janvier 2004 pour le voir en difficult&eacute; &agrave; ce point. Il avait alors enregistr&eacute; un 3\/24 derri&egrave;re l&rsquo;arc durant cette s&eacute;rie.<\/p><blockquote class=\"twitter-tweet\" data-width=\"500\" data-dnt=\"true\">\n<p lang=\"en\" dir=\"ltr\">LeBron James has missed 20 STRAIGHT THREE-POINTERS across 4 games &#129314;<\/p>\n<p>The worst stretch in his entire career! <a href=\"https:\/\/t.co\/gjhmnPKhqM\" class=\"trk-cta-link\" data-cta-trk='{\"ctaType\":\"Link\",\"ctaSubType\":\"main\"}'>pic.twitter.com\/gjhmnPKhqM<\/a><\/p>\n<p>&mdash; Basketball Forever (@bballforever_) <a href=\"https:\/\/twitter.com\/bballforever_\/status\/1863428292478726345?ref_src=twsrc%5Etfw\" class=\"trk-cta-link\" data-cta-trk='{\"ctaType\":\"Link\",\"ctaSubType\":\"main\"}'>December 2, 2024<\/a><\/p><\/blockquote><p><script async src=\"https:\/\/platform.twitter.com\/widgets.js\" charset=\"utf-8\"><\/script><\/p><p style=\"text-align: justify\">Lebron James a jou&eacute; la nuit derni&egrave;re son 1800&egrave;me match en carri&egrave;re. Dans une NBA o&ugrave; les blessures de joueurs sont de plus en plus courantes, le &laquo;&nbsp;King&nbsp;&raquo; s&rsquo;&eacute;tait donc fix&eacute; la barre des 82 matchs cette saison comme but. M&ecirc;me si c&rsquo;est toujours un objectif, il est moins s&ucirc;r que cela se produise et pr&eacute;f&egrave;re attendre de voir comment cela va se d&eacute;rouler.<\/p><blockquote>\n<p style=\"text-align: justify\">&laquo;&nbsp;C&rsquo;est un objectif, mais nous verrons. C&rsquo;est quelque chose dont je n&rsquo;ai pas encore discut&eacute; &agrave; l&rsquo;heure actuelle.&nbsp;&raquo;<\/p>\n<\/blockquote><p style=\"text-align: justify\">Cependant, les Los Angeles Lakers ont-ils la profondeur de banc pour se passer d&rsquo;un joueur comme Lebron, m&ecirc;me en difficult&eacute;&nbsp;? La r&eacute;ponse est clairement non.<\/p><p style=\"text-align: justify\">Dans une course effr&eacute;n&eacute; &agrave; l&rsquo;Ouest, les californiens ne peuvent plus griller trop de jokers, sous peine de voir s&rsquo;envoler les &eacute;quipes devant eux.<\/p><p style=\"text-align: justify\">&nbsp;Apr&egrave;s les espoirs du mois de novembre, il semblerait que les Lakers soient pr&eacute;destin&eacute;s &agrave; lutter pour les places en Play-in. Du moins si aucune solution n&rsquo;est trouv&eacute;e dans les prochaines semaines. JJ Redick va donc faire fasse &agrave; son premier gros d&eacute;fi en tant qu&rsquo;entraineur.<\/p><p>&nbsp;<\/p><p><iframe loading=\"lazy\" title=\"R&eacute;sum&eacute; : Lakers @ Timberwolves, ALERTE HUMILIATION !\" width=\"500\" height=\"281\" src=\"https:\/\/www.youtube.com\/embed\/3dLss-dj_uE?feature=oembed\" frameborder=\"0\" allow=\"accelerometer; autoplay; clipboard-write; encrypted-media; gyroscope; picture-in-picture; web-share\" referrerpolicy=\"strict-origin-when-cross-origin\" allowfullscreen><\/iframe><\/p><p>&nbsp;<\/p><p>Cr&eacute;dit Photo : &copy; Brad Rempel-Imagn Images<\/p>\n","protected":false},"excerpt":{"rendered":"","protected":false},"author":180309823,"featured_media":1469451,"comment_status":"open","ping_status":"closed","sticky":false,"template":"","format":"standard","meta":{"inline_featured_image":false,"kia_subtitle":"","_mux_skip_reasons":[],"proofreadBy":0,"footnotes":""},"categories":[110,10],"tags":[763,779,116,117],"sport":[2783],"saison":[6111],"class_list":["post-1469450","post","type-post","status-publish","format-standard","has-post-thumbnail","hentry","category-actualite-nba","category-nba","tag-anthony-davis","tag-jj-redick","tag-lebron-james","tag-los-angeles-lakers","sport-nba","saison-6111"],"acf":[],"yoast_head":"<!-- This site is optimized with the Yoast SEO plugin v24.2 - https:\/\/yoast.com\/wordpress\/plugins\/seo\/ -->\n<title>Los Angeles Lakers&nbsp;: La panne s&egrave;che&nbsp;! - The Playoffs FR<\/title>\n<meta name=\"robots\" content=\"index, follow, max-snippet:-1, max-image-preview:large, max-video-preview:-1\" \/>\n<link rel=\"canonical\" href=\"https:\/\/theplayoffs.news\/fr\/actualite-nba\/los-angeles-lakers-la-panne-seche\/\" \/>\n<meta property=\"og:locale\" content=\"fr_FR\" \/>\n<meta property=\"og:type\" content=\"article\" \/>\n<meta property=\"og:title\" content=\"Los Angeles Lakers&nbsp;: La panne s&egrave;che&nbsp;! - The Playoffs FR\" \/>\n<meta property=\"og:url\" content=\"https:\/\/theplayoffs.news\/fr\/actualite-nba\/los-angeles-lakers-la-panne-seche\/\" \/>\n<meta property=\"og:site_name\" content=\"The Playoffs FR\" \/>\n<meta property=\"article:publisher\" content=\"https:\/\/www.facebook.com\/TheFreeAgentFR\/\" \/>\n<meta property=\"article:modified_time\" content=\"2024-12-03T10:00:15+01:00\" \/>\n<meta property=\"og:image\" content=\"https:\/\/theplayoffs.news\/fr\/wp-content\/uploads\/2024\/12\/USATSI_24896672.jpg\" \/>\n\t<meta property=\"og:image:width\" content=\"1920\" \/>\n\t<meta property=\"og:image:height\" content=\"1280\" \/>\n\t<meta property=\"og:image:type\" content=\"image\/jpeg\" \/>\n<meta name=\"author\" content=\"Nicolas Blanchard\" \/>\n<meta name=\"twitter:card\" content=\"summary_large_image\" \/>\n<meta name=\"twitter:creator\" content=\"@TheFreeAgentFR\" \/>\n<meta name=\"twitter:site\" content=\"@TheFreeAgentFR\" \/>\n<meta name=\"twitter:label1\" content=\"\u00c9crit par\" \/>\n\t<meta name=\"twitter:data1\" content=\"Nicolas Blanchard\" \/>\n\t<meta name=\"twitter:label2\" content=\"Dur\u00e9e de lecture estim\u00e9e\" \/>\n\t<meta name=\"twitter:data2\" content=\"4 minutes\" \/>\n<script type=\"application\/ld+json\" class=\"yoast-schema-graph\">{\"@context\":\"https:\/\/schema.org\",\"@graph\":[{\"@type\":\"WebPage\",\"@id\":\"https:\/\/theplayoffs.news\/fr\/actualite-nba\/los-angeles-lakers-la-panne-seche\/\",\"url\":\"https:\/\/theplayoffs.news\/fr\/actualite-nba\/los-angeles-lakers-la-panne-seche\/\",\"name\":\"Los Angeles Lakers\u00a0: La panne s\u00e8che\u00a0! - The Playoffs FR\",\"isPartOf\":{\"@id\":\"https:\/\/theplayoffs.news\/fr\/#website\"},\"primaryImageOfPage\":{\"@id\":\"https:\/\/theplayoffs.news\/fr\/actualite-nba\/los-angeles-lakers-la-panne-seche\/#primaryimage\"},\"image\":{\"@id\":\"https:\/\/theplayoffs.news\/fr\/actualite-nba\/los-angeles-lakers-la-panne-seche\/#primaryimage\"},\"thumbnailUrl\":\"https:\/\/theplayoffs.news\/fr\/wp-content\/uploads\/2024\/12\/USATSI_24896672.jpg\",\"datePublished\":\"2024-12-03T09:00:15+00:00\",\"dateModified\":\"2024-12-03T09:00:15+00:00\",\"author\":{\"@id\":\"https:\/\/theplayoffs.news\/fr\/#\/schema\/person\/940879031feb6d5e27cf3c6b69917900\"},\"breadcrumb\":{\"@id\":\"https:\/\/theplayoffs.news\/fr\/actualite-nba\/los-angeles-lakers-la-panne-seche\/#breadcrumb\"},\"inLanguage\":\"fr-FR\",\"potentialAction\":[{\"@type\":\"ReadAction\",\"target\":[\"https:\/\/theplayoffs.news\/fr\/actualite-nba\/los-angeles-lakers-la-panne-seche\/\"]}]},{\"@type\":\"ImageObject\",\"inLanguage\":\"fr-FR\",\"@id\":\"https:\/\/theplayoffs.news\/fr\/actualite-nba\/los-angeles-lakers-la-panne-seche\/#primaryimage\",\"url\":\"https:\/\/theplayoffs.news\/fr\/wp-content\/uploads\/2024\/12\/USATSI_24896672.jpg\",\"contentUrl\":\"https:\/\/theplayoffs.news\/fr\/wp-content\/uploads\/2024\/12\/USATSI_24896672.jpg\",\"width\":1920,\"height\":1280,\"caption\":\"Dec 2, 2024; Minneapolis, Minnesota, USA; Los Angeles Lakers forward LeBron James (23) and forward Anthony Davis (3) on the bench against the Minnesota Timberwolves in the fourth quarter at Target Center. Mandatory Credit: Brad Rempel-Imagn Images\"},{\"@type\":\"BreadcrumbList\",\"@id\":\"https:\/\/theplayoffs.news\/fr\/actualite-nba\/los-angeles-lakers-la-panne-seche\/#breadcrumb\",\"itemListElement\":[{\"@type\":\"ListItem\",\"position\":1,\"name\":\"Accueil\",\"item\":\"https:\/\/theplayoffs.news\/fr\/\"},{\"@type\":\"ListItem\",\"position\":2,\"name\":\"Los Angeles Lakers\u00a0: La panne s\u00e8che\u00a0!\"}]},{\"@type\":\"WebSite\",\"@id\":\"https:\/\/theplayoffs.news\/fr\/#website\",\"url\":\"https:\/\/theplayoffs.news\/fr\/\",\"name\":\"The Playoffs FR\",\"description\":\"NBA-NFL-NHL-MLB\",\"potentialAction\":[{\"@type\":\"SearchAction\",\"target\":{\"@type\":\"EntryPoint\",\"urlTemplate\":\"https:\/\/theplayoffs.news\/fr\/?s={search_term_string}\"},\"query-input\":{\"@type\":\"PropertyValueSpecification\",\"valueRequired\":true,\"valueName\":\"search_term_string\"}}],\"inLanguage\":\"fr-FR\"},{\"@type\":\"Person\",\"@id\":\"https:\/\/theplayoffs.news\/fr\/#\/schema\/person\/940879031feb6d5e27cf3c6b69917900\",\"name\":\"Nicolas Blanchard\",\"image\":{\"@type\":\"ImageObject\",\"inLanguage\":\"fr-FR\",\"@id\":\"https:\/\/theplayoffs.news\/fr\/#\/schema\/person\/image\/\",\"url\":\"https:\/\/secure.gravatar.com\/avatar\/98953498460526f9290cb098aaa573c5e0a48837b1ca5807dd22cace83810899?s=96&d=mm&r=g\",\"contentUrl\":\"https:\/\/secure.gravatar.com\/avatar\/98953498460526f9290cb098aaa573c5e0a48837b1ca5807dd22cace83810899?s=96&d=mm&r=g\",\"caption\":\"Nicolas Blanchard\"},\"description\":\"Fan de MLB depuis une dizaine d\u2019ann\u00e9es, je suis tomb\u00e9 amoureux des Chicago Cubs lorsque j\u2019ai vu Bill Murray c\u00e9l\u00e9brer ce premier sacre depuis 108 ans. Mon premier contact avec le Sport US s\u2019est fait lorsque je suis tomb\u00e9 sur une VHS d\u2019Allen Iverson et se fut la r\u00e9v\u00e9lation. Je suis devenu r\u00e9dacteur depuis maintenant 4 ans et cela m\u2019apporte une nouvelle vision du Sport US \u00e0 la fois analytique et bien plus globale (et oui il faut couvrir toutes les \u00e9quipes m\u00eame les chaussettes rouges de Boston).\",\"url\":\"https:\/\/theplayoffs.news\/fr\/author\/nico4017\/\"}]}<\/script>\n<!-- \/ Yoast SEO plugin. -->","yoast_head_json":{"title":"Los Angeles Lakers&nbsp;: La panne s&egrave;che&nbsp;! - The Playoffs FR","robots":{"index":"index","follow":"follow","max-snippet":"max-snippet:-1","max-image-preview":"max-image-preview:large","max-video-preview":"max-video-preview:-1"},"canonical":"https:\/\/theplayoffs.news\/fr\/actualite-nba\/los-angeles-lakers-la-panne-seche\/","og_locale":"fr_FR","og_type":"article","og_title":"Los Angeles Lakers&nbsp;: La panne s&egrave;che&nbsp;! - The Playoffs FR","og_url":"https:\/\/theplayoffs.news\/fr\/actualite-nba\/los-angeles-lakers-la-panne-seche\/","og_site_name":"The Playoffs FR","article_publisher":"https:\/\/www.facebook.com\/TheFreeAgentFR\/","og_image":[{"width":1920,"height":1280,"url":"https:\/\/theplayoffs.news\/fr\/wp-content\/uploads\/2024\/12\/USATSI_24896672.jpg","type":"image\/jpeg"}],"author":"Nicolas Blanchard","twitter_card":"summary_large_image","twitter_creator":"@TheFreeAgentFR","twitter_site":"@TheFreeAgentFR","twitter_misc":{"\u00c9crit par":"Nicolas Blanchard","Dur\u00e9e de lecture estim\u00e9e":"4 minutes"},"schema":{"@context":"https:\/\/schema.org","@graph":[{"@type":"WebPage","@id":"https:\/\/theplayoffs.news\/fr\/actualite-nba\/los-angeles-lakers-la-panne-seche\/","url":"https:\/\/theplayoffs.news\/fr\/actualite-nba\/los-angeles-lakers-la-panne-seche\/","name":"Los Angeles Lakers\u00a0: La panne s\u00e8che\u00a0! - The Playoffs FR","isPartOf":{"@id":"https:\/\/theplayoffs.news\/fr\/#website"},"primaryImageOfPage":{"@id":"https:\/\/theplayoffs.news\/fr\/actualite-nba\/los-angeles-lakers-la-panne-seche\/#primaryimage"},"image":{"@id":"https:\/\/theplayoffs.news\/fr\/actualite-nba\/los-angeles-lakers-la-panne-seche\/#primaryimage"},"thumbnailUrl":"https:\/\/theplayoffs.news\/fr\/wp-content\/uploads\/2024\/12\/USATSI_24896672.jpg","datePublished":"2024-12-03T09:00:15+00:00","dateModified":"2024-12-03T09:00:15+00:00","author":{"@id":"https:\/\/theplayoffs.news\/fr\/#\/schema\/person\/940879031feb6d5e27cf3c6b69917900"},"breadcrumb":{"@id":"https:\/\/theplayoffs.news\/fr\/actualite-nba\/los-angeles-lakers-la-panne-seche\/#breadcrumb"},"inLanguage":"fr-FR","potentialAction":[{"@type":"ReadAction","target":["https:\/\/theplayoffs.news\/fr\/actualite-nba\/los-angeles-lakers-la-panne-seche\/"]}]},{"@type":"ImageObject","inLanguage":"fr-FR","@id":"https:\/\/theplayoffs.news\/fr\/actualite-nba\/los-angeles-lakers-la-panne-seche\/#primaryimage","url":"https:\/\/theplayoffs.news\/fr\/wp-content\/uploads\/2024\/12\/USATSI_24896672.jpg","contentUrl":"https:\/\/theplayoffs.news\/fr\/wp-content\/uploads\/2024\/12\/USATSI_24896672.jpg","width":1920,"height":1280,"caption":"Dec 2, 2024; Minneapolis, Minnesota, USA; Los Angeles Lakers forward LeBron James (23) and forward Anthony Davis (3) on the bench against the Minnesota Timberwolves in the fourth quarter at Target Center. Mandatory Credit: Brad Rempel-Imagn Images"},{"@type":"BreadcrumbList","@id":"https:\/\/theplayoffs.news\/fr\/actualite-nba\/los-angeles-lakers-la-panne-seche\/#breadcrumb","itemListElement":[{"@type":"ListItem","position":1,"name":"Accueil","item":"https:\/\/theplayoffs.news\/fr\/"},{"@type":"ListItem","position":2,"name":"Los Angeles Lakers\u00a0: La panne s\u00e8che\u00a0!"}]},{"@type":"WebSite","@id":"https:\/\/theplayoffs.news\/fr\/#website","url":"https:\/\/theplayoffs.news\/fr\/","name":"The Playoffs FR","description":"NBA-NFL-NHL-MLB","potentialAction":[{"@type":"SearchAction","target":{"@type":"EntryPoint","urlTemplate":"https:\/\/theplayoffs.news\/fr\/?s={search_term_string}"},"query-input":{"@type":"PropertyValueSpecification","valueRequired":true,"valueName":"search_term_string"}}],"inLanguage":"fr-FR"},{"@type":"Person","@id":"https:\/\/theplayoffs.news\/fr\/#\/schema\/person\/940879031feb6d5e27cf3c6b69917900","name":"Nicolas Blanchard","image":{"@type":"ImageObject","inLanguage":"fr-FR","@id":"https:\/\/theplayoffs.news\/fr\/#\/schema\/person\/image\/","url":"https:\/\/secure.gravatar.com\/avatar\/98953498460526f9290cb098aaa573c5e0a48837b1ca5807dd22cace83810899?s=96&d=mm&r=g","contentUrl":"https:\/\/secure.gravatar.com\/avatar\/98953498460526f9290cb098aaa573c5e0a48837b1ca5807dd22cace83810899?s=96&d=mm&r=g","caption":"Nicolas Blanchard"},"description":"Fan de MLB depuis une dizaine d\u2019ann\u00e9es, je suis tomb\u00e9 amoureux des Chicago Cubs lorsque j\u2019ai vu Bill Murray c\u00e9l\u00e9brer ce premier sacre depuis 108 ans. Mon premier contact avec le Sport US s\u2019est fait lorsque je suis tomb\u00e9 sur une VHS d\u2019Allen Iverson et se fut la r\u00e9v\u00e9lation. Je suis devenu r\u00e9dacteur depuis maintenant 4 ans et cela m\u2019apporte une nouvelle vision du Sport US \u00e0 la fois analytique et bien plus globale (et oui il faut couvrir toutes les \u00e9quipes m\u00eame les chaussettes rouges de Boston).","url":"https:\/\/theplayoffs.news\/fr\/author\/nico4017\/"}]}},"_links":{"self":[{"href":"https:\/\/theplayoffs.news\/fr\/wp-json\/wp\/v2\/posts\/1469450","targetHints":{"allow":["GET"]}}],"collection":[{"href":"https:\/\/theplayoffs.news\/fr\/wp-json\/wp\/v2\/posts"}],"about":[{"href":"https:\/\/theplayoffs.news\/fr\/wp-json\/wp\/v2\/types\/post"}],"author":[{"embeddable":true,"href":"https:\/\/theplayoffs.news\/fr\/wp-json\/wp\/v2\/users\/180309823"}],"replies":[{"embeddable":true,"href":"https:\/\/theplayoffs.news\/fr\/wp-json\/wp\/v2\/comments?post=1469450"}],"version-history":[{"count":2,"href":"https:\/\/theplayoffs.news\/fr\/wp-json\/wp\/v2\/posts\/1469450\/revisions"}],"predecessor-version":[{"id":1469455,"href":"https:\/\/theplayoffs.news\/fr\/wp-json\/wp\/v2\/posts\/1469450\/revisions\/1469455"}],"wp:featuredmedia":[{"embeddable":true,"href":"https:\/\/theplayoffs.news\/fr\/wp-json\/wp\/v2\/media\/1469451"}],"wp:attachment":[{"href":"https:\/\/theplayoffs.news\/fr\/wp-json\/wp\/v2\/media?parent=1469450"}],"wp:term":[{"taxonomy":"category","embeddable":true,"href":"https:\/\/theplayoffs.news\/fr\/wp-json\/wp\/v2\/categories?post=1469450"},{"taxonomy":"post_tag","embeddable":true,"href":"https:\/\/theplayoffs.news\/fr\/wp-json\/wp\/v2\/tags?post=1469450"},{"taxonomy":"sport","embeddable":true,"href":"https:\/\/theplayoffs.news\/fr\/wp-json\/wp\/v2\/sport?post=1469450"},{"taxonomy":"saison","embeddable":true,"href":"https:\/\/theplayoffs.news\/fr\/wp-json\/wp\/v2\/saison?post=1469450"}],"curies":[{"name":"wp","href":"https:\/\/api.w.org\/{rel}","templated":true}]}}