{"id":1469391,"date":"2024-12-02T18:18:23","date_gmt":"2024-12-02T17:18:23","guid":{"rendered":"https:\/\/theplayoffs.news\/fr\/?p=1469391"},"modified":"2024-12-02T18:18:23","modified_gmt":"2024-12-02T17:18:23","slug":"programme-nba-de-la-nuit-02-12-2024-minnesota-a-la-relance-face-aux-lakers","status":"publish","type":"post","link":"https:\/\/theplayoffs.news\/fr\/nba\/programme-nba-de-la-nuit-02-12-2024-minnesota-a-la-relance-face-aux-lakers\/","title":{"rendered":"Programme NBA de la nuit (02\/12\/2024) : Minnesota \u00e0 la relance face aux Lakers !"},"content":{"rendered":"<p>Quatre rencontres au programme ce lundi en NBA avec notamment une belle affiche entre les Lakers de <strong>Lebron James<\/strong>, 6&egrave;me de la conf&eacute;rence ouest, et les Timberwolves, d&eacute;cevant 11&egrave;mes. Si Minnesota a battu les Clippers samedi, <strong>Anthony Edwards<\/strong> &amp; Co n&rsquo;en restent pas moins sur 7 revers en 10 matchs et auront &agrave; coeur d&rsquo;engranger un nouveau succ&egrave;s face aux Californiens pour tenter de remonter au classement. Une rencontre &agrave; suivre en direct sur <a href=\"https:\/\/www.beinsports.com\/fr-fr\/basketball\/nba\/news\" target=\"_blank\" rel=\"noopener\" class=\"trk-cta-link\" data-cta-trk='{\"ctaType\":\"Link\",\"ctaSubType\":\"main\"}'><strong>beIN SPORTS 1<\/strong><\/a> d&egrave;s 2h00 du matin.<\/p><p>Peu avant (1h30), les <strong>Pelicans<\/strong> d&eacute;fieront <strong>Zaccharie Risacher<\/strong> et les <strong>Hawks<\/strong> en Georgie pour le retour de <strong>Dejounte Murray<\/strong> &agrave; la State Farm Arena. Echang&eacute; l&rsquo;&eacute;t&eacute; dernier contre Dyson Daniels, l&rsquo;une des sensations de ce d&eacute;but de saison, et Larry nance Jr en plus de quelques picks de draft, nul doute que l&rsquo;arri&egrave;re All-Star fera tout son possible pour battre son ancienne &eacute;quipe et ainsi mettre un terme &agrave; la terrible s&eacute;rie de 8 revers cons&eacute;cutifs de <strong>New Orleans<\/strong> (15&egrave;me, dernier de la conf&eacute;rence ouest).<\/p><p>Un peu plus au nord et &agrave; la m&ecirc;me heure, les <strong>Celtics<\/strong> tenteront de retrouver le chemin de la victoire sur leur parquet face au <strong>Heat<\/strong>. Battus dimanche par Cleveland, les Celtics devront une nouvelle fois se passer de <strong>Jaylen Brow<\/strong>n (malade) et <strong>Derrick White<\/strong> (cheville) face aux hommes d&rsquo;Erik Spoelstra.<\/p><p>Enfin, toujours dans la conf&eacute;rence Est,&nbsp; les Bulls (11&egrave;mes) accueilleront les Nets (9&egrave;mes) &agrave; 2h00 pour un combat entre pr&eacute;tendants au Play In. <strong>Nic Claxton<\/strong> aura fort &agrave; faire dans la peinture pour arr&ecirc;ter un <strong>Nikola Vucevic<\/strong> en &eacute;tat de gr&acirc;ce ces derni&egrave;res semaines.<\/p><h3>Programme NBA de la nuit (02\/12\/2024)<\/h3><ul>\n<li>Miami Heat @ Boston Celtics &agrave; 1h30<\/li>\n<li>New Orleans Pelicans @ Atlanta Hawks &agrave; 1h30<\/li>\n<li>Los Angeles Lakers @ Minnesota Timberwolves sur beIN SPORTS 1 &agrave; 2h00<\/li>\n<li>Brooklyn Nets @ Chicago Bulls &agrave; 2h00<\/li>\n<\/ul><p>Cr&eacute;dit photo: &copy; Matt Krohn-Imagn Images<\/p>\n","protected":false},"excerpt":{"rendered":"","protected":false},"author":180310263,"featured_media":1469393,"comment_status":"open","ping_status":"closed","sticky":false,"template":"","format":"standard","meta":{"inline_featured_image":false,"kia_subtitle":"","_mux_skip_reasons":[],"proofreadBy":0,"footnotes":""},"categories":[10],"tags":[925,642,3154,548,116,117,856,842,2158],"sport":[],"saison":[],"class_list":["post-1469391","post","type-post","status-publish","format-standard","has-post-thumbnail","hentry","category-nba","tag-anthony-edwards","tag-atlanta-hawks","tag-dejounte-murray","tag-jaylen-brown","tag-lebron-james","tag-los-angeles-lakers","tag-minnesota-timberwolves","tag-new-orleans-pelicans","tag-nikola-vucevic"],"acf":[],"yoast_head":"<!-- This site is optimized with the Yoast SEO plugin v24.2 - https:\/\/yoast.com\/wordpress\/plugins\/seo\/ -->\n<title>Programme NBA de la nuit (02\/12\/2024) : Minnesota &agrave; la relance face aux Lakers ! - The Playoffs FR<\/title>\n<meta name=\"robots\" content=\"index, follow, max-snippet:-1, max-image-preview:large, max-video-preview:-1\" \/>\n<link rel=\"canonical\" href=\"https:\/\/theplayoffs.news\/fr\/nba\/programme-nba-de-la-nuit-02-12-2024-minnesota-a-la-relance-face-aux-lakers\/\" \/>\n<meta property=\"og:locale\" content=\"fr_FR\" \/>\n<meta property=\"og:type\" content=\"article\" \/>\n<meta property=\"og:title\" content=\"Programme NBA de la nuit (02\/12\/2024) : Minnesota &agrave; la relance face aux Lakers ! - The Playoffs FR\" \/>\n<meta property=\"og:url\" content=\"https:\/\/theplayoffs.news\/fr\/nba\/programme-nba-de-la-nuit-02-12-2024-minnesota-a-la-relance-face-aux-lakers\/\" \/>\n<meta property=\"og:site_name\" content=\"The Playoffs FR\" \/>\n<meta property=\"article:publisher\" content=\"https:\/\/www.facebook.com\/TheFreeAgentFR\/\" \/>\n<meta property=\"article:modified_time\" content=\"2024-12-02T18:18:23+01:00\" \/>\n<meta property=\"og:image\" content=\"https:\/\/theplayoffs.news\/fr\/wp-content\/uploads\/2024\/12\/USATSI_20366164_168402440_lowres.jpg\" \/>\n\t<meta property=\"og:image:width\" content=\"1429\" \/>\n\t<meta property=\"og:image:height\" content=\"953\" \/>\n\t<meta property=\"og:image:type\" content=\"image\/jpeg\" \/>\n<meta name=\"author\" content=\"Maxime Bodilis\" \/>\n<meta name=\"twitter:card\" content=\"summary_large_image\" \/>\n<meta name=\"twitter:creator\" content=\"@TheFreeAgentFR\" \/>\n<meta name=\"twitter:site\" content=\"@TheFreeAgentFR\" \/>\n<meta name=\"twitter:label1\" content=\"\u00c9crit par\" \/>\n\t<meta name=\"twitter:data1\" content=\"Maxime Bodilis\" \/>\n\t<meta name=\"twitter:label2\" content=\"Dur\u00e9e de lecture estim\u00e9e\" \/>\n\t<meta name=\"twitter:data2\" content=\"2 minutes\" \/>\n<script type=\"application\/ld+json\" class=\"yoast-schema-graph\">{\"@context\":\"https:\/\/schema.org\",\"@graph\":[{\"@type\":\"WebPage\",\"@id\":\"https:\/\/theplayoffs.news\/fr\/nba\/programme-nba-de-la-nuit-02-12-2024-minnesota-a-la-relance-face-aux-lakers\/\",\"url\":\"https:\/\/theplayoffs.news\/fr\/nba\/programme-nba-de-la-nuit-02-12-2024-minnesota-a-la-relance-face-aux-lakers\/\",\"name\":\"Programme NBA de la nuit (02\/12\/2024) : Minnesota \u00e0 la relance face aux Lakers ! - The Playoffs FR\",\"isPartOf\":{\"@id\":\"https:\/\/theplayoffs.news\/fr\/#website\"},\"primaryImageOfPage\":{\"@id\":\"https:\/\/theplayoffs.news\/fr\/nba\/programme-nba-de-la-nuit-02-12-2024-minnesota-a-la-relance-face-aux-lakers\/#primaryimage\"},\"image\":{\"@id\":\"https:\/\/theplayoffs.news\/fr\/nba\/programme-nba-de-la-nuit-02-12-2024-minnesota-a-la-relance-face-aux-lakers\/#primaryimage\"},\"thumbnailUrl\":\"https:\/\/theplayoffs.news\/fr\/wp-content\/uploads\/2024\/12\/USATSI_20366164_168402440_lowres.jpg\",\"datePublished\":\"2024-12-02T17:18:23+00:00\",\"dateModified\":\"2024-12-02T17:18:23+00:00\",\"author\":{\"@id\":\"https:\/\/theplayoffs.news\/fr\/#\/schema\/person\/d871768c70a3f830131ee72b74bbd11d\"},\"breadcrumb\":{\"@id\":\"https:\/\/theplayoffs.news\/fr\/nba\/programme-nba-de-la-nuit-02-12-2024-minnesota-a-la-relance-face-aux-lakers\/#breadcrumb\"},\"inLanguage\":\"fr-FR\",\"potentialAction\":[{\"@type\":\"ReadAction\",\"target\":[\"https:\/\/theplayoffs.news\/fr\/nba\/programme-nba-de-la-nuit-02-12-2024-minnesota-a-la-relance-face-aux-lakers\/\"]}]},{\"@type\":\"ImageObject\",\"inLanguage\":\"fr-FR\",\"@id\":\"https:\/\/theplayoffs.news\/fr\/nba\/programme-nba-de-la-nuit-02-12-2024-minnesota-a-la-relance-face-aux-lakers\/#primaryimage\",\"url\":\"https:\/\/theplayoffs.news\/fr\/wp-content\/uploads\/2024\/12\/USATSI_20366164_168402440_lowres.jpg\",\"contentUrl\":\"https:\/\/theplayoffs.news\/fr\/wp-content\/uploads\/2024\/12\/USATSI_20366164_168402440_lowres.jpg\",\"width\":1429,\"height\":953,\"caption\":\"Anthony Edwards Lebron James\"},{\"@type\":\"BreadcrumbList\",\"@id\":\"https:\/\/theplayoffs.news\/fr\/nba\/programme-nba-de-la-nuit-02-12-2024-minnesota-a-la-relance-face-aux-lakers\/#breadcrumb\",\"itemListElement\":[{\"@type\":\"ListItem\",\"position\":1,\"name\":\"Accueil\",\"item\":\"https:\/\/theplayoffs.news\/fr\/\"},{\"@type\":\"ListItem\",\"position\":2,\"name\":\"Programme NBA de la nuit (02\/12\/2024) : Minnesota \u00e0 la relance face aux Lakers !\"}]},{\"@type\":\"WebSite\",\"@id\":\"https:\/\/theplayoffs.news\/fr\/#website\",\"url\":\"https:\/\/theplayoffs.news\/fr\/\",\"name\":\"The Playoffs FR\",\"description\":\"NBA-NFL-NHL-MLB\",\"potentialAction\":[{\"@type\":\"SearchAction\",\"target\":{\"@type\":\"EntryPoint\",\"urlTemplate\":\"https:\/\/theplayoffs.news\/fr\/?s={search_term_string}\"},\"query-input\":{\"@type\":\"PropertyValueSpecification\",\"valueRequired\":true,\"valueName\":\"search_term_string\"}}],\"inLanguage\":\"fr-FR\"},{\"@type\":\"Person\",\"@id\":\"https:\/\/theplayoffs.news\/fr\/#\/schema\/person\/d871768c70a3f830131ee72b74bbd11d\",\"name\":\"Maxime Bodilis\",\"image\":{\"@type\":\"ImageObject\",\"inLanguage\":\"fr-FR\",\"@id\":\"https:\/\/theplayoffs.news\/fr\/#\/schema\/person\/image\/\",\"url\":\"https:\/\/secure.gravatar.com\/avatar\/5e151acde6515a05571e0035bf803336362ba4f5e565dba89323f14d014ea180?s=96&d=mm&r=g\",\"contentUrl\":\"https:\/\/secure.gravatar.com\/avatar\/5e151acde6515a05571e0035bf803336362ba4f5e565dba89323f14d014ea180?s=96&d=mm&r=g\",\"caption\":\"Maxime Bodilis\"},\"description\":\"R\u00e9dac\\\\' Chef \u00ab Basket \u00bb charg\u00e9 de la qualit\u00e9 des contenus et du respect de notre ligne \u00e9ditoriale. Ancien joueur de la SIG Strasbourg reconverti dans le journalisme. Pass\u00e9 par les centres de formation BeBasket, Reverse et Skweek avant de rejoindre The Playoffs. Biberonn\u00e9 aux dunks de Shawn Kemp et aux duels Pau-Limoges. Fan inconditionnel de Damian Lillard et Laurent Sciarra. Les highlights de Wemby illuminent mes journ\u00e9es. Et le shoot de Diamantidis continue de hanter mes nuits.\",\"sameAs\":[\"https:\/\/www.linkedin.com\/in\/maxime-bodilis-766a04153\/\"],\"url\":\"https:\/\/theplayoffs.news\/fr\/author\/maximebodilis\/\"}]}<\/script>\n<!-- \/ Yoast SEO plugin. -->","yoast_head_json":{"title":"Programme NBA de la nuit (02\/12\/2024) : Minnesota &agrave; la relance face aux Lakers ! - The Playoffs FR","robots":{"index":"index","follow":"follow","max-snippet":"max-snippet:-1","max-image-preview":"max-image-preview:large","max-video-preview":"max-video-preview:-1"},"canonical":"https:\/\/theplayoffs.news\/fr\/nba\/programme-nba-de-la-nuit-02-12-2024-minnesota-a-la-relance-face-aux-lakers\/","og_locale":"fr_FR","og_type":"article","og_title":"Programme NBA de la nuit (02\/12\/2024) : Minnesota &agrave; la relance face aux Lakers ! - The Playoffs FR","og_url":"https:\/\/theplayoffs.news\/fr\/nba\/programme-nba-de-la-nuit-02-12-2024-minnesota-a-la-relance-face-aux-lakers\/","og_site_name":"The Playoffs FR","article_publisher":"https:\/\/www.facebook.com\/TheFreeAgentFR\/","og_image":[{"width":1429,"height":953,"url":"https:\/\/theplayoffs.news\/fr\/wp-content\/uploads\/2024\/12\/USATSI_20366164_168402440_lowres.jpg","type":"image\/jpeg"}],"author":"Maxime Bodilis","twitter_card":"summary_large_image","twitter_creator":"@TheFreeAgentFR","twitter_site":"@TheFreeAgentFR","twitter_misc":{"\u00c9crit par":"Maxime Bodilis","Dur\u00e9e de lecture estim\u00e9e":"2 minutes"},"schema":{"@context":"https:\/\/schema.org","@graph":[{"@type":"WebPage","@id":"https:\/\/theplayoffs.news\/fr\/nba\/programme-nba-de-la-nuit-02-12-2024-minnesota-a-la-relance-face-aux-lakers\/","url":"https:\/\/theplayoffs.news\/fr\/nba\/programme-nba-de-la-nuit-02-12-2024-minnesota-a-la-relance-face-aux-lakers\/","name":"Programme NBA de la nuit (02\/12\/2024) : Minnesota \u00e0 la relance face aux Lakers ! - The Playoffs FR","isPartOf":{"@id":"https:\/\/theplayoffs.news\/fr\/#website"},"primaryImageOfPage":{"@id":"https:\/\/theplayoffs.news\/fr\/nba\/programme-nba-de-la-nuit-02-12-2024-minnesota-a-la-relance-face-aux-lakers\/#primaryimage"},"image":{"@id":"https:\/\/theplayoffs.news\/fr\/nba\/programme-nba-de-la-nuit-02-12-2024-minnesota-a-la-relance-face-aux-lakers\/#primaryimage"},"thumbnailUrl":"https:\/\/theplayoffs.news\/fr\/wp-content\/uploads\/2024\/12\/USATSI_20366164_168402440_lowres.jpg","datePublished":"2024-12-02T17:18:23+00:00","dateModified":"2024-12-02T17:18:23+00:00","author":{"@id":"https:\/\/theplayoffs.news\/fr\/#\/schema\/person\/d871768c70a3f830131ee72b74bbd11d"},"breadcrumb":{"@id":"https:\/\/theplayoffs.news\/fr\/nba\/programme-nba-de-la-nuit-02-12-2024-minnesota-a-la-relance-face-aux-lakers\/#breadcrumb"},"inLanguage":"fr-FR","potentialAction":[{"@type":"ReadAction","target":["https:\/\/theplayoffs.news\/fr\/nba\/programme-nba-de-la-nuit-02-12-2024-minnesota-a-la-relance-face-aux-lakers\/"]}]},{"@type":"ImageObject","inLanguage":"fr-FR","@id":"https:\/\/theplayoffs.news\/fr\/nba\/programme-nba-de-la-nuit-02-12-2024-minnesota-a-la-relance-face-aux-lakers\/#primaryimage","url":"https:\/\/theplayoffs.news\/fr\/wp-content\/uploads\/2024\/12\/USATSI_20366164_168402440_lowres.jpg","contentUrl":"https:\/\/theplayoffs.news\/fr\/wp-content\/uploads\/2024\/12\/USATSI_20366164_168402440_lowres.jpg","width":1429,"height":953,"caption":"Anthony Edwards Lebron James"},{"@type":"BreadcrumbList","@id":"https:\/\/theplayoffs.news\/fr\/nba\/programme-nba-de-la-nuit-02-12-2024-minnesota-a-la-relance-face-aux-lakers\/#breadcrumb","itemListElement":[{"@type":"ListItem","position":1,"name":"Accueil","item":"https:\/\/theplayoffs.news\/fr\/"},{"@type":"ListItem","position":2,"name":"Programme NBA de la nuit (02\/12\/2024) : Minnesota \u00e0 la relance face aux Lakers !"}]},{"@type":"WebSite","@id":"https:\/\/theplayoffs.news\/fr\/#website","url":"https:\/\/theplayoffs.news\/fr\/","name":"The Playoffs FR","description":"NBA-NFL-NHL-MLB","potentialAction":[{"@type":"SearchAction","target":{"@type":"EntryPoint","urlTemplate":"https:\/\/theplayoffs.news\/fr\/?s={search_term_string}"},"query-input":{"@type":"PropertyValueSpecification","valueRequired":true,"valueName":"search_term_string"}}],"inLanguage":"fr-FR"},{"@type":"Person","@id":"https:\/\/theplayoffs.news\/fr\/#\/schema\/person\/d871768c70a3f830131ee72b74bbd11d","name":"Maxime Bodilis","image":{"@type":"ImageObject","inLanguage":"fr-FR","@id":"https:\/\/theplayoffs.news\/fr\/#\/schema\/person\/image\/","url":"https:\/\/secure.gravatar.com\/avatar\/5e151acde6515a05571e0035bf803336362ba4f5e565dba89323f14d014ea180?s=96&d=mm&r=g","contentUrl":"https:\/\/secure.gravatar.com\/avatar\/5e151acde6515a05571e0035bf803336362ba4f5e565dba89323f14d014ea180?s=96&d=mm&r=g","caption":"Maxime Bodilis"},"description":"R\u00e9dac\\' Chef \u00ab Basket \u00bb charg\u00e9 de la qualit\u00e9 des contenus et du respect de notre ligne \u00e9ditoriale. Ancien joueur de la SIG Strasbourg reconverti dans le journalisme. Pass\u00e9 par les centres de formation BeBasket, Reverse et Skweek avant de rejoindre The Playoffs. Biberonn\u00e9 aux dunks de Shawn Kemp et aux duels Pau-Limoges. Fan inconditionnel de Damian Lillard et Laurent Sciarra. Les highlights de Wemby illuminent mes journ\u00e9es. Et le shoot de Diamantidis continue de hanter mes nuits.","sameAs":["https:\/\/www.linkedin.com\/in\/maxime-bodilis-766a04153\/"],"url":"https:\/\/theplayoffs.news\/fr\/author\/maximebodilis\/"}]}},"_links":{"self":[{"href":"https:\/\/theplayoffs.news\/fr\/wp-json\/wp\/v2\/posts\/1469391","targetHints":{"allow":["GET"]}}],"collection":[{"href":"https:\/\/theplayoffs.news\/fr\/wp-json\/wp\/v2\/posts"}],"about":[{"href":"https:\/\/theplayoffs.news\/fr\/wp-json\/wp\/v2\/types\/post"}],"author":[{"embeddable":true,"href":"https:\/\/theplayoffs.news\/fr\/wp-json\/wp\/v2\/users\/180310263"}],"replies":[{"embeddable":true,"href":"https:\/\/theplayoffs.news\/fr\/wp-json\/wp\/v2\/comments?post=1469391"}],"version-history":[{"count":3,"href":"https:\/\/theplayoffs.news\/fr\/wp-json\/wp\/v2\/posts\/1469391\/revisions"}],"predecessor-version":[{"id":1469704,"href":"https:\/\/theplayoffs.news\/fr\/wp-json\/wp\/v2\/posts\/1469391\/revisions\/1469704"}],"wp:featuredmedia":[{"embeddable":true,"href":"https:\/\/theplayoffs.news\/fr\/wp-json\/wp\/v2\/media\/1469393"}],"wp:attachment":[{"href":"https:\/\/theplayoffs.news\/fr\/wp-json\/wp\/v2\/media?parent=1469391"}],"wp:term":[{"taxonomy":"category","embeddable":true,"href":"https:\/\/theplayoffs.news\/fr\/wp-json\/wp\/v2\/categories?post=1469391"},{"taxonomy":"post_tag","embeddable":true,"href":"https:\/\/theplayoffs.news\/fr\/wp-json\/wp\/v2\/tags?post=1469391"},{"taxonomy":"sport","embeddable":true,"href":"https:\/\/theplayoffs.news\/fr\/wp-json\/wp\/v2\/sport?post=1469391"},{"taxonomy":"saison","embeddable":true,"href":"https:\/\/theplayoffs.news\/fr\/wp-json\/wp\/v2\/saison?post=1469391"}],"curies":[{"name":"wp","href":"https:\/\/api.w.org\/{rel}","templated":true}]}}