{"id":1469338,"date":"2024-12-02T10:05:43","date_gmt":"2024-12-02T09:05:43","guid":{"rendered":"https:\/\/theplayoffs.news\/fr\/?p=1469338"},"modified":"2024-12-02T09:49:54","modified_gmt":"2024-12-02T08:49:54","slug":"frankie-montas-debarque-chez-les-mets","status":"publish","type":"post","link":"https:\/\/theplayoffs.news\/fr\/actualite-mlb\/frankie-montas-debarque-chez-les-mets\/","title":{"rendered":"Frankie Montas d\u00e9barque chez les Mets pour 2 ans\u00a0!"},"content":{"rendered":"<p style=\"text-align: justify\"><strong>MLB &ndash; Les New York Mets et Frankie Montas ont r&eacute;ussi &agrave; trouver un accord pour un contrat de deux saisons et 34 millions de dollars. Les man&oelig;uvres d&eacute;butent lentement dans le Queens.&nbsp;<\/strong><\/p><blockquote class=\"twitter-tweet\" data-width=\"500\" data-dnt=\"true\">\n<p lang=\"en\" dir=\"ltr\">Mets, RHP Frankie Montas reportedly agree to 2-year deal, per multiple reports including <a href=\"https:\/\/t.co\/Z3s2EpgF39\" class=\"trk-cta-link\" data-cta-trk='{\"ctaType\":\"Link\",\"ctaSubType\":\"main\"}'>https:\/\/t.co\/Z3s2EpgF39<\/a> insider <a href=\"https:\/\/twitter.com\/Feinsand?ref_src=twsrc%5Etfw\" class=\"trk-cta-link\" data-cta-trk='{\"ctaType\":\"Link\",\"ctaSubType\":\"main\"}'>@Feinsand<\/a>. <a href=\"https:\/\/t.co\/M4L76LGCi9\" class=\"trk-cta-link\" data-cta-trk='{\"ctaType\":\"Link\",\"ctaSubType\":\"main\"}'>pic.twitter.com\/M4L76LGCi9<\/a><\/p>\n<p>&mdash; MLB (@MLB) <a href=\"https:\/\/twitter.com\/MLB\/status\/1863433622117663004?ref_src=twsrc%5Etfw\" class=\"trk-cta-link\" data-cta-trk='{\"ctaType\":\"Link\",\"ctaSubType\":\"main\"}'>December 2, 2024<\/a><\/p><\/blockquote><p><script async src=\"https:\/\/platform.twitter.com\/widgets.js\" charset=\"utf-8\"><\/script><\/p><h3 style=\"text-align: justify\">Frankie Montas : Un pari peu risqu&eacute; pour les Mets !<\/h3><p style=\"text-align: justify\">La franchise du Queens &eacute;taient &agrave; la recherche de renfort pour leur rotation apr&egrave;s que <a href=\"https:\/\/theplayoffs.news\/fr\/joueur\/sean-manaea-mlb-66488\/\" class=\"trk-cta-link\" data-cta-trk='{\"ctaType\":\"Link\",\"ctaSubType\":\"main\"}'>Sean Manaea<\/a>, <a href=\"https:\/\/theplayoffs.news\/fr\/joueur\/jose-quintana-mlb-64212\/\" class=\"trk-cta-link\" data-cta-trk='{\"ctaType\":\"Link\",\"ctaSubType\":\"main\"}'>Jose Quintana<\/a> et <a href=\"https:\/\/theplayoffs.news\/fr\/joueur\/luis-severino-mlb-66526\/\" class=\"trk-cta-link\" data-cta-trk='{\"ctaType\":\"Link\",\"ctaSubType\":\"main\"}'>Luis Severino<\/a> aient d&eacute;cid&eacute; de devenir agents libre cet hiver. C&rsquo;est donc vers <a href=\"https:\/\/theplayoffs.news\/fr\/joueur\/frankie-montas-mlb-66498\/\" class=\"trk-cta-link\" data-cta-trk='{\"ctaType\":\"Link\",\"ctaSubType\":\"main\"}'>Frankie Montas<\/a> que les Mets se sont pench&eacute;s, lui offrant un contrat de deux saisons avec une option de sortie &agrave; la fin de la saison 2025, le tout pour 34 millions $.<\/p><p style=\"text-align: justify\">Apr&egrave;s une saison 2023 &eacute;court&eacute;e en raison d&rsquo;une intervention chirurgicale arthroscopique de l&rsquo;&eacute;paule. Frankie Montas avait sign&eacute; pour un an et 16 millions de dollars chez les <a href=\"https:\/\/theplayoffs.news\/fr\/equipe\/cincinnati-reds-mlb\/\" class=\"trk-cta-link\" data-cta-trk='{\"ctaType\":\"Link\",\"ctaSubType\":\"main\"}'>Reds de Cincinnati<\/a>. Ces derniers ont d&eacute;cid&eacute; de l&rsquo;&eacute;changer &agrave; la trade deadline chez les <a href=\"https:\/\/theplayoffs.news\/fr\/equipe\/milwaukee-brewers-mlb\/\" class=\"trk-cta-link\" data-cta-trk='{\"ctaType\":\"Link\",\"ctaSubType\":\"main\"}'>Brewers de Milwaukee<\/a>.<\/p><p style=\"text-align: justify\">Il va terminer la saison avec une ERA de 4.84, 148 strikeouts, 66 buts sur balle, 24 circuits conc&eacute;d&eacute;s, le tout en 150 manches.<\/p><p style=\"text-align: justify\"><a href=\"https:\/\/www.mlb.com\/brewers\/team\/front-office\/david-stearns\" class=\"trk-cta-link\" data-cta-trk='{\"ctaType\":\"Link\",\"ctaSubType\":\"main\"}'>David Stearns<\/a>, le pr&eacute;sident des op&eacute;rations baseball des <a href=\"https:\/\/theplayoffs.news\/fr\/equipe\/new-york-mets-mlb\/\" class=\"trk-cta-link\" data-cta-trk='{\"ctaType\":\"Link\",\"ctaSubType\":\"main\"}'>New York Mets<\/a> continuent sur sa strat&eacute;gie qui consiste &agrave; b&acirc;tir leur rotation avec des lanceurs dont les contrats sont de courtes dur&eacute;es, le but &nbsp;n&rsquo;&eacute;tant pas de signer un grand nom parmi les lanceurs. <a href=\"https:\/\/theplayoffs.news\/fr\/joueur\/juan-soto-mlb-73938\/\" class=\"trk-cta-link\" data-cta-trk='{\"ctaType\":\"Link\",\"ctaSubType\":\"main\"}'>Juan Soto<\/a> reste la priorit&eacute;, ainsi que la gestion du cas <a href=\"https:\/\/theplayoffs.news\/fr\/joueur\/pete-alonso-mlb-74996\/\" class=\"trk-cta-link\" data-cta-trk='{\"ctaType\":\"Link\",\"ctaSubType\":\"main\"}'>Pete Alonso<\/a><\/p><p style=\"text-align: justify\">Frankie Montas n&rsquo;est que le d&eacute;but des man&oelig;uvres d&rsquo;un hiver qui promet d&rsquo;&ecirc;tre agit&eacute; du c&ocirc;t&eacute; du Queens. Les Mets ont gout&eacute; de nouveau aux joutes du mois d&rsquo;Octobre et voudront y retourner au plus vite.<\/p><p>&nbsp;<\/p><p>Cr&eacute;dit Photo : &copy; Mark Hoffman\/Milwaukee Journal Sentinel \/ USA TODAY NETWORK via Imagn Images<\/p>\n","protected":false},"excerpt":{"rendered":"","protected":false},"author":180309823,"featured_media":1469341,"comment_status":"open","ping_status":"closed","sticky":false,"template":"","format":"standard","meta":{"inline_featured_image":false,"kia_subtitle":"","_mux_skip_reasons":[],"proofreadBy":0,"footnotes":""},"categories":[188,9],"tags":[7876,444],"sport":[2786],"saison":[7475],"class_list":["post-1469338","post","type-post","status-publish","format-standard","has-post-thumbnail","hentry","category-actualite-mlb","category-mlb","tag-frankie-montas","tag-new-york-mets","sport-mlb","saison-7475"],"acf":[],"yoast_head":"<!-- This site is optimized with the Yoast SEO plugin v24.2 - https:\/\/yoast.com\/wordpress\/plugins\/seo\/ -->\n<title>Frankie Montas d&eacute;barque chez les Mets pour 2 ans&nbsp;! - The Playoffs FR<\/title>\n<meta name=\"robots\" content=\"index, follow, max-snippet:-1, max-image-preview:large, max-video-preview:-1\" \/>\n<link rel=\"canonical\" href=\"https:\/\/theplayoffs.news\/fr\/actualite-mlb\/frankie-montas-debarque-chez-les-mets\/\" \/>\n<meta property=\"og:locale\" content=\"fr_FR\" \/>\n<meta property=\"og:type\" content=\"article\" \/>\n<meta property=\"og:title\" content=\"Frankie Montas d&eacute;barque chez les Mets pour 2 ans&nbsp;! - The Playoffs FR\" \/>\n<meta property=\"og:url\" content=\"https:\/\/theplayoffs.news\/fr\/actualite-mlb\/frankie-montas-debarque-chez-les-mets\/\" \/>\n<meta property=\"og:site_name\" content=\"The Playoffs FR\" \/>\n<meta property=\"article:publisher\" content=\"https:\/\/www.facebook.com\/TheFreeAgentFR\/\" \/>\n<meta property=\"article:modified_time\" content=\"2024-12-02T10:05:43+01:00\" \/>\n<meta property=\"og:image\" content=\"https:\/\/theplayoffs.news\/fr\/wp-content\/uploads\/2024\/12\/USATSI_24385257.jpg\" \/>\n\t<meta property=\"og:image:width\" content=\"1920\" \/>\n\t<meta property=\"og:image:height\" content=\"1585\" \/>\n\t<meta property=\"og:image:type\" content=\"image\/jpeg\" \/>\n<meta name=\"author\" content=\"Nicolas Blanchard\" \/>\n<meta name=\"twitter:card\" content=\"summary_large_image\" \/>\n<meta name=\"twitter:creator\" content=\"@TheFreeAgentFR\" \/>\n<meta name=\"twitter:site\" content=\"@TheFreeAgentFR\" \/>\n<meta name=\"twitter:label1\" content=\"\u00c9crit par\" \/>\n\t<meta name=\"twitter:data1\" content=\"Nicolas Blanchard\" \/>\n\t<meta name=\"twitter:label2\" content=\"Dur\u00e9e de lecture estim\u00e9e\" \/>\n\t<meta name=\"twitter:data2\" content=\"2 minutes\" \/>\n<script type=\"application\/ld+json\" class=\"yoast-schema-graph\">{\"@context\":\"https:\/\/schema.org\",\"@graph\":[{\"@type\":\"WebPage\",\"@id\":\"https:\/\/theplayoffs.news\/fr\/actualite-mlb\/frankie-montas-debarque-chez-les-mets\/\",\"url\":\"https:\/\/theplayoffs.news\/fr\/actualite-mlb\/frankie-montas-debarque-chez-les-mets\/\",\"name\":\"Frankie Montas d\u00e9barque chez les Mets pour 2 ans\u00a0! - The Playoffs FR\",\"isPartOf\":{\"@id\":\"https:\/\/theplayoffs.news\/fr\/#website\"},\"primaryImageOfPage\":{\"@id\":\"https:\/\/theplayoffs.news\/fr\/actualite-mlb\/frankie-montas-debarque-chez-les-mets\/#primaryimage\"},\"image\":{\"@id\":\"https:\/\/theplayoffs.news\/fr\/actualite-mlb\/frankie-montas-debarque-chez-les-mets\/#primaryimage\"},\"thumbnailUrl\":\"https:\/\/theplayoffs.news\/fr\/wp-content\/uploads\/2024\/12\/USATSI_24385257.jpg\",\"datePublished\":\"2024-12-02T09:05:43+00:00\",\"dateModified\":\"2024-12-02T10:05:43+01:00\",\"author\":{\"@id\":\"https:\/\/theplayoffs.news\/fr\/#\/schema\/person\/940879031feb6d5e27cf3c6b69917900\"},\"breadcrumb\":{\"@id\":\"https:\/\/theplayoffs.news\/fr\/actualite-mlb\/frankie-montas-debarque-chez-les-mets\/#breadcrumb\"},\"inLanguage\":\"fr-FR\",\"potentialAction\":[{\"@type\":\"ReadAction\",\"target\":[\"https:\/\/theplayoffs.news\/fr\/actualite-mlb\/frankie-montas-debarque-chez-les-mets\/\"]}]},{\"@type\":\"ImageObject\",\"inLanguage\":\"fr-FR\",\"@id\":\"https:\/\/theplayoffs.news\/fr\/actualite-mlb\/frankie-montas-debarque-chez-les-mets\/#primaryimage\",\"url\":\"https:\/\/theplayoffs.news\/fr\/wp-content\/uploads\/2024\/12\/USATSI_24385257.jpg\",\"contentUrl\":\"https:\/\/theplayoffs.news\/fr\/wp-content\/uploads\/2024\/12\/USATSI_24385257.jpg\",\"width\":1920,\"height\":1585,\"caption\":\"Milwaukee Brewers pitcher Frankie Montas (47) throws during the first inning of their wild-card playoff game against the New York Mets Wednesday, October 2, 2024 at American Family Field in Milwaukee, Wisconsin.\"},{\"@type\":\"BreadcrumbList\",\"@id\":\"https:\/\/theplayoffs.news\/fr\/actualite-mlb\/frankie-montas-debarque-chez-les-mets\/#breadcrumb\",\"itemListElement\":[{\"@type\":\"ListItem\",\"position\":1,\"name\":\"Accueil\",\"item\":\"https:\/\/theplayoffs.news\/fr\/\"},{\"@type\":\"ListItem\",\"position\":2,\"name\":\"Frankie Montas d\u00e9barque chez les Mets pour 2 ans\u00a0!\"}]},{\"@type\":\"WebSite\",\"@id\":\"https:\/\/theplayoffs.news\/fr\/#website\",\"url\":\"https:\/\/theplayoffs.news\/fr\/\",\"name\":\"The Playoffs FR\",\"description\":\"NBA-NFL-NHL-MLB\",\"potentialAction\":[{\"@type\":\"SearchAction\",\"target\":{\"@type\":\"EntryPoint\",\"urlTemplate\":\"https:\/\/theplayoffs.news\/fr\/?s={search_term_string}\"},\"query-input\":{\"@type\":\"PropertyValueSpecification\",\"valueRequired\":true,\"valueName\":\"search_term_string\"}}],\"inLanguage\":\"fr-FR\"},{\"@type\":\"Person\",\"@id\":\"https:\/\/theplayoffs.news\/fr\/#\/schema\/person\/940879031feb6d5e27cf3c6b69917900\",\"name\":\"Nicolas Blanchard\",\"image\":{\"@type\":\"ImageObject\",\"inLanguage\":\"fr-FR\",\"@id\":\"https:\/\/theplayoffs.news\/fr\/#\/schema\/person\/image\/\",\"url\":\"https:\/\/secure.gravatar.com\/avatar\/98953498460526f9290cb098aaa573c5e0a48837b1ca5807dd22cace83810899?s=96&d=mm&r=g\",\"contentUrl\":\"https:\/\/secure.gravatar.com\/avatar\/98953498460526f9290cb098aaa573c5e0a48837b1ca5807dd22cace83810899?s=96&d=mm&r=g\",\"caption\":\"Nicolas Blanchard\"},\"description\":\"Fan de MLB depuis une dizaine d\u2019ann\u00e9es, je suis tomb\u00e9 amoureux des Chicago Cubs lorsque j\u2019ai vu Bill Murray c\u00e9l\u00e9brer ce premier sacre depuis 108 ans. Mon premier contact avec le Sport US s\u2019est fait lorsque je suis tomb\u00e9 sur une VHS d\u2019Allen Iverson et se fut la r\u00e9v\u00e9lation. Je suis devenu r\u00e9dacteur depuis maintenant 4 ans et cela m\u2019apporte une nouvelle vision du Sport US \u00e0 la fois analytique et bien plus globale (et oui il faut couvrir toutes les \u00e9quipes m\u00eame les chaussettes rouges de Boston).\",\"url\":\"https:\/\/theplayoffs.news\/fr\/author\/nico4017\/\"}]}<\/script>\n<!-- \/ Yoast SEO plugin. -->","yoast_head_json":{"title":"Frankie Montas d&eacute;barque chez les Mets pour 2 ans&nbsp;! - The Playoffs FR","robots":{"index":"index","follow":"follow","max-snippet":"max-snippet:-1","max-image-preview":"max-image-preview:large","max-video-preview":"max-video-preview:-1"},"canonical":"https:\/\/theplayoffs.news\/fr\/actualite-mlb\/frankie-montas-debarque-chez-les-mets\/","og_locale":"fr_FR","og_type":"article","og_title":"Frankie Montas d&eacute;barque chez les Mets pour 2 ans&nbsp;! - The Playoffs FR","og_url":"https:\/\/theplayoffs.news\/fr\/actualite-mlb\/frankie-montas-debarque-chez-les-mets\/","og_site_name":"The Playoffs FR","article_publisher":"https:\/\/www.facebook.com\/TheFreeAgentFR\/","article_modified_time":"2024-12-02T08:49:54+00:00","og_image":[{"width":1920,"height":1585,"url":"https:\/\/theplayoffs.news\/fr\/wp-content\/uploads\/2024\/12\/USATSI_24385257.jpg","type":"image\/jpeg"}],"author":"Nicolas Blanchard","twitter_card":"summary_large_image","twitter_creator":"@TheFreeAgentFR","twitter_site":"@TheFreeAgentFR","twitter_misc":{"\u00c9crit par":"Nicolas Blanchard","Dur\u00e9e de lecture estim\u00e9e":"2 minutes"},"schema":{"@context":"https:\/\/schema.org","@graph":[{"@type":"WebPage","@id":"https:\/\/theplayoffs.news\/fr\/actualite-mlb\/frankie-montas-debarque-chez-les-mets\/","url":"https:\/\/theplayoffs.news\/fr\/actualite-mlb\/frankie-montas-debarque-chez-les-mets\/","name":"Frankie Montas d\u00e9barque chez les Mets pour 2 ans\u00a0! - The Playoffs FR","isPartOf":{"@id":"https:\/\/theplayoffs.news\/fr\/#website"},"primaryImageOfPage":{"@id":"https:\/\/theplayoffs.news\/fr\/actualite-mlb\/frankie-montas-debarque-chez-les-mets\/#primaryimage"},"image":{"@id":"https:\/\/theplayoffs.news\/fr\/actualite-mlb\/frankie-montas-debarque-chez-les-mets\/#primaryimage"},"thumbnailUrl":"https:\/\/theplayoffs.news\/fr\/wp-content\/uploads\/2024\/12\/USATSI_24385257.jpg","datePublished":"2024-12-02T09:05:43+00:00","dateModified":"2024-12-02T10:05:43+01:00","author":{"@id":"https:\/\/theplayoffs.news\/fr\/#\/schema\/person\/940879031feb6d5e27cf3c6b69917900"},"breadcrumb":{"@id":"https:\/\/theplayoffs.news\/fr\/actualite-mlb\/frankie-montas-debarque-chez-les-mets\/#breadcrumb"},"inLanguage":"fr-FR","potentialAction":[{"@type":"ReadAction","target":["https:\/\/theplayoffs.news\/fr\/actualite-mlb\/frankie-montas-debarque-chez-les-mets\/"]}]},{"@type":"ImageObject","inLanguage":"fr-FR","@id":"https:\/\/theplayoffs.news\/fr\/actualite-mlb\/frankie-montas-debarque-chez-les-mets\/#primaryimage","url":"https:\/\/theplayoffs.news\/fr\/wp-content\/uploads\/2024\/12\/USATSI_24385257.jpg","contentUrl":"https:\/\/theplayoffs.news\/fr\/wp-content\/uploads\/2024\/12\/USATSI_24385257.jpg","width":1920,"height":1585,"caption":"Milwaukee Brewers pitcher Frankie Montas (47) throws during the first inning of their wild-card playoff game against the New York Mets Wednesday, October 2, 2024 at American Family Field in Milwaukee, Wisconsin."},{"@type":"BreadcrumbList","@id":"https:\/\/theplayoffs.news\/fr\/actualite-mlb\/frankie-montas-debarque-chez-les-mets\/#breadcrumb","itemListElement":[{"@type":"ListItem","position":1,"name":"Accueil","item":"https:\/\/theplayoffs.news\/fr\/"},{"@type":"ListItem","position":2,"name":"Frankie Montas d\u00e9barque chez les Mets pour 2 ans\u00a0!"}]},{"@type":"WebSite","@id":"https:\/\/theplayoffs.news\/fr\/#website","url":"https:\/\/theplayoffs.news\/fr\/","name":"The Playoffs FR","description":"NBA-NFL-NHL-MLB","potentialAction":[{"@type":"SearchAction","target":{"@type":"EntryPoint","urlTemplate":"https:\/\/theplayoffs.news\/fr\/?s={search_term_string}"},"query-input":{"@type":"PropertyValueSpecification","valueRequired":true,"valueName":"search_term_string"}}],"inLanguage":"fr-FR"},{"@type":"Person","@id":"https:\/\/theplayoffs.news\/fr\/#\/schema\/person\/940879031feb6d5e27cf3c6b69917900","name":"Nicolas Blanchard","image":{"@type":"ImageObject","inLanguage":"fr-FR","@id":"https:\/\/theplayoffs.news\/fr\/#\/schema\/person\/image\/","url":"https:\/\/secure.gravatar.com\/avatar\/98953498460526f9290cb098aaa573c5e0a48837b1ca5807dd22cace83810899?s=96&d=mm&r=g","contentUrl":"https:\/\/secure.gravatar.com\/avatar\/98953498460526f9290cb098aaa573c5e0a48837b1ca5807dd22cace83810899?s=96&d=mm&r=g","caption":"Nicolas Blanchard"},"description":"Fan de MLB depuis une dizaine d\u2019ann\u00e9es, je suis tomb\u00e9 amoureux des Chicago Cubs lorsque j\u2019ai vu Bill Murray c\u00e9l\u00e9brer ce premier sacre depuis 108 ans. Mon premier contact avec le Sport US s\u2019est fait lorsque je suis tomb\u00e9 sur une VHS d\u2019Allen Iverson et se fut la r\u00e9v\u00e9lation. Je suis devenu r\u00e9dacteur depuis maintenant 4 ans et cela m\u2019apporte une nouvelle vision du Sport US \u00e0 la fois analytique et bien plus globale (et oui il faut couvrir toutes les \u00e9quipes m\u00eame les chaussettes rouges de Boston).","url":"https:\/\/theplayoffs.news\/fr\/author\/nico4017\/"}]}},"_links":{"self":[{"href":"https:\/\/theplayoffs.news\/fr\/wp-json\/wp\/v2\/posts\/1469338","targetHints":{"allow":["GET"]}}],"collection":[{"href":"https:\/\/theplayoffs.news\/fr\/wp-json\/wp\/v2\/posts"}],"about":[{"href":"https:\/\/theplayoffs.news\/fr\/wp-json\/wp\/v2\/types\/post"}],"author":[{"embeddable":true,"href":"https:\/\/theplayoffs.news\/fr\/wp-json\/wp\/v2\/users\/180309823"}],"replies":[{"embeddable":true,"href":"https:\/\/theplayoffs.news\/fr\/wp-json\/wp\/v2\/comments?post=1469338"}],"version-history":[{"count":3,"href":"https:\/\/theplayoffs.news\/fr\/wp-json\/wp\/v2\/posts\/1469338\/revisions"}],"predecessor-version":[{"id":1469346,"href":"https:\/\/theplayoffs.news\/fr\/wp-json\/wp\/v2\/posts\/1469338\/revisions\/1469346"}],"wp:featuredmedia":[{"embeddable":true,"href":"https:\/\/theplayoffs.news\/fr\/wp-json\/wp\/v2\/media\/1469341"}],"wp:attachment":[{"href":"https:\/\/theplayoffs.news\/fr\/wp-json\/wp\/v2\/media?parent=1469338"}],"wp:term":[{"taxonomy":"category","embeddable":true,"href":"https:\/\/theplayoffs.news\/fr\/wp-json\/wp\/v2\/categories?post=1469338"},{"taxonomy":"post_tag","embeddable":true,"href":"https:\/\/theplayoffs.news\/fr\/wp-json\/wp\/v2\/tags?post=1469338"},{"taxonomy":"sport","embeddable":true,"href":"https:\/\/theplayoffs.news\/fr\/wp-json\/wp\/v2\/sport?post=1469338"},{"taxonomy":"saison","embeddable":true,"href":"https:\/\/theplayoffs.news\/fr\/wp-json\/wp\/v2\/saison?post=1469338"}],"curies":[{"name":"wp","href":"https:\/\/api.w.org\/{rel}","templated":true}]}}