{"id":1468751,"date":"2024-11-30T10:50:16","date_gmt":"2024-11-30T09:50:16","guid":{"rendered":"https:\/\/theplayoffs.news\/fr\/?p=1468751"},"modified":"2024-11-30T10:50:16","modified_gmt":"2024-11-30T09:50:16","slug":"tommy-edman-reste-chez-les-dodgers-pour-5-ans","status":"publish","type":"post","link":"https:\/\/theplayoffs.news\/fr\/actualite-mlb\/tommy-edman-reste-chez-les-dodgers-pour-5-ans\/","title":{"rendered":"Tommy Edman reste chez les Dodgers pour 5 ans\u00a0!"},"content":{"rendered":"<p style=\"text-align: justify\"><strong>MLB- Les Los Angeles Dodgers continuent de fa&ccedil;onner leur effectif pour le futur. Cette fois-ci c&rsquo;est Tommy Edman qui prolonge l&rsquo;aventure chez les champions en titre pour les 5 prochaines ann&eacute;es.<\/strong><\/p><blockquote class=\"twitter-tweet\" data-width=\"500\" data-dnt=\"true\">\n<p lang=\"en\" dir=\"ltr\">The Dodgers and Tommy Edman are in agreement on a 5-year contract extension, per <a href=\"https:\/\/twitter.com\/FabianArdaya?ref_src=twsrc%5Etfw\" class=\"trk-cta-link\" data-cta-trk='{\"ctaType\":\"Link\",\"ctaSubType\":\"main\"}'>@FabianArdaya<\/a> <a href=\"https:\/\/t.co\/6yRMCilc6y\" class=\"trk-cta-link\" data-cta-trk='{\"ctaType\":\"Link\",\"ctaSubType\":\"main\"}'>pic.twitter.com\/6yRMCilc6y<\/a><\/p>\n<p>&mdash; FOX Sports: MLB (@MLBONFOX) <a href=\"https:\/\/twitter.com\/MLBONFOX\/status\/1862621401850474899?ref_src=twsrc%5Etfw\" class=\"trk-cta-link\" data-cta-trk='{\"ctaType\":\"Link\",\"ctaSubType\":\"main\"}'>November 29, 2024<\/a><\/p><\/blockquote><p><script async src=\"https:\/\/platform.twitter.com\/widgets.js\" charset=\"utf-8\"><\/script><\/p><h3 style=\"text-align: justify\">Tommy Edman&nbsp;s&rsquo;inscrit sur la dur&eacute;e&nbsp;!<\/h3><p style=\"text-align: justify\">Durant la derni&egrave;re trade deadline, les <a href=\"https:\/\/theplayoffs.news\/fr\/equipe\/los-angeles-dodgers-mlb\/\" class=\"trk-cta-link\" data-cta-trk='{\"ctaType\":\"Link\",\"ctaSubType\":\"main\"}'>Los Angeles Dodgers<\/a> &eacute;taient &agrave; la recherche d&rsquo;un &laquo;&nbsp;utility player&nbsp;&raquo;, traduisez cela par un joueur couteau-suisse. Ils ont alors tent&eacute; le coup <a href=\"https:\/\/theplayoffs.news\/fr\/joueur\/tommy-edman-mlb-79814\/\" class=\"trk-cta-link\" data-cta-trk='{\"ctaType\":\"Link\",\"ctaSubType\":\"main\"}'>Tommy Edman<\/a> en provenance des Cardinals de St.Louis.<\/p><blockquote>\n<p style=\"text-align: justify\">&laquo;&nbsp;Nos dirigeants voulaient Tommy depuis tr&egrave;s, tr&egrave;s longtemps. Lorsqu&rsquo;ils ont r&eacute;ussi &agrave; l&rsquo;acqu&eacute;rir, tout le monde &eacute;tait excit&eacute;.&nbsp;&raquo; d&eacute;clara Max Muncy apr&egrave;s avoir remport&eacute; les NLCS<\/p>\n<\/blockquote><p style=\"text-align: justify\">Le joueur polyvalent de 29 ans s&rsquo;est tr&egrave;s vite int&eacute;gr&eacute; au sein de l&rsquo;effectif des Dodgers. Capable d&rsquo;&eacute;voluer en champ centre aussi bien qu&rsquo;en champ int&eacute;rieur, Tommy Edman s&rsquo;est rapidement montr&eacute; comme une solution de luxe pour <a href=\"https:\/\/www.mlb.com\/player\/dave-roberts-150353\" class=\"trk-cta-link\" data-cta-trk='{\"ctaType\":\"Link\",\"ctaSubType\":\"main\"}'>Dave Roberts<\/a>.<\/p><p style=\"text-align: justify\">Tommy Edman s&rsquo;est notamment illustr&eacute; durant les s&eacute;ries &eacute;liminatoires, terminant m&ecirc;me MVP des National Champions Series (face aux Mets) en terminant avec une moyenne au b&acirc;ton de .407, un coup s&ucirc;r minimum frapp&eacute; sur les 6 matchs de la s&eacute;rie et 11 RBI, 5 points inscris et 1 circuit.<\/p><p style=\"text-align: justify\">Les Los Angeles Dodgers ont donc d&eacute;cid&eacute; de le conserver pour les cinq prochaines saisons, voir peut &ecirc;tre une de plus puisque Tommy Edman a une option pour la fin de la saison 2030. Il va toucher 74 millions de dollars et un bonus &agrave; la signature de 17 millions $.<\/p><p style=\"text-align: justify\">La franchise californienne s&eacute;curise donc un nouveau joueur majeur de l&rsquo;effectif. Pour rappel, les Dodgers ont 8 joueurs sous contrat &agrave; long terme&nbsp;:<\/p><ul style=\"text-align: justify\">\n<li><a href=\"https:\/\/theplayoffs.news\/fr\/joueur\/yoshinobu-yamamoto-mlb-9745174\/\" class=\"trk-cta-link\" data-cta-trk='{\"ctaType\":\"Link\",\"ctaSubType\":\"main\"}'>Yoshinobu Yamamoto<\/a> (2035 avec une option de sortie en 2029 ou 2031)<\/li>\n<li><a href=\"https:\/\/theplayoffs.news\/fr\/joueur\/shohei-ohtani-mlb-79664\/\" class=\"trk-cta-link\" data-cta-trk='{\"ctaType\":\"Link\",\"ctaSubType\":\"main\"}'>Shohei Ohtani<\/a> (2033)<\/li>\n<li><a href=\"https:\/\/theplayoffs.news\/fr\/joueur\/will-smith-mlb-76618\/\" class=\"trk-cta-link\" data-cta-trk='{\"ctaType\":\"Link\",\"ctaSubType\":\"main\"}'>Will Smith<\/a> (2033)<\/li>\n<li><a href=\"https:\/\/theplayoffs.news\/fr\/joueur\/mookie-betts-los-angeles-dodgers-mlb-2\/\" class=\"trk-cta-link\" data-cta-trk='{\"ctaType\":\"Link\",\"ctaSubType\":\"main\"}'>Mookie Betts<\/a> (2032)<\/li>\n<li>Tommy Edman (2030 avec une ann&eacute;e optionnelle apr&egrave;s 2030)<\/li>\n<li><a href=\"https:\/\/theplayoffs.news\/fr\/joueur\/blake-snell-mlb-67496\/\" class=\"trk-cta-link\" data-cta-trk='{\"ctaType\":\"Link\",\"ctaSubType\":\"main\"}'>Blake Snell<\/a> (2029)<\/li>\n<li><a href=\"https:\/\/theplayoffs.news\/fr\/joueur\/tyler-glasnow-mlb-66380\/\" class=\"trk-cta-link\" data-cta-trk='{\"ctaType\":\"Link\",\"ctaSubType\":\"main\"}'>Tyler Glasnow<\/a> (2028)<\/li>\n<li><a href=\"https:\/\/theplayoffs.news\/fr\/joueur\/freddie-freeman-mlb-60386\/\" class=\"trk-cta-link\" data-cta-trk='{\"ctaType\":\"Link\",\"ctaSubType\":\"main\"}'>Freddie Freeman<\/a> (2027)<\/li>\n<\/ul><p style=\"text-align: justify\">Les Dodgers concluent une semaine riche en bonnes nouvelles apr&egrave;s <a href=\"https:\/\/theplayoffs.news\/fr\/mlb\/blake-snell-sengage-avec-les-dodgers\/\" class=\"trk-cta-link\" data-cta-trk='{\"ctaType\":\"Link\",\"ctaSubType\":\"main\"}'>la signature de Blake Snell.<\/a> Pas s&ucirc;r toutefois qu&rsquo;ils soient compl&egrave;tement rassasi&eacute;s.<\/p><p>&nbsp;<\/p><p><iframe loading=\"lazy\" title=\"NLCS MVP!! Tommy Edman was SPECIAL in the NLCS! (.407 AVG!)\" width=\"500\" height=\"281\" src=\"https:\/\/www.youtube.com\/embed\/RFVjVjyQqpo?feature=oembed\" frameborder=\"0\" allow=\"accelerometer; autoplay; clipboard-write; encrypted-media; gyroscope; picture-in-picture; web-share\" referrerpolicy=\"strict-origin-when-cross-origin\" allowfullscreen><\/iframe><\/p><p>&nbsp;<\/p><p>Cr&eacute;dit Photo : &copy; Robert Deutsch-Imagn Images<\/p>\n","protected":false},"excerpt":{"rendered":"","protected":false},"author":180309823,"featured_media":1468752,"comment_status":"open","ping_status":"closed","sticky":false,"template":"","format":"standard","meta":{"inline_featured_image":false,"kia_subtitle":"","_mux_skip_reasons":[],"proofreadBy":0,"footnotes":""},"categories":[188,9],"tags":[464,7872],"sport":[2786],"saison":[7475],"class_list":["post-1468751","post","type-post","status-publish","format-standard","has-post-thumbnail","hentry","category-actualite-mlb","category-mlb","tag-los-angeles-dodgers","tag-tommy-edman","sport-mlb","saison-7475"],"acf":[],"yoast_head":"<!-- This site is optimized with the Yoast SEO plugin v24.2 - https:\/\/yoast.com\/wordpress\/plugins\/seo\/ -->\n<title>Tommy Edman reste chez les Dodgers pour 5 ans&nbsp;! - The Playoffs FR<\/title>\n<meta name=\"robots\" content=\"index, follow, max-snippet:-1, max-image-preview:large, max-video-preview:-1\" \/>\n<link rel=\"canonical\" href=\"https:\/\/theplayoffs.news\/fr\/actualite-mlb\/tommy-edman-reste-chez-les-dodgers-pour-5-ans\/\" \/>\n<meta property=\"og:locale\" content=\"fr_FR\" \/>\n<meta property=\"og:type\" content=\"article\" \/>\n<meta property=\"og:title\" content=\"Tommy Edman reste chez les Dodgers pour 5 ans&nbsp;! - The Playoffs FR\" \/>\n<meta property=\"og:url\" content=\"https:\/\/theplayoffs.news\/fr\/actualite-mlb\/tommy-edman-reste-chez-les-dodgers-pour-5-ans\/\" \/>\n<meta property=\"og:site_name\" content=\"The Playoffs FR\" \/>\n<meta property=\"article:publisher\" content=\"https:\/\/www.facebook.com\/TheFreeAgentFR\/\" \/>\n<meta property=\"article:modified_time\" content=\"2024-11-30T10:50:16+01:00\" \/>\n<meta property=\"og:image\" content=\"https:\/\/theplayoffs.news\/fr\/wp-content\/uploads\/2024\/11\/USATSI_24611520.jpg\" \/>\n\t<meta property=\"og:image:width\" content=\"1920\" \/>\n\t<meta property=\"og:image:height\" content=\"1279\" \/>\n\t<meta property=\"og:image:type\" content=\"image\/jpeg\" \/>\n<meta name=\"author\" content=\"Nicolas Blanchard\" \/>\n<meta name=\"twitter:card\" content=\"summary_large_image\" \/>\n<meta name=\"twitter:creator\" content=\"@TheFreeAgentFR\" \/>\n<meta name=\"twitter:site\" content=\"@TheFreeAgentFR\" \/>\n<meta name=\"twitter:label1\" content=\"\u00c9crit par\" \/>\n\t<meta name=\"twitter:data1\" content=\"Nicolas Blanchard\" \/>\n\t<meta name=\"twitter:label2\" content=\"Dur\u00e9e de lecture estim\u00e9e\" \/>\n\t<meta name=\"twitter:data2\" content=\"2 minutes\" \/>\n<script type=\"application\/ld+json\" class=\"yoast-schema-graph\">{\"@context\":\"https:\/\/schema.org\",\"@graph\":[{\"@type\":\"WebPage\",\"@id\":\"https:\/\/theplayoffs.news\/fr\/actualite-mlb\/tommy-edman-reste-chez-les-dodgers-pour-5-ans\/\",\"url\":\"https:\/\/theplayoffs.news\/fr\/actualite-mlb\/tommy-edman-reste-chez-les-dodgers-pour-5-ans\/\",\"name\":\"Tommy Edman reste chez les Dodgers pour 5 ans\u00a0! - The Playoffs FR\",\"isPartOf\":{\"@id\":\"https:\/\/theplayoffs.news\/fr\/#website\"},\"primaryImageOfPage\":{\"@id\":\"https:\/\/theplayoffs.news\/fr\/actualite-mlb\/tommy-edman-reste-chez-les-dodgers-pour-5-ans\/#primaryimage\"},\"image\":{\"@id\":\"https:\/\/theplayoffs.news\/fr\/actualite-mlb\/tommy-edman-reste-chez-les-dodgers-pour-5-ans\/#primaryimage\"},\"thumbnailUrl\":\"https:\/\/theplayoffs.news\/fr\/wp-content\/uploads\/2024\/11\/USATSI_24611520.jpg\",\"datePublished\":\"2024-11-30T09:50:16+00:00\",\"dateModified\":\"2024-11-30T09:50:16+00:00\",\"author\":{\"@id\":\"https:\/\/theplayoffs.news\/fr\/#\/schema\/person\/940879031feb6d5e27cf3c6b69917900\"},\"breadcrumb\":{\"@id\":\"https:\/\/theplayoffs.news\/fr\/actualite-mlb\/tommy-edman-reste-chez-les-dodgers-pour-5-ans\/#breadcrumb\"},\"inLanguage\":\"fr-FR\",\"potentialAction\":[{\"@type\":\"ReadAction\",\"target\":[\"https:\/\/theplayoffs.news\/fr\/actualite-mlb\/tommy-edman-reste-chez-les-dodgers-pour-5-ans\/\"]}]},{\"@type\":\"ImageObject\",\"inLanguage\":\"fr-FR\",\"@id\":\"https:\/\/theplayoffs.news\/fr\/actualite-mlb\/tommy-edman-reste-chez-les-dodgers-pour-5-ans\/#primaryimage\",\"url\":\"https:\/\/theplayoffs.news\/fr\/wp-content\/uploads\/2024\/11\/USATSI_24611520.jpg\",\"contentUrl\":\"https:\/\/theplayoffs.news\/fr\/wp-content\/uploads\/2024\/11\/USATSI_24611520.jpg\",\"width\":1920,\"height\":1279,\"caption\":\"Oct 28, 2024; New York, New York, USA; Los Angeles Dodgers outfielder Tommy Edman (25) celebrates with manager Dave Roberts (30) after scoring a run during the third inning against the New York Yankees in game three of the 2024 MLB World Series at Yankee Stadium. Mandatory Credit: Robert Deutsch-Imagn Images\"},{\"@type\":\"BreadcrumbList\",\"@id\":\"https:\/\/theplayoffs.news\/fr\/actualite-mlb\/tommy-edman-reste-chez-les-dodgers-pour-5-ans\/#breadcrumb\",\"itemListElement\":[{\"@type\":\"ListItem\",\"position\":1,\"name\":\"Accueil\",\"item\":\"https:\/\/theplayoffs.news\/fr\/\"},{\"@type\":\"ListItem\",\"position\":2,\"name\":\"Tommy Edman reste chez les Dodgers pour 5 ans\u00a0!\"}]},{\"@type\":\"WebSite\",\"@id\":\"https:\/\/theplayoffs.news\/fr\/#website\",\"url\":\"https:\/\/theplayoffs.news\/fr\/\",\"name\":\"The Playoffs FR\",\"description\":\"NBA-NFL-NHL-MLB\",\"potentialAction\":[{\"@type\":\"SearchAction\",\"target\":{\"@type\":\"EntryPoint\",\"urlTemplate\":\"https:\/\/theplayoffs.news\/fr\/?s={search_term_string}\"},\"query-input\":{\"@type\":\"PropertyValueSpecification\",\"valueRequired\":true,\"valueName\":\"search_term_string\"}}],\"inLanguage\":\"fr-FR\"},{\"@type\":\"Person\",\"@id\":\"https:\/\/theplayoffs.news\/fr\/#\/schema\/person\/940879031feb6d5e27cf3c6b69917900\",\"name\":\"Nicolas Blanchard\",\"image\":{\"@type\":\"ImageObject\",\"inLanguage\":\"fr-FR\",\"@id\":\"https:\/\/theplayoffs.news\/fr\/#\/schema\/person\/image\/\",\"url\":\"https:\/\/secure.gravatar.com\/avatar\/98953498460526f9290cb098aaa573c5e0a48837b1ca5807dd22cace83810899?s=96&d=mm&r=g\",\"contentUrl\":\"https:\/\/secure.gravatar.com\/avatar\/98953498460526f9290cb098aaa573c5e0a48837b1ca5807dd22cace83810899?s=96&d=mm&r=g\",\"caption\":\"Nicolas Blanchard\"},\"description\":\"Fan de MLB depuis une dizaine d\u2019ann\u00e9es, je suis tomb\u00e9 amoureux des Chicago Cubs lorsque j\u2019ai vu Bill Murray c\u00e9l\u00e9brer ce premier sacre depuis 108 ans. Mon premier contact avec le Sport US s\u2019est fait lorsque je suis tomb\u00e9 sur une VHS d\u2019Allen Iverson et se fut la r\u00e9v\u00e9lation. Je suis devenu r\u00e9dacteur depuis maintenant 4 ans et cela m\u2019apporte une nouvelle vision du Sport US \u00e0 la fois analytique et bien plus globale (et oui il faut couvrir toutes les \u00e9quipes m\u00eame les chaussettes rouges de Boston).\",\"url\":\"https:\/\/theplayoffs.news\/fr\/author\/nico4017\/\"}]}<\/script>\n<!-- \/ Yoast SEO plugin. -->","yoast_head_json":{"title":"Tommy Edman reste chez les Dodgers pour 5 ans&nbsp;! - The Playoffs FR","robots":{"index":"index","follow":"follow","max-snippet":"max-snippet:-1","max-image-preview":"max-image-preview:large","max-video-preview":"max-video-preview:-1"},"canonical":"https:\/\/theplayoffs.news\/fr\/actualite-mlb\/tommy-edman-reste-chez-les-dodgers-pour-5-ans\/","og_locale":"fr_FR","og_type":"article","og_title":"Tommy Edman reste chez les Dodgers pour 5 ans&nbsp;! - The Playoffs FR","og_url":"https:\/\/theplayoffs.news\/fr\/actualite-mlb\/tommy-edman-reste-chez-les-dodgers-pour-5-ans\/","og_site_name":"The Playoffs FR","article_publisher":"https:\/\/www.facebook.com\/TheFreeAgentFR\/","og_image":[{"width":1920,"height":1279,"url":"https:\/\/theplayoffs.news\/fr\/wp-content\/uploads\/2024\/11\/USATSI_24611520.jpg","type":"image\/jpeg"}],"author":"Nicolas Blanchard","twitter_card":"summary_large_image","twitter_creator":"@TheFreeAgentFR","twitter_site":"@TheFreeAgentFR","twitter_misc":{"\u00c9crit par":"Nicolas Blanchard","Dur\u00e9e de lecture estim\u00e9e":"2 minutes"},"schema":{"@context":"https:\/\/schema.org","@graph":[{"@type":"WebPage","@id":"https:\/\/theplayoffs.news\/fr\/actualite-mlb\/tommy-edman-reste-chez-les-dodgers-pour-5-ans\/","url":"https:\/\/theplayoffs.news\/fr\/actualite-mlb\/tommy-edman-reste-chez-les-dodgers-pour-5-ans\/","name":"Tommy Edman reste chez les Dodgers pour 5 ans\u00a0! - The Playoffs FR","isPartOf":{"@id":"https:\/\/theplayoffs.news\/fr\/#website"},"primaryImageOfPage":{"@id":"https:\/\/theplayoffs.news\/fr\/actualite-mlb\/tommy-edman-reste-chez-les-dodgers-pour-5-ans\/#primaryimage"},"image":{"@id":"https:\/\/theplayoffs.news\/fr\/actualite-mlb\/tommy-edman-reste-chez-les-dodgers-pour-5-ans\/#primaryimage"},"thumbnailUrl":"https:\/\/theplayoffs.news\/fr\/wp-content\/uploads\/2024\/11\/USATSI_24611520.jpg","datePublished":"2024-11-30T09:50:16+00:00","dateModified":"2024-11-30T09:50:16+00:00","author":{"@id":"https:\/\/theplayoffs.news\/fr\/#\/schema\/person\/940879031feb6d5e27cf3c6b69917900"},"breadcrumb":{"@id":"https:\/\/theplayoffs.news\/fr\/actualite-mlb\/tommy-edman-reste-chez-les-dodgers-pour-5-ans\/#breadcrumb"},"inLanguage":"fr-FR","potentialAction":[{"@type":"ReadAction","target":["https:\/\/theplayoffs.news\/fr\/actualite-mlb\/tommy-edman-reste-chez-les-dodgers-pour-5-ans\/"]}]},{"@type":"ImageObject","inLanguage":"fr-FR","@id":"https:\/\/theplayoffs.news\/fr\/actualite-mlb\/tommy-edman-reste-chez-les-dodgers-pour-5-ans\/#primaryimage","url":"https:\/\/theplayoffs.news\/fr\/wp-content\/uploads\/2024\/11\/USATSI_24611520.jpg","contentUrl":"https:\/\/theplayoffs.news\/fr\/wp-content\/uploads\/2024\/11\/USATSI_24611520.jpg","width":1920,"height":1279,"caption":"Oct 28, 2024; New York, New York, USA; Los Angeles Dodgers outfielder Tommy Edman (25) celebrates with manager Dave Roberts (30) after scoring a run during the third inning against the New York Yankees in game three of the 2024 MLB World Series at Yankee Stadium. Mandatory Credit: Robert Deutsch-Imagn Images"},{"@type":"BreadcrumbList","@id":"https:\/\/theplayoffs.news\/fr\/actualite-mlb\/tommy-edman-reste-chez-les-dodgers-pour-5-ans\/#breadcrumb","itemListElement":[{"@type":"ListItem","position":1,"name":"Accueil","item":"https:\/\/theplayoffs.news\/fr\/"},{"@type":"ListItem","position":2,"name":"Tommy Edman reste chez les Dodgers pour 5 ans\u00a0!"}]},{"@type":"WebSite","@id":"https:\/\/theplayoffs.news\/fr\/#website","url":"https:\/\/theplayoffs.news\/fr\/","name":"The Playoffs FR","description":"NBA-NFL-NHL-MLB","potentialAction":[{"@type":"SearchAction","target":{"@type":"EntryPoint","urlTemplate":"https:\/\/theplayoffs.news\/fr\/?s={search_term_string}"},"query-input":{"@type":"PropertyValueSpecification","valueRequired":true,"valueName":"search_term_string"}}],"inLanguage":"fr-FR"},{"@type":"Person","@id":"https:\/\/theplayoffs.news\/fr\/#\/schema\/person\/940879031feb6d5e27cf3c6b69917900","name":"Nicolas Blanchard","image":{"@type":"ImageObject","inLanguage":"fr-FR","@id":"https:\/\/theplayoffs.news\/fr\/#\/schema\/person\/image\/","url":"https:\/\/secure.gravatar.com\/avatar\/98953498460526f9290cb098aaa573c5e0a48837b1ca5807dd22cace83810899?s=96&d=mm&r=g","contentUrl":"https:\/\/secure.gravatar.com\/avatar\/98953498460526f9290cb098aaa573c5e0a48837b1ca5807dd22cace83810899?s=96&d=mm&r=g","caption":"Nicolas Blanchard"},"description":"Fan de MLB depuis une dizaine d\u2019ann\u00e9es, je suis tomb\u00e9 amoureux des Chicago Cubs lorsque j\u2019ai vu Bill Murray c\u00e9l\u00e9brer ce premier sacre depuis 108 ans. Mon premier contact avec le Sport US s\u2019est fait lorsque je suis tomb\u00e9 sur une VHS d\u2019Allen Iverson et se fut la r\u00e9v\u00e9lation. Je suis devenu r\u00e9dacteur depuis maintenant 4 ans et cela m\u2019apporte une nouvelle vision du Sport US \u00e0 la fois analytique et bien plus globale (et oui il faut couvrir toutes les \u00e9quipes m\u00eame les chaussettes rouges de Boston).","url":"https:\/\/theplayoffs.news\/fr\/author\/nico4017\/"}]}},"_links":{"self":[{"href":"https:\/\/theplayoffs.news\/fr\/wp-json\/wp\/v2\/posts\/1468751","targetHints":{"allow":["GET"]}}],"collection":[{"href":"https:\/\/theplayoffs.news\/fr\/wp-json\/wp\/v2\/posts"}],"about":[{"href":"https:\/\/theplayoffs.news\/fr\/wp-json\/wp\/v2\/types\/post"}],"author":[{"embeddable":true,"href":"https:\/\/theplayoffs.news\/fr\/wp-json\/wp\/v2\/users\/180309823"}],"replies":[{"embeddable":true,"href":"https:\/\/theplayoffs.news\/fr\/wp-json\/wp\/v2\/comments?post=1468751"}],"version-history":[{"count":3,"href":"https:\/\/theplayoffs.news\/fr\/wp-json\/wp\/v2\/posts\/1468751\/revisions"}],"predecessor-version":[{"id":1468757,"href":"https:\/\/theplayoffs.news\/fr\/wp-json\/wp\/v2\/posts\/1468751\/revisions\/1468757"}],"wp:featuredmedia":[{"embeddable":true,"href":"https:\/\/theplayoffs.news\/fr\/wp-json\/wp\/v2\/media\/1468752"}],"wp:attachment":[{"href":"https:\/\/theplayoffs.news\/fr\/wp-json\/wp\/v2\/media?parent=1468751"}],"wp:term":[{"taxonomy":"category","embeddable":true,"href":"https:\/\/theplayoffs.news\/fr\/wp-json\/wp\/v2\/categories?post=1468751"},{"taxonomy":"post_tag","embeddable":true,"href":"https:\/\/theplayoffs.news\/fr\/wp-json\/wp\/v2\/tags?post=1468751"},{"taxonomy":"sport","embeddable":true,"href":"https:\/\/theplayoffs.news\/fr\/wp-json\/wp\/v2\/sport?post=1468751"},{"taxonomy":"saison","embeddable":true,"href":"https:\/\/theplayoffs.news\/fr\/wp-json\/wp\/v2\/saison?post=1468751"}],"curies":[{"name":"wp","href":"https:\/\/api.w.org\/{rel}","templated":true}]}}