{"id":1468585,"date":"2024-11-28T17:49:54","date_gmt":"2024-11-28T16:49:54","guid":{"rendered":"https:\/\/theplayoffs.news\/fr\/?p=1468585"},"modified":"2024-11-28T17:49:54","modified_gmt":"2024-11-28T16:49:54","slug":"brandon-crawford-raccroche-le-gant","status":"publish","type":"post","link":"https:\/\/theplayoffs.news\/fr\/actualite-mlb\/brandon-crawford-raccroche-le-gant\/","title":{"rendered":"Brandon Crawford raccroche le gant apr\u00e8s 14 saisons\u00a0!"},"content":{"rendered":"<p style=\"text-align: justify\"><strong>MLB- Apr&egrave;s 14 saisons pass&eacute;es dans la grande ligue, Brandon Crawford a d&eacute;cid&eacute; de prendre sa retraite. Le californien de 37 ans aura marqu&eacute; l&rsquo;histoire des Giants de San Francisco.<\/strong><\/p><blockquote class=\"twitter-tweet\" data-width=\"500\" data-dnt=\"true\">\n<p lang=\"en\" dir=\"ltr\">After 14 seasons in Major League Baseball, including 1,655 games in an <a href=\"https:\/\/twitter.com\/hashtag\/SFGiants?src=hash&amp;ref_src=twsrc%5Etfw\" class=\"trk-cta-link\" data-cta-trk='{\"ctaType\":\"Link\",\"ctaSubType\":\"main\"}'>#SFGiants<\/a> uniform, Brandon Crawford has officially retired.<\/p>\n<p>Thank you for the incredible memories, Craw! &#129505; <a href=\"https:\/\/t.co\/tfNu1uJqkq\" class=\"trk-cta-link\" data-cta-trk='{\"ctaType\":\"Link\",\"ctaSubType\":\"main\"}'>pic.twitter.com\/tfNu1uJqkq<\/a><\/p>\n<p>&mdash; SFGiants (@SFGiants) <a href=\"https:\/\/twitter.com\/SFGiants\/status\/1861917711963738266?ref_src=twsrc%5Etfw\" class=\"trk-cta-link\" data-cta-trk='{\"ctaType\":\"Link\",\"ctaSubType\":\"main\"}'>November 27, 2024<\/a><\/p><\/blockquote><p><script async src=\"https:\/\/platform.twitter.com\/widgets.js\" charset=\"utf-8\"><\/script><\/p><h3 style=\"text-align: justify\">Brandon Crawford : Une carri&egrave;re riche en succ&egrave;s !<\/h3><p>\n<div id=\"attachment_1468587\" style=\"width: 1930px\" class=\"wp-caption alignnone\"><img loading=\"lazy\" decoding=\"async\" aria-describedby=\"caption-attachment-1468587\" class=\"wp-image-1468587 size-full\" src=\"https:\/\/theplayoffs.news\/fr\/wp-content\/uploads\/2024\/11\/USATSI_21548949.jpg\" alt=\"Brandon Crawford\" width=\"1920\" height=\"1280\" srcset=\"https:\/\/theplayoffs.news\/fr\/wp-content\/uploads\/2024\/11\/USATSI_21548949.jpg 1920w, https:\/\/theplayoffs.news\/fr\/wp-content\/uploads\/2024\/11\/USATSI_21548949-300x200.jpg 300w, https:\/\/theplayoffs.news\/fr\/wp-content\/uploads\/2024\/11\/USATSI_21548949-1030x687.jpg 1030w, https:\/\/theplayoffs.news\/fr\/wp-content\/uploads\/2024\/11\/USATSI_21548949-768x512.jpg 768w, https:\/\/theplayoffs.news\/fr\/wp-content\/uploads\/2024\/11\/USATSI_21548949-1320x880.jpg 1320w\" sizes=\"auto, (max-width: 1920px) 100vw, 1920px\" \/><p id=\"caption-attachment-1468587\" class=\"wp-caption-text\">Oct 1, 2023; San Francisco, California, USA; A San Francisco Giants expresses her appreciation for Giants shortstop Brandon Crawford (35) following their game against the Los Angeles Dodgers at Oracle Park. Mandatory Credit: D. Ross Cameron-USA TODAY Sports<\/p><\/div>\n<\/p><p>&nbsp;<\/p><p style=\"text-align: justify\">Apr&egrave;s <a href=\"https:\/\/theplayoffs.news\/fr\/mlb\/breaking-news-buster-posey-va-annoncer-sa-retraite\/\" class=\"trk-cta-link\" data-cta-trk='{\"ctaType\":\"Link\",\"ctaSubType\":\"main\"}'>Buster Posey<\/a>, voici un autre joueur marquant de la dynastie des <a href=\"https:\/\/theplayoffs.news\/fr\/equipe\/san-francisco-giants-mlb\/\" class=\"trk-cta-link\" data-cta-trk='{\"ctaType\":\"Link\",\"ctaSubType\":\"main\"}'>San Francisco Giants<\/a> des ann&eacute;es 2010 qui se retire en la personne de Brandon Crawford. Le natif de Mountain View aura pass&eacute; 13 de ses 14 saisons sous la tunique de la franchise de San Francisco.<\/p><p style=\"text-align: justify\">Draft&eacute; en 2008 au quatri&egrave;me tour par les San Francisco Giants, <a href=\"https:\/\/theplayoffs.news\/fr\/joueur\/brandon-crawford-mlb-60938\/\" class=\"trk-cta-link\" data-cta-trk='{\"ctaType\":\"Link\",\"ctaSubType\":\"main\"}'>Brandon Crawford<\/a> rejoindra l&rsquo;&eacute;quipe en 2011 alors qu&rsquo;il n&rsquo;avait jamais d&eacute;pass&eacute; le niveau Double-A jusqu&rsquo;&agrave; pr&eacute;sent. Il effectue donc ses d&eacute;buts dans la grande ligue le 27 mai 2011 sur le terrain des <a href=\"https:\/\/theplayoffs.news\/fr\/equipe\/milwaukee-brewers-mlb\/\" class=\"trk-cta-link\" data-cta-trk='{\"ctaType\":\"Link\",\"ctaSubType\":\"main\"}'>Brewers de Milwaukee.<\/a><\/p><p style=\"text-align: justify\">Il marquera de son empreinte ses grands d&eacute;buts avec un &laquo;&nbsp;Grand Slam&nbsp;&raquo; frapp&eacute; d&egrave;s son premier court s&ucirc;r, devenant ainsi le deuxi&egrave;me joueur de la franchise &agrave; r&eacute;ussir cette exploit apr&egrave;s <a href=\"https:\/\/www.mlb.com\/player\/barry-bonds-111188\" class=\"trk-cta-link\" data-cta-trk='{\"ctaType\":\"Link\",\"ctaSubType\":\"main\"}'>Barry Bond<\/a> en 1968.<\/p><p>&nbsp;<\/p><p><iframe loading=\"lazy\" title=\"2011\/05\/27 Crawford's grand slam\" width=\"500\" height=\"281\" src=\"https:\/\/www.youtube.com\/embed\/GsifDkCRcWk?feature=oembed\" frameborder=\"0\" allow=\"accelerometer; autoplay; clipboard-write; encrypted-media; gyroscope; picture-in-picture; web-share\" referrerpolicy=\"strict-origin-when-cross-origin\" allowfullscreen><\/iframe><\/p><p>&nbsp;<\/p><p style=\"text-align: justify\">A son arriv&eacute;e, la franchise de la baie est alors l&rsquo;&eacute;quipe championne en titre. Il int&egrave;grera de fa&ccedil;on r&eacute;guli&egrave;re l&rsquo;&eacute;quipe en 2012, l&rsquo;ann&eacute;e o&ugrave; il remportera son premier titre, le deuxi&egrave;me de la franchise sous l&rsquo;&egrave;re <a href=\"https:\/\/www.mlb.com\/player\/bruce-bochy-111136\" class=\"trk-cta-link\" data-cta-trk='{\"ctaType\":\"Link\",\"ctaSubType\":\"main\"}'>Bruce Bochy<\/a>, marquant le d&eacute;but de la dynastie des californiens.<\/p><p style=\"text-align: justify\">Depuis, Brandon Crawford a inscrit son nom dans l&rsquo;histoire de la franchise avec deux titres (2012 et 2014). En 14 saisons, il remportera aussi 4 fois le troph&eacute;e &laquo;&nbsp;Gold Glove&nbsp;&raquo; et comptera 3 s&eacute;lections au match des &eacute;toiles. Il termine donc sa carri&egrave;re avec une moyenne au b&acirc;ton de .249, 147 circuits et 1404 coups s&ucirc;rs.<\/p><p style=\"text-align: justify\">Il avait d&eacute;cid&eacute; de faire une derni&egrave;re valse du c&ocirc;t&eacute; des <a href=\"https:\/\/theplayoffs.news\/fr\/equipe\/st-louis-cardinals-mlb\/\" class=\"trk-cta-link\" data-cta-trk='{\"ctaType\":\"Link\",\"ctaSubType\":\"main\"}'>Cardinals de St.Louis<\/a>. Il y &eacute;voluera jusqu&rsquo;en ao&ucirc;t avant d&rsquo;&ecirc;tre rel&acirc;ch&eacute; par la franchise.<\/p><p style=\"text-align: justify\">C&rsquo;est donc sans grande surprise, que Brandon Crawford a d&eacute;cid&eacute; de mettre un terme &agrave; sa riche carri&egrave;re ce mercredi, apr&egrave;s une fid&eacute;lit&eacute; de 13 saisons avec les Giants. Le temps &eacute;tait venu pour lui de dire adieu &agrave; ce sport qu&rsquo;il aimait tant.<\/p><blockquote>\n<p style=\"text-align: justify\">&laquo;&nbsp;Le baseball a &eacute;t&eacute; une grande partie de ma vie pour autant que je m&rsquo;en souvienne, et pour le reste de ma vie je serais reconnaissant pour les opportunit&eacute;s et les exp&eacute;riences que cela m&rsquo;a donn&eacute;. Le temps est pr&eacute;cieux. Je suis incroyablement reconnaissant pour toutes les ann&eacute;es que j&rsquo;ai pass&eacute; &agrave; jouer &agrave; ce jeu, mais il est maintenant temps pour moi de le passer avec les personnes dont je suis le plus reconnaissant.&nbsp;&raquo; a d&eacute;clar&eacute; Brandon Crawford dans un communiqu&eacute; publi&eacute; sur ses r&eacute;seaux.<\/p>\n<\/blockquote><p style=\"text-align: justify\">Son ami et partenaire de longue date, <a href=\"https:\/\/theplayoffs.news\/fr\/mlb\/buster-posey-revient-chez-les-giants\/\" class=\"trk-cta-link\" data-cta-trk='{\"ctaType\":\"Link\",\"ctaSubType\":\"main\"}'>devenu pr&eacute;sident des op&eacute;rations Baseball des Giants, Buster Posey<\/a>, y est all&eacute; aussi de son hommage. Les deux amis ont &eacute;volu&eacute; ensemble depuis leur draft commune en 2008 jusqu&rsquo;au dernier match du receveur en 2011. &nbsp;Ils auront donc connu les ann&eacute;es glorieuses de la franchise ensemble.<\/p><blockquote>\n<p style=\"text-align: justify\">&laquo;&nbsp;Regarder Brandon jouer f&ucirc;t un privil&egrave;ge pas que pour moi, mais pour les fans des Giants partout. Il a &eacute;t&eacute; All-Star, Gold Glove et Silver Glove, deux fois champions, vainqueur du troph&eacute;e Lou Gehrig et Willie Mac, il se comportait toujours avec classe, honneur et respect. Les Giants ont &eacute;t&eacute; incroyablement chanceux d&rsquo;avoir Brandon dans leur &eacute;quipe pendant 16 ans. Alors que ce chapitre se termine, son h&eacute;ritage dans le jeu sera c&eacute;l&eacute;br&eacute; par les fans, les co&eacute;quipiers et les g&eacute;n&eacute;rations futures qui l&rsquo;admirent pour l&rsquo;exemple qu&rsquo;il a donn&eacute;.&nbsp;&raquo;<\/p>\n<\/blockquote><p style=\"text-align: justify\">Bruce Bochy a tenu, lui aussi, &agrave; rendre hommage &agrave; l&rsquo;un de ses plus fid&egrave;le lieutenant.<\/p><blockquote>\n<p style=\"text-align: justify\">&laquo;&nbsp;F&eacute;licitations &agrave; Craw pour son immense carri&egrave;re. C&rsquo;est juste la merveilleuse histoire d&rsquo;un gamin qui est devenu l&rsquo;un des meilleurs arr&ecirc;t-court de l&rsquo;histoire de la franchise des Giants. L&rsquo;&eacute;quipe qu&rsquo;il a aim&eacute; et avec laquelle il a grandi.&nbsp;&raquo;<\/p>\n<\/blockquote><p style=\"text-align: justify\">C&rsquo;est donc une page de l&rsquo;histoire de la franchise de la baie qui se tourne avec l&rsquo;annonce de Brandon Crawford. Nul doute que les Giants et les fans sauront lui rendre hommage au cours d&rsquo;une c&eacute;r&eacute;monie cette saison. A suivre. En attendant nous souhaitons une bonne continuation &agrave; Crawford dans sa nouvelle vie.<\/p><blockquote class=\"twitter-tweet\" data-width=\"500\" data-dnt=\"true\">\n<p lang=\"en\" dir=\"ltr\">Brandon Crawford loved <a href=\"https:\/\/twitter.com\/SFGiants?ref_src=twsrc%5Etfw\" class=\"trk-cta-link\" data-cta-trk='{\"ctaType\":\"Link\",\"ctaSubType\":\"main\"}'>@SFGiants<\/a> fans and they loved him back &#129505; <a href=\"https:\/\/t.co\/LzZVaJktR7\" class=\"trk-cta-link\" data-cta-trk='{\"ctaType\":\"Link\",\"ctaSubType\":\"main\"}'>pic.twitter.com\/LzZVaJktR7<\/a><\/p>\n<p>&mdash; MLB (@MLB) <a href=\"https:\/\/twitter.com\/MLB\/status\/1861942654684250322?ref_src=twsrc%5Etfw\" class=\"trk-cta-link\" data-cta-trk='{\"ctaType\":\"Link\",\"ctaSubType\":\"main\"}'>November 28, 2024<\/a><\/p><\/blockquote><p><script async src=\"https:\/\/platform.twitter.com\/widgets.js\" charset=\"utf-8\"><\/script><\/p><p>&nbsp;<\/p><p>Cr&eacute;dit Photo : &copy; D. Ross Cameron-Imagn Images<\/p>\n","protected":false},"excerpt":{"rendered":"","protected":false},"author":180309823,"featured_media":1468586,"comment_status":"open","ping_status":"closed","sticky":false,"template":"","format":"standard","meta":{"inline_featured_image":false,"kia_subtitle":"","_mux_skip_reasons":[],"proofreadBy":0,"footnotes":""},"categories":[188,9],"tags":[5717,466],"sport":[2786],"saison":[],"class_list":["post-1468585","post","type-post","status-publish","format-standard","has-post-thumbnail","hentry","category-actualite-mlb","category-mlb","tag-brandon-crawford","tag-san-francisco-giants","sport-mlb"],"acf":[],"yoast_head":"<!-- This site is optimized with the Yoast SEO plugin v24.2 - https:\/\/yoast.com\/wordpress\/plugins\/seo\/ -->\n<title>Brandon Crawford raccroche le gant apr&egrave;s 14 saisons&nbsp;! - The Playoffs FR<\/title>\n<meta name=\"robots\" content=\"index, follow, max-snippet:-1, max-image-preview:large, max-video-preview:-1\" \/>\n<link rel=\"canonical\" href=\"https:\/\/theplayoffs.news\/fr\/actualite-mlb\/brandon-crawford-raccroche-le-gant\/\" \/>\n<meta property=\"og:locale\" content=\"fr_FR\" \/>\n<meta property=\"og:type\" content=\"article\" \/>\n<meta property=\"og:title\" content=\"Brandon Crawford raccroche le gant apr&egrave;s 14 saisons&nbsp;! - The Playoffs FR\" \/>\n<meta property=\"og:url\" content=\"https:\/\/theplayoffs.news\/fr\/actualite-mlb\/brandon-crawford-raccroche-le-gant\/\" \/>\n<meta property=\"og:site_name\" content=\"The Playoffs FR\" \/>\n<meta property=\"article:publisher\" content=\"https:\/\/www.facebook.com\/TheFreeAgentFR\/\" \/>\n<meta property=\"article:modified_time\" content=\"2024-11-28T17:49:54+01:00\" \/>\n<meta property=\"og:image\" content=\"https:\/\/theplayoffs.news\/fr\/wp-content\/uploads\/2024\/11\/USATSI_21547350.jpg\" \/>\n\t<meta property=\"og:image:width\" content=\"1920\" \/>\n\t<meta property=\"og:image:height\" content=\"1280\" \/>\n\t<meta property=\"og:image:type\" content=\"image\/jpeg\" \/>\n<meta name=\"author\" content=\"Nicolas Blanchard\" \/>\n<meta name=\"twitter:card\" content=\"summary_large_image\" \/>\n<meta name=\"twitter:creator\" content=\"@TheFreeAgentFR\" \/>\n<meta name=\"twitter:site\" content=\"@TheFreeAgentFR\" \/>\n<meta name=\"twitter:label1\" content=\"\u00c9crit par\" \/>\n\t<meta name=\"twitter:data1\" content=\"Nicolas Blanchard\" \/>\n\t<meta name=\"twitter:label2\" content=\"Dur\u00e9e de lecture estim\u00e9e\" \/>\n\t<meta name=\"twitter:data2\" content=\"4 minutes\" \/>\n<script type=\"application\/ld+json\" class=\"yoast-schema-graph\">{\"@context\":\"https:\/\/schema.org\",\"@graph\":[{\"@type\":\"WebPage\",\"@id\":\"https:\/\/theplayoffs.news\/fr\/actualite-mlb\/brandon-crawford-raccroche-le-gant\/\",\"url\":\"https:\/\/theplayoffs.news\/fr\/actualite-mlb\/brandon-crawford-raccroche-le-gant\/\",\"name\":\"Brandon Crawford raccroche le gant apr\u00e8s 14 saisons\u00a0! - The Playoffs FR\",\"isPartOf\":{\"@id\":\"https:\/\/theplayoffs.news\/fr\/#website\"},\"primaryImageOfPage\":{\"@id\":\"https:\/\/theplayoffs.news\/fr\/actualite-mlb\/brandon-crawford-raccroche-le-gant\/#primaryimage\"},\"image\":{\"@id\":\"https:\/\/theplayoffs.news\/fr\/actualite-mlb\/brandon-crawford-raccroche-le-gant\/#primaryimage\"},\"thumbnailUrl\":\"https:\/\/theplayoffs.news\/fr\/wp-content\/uploads\/2024\/11\/USATSI_21547350.jpg\",\"datePublished\":\"2024-11-28T16:49:54+00:00\",\"dateModified\":\"2024-11-28T16:49:54+00:00\",\"author\":{\"@id\":\"https:\/\/theplayoffs.news\/fr\/#\/schema\/person\/940879031feb6d5e27cf3c6b69917900\"},\"breadcrumb\":{\"@id\":\"https:\/\/theplayoffs.news\/fr\/actualite-mlb\/brandon-crawford-raccroche-le-gant\/#breadcrumb\"},\"inLanguage\":\"fr-FR\",\"potentialAction\":[{\"@type\":\"ReadAction\",\"target\":[\"https:\/\/theplayoffs.news\/fr\/actualite-mlb\/brandon-crawford-raccroche-le-gant\/\"]}]},{\"@type\":\"ImageObject\",\"inLanguage\":\"fr-FR\",\"@id\":\"https:\/\/theplayoffs.news\/fr\/actualite-mlb\/brandon-crawford-raccroche-le-gant\/#primaryimage\",\"url\":\"https:\/\/theplayoffs.news\/fr\/wp-content\/uploads\/2024\/11\/USATSI_21547350.jpg\",\"contentUrl\":\"https:\/\/theplayoffs.news\/fr\/wp-content\/uploads\/2024\/11\/USATSI_21547350.jpg\",\"width\":1920,\"height\":1280,\"caption\":\"Oct 1, 2023; San Francisco, California, USA; San Francisco Giants shortstop Brandon Crawford (35) acknowledges the cheers of the crowd as he comes to bat against the Los Angeles Dodgers during the first inning at Oracle Park, in what could be his final game with the team. Mandatory Credit: D. Ross Cameron-USA TODAY Sports\"},{\"@type\":\"BreadcrumbList\",\"@id\":\"https:\/\/theplayoffs.news\/fr\/actualite-mlb\/brandon-crawford-raccroche-le-gant\/#breadcrumb\",\"itemListElement\":[{\"@type\":\"ListItem\",\"position\":1,\"name\":\"Accueil\",\"item\":\"https:\/\/theplayoffs.news\/fr\/\"},{\"@type\":\"ListItem\",\"position\":2,\"name\":\"Brandon Crawford raccroche le gant apr\u00e8s 14 saisons\u00a0!\"}]},{\"@type\":\"WebSite\",\"@id\":\"https:\/\/theplayoffs.news\/fr\/#website\",\"url\":\"https:\/\/theplayoffs.news\/fr\/\",\"name\":\"The Playoffs FR\",\"description\":\"NBA-NFL-NHL-MLB\",\"potentialAction\":[{\"@type\":\"SearchAction\",\"target\":{\"@type\":\"EntryPoint\",\"urlTemplate\":\"https:\/\/theplayoffs.news\/fr\/?s={search_term_string}\"},\"query-input\":{\"@type\":\"PropertyValueSpecification\",\"valueRequired\":true,\"valueName\":\"search_term_string\"}}],\"inLanguage\":\"fr-FR\"},{\"@type\":\"Person\",\"@id\":\"https:\/\/theplayoffs.news\/fr\/#\/schema\/person\/940879031feb6d5e27cf3c6b69917900\",\"name\":\"Nicolas Blanchard\",\"image\":{\"@type\":\"ImageObject\",\"inLanguage\":\"fr-FR\",\"@id\":\"https:\/\/theplayoffs.news\/fr\/#\/schema\/person\/image\/\",\"url\":\"https:\/\/secure.gravatar.com\/avatar\/98953498460526f9290cb098aaa573c5e0a48837b1ca5807dd22cace83810899?s=96&d=mm&r=g\",\"contentUrl\":\"https:\/\/secure.gravatar.com\/avatar\/98953498460526f9290cb098aaa573c5e0a48837b1ca5807dd22cace83810899?s=96&d=mm&r=g\",\"caption\":\"Nicolas Blanchard\"},\"description\":\"Fan de MLB depuis une dizaine d\u2019ann\u00e9es, je suis tomb\u00e9 amoureux des Chicago Cubs lorsque j\u2019ai vu Bill Murray c\u00e9l\u00e9brer ce premier sacre depuis 108 ans. Mon premier contact avec le Sport US s\u2019est fait lorsque je suis tomb\u00e9 sur une VHS d\u2019Allen Iverson et se fut la r\u00e9v\u00e9lation. Je suis devenu r\u00e9dacteur depuis maintenant 4 ans et cela m\u2019apporte une nouvelle vision du Sport US \u00e0 la fois analytique et bien plus globale (et oui il faut couvrir toutes les \u00e9quipes m\u00eame les chaussettes rouges de Boston).\",\"url\":\"https:\/\/theplayoffs.news\/fr\/author\/nico4017\/\"}]}<\/script>\n<!-- \/ Yoast SEO plugin. -->","yoast_head_json":{"title":"Brandon Crawford raccroche le gant apr&egrave;s 14 saisons&nbsp;! - The Playoffs FR","robots":{"index":"index","follow":"follow","max-snippet":"max-snippet:-1","max-image-preview":"max-image-preview:large","max-video-preview":"max-video-preview:-1"},"canonical":"https:\/\/theplayoffs.news\/fr\/actualite-mlb\/brandon-crawford-raccroche-le-gant\/","og_locale":"fr_FR","og_type":"article","og_title":"Brandon Crawford raccroche le gant apr&egrave;s 14 saisons&nbsp;! - The Playoffs FR","og_url":"https:\/\/theplayoffs.news\/fr\/actualite-mlb\/brandon-crawford-raccroche-le-gant\/","og_site_name":"The Playoffs FR","article_publisher":"https:\/\/www.facebook.com\/TheFreeAgentFR\/","og_image":[{"width":1920,"height":1280,"url":"https:\/\/theplayoffs.news\/fr\/wp-content\/uploads\/2024\/11\/USATSI_21547350.jpg","type":"image\/jpeg"}],"author":"Nicolas Blanchard","twitter_card":"summary_large_image","twitter_creator":"@TheFreeAgentFR","twitter_site":"@TheFreeAgentFR","twitter_misc":{"\u00c9crit par":"Nicolas Blanchard","Dur\u00e9e de lecture estim\u00e9e":"4 minutes"},"schema":{"@context":"https:\/\/schema.org","@graph":[{"@type":"WebPage","@id":"https:\/\/theplayoffs.news\/fr\/actualite-mlb\/brandon-crawford-raccroche-le-gant\/","url":"https:\/\/theplayoffs.news\/fr\/actualite-mlb\/brandon-crawford-raccroche-le-gant\/","name":"Brandon Crawford raccroche le gant apr\u00e8s 14 saisons\u00a0! - The Playoffs FR","isPartOf":{"@id":"https:\/\/theplayoffs.news\/fr\/#website"},"primaryImageOfPage":{"@id":"https:\/\/theplayoffs.news\/fr\/actualite-mlb\/brandon-crawford-raccroche-le-gant\/#primaryimage"},"image":{"@id":"https:\/\/theplayoffs.news\/fr\/actualite-mlb\/brandon-crawford-raccroche-le-gant\/#primaryimage"},"thumbnailUrl":"https:\/\/theplayoffs.news\/fr\/wp-content\/uploads\/2024\/11\/USATSI_21547350.jpg","datePublished":"2024-11-28T16:49:54+00:00","dateModified":"2024-11-28T16:49:54+00:00","author":{"@id":"https:\/\/theplayoffs.news\/fr\/#\/schema\/person\/940879031feb6d5e27cf3c6b69917900"},"breadcrumb":{"@id":"https:\/\/theplayoffs.news\/fr\/actualite-mlb\/brandon-crawford-raccroche-le-gant\/#breadcrumb"},"inLanguage":"fr-FR","potentialAction":[{"@type":"ReadAction","target":["https:\/\/theplayoffs.news\/fr\/actualite-mlb\/brandon-crawford-raccroche-le-gant\/"]}]},{"@type":"ImageObject","inLanguage":"fr-FR","@id":"https:\/\/theplayoffs.news\/fr\/actualite-mlb\/brandon-crawford-raccroche-le-gant\/#primaryimage","url":"https:\/\/theplayoffs.news\/fr\/wp-content\/uploads\/2024\/11\/USATSI_21547350.jpg","contentUrl":"https:\/\/theplayoffs.news\/fr\/wp-content\/uploads\/2024\/11\/USATSI_21547350.jpg","width":1920,"height":1280,"caption":"Oct 1, 2023; San Francisco, California, USA; San Francisco Giants shortstop Brandon Crawford (35) acknowledges the cheers of the crowd as he comes to bat against the Los Angeles Dodgers during the first inning at Oracle Park, in what could be his final game with the team. Mandatory Credit: D. Ross Cameron-USA TODAY Sports"},{"@type":"BreadcrumbList","@id":"https:\/\/theplayoffs.news\/fr\/actualite-mlb\/brandon-crawford-raccroche-le-gant\/#breadcrumb","itemListElement":[{"@type":"ListItem","position":1,"name":"Accueil","item":"https:\/\/theplayoffs.news\/fr\/"},{"@type":"ListItem","position":2,"name":"Brandon Crawford raccroche le gant apr\u00e8s 14 saisons\u00a0!"}]},{"@type":"WebSite","@id":"https:\/\/theplayoffs.news\/fr\/#website","url":"https:\/\/theplayoffs.news\/fr\/","name":"The Playoffs FR","description":"NBA-NFL-NHL-MLB","potentialAction":[{"@type":"SearchAction","target":{"@type":"EntryPoint","urlTemplate":"https:\/\/theplayoffs.news\/fr\/?s={search_term_string}"},"query-input":{"@type":"PropertyValueSpecification","valueRequired":true,"valueName":"search_term_string"}}],"inLanguage":"fr-FR"},{"@type":"Person","@id":"https:\/\/theplayoffs.news\/fr\/#\/schema\/person\/940879031feb6d5e27cf3c6b69917900","name":"Nicolas Blanchard","image":{"@type":"ImageObject","inLanguage":"fr-FR","@id":"https:\/\/theplayoffs.news\/fr\/#\/schema\/person\/image\/","url":"https:\/\/secure.gravatar.com\/avatar\/98953498460526f9290cb098aaa573c5e0a48837b1ca5807dd22cace83810899?s=96&d=mm&r=g","contentUrl":"https:\/\/secure.gravatar.com\/avatar\/98953498460526f9290cb098aaa573c5e0a48837b1ca5807dd22cace83810899?s=96&d=mm&r=g","caption":"Nicolas Blanchard"},"description":"Fan de MLB depuis une dizaine d\u2019ann\u00e9es, je suis tomb\u00e9 amoureux des Chicago Cubs lorsque j\u2019ai vu Bill Murray c\u00e9l\u00e9brer ce premier sacre depuis 108 ans. Mon premier contact avec le Sport US s\u2019est fait lorsque je suis tomb\u00e9 sur une VHS d\u2019Allen Iverson et se fut la r\u00e9v\u00e9lation. Je suis devenu r\u00e9dacteur depuis maintenant 4 ans et cela m\u2019apporte une nouvelle vision du Sport US \u00e0 la fois analytique et bien plus globale (et oui il faut couvrir toutes les \u00e9quipes m\u00eame les chaussettes rouges de Boston).","url":"https:\/\/theplayoffs.news\/fr\/author\/nico4017\/"}]}},"_links":{"self":[{"href":"https:\/\/theplayoffs.news\/fr\/wp-json\/wp\/v2\/posts\/1468585","targetHints":{"allow":["GET"]}}],"collection":[{"href":"https:\/\/theplayoffs.news\/fr\/wp-json\/wp\/v2\/posts"}],"about":[{"href":"https:\/\/theplayoffs.news\/fr\/wp-json\/wp\/v2\/types\/post"}],"author":[{"embeddable":true,"href":"https:\/\/theplayoffs.news\/fr\/wp-json\/wp\/v2\/users\/180309823"}],"replies":[{"embeddable":true,"href":"https:\/\/theplayoffs.news\/fr\/wp-json\/wp\/v2\/comments?post=1468585"}],"version-history":[{"count":3,"href":"https:\/\/theplayoffs.news\/fr\/wp-json\/wp\/v2\/posts\/1468585\/revisions"}],"predecessor-version":[{"id":1468593,"href":"https:\/\/theplayoffs.news\/fr\/wp-json\/wp\/v2\/posts\/1468585\/revisions\/1468593"}],"wp:featuredmedia":[{"embeddable":true,"href":"https:\/\/theplayoffs.news\/fr\/wp-json\/wp\/v2\/media\/1468586"}],"wp:attachment":[{"href":"https:\/\/theplayoffs.news\/fr\/wp-json\/wp\/v2\/media?parent=1468585"}],"wp:term":[{"taxonomy":"category","embeddable":true,"href":"https:\/\/theplayoffs.news\/fr\/wp-json\/wp\/v2\/categories?post=1468585"},{"taxonomy":"post_tag","embeddable":true,"href":"https:\/\/theplayoffs.news\/fr\/wp-json\/wp\/v2\/tags?post=1468585"},{"taxonomy":"sport","embeddable":true,"href":"https:\/\/theplayoffs.news\/fr\/wp-json\/wp\/v2\/sport?post=1468585"},{"taxonomy":"saison","embeddable":true,"href":"https:\/\/theplayoffs.news\/fr\/wp-json\/wp\/v2\/saison?post=1468585"}],"curies":[{"name":"wp","href":"https:\/\/api.w.org\/{rel}","templated":true}]}}