{"id":1468435,"date":"2024-11-27T17:05:36","date_gmt":"2024-11-27T16:05:36","guid":{"rendered":"https:\/\/theplayoffs.news\/fr\/?p=1468435"},"modified":"2024-11-27T16:53:53","modified_gmt":"2024-11-27T15:53:53","slug":"blake-snell-sengage-avec-les-dodgers","status":"publish","type":"post","link":"https:\/\/theplayoffs.news\/fr\/actualite-mlb\/blake-snell-sengage-avec-les-dodgers\/","title":{"rendered":"Blake Snell s\u2019engage avec les Dodgers pour 5 ans\u00a0!"},"content":{"rendered":"<p style=\"text-align: justify\"><strong>MLB- C&rsquo;est la petite bombe de la journ&eacute;e, le lanceur partant Blake Snell a trouv&eacute; un accord avec les Dodgers pour les 5 prochaines saisons, avec un montant de 182 millions de dollars &agrave; la cl&eacute;.<\/strong><\/p><blockquote class=\"twitter-tweet\" data-width=\"500\" data-dnt=\"true\">\n<p lang=\"en\" dir=\"ltr\">Left-hander Blake Snell and the Los Angeles Dodgers are in agreement on a five-year, $182 million contract, pending physical, sources tell me and <a href=\"https:\/\/twitter.com\/jorgecastillo?ref_src=twsrc%5Etfw\" class=\"trk-cta-link\" data-cta-trk='{\"ctaType\":\"Link\",\"ctaSubType\":\"main\"}'>@jorgecastillo<\/a>. The World Series champions get the two-time Cy Young winner in the first nine-figure deal of the winter.<\/p>\n<p>&mdash; Jeff Passan (@JeffPassan) <a href=\"https:\/\/twitter.com\/JeffPassan\/status\/1861620974631915737?ref_src=twsrc%5Etfw\" class=\"trk-cta-link\" data-cta-trk='{\"ctaType\":\"Link\",\"ctaSubType\":\"main\"}'>November 27, 2024<\/a><\/p><\/blockquote><p><script async src=\"https:\/\/platform.twitter.com\/widgets.js\" charset=\"utf-8\"><\/script><\/p><p style=\"text-align: justify\">Bien que les <a href=\"https:\/\/theplayoffs.news\/fr\/equipe\/los-angeles-dodgers-mlb\/\" class=\"trk-cta-link\" data-cta-trk='{\"ctaType\":\"Link\",\"ctaSubType\":\"main\"}'>Los Angeles Dodgers<\/a> n&rsquo;aient pas officialis&eacute; l&rsquo;arriv&eacute;e de <a href=\"https:\/\/theplayoffs.news\/fr\/joueur\/blake-snell-mlb-67496\/\" class=\"trk-cta-link\" data-cta-trk='{\"ctaType\":\"Link\",\"ctaSubType\":\"main\"}'>Blake Snell<\/a>, ce dernier a post&eacute; une photo de lui avec la tunique des champions en titre, ne laissant que peu de place au doute. Une visite m&eacute;dicale est pr&eacute;vue dans la journ&eacute;e.<\/p><p style=\"text-align: justify\">Dans son contrat, Blake Snell n&rsquo;a aucune clause de trade, ni d&rsquo;Opt out (option de sortie en cassant son contrat). Le double Cy Young va voir une partie de son salaire report&eacute;e et touchera une prime &agrave; la signature de 52 millions de dollars. Avec ce contrat il devient le troisi&egrave;me lanceur gaucher le mieux pay&eacute; de l&rsquo;histoire apr&egrave;s David Price (217 Millions $\/Red Sox) et Clayton Kershaw (215 millions $\/Dodgers).<\/p><p style=\"text-align: justify\"><span style=\"font-size: 20px;font-weight: 600\">Blake Snell&nbsp;: Un renfort de poids dans la rotation des Dodgers<\/span><\/p><p style=\"text-align: justify\">Les Los Angeles Dodgers &eacute;taient clairement &agrave; la recherche d&rsquo;un lanceur partant pour &eacute;toffer leur rotation. Blake Snell &eacute;tait donc la top priorit&eacute; pour eux.<\/p><p style=\"text-align: justify\">Le p&eacute;digr&eacute; de Blake Snell n&rsquo;est plus &agrave; d&eacute;montrer avec deux troph&eacute;e CY Young (2018 avec les <a href=\"https:\/\/theplayoffs.news\/fr\/equipe\/tampa-bay-rays-mlb\/\" class=\"trk-cta-link\" data-cta-trk='{\"ctaType\":\"Link\",\"ctaSubType\":\"main\"}'>Rays<\/a> et 2023 avec les <a href=\"https:\/\/theplayoffs.news\/fr\/equipe\/san-diego-padres-mlb\/\" class=\"trk-cta-link\" data-cta-trk='{\"ctaType\":\"Link\",\"ctaSubType\":\"main\"}'>Padres<\/a>), le lanceur gaucher enregistre une ERA en carri&egrave;re de 3.19 et 1368 strikeouts.<\/p><p style=\"text-align: justify\">La saison derni&egrave;re avait tr&egrave;s mal d&eacute;but&eacute; avec une arriv&eacute;e tardive dans la baie de San Francisco et une blessure aux adducteurs. Il enregistrait alors, apr&egrave;s 6 d&eacute;parts, une ERA de 9.51. Finalement, apr&egrave;s sa blessure, il va enchainer les excellentes sorties avec une carte de 5-3 et une ERA de 3.12 pour terminer la saison.<\/p><p style=\"text-align: justify\">Il a notamment briller de juillet &agrave; septembre avec 14 d&eacute;parts pour une moyenne de points m&eacute;rit&eacute;s conc&eacute;d&eacute;s de 1.23 et 114 retraits au marbre. Il lan&ccedil;a d&rsquo;ailleurs un &laquo;&nbsp;No-Hitter&nbsp;&raquo; contre les Cincinnati Reds le 2 ao&ucirc;t.<\/p><blockquote class=\"twitter-tweet\" data-width=\"500\" data-dnt=\"true\">\n<p lang=\"en\" dir=\"ltr\">Blake Snell had his no-hitter stuff tonight &#128526; <a href=\"https:\/\/t.co\/NOmS0BwwYx\" class=\"trk-cta-link\" data-cta-trk='{\"ctaType\":\"Link\",\"ctaSubType\":\"main\"}'>pic.twitter.com\/NOmS0BwwYx<\/a><\/p>\n<p>&mdash; SFGiants (@SFGiants) <a href=\"https:\/\/twitter.com\/SFGiants\/status\/1819580733918531814?ref_src=twsrc%5Etfw\" class=\"trk-cta-link\" data-cta-trk='{\"ctaType\":\"Link\",\"ctaSubType\":\"main\"}'>August 3, 2024<\/a><\/p><\/blockquote><p><script async src=\"https:\/\/platform.twitter.com\/widgets.js\" charset=\"utf-8\"><\/script><\/p><p style=\"text-align: justify\">Blake Snell vient donc renforcer une rotation, qui en forme, devrait effrayer les attaques adverses la saison prochaine. Accrochez vous bien, voici la rotation des Dodgers pour 2025 : <a href=\"https:\/\/theplayoffs.news\/fr\/joueur\/yoshinobu-yamamoto-mlb-9745174\/\" class=\"trk-cta-link\" data-cta-trk='{\"ctaType\":\"Link\",\"ctaSubType\":\"main\"}'>Yoshinobu Yamamoto<\/a>, <a href=\"https:\/\/theplayoffs.news\/fr\/joueur\/tyler-glasnow-mlb-66380\/\" class=\"trk-cta-link\" data-cta-trk='{\"ctaType\":\"Link\",\"ctaSubType\":\"main\"}'>Tyler Glasnow<\/a>, Blake Snell, <a href=\"https:\/\/theplayoffs.news\/fr\/joueur\/shohei-ohtani-mlb-79664\/\" class=\"trk-cta-link\" data-cta-trk='{\"ctaType\":\"Link\",\"ctaSubType\":\"main\"}'>Shohei Ohtani<\/a>, <a href=\"https:\/\/theplayoffs.news\/fr\/joueur\/tony-gonsolin-mlb-77916\/\" class=\"trk-cta-link\" data-cta-trk='{\"ctaType\":\"Link\",\"ctaSubType\":\"main\"}'>Tony Gonsolin<\/a>, <a href=\"https:\/\/theplayoffs.news\/fr\/joueur\/clayton-kershaw-mlb-57926\/\" class=\"trk-cta-link\" data-cta-trk='{\"ctaType\":\"Link\",\"ctaSubType\":\"main\"}'>Clayton Kershaw<\/a> et <a href=\"https:\/\/theplayoffs.news\/fr\/joueur\/dustin-may-mlb-81874\/\" class=\"trk-cta-link\" data-cta-trk='{\"ctaType\":\"Link\",\"ctaSubType\":\"main\"}'>Dustin May<\/a>. Des choix seront fait, mais les possibilit&eacute;s sont immenses pour le staff de <a href=\"https:\/\/www.baseball-reference.com\/players\/r\/roberda07.shtml\" class=\"trk-cta-link\" data-cta-trk='{\"ctaType\":\"Link\",\"ctaSubType\":\"main\"}'>Dave Roberts<\/a> quant &agrave; la composition de la rotation.<\/p><h3 style=\"text-align: justify\">Blake Snell&nbsp;: L&rsquo;&eacute;tincelle qui va tout d&eacute;clencher&nbsp;!<\/h3><p style=\"text-align: justify\">Le march&eacute; des agents libre &eacute;tait plut&ocirc;t calme jusqu&rsquo;&agrave; pr&eacute;sent, la plus part des franchises ayant un &oelig;il sur la d&eacute;cision que prendra <a href=\"https:\/\/theplayoffs.news\/fr\/joueur\/juan-soto-mlb-73938\/\" class=\"trk-cta-link\" data-cta-trk='{\"ctaType\":\"Link\",\"ctaSubType\":\"main\"}'>Juan Soto<\/a>. Et si finalement, l&rsquo;&eacute;l&eacute;ment d&eacute;clencheur se nommait Blake Snell&nbsp;?<\/p><p style=\"text-align: justify\">Pour se resituer le contexte, <a href=\"https:\/\/theplayoffs.news\/fr\/mlb\/blake-snell-sengage-2-ans-avec-les-giants\/\" class=\"trk-cta-link\" data-cta-trk='{\"ctaType\":\"Link\",\"ctaSubType\":\"main\"}'>Blake Snell avait d&eacute;cid&eacute; de rejoindre, assez tardivement, les Giants de San Francisco la saison derni&egrave;re.<\/a> Un contrat de deux ans avec une option de sortie pour la deuxi&egrave;me ann&eacute;e.<\/p><p style=\"text-align: justify\">N&rsquo;ayant pas vraiment trouv&eacute; chaussure &agrave; son pied la saison derni&egrave;re, Blake Snell a d&eacute;cid&eacute; de retenter le coup en devenant &agrave; nouveau agent libre cet hiver, activant ainsi son option de sortie. Cette fois-ci pas question de reproduire la m&ecirc;me erreur.<\/p><p style=\"text-align: justify\">Courtis&eacute; par les Dodgers, il n&rsquo;avait pas rejoint les futurs champions ne trouvant pas d&rsquo;accord pour le montant du contrat l&rsquo;hiver dernier. Il faut dire que la franchise californienne avait d&eacute;j&agrave; &eacute;t&eacute; tr&egrave;s active avec l&rsquo;intersaison que l&rsquo;on connait tous et l&rsquo;arriv&eacute;e de Shohei Ohtani.<\/p><p style=\"text-align: justify\">Cet hiver encore, le lanceur draft&eacute; en 2011 fut tr&egrave;s courtis&eacute; notamment par les <a href=\"https:\/\/theplayoffs.news\/fr\/equipe\/new-york-yankees-mlb\/\" class=\"trk-cta-link\" data-cta-trk='{\"ctaType\":\"Link\",\"ctaSubType\":\"main\"}'>New York Yankees<\/a> ou encore les <a href=\"https:\/\/theplayoffs.news\/fr\/equipe\/boston-red-sox-mlb\/\" class=\"trk-cta-link\" data-cta-trk='{\"ctaType\":\"Link\",\"ctaSubType\":\"main\"}'>Boston Red Sox<\/a>. Cependant ces derni&egrave;res &eacute;quipes donnent leur priorit&eacute; &agrave; Juan Soto et n&rsquo;ont donc pas tent&eacute; de s&rsquo;aligner &agrave; l&rsquo;offre des Dodgers.<\/p><p style=\"text-align: justify\">Alors&nbsp;? Avec cette arriv&eacute;e, les Los Angeles Dodgers ont-ils dit au revoir compl&egrave;tement &agrave; Juan Soto&nbsp;? Pas forc&eacute;ment, ils sembleraient en course, mais la probabilit&eacute; de le voir rejoindre l&rsquo;effectif de Dave Roberts semble s&rsquo;amenuir.<\/p><p style=\"text-align: justify\">Les Los Angeles Dodgers ont allum&eacute; la m&egrave;che avec l&rsquo;arriv&eacute;e de Blake Snell. La &laquo;&nbsp;Free Agency&nbsp;&raquo; peut enfin s&rsquo;enflammer. Restez connect&eacute;, nous allons vous faire suivre tout cela.<\/p><p>&nbsp;<\/p><p>Cr&eacute;dit Photo : &copy; Stan Szeto-Imagn Images<\/p>\n","protected":false},"excerpt":{"rendered":"","protected":false},"author":180309823,"featured_media":1468437,"comment_status":"open","ping_status":"closed","sticky":false,"template":"","format":"standard","meta":{"inline_featured_image":false,"kia_subtitle":"","_mux_skip_reasons":[],"proofreadBy":0,"footnotes":""},"categories":[188,9],"tags":[1242,464],"sport":[2786],"saison":[7475],"class_list":["post-1468435","post","type-post","status-publish","format-standard","has-post-thumbnail","hentry","category-actualite-mlb","category-mlb","tag-blake-snell","tag-los-angeles-dodgers","sport-mlb","saison-7475"],"acf":[],"yoast_head":"<!-- This site is optimized with the Yoast SEO plugin v24.2 - https:\/\/yoast.com\/wordpress\/plugins\/seo\/ -->\n<title>Blake Snell s&rsquo;engage avec les Dodgers pour 5 ans&nbsp;! - The Playoffs FR<\/title>\n<meta name=\"robots\" content=\"index, follow, max-snippet:-1, max-image-preview:large, max-video-preview:-1\" \/>\n<link rel=\"canonical\" href=\"https:\/\/theplayoffs.news\/fr\/actualite-mlb\/blake-snell-sengage-avec-les-dodgers\/\" \/>\n<meta property=\"og:locale\" content=\"fr_FR\" \/>\n<meta property=\"og:type\" content=\"article\" \/>\n<meta property=\"og:title\" content=\"Blake Snell s&rsquo;engage avec les Dodgers pour 5 ans&nbsp;! - The Playoffs FR\" \/>\n<meta property=\"og:url\" content=\"https:\/\/theplayoffs.news\/fr\/actualite-mlb\/blake-snell-sengage-avec-les-dodgers\/\" \/>\n<meta property=\"og:site_name\" content=\"The Playoffs FR\" \/>\n<meta property=\"article:publisher\" content=\"https:\/\/www.facebook.com\/TheFreeAgentFR\/\" \/>\n<meta property=\"article:modified_time\" content=\"2024-11-27T17:05:36+01:00\" \/>\n<meta property=\"og:image\" content=\"https:\/\/theplayoffs.news\/fr\/wp-content\/uploads\/2024\/11\/USATSI_24159706.jpg\" \/>\n\t<meta property=\"og:image:width\" content=\"1920\" \/>\n\t<meta property=\"og:image:height\" content=\"1280\" \/>\n\t<meta property=\"og:image:type\" content=\"image\/jpeg\" \/>\n<meta name=\"author\" content=\"Nicolas Blanchard\" \/>\n<meta name=\"twitter:card\" content=\"summary_large_image\" \/>\n<meta name=\"twitter:creator\" content=\"@TheFreeAgentFR\" \/>\n<meta name=\"twitter:site\" content=\"@TheFreeAgentFR\" \/>\n<meta name=\"twitter:label1\" content=\"\u00c9crit par\" \/>\n\t<meta name=\"twitter:data1\" content=\"Nicolas Blanchard\" \/>\n\t<meta name=\"twitter:label2\" content=\"Dur\u00e9e de lecture estim\u00e9e\" \/>\n\t<meta name=\"twitter:data2\" content=\"4 minutes\" \/>\n<script type=\"application\/ld+json\" class=\"yoast-schema-graph\">{\"@context\":\"https:\/\/schema.org\",\"@graph\":[{\"@type\":\"WebPage\",\"@id\":\"https:\/\/theplayoffs.news\/fr\/actualite-mlb\/blake-snell-sengage-avec-les-dodgers\/\",\"url\":\"https:\/\/theplayoffs.news\/fr\/actualite-mlb\/blake-snell-sengage-avec-les-dodgers\/\",\"name\":\"Blake Snell s\u2019engage avec les Dodgers pour 5 ans\u00a0! - The Playoffs FR\",\"isPartOf\":{\"@id\":\"https:\/\/theplayoffs.news\/fr\/#website\"},\"primaryImageOfPage\":{\"@id\":\"https:\/\/theplayoffs.news\/fr\/actualite-mlb\/blake-snell-sengage-avec-les-dodgers\/#primaryimage\"},\"image\":{\"@id\":\"https:\/\/theplayoffs.news\/fr\/actualite-mlb\/blake-snell-sengage-avec-les-dodgers\/#primaryimage\"},\"thumbnailUrl\":\"https:\/\/theplayoffs.news\/fr\/wp-content\/uploads\/2024\/11\/USATSI_24159706.jpg\",\"datePublished\":\"2024-11-27T16:05:36+00:00\",\"dateModified\":\"2024-11-27T17:05:36+01:00\",\"author\":{\"@id\":\"https:\/\/theplayoffs.news\/fr\/#\/schema\/person\/940879031feb6d5e27cf3c6b69917900\"},\"breadcrumb\":{\"@id\":\"https:\/\/theplayoffs.news\/fr\/actualite-mlb\/blake-snell-sengage-avec-les-dodgers\/#breadcrumb\"},\"inLanguage\":\"fr-FR\",\"potentialAction\":[{\"@type\":\"ReadAction\",\"target\":[\"https:\/\/theplayoffs.news\/fr\/actualite-mlb\/blake-snell-sengage-avec-les-dodgers\/\"]}]},{\"@type\":\"ImageObject\",\"inLanguage\":\"fr-FR\",\"@id\":\"https:\/\/theplayoffs.news\/fr\/actualite-mlb\/blake-snell-sengage-avec-les-dodgers\/#primaryimage\",\"url\":\"https:\/\/theplayoffs.news\/fr\/wp-content\/uploads\/2024\/11\/USATSI_24159706.jpg\",\"contentUrl\":\"https:\/\/theplayoffs.news\/fr\/wp-content\/uploads\/2024\/11\/USATSI_24159706.jpg\",\"width\":1920,\"height\":1280,\"caption\":\"Sep 5, 2024; San Francisco, California, USA; San Francisco Giants pitcher Blake Snell (7) catches the ball during the first inning against the Arizona Diamondbacks at Oracle Park. Mandatory Credit: Stan Szeto-Imagn Images\"},{\"@type\":\"BreadcrumbList\",\"@id\":\"https:\/\/theplayoffs.news\/fr\/actualite-mlb\/blake-snell-sengage-avec-les-dodgers\/#breadcrumb\",\"itemListElement\":[{\"@type\":\"ListItem\",\"position\":1,\"name\":\"Accueil\",\"item\":\"https:\/\/theplayoffs.news\/fr\/\"},{\"@type\":\"ListItem\",\"position\":2,\"name\":\"Blake Snell s\u2019engage avec les Dodgers pour 5 ans\u00a0!\"}]},{\"@type\":\"WebSite\",\"@id\":\"https:\/\/theplayoffs.news\/fr\/#website\",\"url\":\"https:\/\/theplayoffs.news\/fr\/\",\"name\":\"The Playoffs FR\",\"description\":\"NBA-NFL-NHL-MLB\",\"potentialAction\":[{\"@type\":\"SearchAction\",\"target\":{\"@type\":\"EntryPoint\",\"urlTemplate\":\"https:\/\/theplayoffs.news\/fr\/?s={search_term_string}\"},\"query-input\":{\"@type\":\"PropertyValueSpecification\",\"valueRequired\":true,\"valueName\":\"search_term_string\"}}],\"inLanguage\":\"fr-FR\"},{\"@type\":\"Person\",\"@id\":\"https:\/\/theplayoffs.news\/fr\/#\/schema\/person\/940879031feb6d5e27cf3c6b69917900\",\"name\":\"Nicolas Blanchard\",\"image\":{\"@type\":\"ImageObject\",\"inLanguage\":\"fr-FR\",\"@id\":\"https:\/\/theplayoffs.news\/fr\/#\/schema\/person\/image\/\",\"url\":\"https:\/\/secure.gravatar.com\/avatar\/98953498460526f9290cb098aaa573c5e0a48837b1ca5807dd22cace83810899?s=96&d=mm&r=g\",\"contentUrl\":\"https:\/\/secure.gravatar.com\/avatar\/98953498460526f9290cb098aaa573c5e0a48837b1ca5807dd22cace83810899?s=96&d=mm&r=g\",\"caption\":\"Nicolas Blanchard\"},\"description\":\"Fan de MLB depuis une dizaine d\u2019ann\u00e9es, je suis tomb\u00e9 amoureux des Chicago Cubs lorsque j\u2019ai vu Bill Murray c\u00e9l\u00e9brer ce premier sacre depuis 108 ans. Mon premier contact avec le Sport US s\u2019est fait lorsque je suis tomb\u00e9 sur une VHS d\u2019Allen Iverson et se fut la r\u00e9v\u00e9lation. Je suis devenu r\u00e9dacteur depuis maintenant 4 ans et cela m\u2019apporte une nouvelle vision du Sport US \u00e0 la fois analytique et bien plus globale (et oui il faut couvrir toutes les \u00e9quipes m\u00eame les chaussettes rouges de Boston).\",\"url\":\"https:\/\/theplayoffs.news\/fr\/author\/nico4017\/\"}]}<\/script>\n<!-- \/ Yoast SEO plugin. -->","yoast_head_json":{"title":"Blake Snell s&rsquo;engage avec les Dodgers pour 5 ans&nbsp;! - The Playoffs FR","robots":{"index":"index","follow":"follow","max-snippet":"max-snippet:-1","max-image-preview":"max-image-preview:large","max-video-preview":"max-video-preview:-1"},"canonical":"https:\/\/theplayoffs.news\/fr\/actualite-mlb\/blake-snell-sengage-avec-les-dodgers\/","og_locale":"fr_FR","og_type":"article","og_title":"Blake Snell s&rsquo;engage avec les Dodgers pour 5 ans&nbsp;! - The Playoffs FR","og_url":"https:\/\/theplayoffs.news\/fr\/actualite-mlb\/blake-snell-sengage-avec-les-dodgers\/","og_site_name":"The Playoffs FR","article_publisher":"https:\/\/www.facebook.com\/TheFreeAgentFR\/","article_modified_time":"2024-11-27T15:53:53+00:00","og_image":[{"width":1920,"height":1280,"url":"https:\/\/theplayoffs.news\/fr\/wp-content\/uploads\/2024\/11\/USATSI_24159706.jpg","type":"image\/jpeg"}],"author":"Nicolas Blanchard","twitter_card":"summary_large_image","twitter_creator":"@TheFreeAgentFR","twitter_site":"@TheFreeAgentFR","twitter_misc":{"\u00c9crit par":"Nicolas Blanchard","Dur\u00e9e de lecture estim\u00e9e":"4 minutes"},"schema":{"@context":"https:\/\/schema.org","@graph":[{"@type":"WebPage","@id":"https:\/\/theplayoffs.news\/fr\/actualite-mlb\/blake-snell-sengage-avec-les-dodgers\/","url":"https:\/\/theplayoffs.news\/fr\/actualite-mlb\/blake-snell-sengage-avec-les-dodgers\/","name":"Blake Snell s\u2019engage avec les Dodgers pour 5 ans\u00a0! - The Playoffs FR","isPartOf":{"@id":"https:\/\/theplayoffs.news\/fr\/#website"},"primaryImageOfPage":{"@id":"https:\/\/theplayoffs.news\/fr\/actualite-mlb\/blake-snell-sengage-avec-les-dodgers\/#primaryimage"},"image":{"@id":"https:\/\/theplayoffs.news\/fr\/actualite-mlb\/blake-snell-sengage-avec-les-dodgers\/#primaryimage"},"thumbnailUrl":"https:\/\/theplayoffs.news\/fr\/wp-content\/uploads\/2024\/11\/USATSI_24159706.jpg","datePublished":"2024-11-27T16:05:36+00:00","dateModified":"2024-11-27T17:05:36+01:00","author":{"@id":"https:\/\/theplayoffs.news\/fr\/#\/schema\/person\/940879031feb6d5e27cf3c6b69917900"},"breadcrumb":{"@id":"https:\/\/theplayoffs.news\/fr\/actualite-mlb\/blake-snell-sengage-avec-les-dodgers\/#breadcrumb"},"inLanguage":"fr-FR","potentialAction":[{"@type":"ReadAction","target":["https:\/\/theplayoffs.news\/fr\/actualite-mlb\/blake-snell-sengage-avec-les-dodgers\/"]}]},{"@type":"ImageObject","inLanguage":"fr-FR","@id":"https:\/\/theplayoffs.news\/fr\/actualite-mlb\/blake-snell-sengage-avec-les-dodgers\/#primaryimage","url":"https:\/\/theplayoffs.news\/fr\/wp-content\/uploads\/2024\/11\/USATSI_24159706.jpg","contentUrl":"https:\/\/theplayoffs.news\/fr\/wp-content\/uploads\/2024\/11\/USATSI_24159706.jpg","width":1920,"height":1280,"caption":"Sep 5, 2024; San Francisco, California, USA; San Francisco Giants pitcher Blake Snell (7) catches the ball during the first inning against the Arizona Diamondbacks at Oracle Park. Mandatory Credit: Stan Szeto-Imagn Images"},{"@type":"BreadcrumbList","@id":"https:\/\/theplayoffs.news\/fr\/actualite-mlb\/blake-snell-sengage-avec-les-dodgers\/#breadcrumb","itemListElement":[{"@type":"ListItem","position":1,"name":"Accueil","item":"https:\/\/theplayoffs.news\/fr\/"},{"@type":"ListItem","position":2,"name":"Blake Snell s\u2019engage avec les Dodgers pour 5 ans\u00a0!"}]},{"@type":"WebSite","@id":"https:\/\/theplayoffs.news\/fr\/#website","url":"https:\/\/theplayoffs.news\/fr\/","name":"The Playoffs FR","description":"NBA-NFL-NHL-MLB","potentialAction":[{"@type":"SearchAction","target":{"@type":"EntryPoint","urlTemplate":"https:\/\/theplayoffs.news\/fr\/?s={search_term_string}"},"query-input":{"@type":"PropertyValueSpecification","valueRequired":true,"valueName":"search_term_string"}}],"inLanguage":"fr-FR"},{"@type":"Person","@id":"https:\/\/theplayoffs.news\/fr\/#\/schema\/person\/940879031feb6d5e27cf3c6b69917900","name":"Nicolas Blanchard","image":{"@type":"ImageObject","inLanguage":"fr-FR","@id":"https:\/\/theplayoffs.news\/fr\/#\/schema\/person\/image\/","url":"https:\/\/secure.gravatar.com\/avatar\/98953498460526f9290cb098aaa573c5e0a48837b1ca5807dd22cace83810899?s=96&d=mm&r=g","contentUrl":"https:\/\/secure.gravatar.com\/avatar\/98953498460526f9290cb098aaa573c5e0a48837b1ca5807dd22cace83810899?s=96&d=mm&r=g","caption":"Nicolas Blanchard"},"description":"Fan de MLB depuis une dizaine d\u2019ann\u00e9es, je suis tomb\u00e9 amoureux des Chicago Cubs lorsque j\u2019ai vu Bill Murray c\u00e9l\u00e9brer ce premier sacre depuis 108 ans. Mon premier contact avec le Sport US s\u2019est fait lorsque je suis tomb\u00e9 sur une VHS d\u2019Allen Iverson et se fut la r\u00e9v\u00e9lation. Je suis devenu r\u00e9dacteur depuis maintenant 4 ans et cela m\u2019apporte une nouvelle vision du Sport US \u00e0 la fois analytique et bien plus globale (et oui il faut couvrir toutes les \u00e9quipes m\u00eame les chaussettes rouges de Boston).","url":"https:\/\/theplayoffs.news\/fr\/author\/nico4017\/"}]}},"_links":{"self":[{"href":"https:\/\/theplayoffs.news\/fr\/wp-json\/wp\/v2\/posts\/1468435","targetHints":{"allow":["GET"]}}],"collection":[{"href":"https:\/\/theplayoffs.news\/fr\/wp-json\/wp\/v2\/posts"}],"about":[{"href":"https:\/\/theplayoffs.news\/fr\/wp-json\/wp\/v2\/types\/post"}],"author":[{"embeddable":true,"href":"https:\/\/theplayoffs.news\/fr\/wp-json\/wp\/v2\/users\/180309823"}],"replies":[{"embeddable":true,"href":"https:\/\/theplayoffs.news\/fr\/wp-json\/wp\/v2\/comments?post=1468435"}],"version-history":[{"count":3,"href":"https:\/\/theplayoffs.news\/fr\/wp-json\/wp\/v2\/posts\/1468435\/revisions"}],"predecessor-version":[{"id":1468446,"href":"https:\/\/theplayoffs.news\/fr\/wp-json\/wp\/v2\/posts\/1468435\/revisions\/1468446"}],"wp:featuredmedia":[{"embeddable":true,"href":"https:\/\/theplayoffs.news\/fr\/wp-json\/wp\/v2\/media\/1468437"}],"wp:attachment":[{"href":"https:\/\/theplayoffs.news\/fr\/wp-json\/wp\/v2\/media?parent=1468435"}],"wp:term":[{"taxonomy":"category","embeddable":true,"href":"https:\/\/theplayoffs.news\/fr\/wp-json\/wp\/v2\/categories?post=1468435"},{"taxonomy":"post_tag","embeddable":true,"href":"https:\/\/theplayoffs.news\/fr\/wp-json\/wp\/v2\/tags?post=1468435"},{"taxonomy":"sport","embeddable":true,"href":"https:\/\/theplayoffs.news\/fr\/wp-json\/wp\/v2\/sport?post=1468435"},{"taxonomy":"saison","embeddable":true,"href":"https:\/\/theplayoffs.news\/fr\/wp-json\/wp\/v2\/saison?post=1468435"}],"curies":[{"name":"wp","href":"https:\/\/api.w.org\/{rel}","templated":true}]}}