{"id":1467844,"date":"2024-11-23T13:43:05","date_gmt":"2024-11-23T12:43:05","guid":{"rendered":"https:\/\/theplayoffs.news\/fr\/?p=1467844"},"modified":"2024-11-23T14:33:03","modified_gmt":"2024-11-23T13:33:03","slug":"andy-reid-un-peu-plus-dans-legende-ce-dimanche","status":"publish","type":"post","link":"https:\/\/theplayoffs.news\/fr\/actualite-nfl\/andy-reid-un-peu-plus-dans-legende-ce-dimanche\/","title":{"rendered":"Andy Reid (Chiefs) un peu plus dans la l\u00e9gende ce dimanche?"},"content":{"rendered":"<h2>NFL &ndash; L&rsquo;entra&icirc;neur principal des Kansas City Chiefs, Andy Reid, peut marquer un peu plus l&rsquo;histoire de son sport ce dimanche.<\/h2><p>Ce duel entre les Kansas City Chiefs et les Carolina Panthers sera tout sauf anecdotique pour <a href=\"https:\/\/www.pro-football-reference.com\/coaches\/ReidAn0.htm\" class=\"trk-cta-link\" data-cta-trk='{\"ctaType\":\"Link\",\"ctaSubType\":\"main\"}'>Andy Reid<\/a>! Tout d&rsquo;abord car il faut que les doubles champions en titre parviennent &agrave; reprendre le chemin de la victoire apr&egrave;s leur d&eacute;faite de la <a href=\"https:\/\/theplayoffs.news\/fr\/nfl\/podcast-nfl-debriefing-week-11-analyse-complete-des-resultats-%f0%9f%8f%88\/\" class=\"trk-cta-link\" data-cta-trk='{\"ctaType\":\"Link\",\"ctaSubType\":\"main\"}'>semaine derni&egrave;re sur le terrain des Buffalo Bills<\/a>. Mais aussi car une victoire des co&eacute;quipiers de Patrick Mahomes permettrait &agrave; leur entra&icirc;neur d&rsquo;entrer un peu plus dans la l&eacute;gende des grands entra&icirc;neurs qui ont fait l&rsquo;histoire de la NFL.<\/p><p>En effet, avec une victoire ce dimanche lors de la week 12 NFL face aux Carolina Panthers, Andy Reid conna&icirc;trait sa 19e saison avec au moins 10 victoires dans la saison. L&rsquo;actuel entra&icirc;neur des Chiefs avait r&eacute;ussi &agrave; obtenir 10 victoires lors de 8 de ses 14 saisons avec les Eagles. Depuis qu&rsquo;il est chez les Chiefs, Reid a toujours r&eacute;ussi au moins 10 victoires dans chacune de ses saisons &agrave; l&rsquo;exception de la saison 2014 qu&rsquo;il avait conclu avec un bilan de 9 victoires pour 7 d&eacute;faites.<\/p><p>Avec sa 19e saison &agrave; 10 victoires ou plus, Andy Reid se rapprocherait encore un peu plus de Bill Belichick et Don Shula qui ont r&eacute;ussi 20 saisons &agrave; 10 victoires ou plus, le record en NFL! Un record qui serait d&egrave;s lors accessible pour l&rsquo;entra&icirc;neur principal des Kansas City Chiefs d&egrave;s la saison prochaine.<\/p>\n","protected":false},"excerpt":{"rendered":"","protected":false},"author":180309964,"featured_media":1467866,"comment_status":"open","ping_status":"closed","sticky":false,"template":"","format":"standard","meta":{"inline_featured_image":false,"kia_subtitle":"","_mux_skip_reasons":[],"proofreadBy":0,"footnotes":""},"categories":[118,40],"tags":[1037,487],"sport":[2785],"saison":[6111],"class_list":["post-1467844","post","type-post","status-publish","format-standard","has-post-thumbnail","hentry","category-actualite-nfl","category-nfl","tag-andy-reid","tag-kansas-city-chiefs","sport-nfl","saison-6111"],"acf":[],"yoast_head":"<!-- This site is optimized with the Yoast SEO plugin v24.2 - https:\/\/yoast.com\/wordpress\/plugins\/seo\/ -->\n<title>Andy Reid (Chiefs) un peu plus dans la l&eacute;gende ce dimanche? - The Playoffs FR<\/title>\n<meta name=\"robots\" content=\"index, follow, max-snippet:-1, max-image-preview:large, max-video-preview:-1\" \/>\n<link rel=\"canonical\" href=\"https:\/\/theplayoffs.news\/fr\/actualite-nfl\/andy-reid-un-peu-plus-dans-legende-ce-dimanche\/\" \/>\n<meta property=\"og:locale\" content=\"fr_FR\" \/>\n<meta property=\"og:type\" content=\"article\" \/>\n<meta property=\"og:title\" content=\"Andy Reid (Chiefs) un peu plus dans la l&eacute;gende ce dimanche? - The Playoffs FR\" \/>\n<meta property=\"og:url\" content=\"https:\/\/theplayoffs.news\/fr\/actualite-nfl\/andy-reid-un-peu-plus-dans-legende-ce-dimanche\/\" \/>\n<meta property=\"og:site_name\" content=\"The Playoffs FR\" \/>\n<meta property=\"article:publisher\" content=\"https:\/\/www.facebook.com\/TheFreeAgentFR\/\" \/>\n<meta property=\"article:modified_time\" content=\"2024-11-23T14:33:03+01:00\" \/>\n<meta property=\"og:image\" content=\"https:\/\/theplayoffs.news\/fr\/wp-content\/uploads\/2024\/11\/USATSI_24788682.jpg\" \/>\n\t<meta property=\"og:image:width\" content=\"1920\" \/>\n\t<meta property=\"og:image:height\" content=\"1287\" \/>\n\t<meta property=\"og:image:type\" content=\"image\/jpeg\" \/>\n<meta name=\"author\" content=\"Flavien Jumeau\" \/>\n<meta name=\"twitter:card\" content=\"summary_large_image\" \/>\n<meta name=\"twitter:creator\" content=\"@TheFreeAgentFR\" \/>\n<meta name=\"twitter:site\" content=\"@TheFreeAgentFR\" \/>\n<meta name=\"twitter:label1\" content=\"\u00c9crit par\" \/>\n\t<meta name=\"twitter:data1\" content=\"Flavien Jumeau\" \/>\n\t<meta name=\"twitter:label2\" content=\"Dur\u00e9e de lecture estim\u00e9e\" \/>\n\t<meta name=\"twitter:data2\" content=\"1 minute\" \/>\n<script type=\"application\/ld+json\" class=\"yoast-schema-graph\">{\"@context\":\"https:\/\/schema.org\",\"@graph\":[{\"@type\":\"WebPage\",\"@id\":\"https:\/\/theplayoffs.news\/fr\/actualite-nfl\/andy-reid-un-peu-plus-dans-legende-ce-dimanche\/\",\"url\":\"https:\/\/theplayoffs.news\/fr\/actualite-nfl\/andy-reid-un-peu-plus-dans-legende-ce-dimanche\/\",\"name\":\"Andy Reid (Chiefs) un peu plus dans la l\u00e9gende ce dimanche? - The Playoffs FR\",\"isPartOf\":{\"@id\":\"https:\/\/theplayoffs.news\/fr\/#website\"},\"primaryImageOfPage\":{\"@id\":\"https:\/\/theplayoffs.news\/fr\/actualite-nfl\/andy-reid-un-peu-plus-dans-legende-ce-dimanche\/#primaryimage\"},\"image\":{\"@id\":\"https:\/\/theplayoffs.news\/fr\/actualite-nfl\/andy-reid-un-peu-plus-dans-legende-ce-dimanche\/#primaryimage\"},\"thumbnailUrl\":\"https:\/\/theplayoffs.news\/fr\/wp-content\/uploads\/2024\/11\/USATSI_24788682.jpg\",\"datePublished\":\"2024-11-23T12:43:05+00:00\",\"dateModified\":\"2024-11-23T13:33:03+00:00\",\"author\":{\"@id\":\"https:\/\/theplayoffs.news\/fr\/#\/schema\/person\/def63bc6746dc5957469b75feb99e66d\"},\"breadcrumb\":{\"@id\":\"https:\/\/theplayoffs.news\/fr\/actualite-nfl\/andy-reid-un-peu-plus-dans-legende-ce-dimanche\/#breadcrumb\"},\"inLanguage\":\"fr-FR\",\"potentialAction\":[{\"@type\":\"ReadAction\",\"target\":[\"https:\/\/theplayoffs.news\/fr\/actualite-nfl\/andy-reid-un-peu-plus-dans-legende-ce-dimanche\/\"]}]},{\"@type\":\"ImageObject\",\"inLanguage\":\"fr-FR\",\"@id\":\"https:\/\/theplayoffs.news\/fr\/actualite-nfl\/andy-reid-un-peu-plus-dans-legende-ce-dimanche\/#primaryimage\",\"url\":\"https:\/\/theplayoffs.news\/fr\/wp-content\/uploads\/2024\/11\/USATSI_24788682.jpg\",\"contentUrl\":\"https:\/\/theplayoffs.news\/fr\/wp-content\/uploads\/2024\/11\/USATSI_24788682.jpg\",\"width\":1920,\"height\":1287,\"caption\":\"Nov 17, 2024; Orchard Park, New York, USA; Kansas City Chiefs head coach Andy Reid signals to go for one point after a touchdown against the Buffalo Bills in the fourth quarter at Highmark Stadium. Mandatory Credit: Mark Konezny-Imagn Images\"},{\"@type\":\"BreadcrumbList\",\"@id\":\"https:\/\/theplayoffs.news\/fr\/actualite-nfl\/andy-reid-un-peu-plus-dans-legende-ce-dimanche\/#breadcrumb\",\"itemListElement\":[{\"@type\":\"ListItem\",\"position\":1,\"name\":\"Accueil\",\"item\":\"https:\/\/theplayoffs.news\/fr\/\"},{\"@type\":\"ListItem\",\"position\":2,\"name\":\"Andy Reid (Chiefs) un peu plus dans la l\u00e9gende ce dimanche?\"}]},{\"@type\":\"WebSite\",\"@id\":\"https:\/\/theplayoffs.news\/fr\/#website\",\"url\":\"https:\/\/theplayoffs.news\/fr\/\",\"name\":\"The Playoffs FR\",\"description\":\"NBA-NFL-NHL-MLB\",\"potentialAction\":[{\"@type\":\"SearchAction\",\"target\":{\"@type\":\"EntryPoint\",\"urlTemplate\":\"https:\/\/theplayoffs.news\/fr\/?s={search_term_string}\"},\"query-input\":{\"@type\":\"PropertyValueSpecification\",\"valueRequired\":true,\"valueName\":\"search_term_string\"}}],\"inLanguage\":\"fr-FR\"},{\"@type\":\"Person\",\"@id\":\"https:\/\/theplayoffs.news\/fr\/#\/schema\/person\/def63bc6746dc5957469b75feb99e66d\",\"name\":\"Flavien Jumeau\",\"image\":{\"@type\":\"ImageObject\",\"inLanguage\":\"fr-FR\",\"@id\":\"https:\/\/theplayoffs.news\/fr\/#\/schema\/person\/image\/\",\"url\":\"https:\/\/secure.gravatar.com\/avatar\/e7fa8ba5a4b7e4ce35fe152f083f352db28ad0acce692004ed88a7a7d78893f7?s=96&d=mm&r=g\",\"contentUrl\":\"https:\/\/secure.gravatar.com\/avatar\/e7fa8ba5a4b7e4ce35fe152f083f352db28ad0acce692004ed88a7a7d78893f7?s=96&d=mm&r=g\",\"caption\":\"Flavien Jumeau\"},\"description\":\"Amoureux du sport (et de vraiment tous les sports) depuis mon plus jeune \u00e2ge, j\u2019ai longtemps h\u00e9site entre le snooker et le curling. Finalement c\u2019est le foot US que j\u2019ai d\u00e9cid\u00e9 de choisir! Responsable foot US sur TPO et animateur du podcast Tailgate j\u2019ai pour mission de vous faire d\u00e9couvrir ce sport passionnant si ce n\u2019est pas encore fait et de vous donner les derni\u00e8res actus. Le tout dans la bonne humeur et avec toujours un jeu de mots ou deux savamment distill\u00e9s! Fan des Saints, pour moi Drew Brees est le vrai GOAT!\",\"url\":\"https:\/\/theplayoffs.news\/fr\/author\/flavien-jumeaugmail-com\/\"}]}<\/script>\n<!-- \/ Yoast SEO plugin. -->","yoast_head_json":{"title":"Andy Reid (Chiefs) un peu plus dans la l&eacute;gende ce dimanche? - The Playoffs FR","robots":{"index":"index","follow":"follow","max-snippet":"max-snippet:-1","max-image-preview":"max-image-preview:large","max-video-preview":"max-video-preview:-1"},"canonical":"https:\/\/theplayoffs.news\/fr\/actualite-nfl\/andy-reid-un-peu-plus-dans-legende-ce-dimanche\/","og_locale":"fr_FR","og_type":"article","og_title":"Andy Reid (Chiefs) un peu plus dans la l&eacute;gende ce dimanche? - The Playoffs FR","og_url":"https:\/\/theplayoffs.news\/fr\/actualite-nfl\/andy-reid-un-peu-plus-dans-legende-ce-dimanche\/","og_site_name":"The Playoffs FR","article_publisher":"https:\/\/www.facebook.com\/TheFreeAgentFR\/","article_modified_time":"2024-11-23T13:33:03+00:00","og_image":[{"width":1920,"height":1287,"url":"https:\/\/theplayoffs.news\/fr\/wp-content\/uploads\/2024\/11\/USATSI_24788682.jpg","type":"image\/jpeg"}],"author":"Flavien Jumeau","twitter_card":"summary_large_image","twitter_creator":"@TheFreeAgentFR","twitter_site":"@TheFreeAgentFR","twitter_misc":{"\u00c9crit par":"Flavien Jumeau","Dur\u00e9e de lecture estim\u00e9e":"1 minute"},"schema":{"@context":"https:\/\/schema.org","@graph":[{"@type":"WebPage","@id":"https:\/\/theplayoffs.news\/fr\/actualite-nfl\/andy-reid-un-peu-plus-dans-legende-ce-dimanche\/","url":"https:\/\/theplayoffs.news\/fr\/actualite-nfl\/andy-reid-un-peu-plus-dans-legende-ce-dimanche\/","name":"Andy Reid (Chiefs) un peu plus dans la l\u00e9gende ce dimanche? - The Playoffs FR","isPartOf":{"@id":"https:\/\/theplayoffs.news\/fr\/#website"},"primaryImageOfPage":{"@id":"https:\/\/theplayoffs.news\/fr\/actualite-nfl\/andy-reid-un-peu-plus-dans-legende-ce-dimanche\/#primaryimage"},"image":{"@id":"https:\/\/theplayoffs.news\/fr\/actualite-nfl\/andy-reid-un-peu-plus-dans-legende-ce-dimanche\/#primaryimage"},"thumbnailUrl":"https:\/\/theplayoffs.news\/fr\/wp-content\/uploads\/2024\/11\/USATSI_24788682.jpg","datePublished":"2024-11-23T12:43:05+00:00","dateModified":"2024-11-23T13:33:03+00:00","author":{"@id":"https:\/\/theplayoffs.news\/fr\/#\/schema\/person\/def63bc6746dc5957469b75feb99e66d"},"breadcrumb":{"@id":"https:\/\/theplayoffs.news\/fr\/actualite-nfl\/andy-reid-un-peu-plus-dans-legende-ce-dimanche\/#breadcrumb"},"inLanguage":"fr-FR","potentialAction":[{"@type":"ReadAction","target":["https:\/\/theplayoffs.news\/fr\/actualite-nfl\/andy-reid-un-peu-plus-dans-legende-ce-dimanche\/"]}]},{"@type":"ImageObject","inLanguage":"fr-FR","@id":"https:\/\/theplayoffs.news\/fr\/actualite-nfl\/andy-reid-un-peu-plus-dans-legende-ce-dimanche\/#primaryimage","url":"https:\/\/theplayoffs.news\/fr\/wp-content\/uploads\/2024\/11\/USATSI_24788682.jpg","contentUrl":"https:\/\/theplayoffs.news\/fr\/wp-content\/uploads\/2024\/11\/USATSI_24788682.jpg","width":1920,"height":1287,"caption":"Nov 17, 2024; Orchard Park, New York, USA; Kansas City Chiefs head coach Andy Reid signals to go for one point after a touchdown against the Buffalo Bills in the fourth quarter at Highmark Stadium. Mandatory Credit: Mark Konezny-Imagn Images"},{"@type":"BreadcrumbList","@id":"https:\/\/theplayoffs.news\/fr\/actualite-nfl\/andy-reid-un-peu-plus-dans-legende-ce-dimanche\/#breadcrumb","itemListElement":[{"@type":"ListItem","position":1,"name":"Accueil","item":"https:\/\/theplayoffs.news\/fr\/"},{"@type":"ListItem","position":2,"name":"Andy Reid (Chiefs) un peu plus dans la l\u00e9gende ce dimanche?"}]},{"@type":"WebSite","@id":"https:\/\/theplayoffs.news\/fr\/#website","url":"https:\/\/theplayoffs.news\/fr\/","name":"The Playoffs FR","description":"NBA-NFL-NHL-MLB","potentialAction":[{"@type":"SearchAction","target":{"@type":"EntryPoint","urlTemplate":"https:\/\/theplayoffs.news\/fr\/?s={search_term_string}"},"query-input":{"@type":"PropertyValueSpecification","valueRequired":true,"valueName":"search_term_string"}}],"inLanguage":"fr-FR"},{"@type":"Person","@id":"https:\/\/theplayoffs.news\/fr\/#\/schema\/person\/def63bc6746dc5957469b75feb99e66d","name":"Flavien Jumeau","image":{"@type":"ImageObject","inLanguage":"fr-FR","@id":"https:\/\/theplayoffs.news\/fr\/#\/schema\/person\/image\/","url":"https:\/\/secure.gravatar.com\/avatar\/e7fa8ba5a4b7e4ce35fe152f083f352db28ad0acce692004ed88a7a7d78893f7?s=96&d=mm&r=g","contentUrl":"https:\/\/secure.gravatar.com\/avatar\/e7fa8ba5a4b7e4ce35fe152f083f352db28ad0acce692004ed88a7a7d78893f7?s=96&d=mm&r=g","caption":"Flavien Jumeau"},"description":"Amoureux du sport (et de vraiment tous les sports) depuis mon plus jeune \u00e2ge, j\u2019ai longtemps h\u00e9site entre le snooker et le curling. Finalement c\u2019est le foot US que j\u2019ai d\u00e9cid\u00e9 de choisir! Responsable foot US sur TPO et animateur du podcast Tailgate j\u2019ai pour mission de vous faire d\u00e9couvrir ce sport passionnant si ce n\u2019est pas encore fait et de vous donner les derni\u00e8res actus. Le tout dans la bonne humeur et avec toujours un jeu de mots ou deux savamment distill\u00e9s! Fan des Saints, pour moi Drew Brees est le vrai GOAT!","url":"https:\/\/theplayoffs.news\/fr\/author\/flavien-jumeaugmail-com\/"}]}},"_links":{"self":[{"href":"https:\/\/theplayoffs.news\/fr\/wp-json\/wp\/v2\/posts\/1467844","targetHints":{"allow":["GET"]}}],"collection":[{"href":"https:\/\/theplayoffs.news\/fr\/wp-json\/wp\/v2\/posts"}],"about":[{"href":"https:\/\/theplayoffs.news\/fr\/wp-json\/wp\/v2\/types\/post"}],"author":[{"embeddable":true,"href":"https:\/\/theplayoffs.news\/fr\/wp-json\/wp\/v2\/users\/180309964"}],"replies":[{"embeddable":true,"href":"https:\/\/theplayoffs.news\/fr\/wp-json\/wp\/v2\/comments?post=1467844"}],"version-history":[{"count":3,"href":"https:\/\/theplayoffs.news\/fr\/wp-json\/wp\/v2\/posts\/1467844\/revisions"}],"predecessor-version":[{"id":1467978,"href":"https:\/\/theplayoffs.news\/fr\/wp-json\/wp\/v2\/posts\/1467844\/revisions\/1467978"}],"wp:featuredmedia":[{"embeddable":true,"href":"https:\/\/theplayoffs.news\/fr\/wp-json\/wp\/v2\/media\/1467866"}],"wp:attachment":[{"href":"https:\/\/theplayoffs.news\/fr\/wp-json\/wp\/v2\/media?parent=1467844"}],"wp:term":[{"taxonomy":"category","embeddable":true,"href":"https:\/\/theplayoffs.news\/fr\/wp-json\/wp\/v2\/categories?post=1467844"},{"taxonomy":"post_tag","embeddable":true,"href":"https:\/\/theplayoffs.news\/fr\/wp-json\/wp\/v2\/tags?post=1467844"},{"taxonomy":"sport","embeddable":true,"href":"https:\/\/theplayoffs.news\/fr\/wp-json\/wp\/v2\/sport?post=1467844"},{"taxonomy":"saison","embeddable":true,"href":"https:\/\/theplayoffs.news\/fr\/wp-json\/wp\/v2\/saison?post=1467844"}],"curies":[{"name":"wp","href":"https:\/\/api.w.org\/{rel}","templated":true}]}}