{"id":1467823,"date":"2024-11-22T09:16:54","date_gmt":"2024-11-22T08:16:54","guid":{"rendered":"https:\/\/theplayoffs.news\/fr\/?p=1467823"},"modified":"2024-11-22T09:16:54","modified_gmt":"2024-11-22T08:16:54","slug":"paul-george-absent-pour-2-matchs","status":"publish","type":"post","link":"https:\/\/theplayoffs.news\/fr\/actualite-nba\/paul-george-absent-pour-2-matchs\/","title":{"rendered":"Paul George absent pour 2 matchs au minimum\u00a0!"},"content":{"rendered":"<p style=\"text-align: justify\"><strong>Les Sixers craignaient le pire pour Paul George apr&egrave;s sa sortie sur blessure dans la d&eacute;faite sur le parquet des Memphis Grizzlies. Finalement l&rsquo;absence ne devrait pas &ecirc;tre tr&egrave;s longue.<\/strong><\/p><h3 style=\"text-align: justify\">Paul George&nbsp;: Plus de peur que de mal&nbsp;!<\/h3><p style=\"text-align: justify\">Une torsion du genou et tout Philly retient son souffle concernant une &eacute;ventuelle rechute de Paul George. Apr&egrave;s seulement 17 minutes de jeu, l&rsquo;arri&egrave;re All-star a &eacute;t&eacute; contraint de laisser ses co&eacute;quipiers terminer le match sur le parquet de <a href=\"https:\/\/theplayoffs.news\/fr\/equipe\/memphis-grizzlies-nba\/\" class=\"trk-cta-link\" data-cta-trk='{\"ctaType\":\"Link\",\"ctaSubType\":\"main\"}'>Memphis<\/a> sans lui .<\/p><p style=\"text-align: justify\">La nouvelle recrue des Sixers a alors pass&eacute; un IRM hier qui n&rsquo;a montr&eacute; aucun dommage sur le genou gauche. Paul George ne souffre que d&rsquo;une ecchymose osseuse et ne devrait rater que les deux prochains matchs &agrave; domicile contre les <a href=\"https:\/\/theplayoffs.news\/fr\/equipe\/brooklyn-nets-nba\/\" class=\"trk-cta-link\" data-cta-trk='{\"ctaType\":\"Link\",\"ctaSubType\":\"main\"}'>Brooklyn Nets<\/a> et les <a href=\"https:\/\/theplayoffs.news\/fr\/equipe\/la-clippers-nba\/\" class=\"trk-cta-link\" data-cta-trk='{\"ctaType\":\"Link\",\"ctaSubType\":\"main\"}'>Los Angeles Clippers<\/a>.<\/p><blockquote class=\"twitter-tweet\" data-width=\"500\" data-dnt=\"true\">\n<p lang=\"en\" dir=\"ltr\">Philadelphia 76ers star Paul George has a bone bruise in his left knee and is listed out for the next two games. He will be re-evaluated on Monday. <a href=\"https:\/\/t.co\/vxKeON5z78\" class=\"trk-cta-link\" data-cta-trk='{\"ctaType\":\"Link\",\"ctaSubType\":\"main\"}'>pic.twitter.com\/vxKeON5z78<\/a><\/p>\n<p>&mdash; Shams Charania (@ShamsCharania) <a href=\"https:\/\/twitter.com\/ShamsCharania\/status\/1859726195677594066?ref_src=twsrc%5Etfw\" class=\"trk-cta-link\" data-cta-trk='{\"ctaType\":\"Link\",\"ctaSubType\":\"main\"}'>November 21, 2024<\/a><\/p><\/blockquote><p><script async src=\"https:\/\/platform.twitter.com\/widgets.js\" charset=\"utf-8\"><\/script><\/p><p style=\"text-align: justify\">Paul George sera r&eacute;&eacute;valu&eacute; lundi prochain. Cependant, rien ne laisse pr&eacute;sager d&rsquo;une longue absence.<\/p><p style=\"text-align: justify\">Pour rappel, <a href=\"https:\/\/theplayoffs.news\/fr\/nba-basketball\/paul-george-blesse-au-genou-gauche\/\" class=\"trk-cta-link\" data-cta-trk='{\"ctaType\":\"Link\",\"ctaSubType\":\"main\"}'>Paul George avait subit la m&ecirc;me blessure au m&ecirc;me genou durant la pr&eacute;saison<\/a>, l&rsquo;&eacute;loignant des terrains pour les 5 premiers matchs de la saison. <a href=\"https:\/\/fr.wikipedia.org\/wiki\/Nick_Nurse\" class=\"trk-cta-link\" data-cta-trk='{\"ctaType\":\"Link\",\"ctaSubType\":\"main\"}'>Nick Nurse<\/a> comptait donc sur le retour de son num&eacute;ro 8 pour repartir de l&rsquo;avant.<\/p><blockquote>\n<p style=\"text-align: justify\">&laquo; Ecoutez ce n&rsquo;est certainement pas facile. &raquo; a d&eacute;clar&eacute; Nick Nurse en conf&eacute;rence de presse apr&egrave;s la d&eacute;faite face aux Grizzlies. &laquo; Tyrese (Maxey) n&rsquo;avait pas de sensations ce&nbsp; soir et Paul (George) qui sort. Certainement pas facile. &raquo;<\/p>\n<\/blockquote><p style=\"text-align: justify\">Le trio Maxey-Embiid-George n&rsquo;a pas encore eu le temps de s&rsquo;exprimer. Les Philadelphie Sixers qui sont dans une spirale n&eacute;gative depuis le d&eacute;but de saison auront besoin de toutes leurs forces en pr&eacute;sence pour essayer de rebondir dans une conf&eacute;rence Est finalement encore &agrave; leur port&eacute;e malgr&eacute; ce 2-12.<\/p><p>&nbsp;<\/p><p>Cr&eacute;dit Photo : &copy; Petre Thomas-Imagn Images<\/p>\n","protected":false},"excerpt":{"rendered":"","protected":false},"author":180309823,"featured_media":1467825,"comment_status":"open","ping_status":"closed","sticky":false,"template":"","format":"standard","meta":{"inline_featured_image":false,"kia_subtitle":"","_mux_skip_reasons":[],"proofreadBy":0,"footnotes":""},"categories":[110,10],"tags":[997,3557],"sport":[2783],"saison":[6111],"class_list":["post-1467823","post","type-post","status-publish","format-standard","has-post-thumbnail","hentry","category-actualite-nba","category-nba","tag-paul-george","tag-philadelphie-sixers","sport-nba","saison-6111"],"acf":[],"yoast_head":"<!-- This site is optimized with the Yoast SEO plugin v24.2 - https:\/\/yoast.com\/wordpress\/plugins\/seo\/ -->\n<title>Paul George absent pour 2 matchs au minimum&nbsp;! - The Playoffs FR<\/title>\n<meta name=\"robots\" content=\"index, follow, max-snippet:-1, max-image-preview:large, max-video-preview:-1\" \/>\n<link rel=\"canonical\" href=\"https:\/\/theplayoffs.news\/fr\/actualite-nba\/paul-george-absent-pour-2-matchs\/\" \/>\n<meta property=\"og:locale\" content=\"fr_FR\" \/>\n<meta property=\"og:type\" content=\"article\" \/>\n<meta property=\"og:title\" content=\"Paul George absent pour 2 matchs au minimum&nbsp;! - The Playoffs FR\" \/>\n<meta property=\"og:url\" content=\"https:\/\/theplayoffs.news\/fr\/actualite-nba\/paul-george-absent-pour-2-matchs\/\" \/>\n<meta property=\"og:site_name\" content=\"The Playoffs FR\" \/>\n<meta property=\"article:publisher\" content=\"https:\/\/www.facebook.com\/TheFreeAgentFR\/\" \/>\n<meta property=\"article:modified_time\" content=\"2024-11-22T09:16:54+01:00\" \/>\n<meta property=\"og:image\" content=\"https:\/\/theplayoffs.news\/fr\/wp-content\/uploads\/2024\/11\/USATSI_24810597.jpg\" \/>\n\t<meta property=\"og:image:width\" content=\"1920\" \/>\n\t<meta property=\"og:image:height\" content=\"1280\" \/>\n\t<meta property=\"og:image:type\" content=\"image\/jpeg\" \/>\n<meta name=\"author\" content=\"Nicolas Blanchard\" \/>\n<meta name=\"twitter:card\" content=\"summary_large_image\" \/>\n<meta name=\"twitter:creator\" content=\"@TheFreeAgentFR\" \/>\n<meta name=\"twitter:site\" content=\"@TheFreeAgentFR\" \/>\n<meta name=\"twitter:label1\" content=\"\u00c9crit par\" \/>\n\t<meta name=\"twitter:data1\" content=\"Nicolas Blanchard\" \/>\n\t<meta name=\"twitter:label2\" content=\"Dur\u00e9e de lecture estim\u00e9e\" \/>\n\t<meta name=\"twitter:data2\" content=\"2 minutes\" \/>\n<script type=\"application\/ld+json\" class=\"yoast-schema-graph\">{\"@context\":\"https:\/\/schema.org\",\"@graph\":[{\"@type\":\"WebPage\",\"@id\":\"https:\/\/theplayoffs.news\/fr\/actualite-nba\/paul-george-absent-pour-2-matchs\/\",\"url\":\"https:\/\/theplayoffs.news\/fr\/actualite-nba\/paul-george-absent-pour-2-matchs\/\",\"name\":\"Paul George absent pour 2 matchs au minimum\u00a0! - The Playoffs FR\",\"isPartOf\":{\"@id\":\"https:\/\/theplayoffs.news\/fr\/#website\"},\"primaryImageOfPage\":{\"@id\":\"https:\/\/theplayoffs.news\/fr\/actualite-nba\/paul-george-absent-pour-2-matchs\/#primaryimage\"},\"image\":{\"@id\":\"https:\/\/theplayoffs.news\/fr\/actualite-nba\/paul-george-absent-pour-2-matchs\/#primaryimage\"},\"thumbnailUrl\":\"https:\/\/theplayoffs.news\/fr\/wp-content\/uploads\/2024\/11\/USATSI_24810597.jpg\",\"datePublished\":\"2024-11-22T08:16:54+00:00\",\"dateModified\":\"2024-11-22T08:16:54+00:00\",\"author\":{\"@id\":\"https:\/\/theplayoffs.news\/fr\/#\/schema\/person\/940879031feb6d5e27cf3c6b69917900\"},\"breadcrumb\":{\"@id\":\"https:\/\/theplayoffs.news\/fr\/actualite-nba\/paul-george-absent-pour-2-matchs\/#breadcrumb\"},\"inLanguage\":\"fr-FR\",\"potentialAction\":[{\"@type\":\"ReadAction\",\"target\":[\"https:\/\/theplayoffs.news\/fr\/actualite-nba\/paul-george-absent-pour-2-matchs\/\"]}]},{\"@type\":\"ImageObject\",\"inLanguage\":\"fr-FR\",\"@id\":\"https:\/\/theplayoffs.news\/fr\/actualite-nba\/paul-george-absent-pour-2-matchs\/#primaryimage\",\"url\":\"https:\/\/theplayoffs.news\/fr\/wp-content\/uploads\/2024\/11\/USATSI_24810597.jpg\",\"contentUrl\":\"https:\/\/theplayoffs.news\/fr\/wp-content\/uploads\/2024\/11\/USATSI_24810597.jpg\",\"width\":1920,\"height\":1280,\"caption\":\"Nov 20, 2024; Memphis, Tennessee, USA; Philadelphia 76ers forward Paul George (8) drives to the basket as Memphis Grizzlies forward Jaylen Wells (0) defends during the first half at FedExForum. Mandatory Credit: Petre Thomas-Imagn Images\"},{\"@type\":\"BreadcrumbList\",\"@id\":\"https:\/\/theplayoffs.news\/fr\/actualite-nba\/paul-george-absent-pour-2-matchs\/#breadcrumb\",\"itemListElement\":[{\"@type\":\"ListItem\",\"position\":1,\"name\":\"Accueil\",\"item\":\"https:\/\/theplayoffs.news\/fr\/\"},{\"@type\":\"ListItem\",\"position\":2,\"name\":\"Paul George absent pour 2 matchs au minimum\u00a0!\"}]},{\"@type\":\"WebSite\",\"@id\":\"https:\/\/theplayoffs.news\/fr\/#website\",\"url\":\"https:\/\/theplayoffs.news\/fr\/\",\"name\":\"The Playoffs FR\",\"description\":\"NBA-NFL-NHL-MLB\",\"potentialAction\":[{\"@type\":\"SearchAction\",\"target\":{\"@type\":\"EntryPoint\",\"urlTemplate\":\"https:\/\/theplayoffs.news\/fr\/?s={search_term_string}\"},\"query-input\":{\"@type\":\"PropertyValueSpecification\",\"valueRequired\":true,\"valueName\":\"search_term_string\"}}],\"inLanguage\":\"fr-FR\"},{\"@type\":\"Person\",\"@id\":\"https:\/\/theplayoffs.news\/fr\/#\/schema\/person\/940879031feb6d5e27cf3c6b69917900\",\"name\":\"Nicolas Blanchard\",\"image\":{\"@type\":\"ImageObject\",\"inLanguage\":\"fr-FR\",\"@id\":\"https:\/\/theplayoffs.news\/fr\/#\/schema\/person\/image\/\",\"url\":\"https:\/\/secure.gravatar.com\/avatar\/98953498460526f9290cb098aaa573c5e0a48837b1ca5807dd22cace83810899?s=96&d=mm&r=g\",\"contentUrl\":\"https:\/\/secure.gravatar.com\/avatar\/98953498460526f9290cb098aaa573c5e0a48837b1ca5807dd22cace83810899?s=96&d=mm&r=g\",\"caption\":\"Nicolas Blanchard\"},\"description\":\"Fan de MLB depuis une dizaine d\u2019ann\u00e9es, je suis tomb\u00e9 amoureux des Chicago Cubs lorsque j\u2019ai vu Bill Murray c\u00e9l\u00e9brer ce premier sacre depuis 108 ans. Mon premier contact avec le Sport US s\u2019est fait lorsque je suis tomb\u00e9 sur une VHS d\u2019Allen Iverson et se fut la r\u00e9v\u00e9lation. Je suis devenu r\u00e9dacteur depuis maintenant 4 ans et cela m\u2019apporte une nouvelle vision du Sport US \u00e0 la fois analytique et bien plus globale (et oui il faut couvrir toutes les \u00e9quipes m\u00eame les chaussettes rouges de Boston).\",\"url\":\"https:\/\/theplayoffs.news\/fr\/author\/nico4017\/\"}]}<\/script>\n<!-- \/ Yoast SEO plugin. -->","yoast_head_json":{"title":"Paul George absent pour 2 matchs au minimum&nbsp;! - The Playoffs FR","robots":{"index":"index","follow":"follow","max-snippet":"max-snippet:-1","max-image-preview":"max-image-preview:large","max-video-preview":"max-video-preview:-1"},"canonical":"https:\/\/theplayoffs.news\/fr\/actualite-nba\/paul-george-absent-pour-2-matchs\/","og_locale":"fr_FR","og_type":"article","og_title":"Paul George absent pour 2 matchs au minimum&nbsp;! - The Playoffs FR","og_url":"https:\/\/theplayoffs.news\/fr\/actualite-nba\/paul-george-absent-pour-2-matchs\/","og_site_name":"The Playoffs FR","article_publisher":"https:\/\/www.facebook.com\/TheFreeAgentFR\/","og_image":[{"width":1920,"height":1280,"url":"https:\/\/theplayoffs.news\/fr\/wp-content\/uploads\/2024\/11\/USATSI_24810597.jpg","type":"image\/jpeg"}],"author":"Nicolas Blanchard","twitter_card":"summary_large_image","twitter_creator":"@TheFreeAgentFR","twitter_site":"@TheFreeAgentFR","twitter_misc":{"\u00c9crit par":"Nicolas Blanchard","Dur\u00e9e de lecture estim\u00e9e":"2 minutes"},"schema":{"@context":"https:\/\/schema.org","@graph":[{"@type":"WebPage","@id":"https:\/\/theplayoffs.news\/fr\/actualite-nba\/paul-george-absent-pour-2-matchs\/","url":"https:\/\/theplayoffs.news\/fr\/actualite-nba\/paul-george-absent-pour-2-matchs\/","name":"Paul George absent pour 2 matchs au minimum\u00a0! - The Playoffs FR","isPartOf":{"@id":"https:\/\/theplayoffs.news\/fr\/#website"},"primaryImageOfPage":{"@id":"https:\/\/theplayoffs.news\/fr\/actualite-nba\/paul-george-absent-pour-2-matchs\/#primaryimage"},"image":{"@id":"https:\/\/theplayoffs.news\/fr\/actualite-nba\/paul-george-absent-pour-2-matchs\/#primaryimage"},"thumbnailUrl":"https:\/\/theplayoffs.news\/fr\/wp-content\/uploads\/2024\/11\/USATSI_24810597.jpg","datePublished":"2024-11-22T08:16:54+00:00","dateModified":"2024-11-22T08:16:54+00:00","author":{"@id":"https:\/\/theplayoffs.news\/fr\/#\/schema\/person\/940879031feb6d5e27cf3c6b69917900"},"breadcrumb":{"@id":"https:\/\/theplayoffs.news\/fr\/actualite-nba\/paul-george-absent-pour-2-matchs\/#breadcrumb"},"inLanguage":"fr-FR","potentialAction":[{"@type":"ReadAction","target":["https:\/\/theplayoffs.news\/fr\/actualite-nba\/paul-george-absent-pour-2-matchs\/"]}]},{"@type":"ImageObject","inLanguage":"fr-FR","@id":"https:\/\/theplayoffs.news\/fr\/actualite-nba\/paul-george-absent-pour-2-matchs\/#primaryimage","url":"https:\/\/theplayoffs.news\/fr\/wp-content\/uploads\/2024\/11\/USATSI_24810597.jpg","contentUrl":"https:\/\/theplayoffs.news\/fr\/wp-content\/uploads\/2024\/11\/USATSI_24810597.jpg","width":1920,"height":1280,"caption":"Nov 20, 2024; Memphis, Tennessee, USA; Philadelphia 76ers forward Paul George (8) drives to the basket as Memphis Grizzlies forward Jaylen Wells (0) defends during the first half at FedExForum. Mandatory Credit: Petre Thomas-Imagn Images"},{"@type":"BreadcrumbList","@id":"https:\/\/theplayoffs.news\/fr\/actualite-nba\/paul-george-absent-pour-2-matchs\/#breadcrumb","itemListElement":[{"@type":"ListItem","position":1,"name":"Accueil","item":"https:\/\/theplayoffs.news\/fr\/"},{"@type":"ListItem","position":2,"name":"Paul George absent pour 2 matchs au minimum\u00a0!"}]},{"@type":"WebSite","@id":"https:\/\/theplayoffs.news\/fr\/#website","url":"https:\/\/theplayoffs.news\/fr\/","name":"The Playoffs FR","description":"NBA-NFL-NHL-MLB","potentialAction":[{"@type":"SearchAction","target":{"@type":"EntryPoint","urlTemplate":"https:\/\/theplayoffs.news\/fr\/?s={search_term_string}"},"query-input":{"@type":"PropertyValueSpecification","valueRequired":true,"valueName":"search_term_string"}}],"inLanguage":"fr-FR"},{"@type":"Person","@id":"https:\/\/theplayoffs.news\/fr\/#\/schema\/person\/940879031feb6d5e27cf3c6b69917900","name":"Nicolas Blanchard","image":{"@type":"ImageObject","inLanguage":"fr-FR","@id":"https:\/\/theplayoffs.news\/fr\/#\/schema\/person\/image\/","url":"https:\/\/secure.gravatar.com\/avatar\/98953498460526f9290cb098aaa573c5e0a48837b1ca5807dd22cace83810899?s=96&d=mm&r=g","contentUrl":"https:\/\/secure.gravatar.com\/avatar\/98953498460526f9290cb098aaa573c5e0a48837b1ca5807dd22cace83810899?s=96&d=mm&r=g","caption":"Nicolas Blanchard"},"description":"Fan de MLB depuis une dizaine d\u2019ann\u00e9es, je suis tomb\u00e9 amoureux des Chicago Cubs lorsque j\u2019ai vu Bill Murray c\u00e9l\u00e9brer ce premier sacre depuis 108 ans. Mon premier contact avec le Sport US s\u2019est fait lorsque je suis tomb\u00e9 sur une VHS d\u2019Allen Iverson et se fut la r\u00e9v\u00e9lation. Je suis devenu r\u00e9dacteur depuis maintenant 4 ans et cela m\u2019apporte une nouvelle vision du Sport US \u00e0 la fois analytique et bien plus globale (et oui il faut couvrir toutes les \u00e9quipes m\u00eame les chaussettes rouges de Boston).","url":"https:\/\/theplayoffs.news\/fr\/author\/nico4017\/"}]}},"_links":{"self":[{"href":"https:\/\/theplayoffs.news\/fr\/wp-json\/wp\/v2\/posts\/1467823","targetHints":{"allow":["GET"]}}],"collection":[{"href":"https:\/\/theplayoffs.news\/fr\/wp-json\/wp\/v2\/posts"}],"about":[{"href":"https:\/\/theplayoffs.news\/fr\/wp-json\/wp\/v2\/types\/post"}],"author":[{"embeddable":true,"href":"https:\/\/theplayoffs.news\/fr\/wp-json\/wp\/v2\/users\/180309823"}],"replies":[{"embeddable":true,"href":"https:\/\/theplayoffs.news\/fr\/wp-json\/wp\/v2\/comments?post=1467823"}],"version-history":[{"count":4,"href":"https:\/\/theplayoffs.news\/fr\/wp-json\/wp\/v2\/posts\/1467823\/revisions"}],"predecessor-version":[{"id":1467830,"href":"https:\/\/theplayoffs.news\/fr\/wp-json\/wp\/v2\/posts\/1467823\/revisions\/1467830"}],"wp:featuredmedia":[{"embeddable":true,"href":"https:\/\/theplayoffs.news\/fr\/wp-json\/wp\/v2\/media\/1467825"}],"wp:attachment":[{"href":"https:\/\/theplayoffs.news\/fr\/wp-json\/wp\/v2\/media?parent=1467823"}],"wp:term":[{"taxonomy":"category","embeddable":true,"href":"https:\/\/theplayoffs.news\/fr\/wp-json\/wp\/v2\/categories?post=1467823"},{"taxonomy":"post_tag","embeddable":true,"href":"https:\/\/theplayoffs.news\/fr\/wp-json\/wp\/v2\/tags?post=1467823"},{"taxonomy":"sport","embeddable":true,"href":"https:\/\/theplayoffs.news\/fr\/wp-json\/wp\/v2\/sport?post=1467823"},{"taxonomy":"saison","embeddable":true,"href":"https:\/\/theplayoffs.news\/fr\/wp-json\/wp\/v2\/saison?post=1467823"}],"curies":[{"name":"wp","href":"https:\/\/api.w.org\/{rel}","templated":true}]}}