{"id":1467728,"date":"2024-11-21T17:16:53","date_gmt":"2024-11-21T16:16:53","guid":{"rendered":"https:\/\/theplayoffs.news\/fr\/?p=1467728"},"modified":"2024-11-21T17:16:53","modified_gmt":"2024-11-21T16:16:53","slug":"luka-doncic-absent-1-semaine","status":"publish","type":"post","link":"https:\/\/theplayoffs.news\/fr\/actualite-nba\/luka-doncic-absent-1-semaine\/","title":{"rendered":"Luka Doncic absent au minimum 1 semaine\u00a0!"},"content":{"rendered":"<p style=\"text-align: justify\"><strong>Les p&eacute;pins physiques s&rsquo;enchainent pour Luka Doncic qui vient de se blesser au poignet droit, une blessure qui s&rsquo;ajoute &agrave; sa contusion au genou qui le handicape depuis le d&eacute;but de la saison.<\/strong><\/p><h3 style=\"text-align: justify\">Luka Doncic r&eacute;&eacute;valuer dans une semaine&nbsp;!<\/h3><p style=\"text-align: justify\">Selon <a href=\"https:\/\/en.wikipedia.org\/wiki\/Shams_Charania\" class=\"trk-cta-link\" data-cta-trk='{\"ctaType\":\"Link\",\"ctaSubType\":\"main\"}'>Shams Charania<\/a>, <a href=\"https:\/\/theplayoffs.news\/fr\/joueur\/luka-doncic-nba-7890548\/\" class=\"trk-cta-link\" data-cta-trk='{\"ctaType\":\"Link\",\"ctaSubType\":\"main\"}'>Luka Doncic<\/a> va rater au minimum une semaine de comp&eacute;tition suite &agrave; sa blessure au poignet. Son cas sera r&eacute;&eacute;valu&eacute; par les membres du staff m&eacute;dical des <a href=\"https:\/\/theplayoffs.news\/fr\/equipe\/dallas-mavericks-nba\/\" class=\"trk-cta-link\" data-cta-trk='{\"ctaType\":\"Link\",\"ctaSubType\":\"main\"}'>Dallas Mavericks<\/a> dans 7 jours.<\/p><blockquote class=\"twitter-tweet\" data-width=\"500\" data-dnt=\"true\">\n<p lang=\"en\" dir=\"ltr\">Dallas Mavericks star Luka Doncic has sustained a wrist injury and is expected to miss time, sources tell ESPN. <a href=\"https:\/\/t.co\/QxZuKaDyAl\" class=\"trk-cta-link\" data-cta-trk='{\"ctaType\":\"Link\",\"ctaSubType\":\"main\"}'>pic.twitter.com\/QxZuKaDyAl<\/a><\/p>\n<p>&mdash; Shams Charania (@ShamsCharania) <a href=\"https:\/\/twitter.com\/ShamsCharania\/status\/1859616331072471389?ref_src=twsrc%5Etfw\" class=\"trk-cta-link\" data-cta-trk='{\"ctaType\":\"Link\",\"ctaSubType\":\"main\"}'>November 21, 2024<\/a><\/p><\/blockquote><p><script async src=\"https:\/\/platform.twitter.com\/widgets.js\" charset=\"utf-8\"><\/script><\/p><p style=\"text-align: justify\">La star Slov&egrave;ne a manqu&eacute; son premier match de la saison dimanche contre le <a href=\"https:\/\/theplayoffs.news\/fr\/equipe\/oklahoma-city-thunder-nba\/\" class=\"trk-cta-link\" data-cta-trk='{\"ctaType\":\"Link\",\"ctaSubType\":\"main\"}'>Thunder d&rsquo;Oklahoma City<\/a> en raison d&rsquo;une contusion &agrave; son genou droit. Pour son retour contre les <a href=\"https:\/\/theplayoffs.news\/fr\/equipe\/new-orleans-pelicans-nba\/\" class=\"trk-cta-link\" data-cta-trk='{\"ctaType\":\"Link\",\"ctaSubType\":\"main\"}'>Pelicans<\/a>, Luka Doncic avait termin&eacute; avec 26 points 5 rebonds, 5 passes d&eacute;cisives et 3 interceptions.<\/p><blockquote>\n<p style=\"text-align: justify\">&laquo;&nbsp;Il a montr&eacute; qu&rsquo;il &eacute;tait humain.&nbsp;&raquo; a d&eacute;clar&eacute; Jason Kidd apr&egrave;s le match contre les Pelicans. Avant d&rsquo;enchainer lorsqu&rsquo;on lui a parl&eacute; du rendement en baisse de Luka Doncic. &laquo;&nbsp;Une moyenne de 28, huit et huit. Je signe pour &ccedil;a tous les jours.&nbsp;&raquo;<\/p>\n<\/blockquote><p style=\"text-align: justify\">En 14 matchs jou&eacute;s cette saison, il tourne &agrave; 28,1 pts, 7,6 rebonds et 7,6 passes d&eacute;cisives pour &ecirc;tre pr&eacute;cis.<\/p><p style=\"text-align: justify\">Les hommes de <a href=\"https:\/\/www.basketball-reference.com\/players\/k\/kiddja01.html\" class=\"trk-cta-link\" data-cta-trk='{\"ctaType\":\"Link\",\"ctaSubType\":\"main\"}'>Jason Kidd<\/a> vont donc devoir g&eacute;rer sans leur joueur vedette pour au moins leur quatre prochains matchs contre les <a href=\"https:\/\/theplayoffs.news\/fr\/equipe\/denver-nuggets-nba\/\" class=\"trk-cta-link\" data-cta-trk='{\"ctaType\":\"Link\",\"ctaSubType\":\"main\"}'>Denver Nuggets<\/a>, le <a href=\"https:\/\/theplayoffs.news\/fr\/equipe\/miami-heat-nba\/\" class=\"trk-cta-link\" data-cta-trk='{\"ctaType\":\"Link\",\"ctaSubType\":\"main\"}'>Heat de Miami<\/a>, les <a href=\"https:\/\/theplayoffs.news\/fr\/equipe\/atlanta-hawks-nba\/\" class=\"trk-cta-link\" data-cta-trk='{\"ctaType\":\"Link\",\"ctaSubType\":\"main\"}'>Hawks d&rsquo;Atlanta<\/a> et les <a href=\"https:\/\/theplayoffs.news\/fr\/equipe\/new-york-knicks-nba\/\" class=\"trk-cta-link\" data-cta-trk='{\"ctaType\":\"Link\",\"ctaSubType\":\"main\"}'>New York Knicks<\/a>.<\/p><p>&nbsp;<\/p><p>Cr&eacute;dit Photo : &copy; Jerome Miron-Imagn Images<\/p>\n","protected":false},"excerpt":{"rendered":"","protected":false},"author":180309823,"featured_media":1467729,"comment_status":"open","ping_status":"closed","sticky":false,"template":"","format":"standard","meta":{"inline_featured_image":false,"kia_subtitle":"","_mux_skip_reasons":[],"proofreadBy":0,"footnotes":""},"categories":[110,10],"tags":[595,545],"sport":[2783],"saison":[6111],"class_list":["post-1467728","post","type-post","status-publish","format-standard","has-post-thumbnail","hentry","category-actualite-nba","category-nba","tag-dallas-mavericks","tag-luka-doncic","sport-nba","saison-6111"],"acf":[],"yoast_head":"<!-- This site is optimized with the Yoast SEO plugin v24.2 - https:\/\/yoast.com\/wordpress\/plugins\/seo\/ -->\n<title>Luka Doncic absent au minimum 1 semaine&nbsp;! - The Playoffs FR<\/title>\n<meta name=\"robots\" content=\"index, follow, max-snippet:-1, max-image-preview:large, max-video-preview:-1\" \/>\n<link rel=\"canonical\" href=\"https:\/\/theplayoffs.news\/fr\/actualite-nba\/luka-doncic-absent-1-semaine\/\" \/>\n<meta property=\"og:locale\" content=\"fr_FR\" \/>\n<meta property=\"og:type\" content=\"article\" \/>\n<meta property=\"og:title\" content=\"Luka Doncic absent au minimum 1 semaine&nbsp;! - The Playoffs FR\" \/>\n<meta property=\"og:url\" content=\"https:\/\/theplayoffs.news\/fr\/actualite-nba\/luka-doncic-absent-1-semaine\/\" \/>\n<meta property=\"og:site_name\" content=\"The Playoffs FR\" \/>\n<meta property=\"article:publisher\" content=\"https:\/\/www.facebook.com\/TheFreeAgentFR\/\" \/>\n<meta property=\"article:modified_time\" content=\"2024-11-21T17:16:53+01:00\" \/>\n<meta property=\"og:image\" content=\"https:\/\/theplayoffs.news\/fr\/wp-content\/uploads\/2024\/11\/USATSI_24804129.jpg\" \/>\n\t<meta property=\"og:image:width\" content=\"1920\" \/>\n\t<meta property=\"og:image:height\" content=\"1280\" \/>\n\t<meta property=\"og:image:type\" content=\"image\/jpeg\" \/>\n<meta name=\"author\" content=\"Nicolas Blanchard\" \/>\n<meta name=\"twitter:card\" content=\"summary_large_image\" \/>\n<meta name=\"twitter:creator\" content=\"@TheFreeAgentFR\" \/>\n<meta name=\"twitter:site\" content=\"@TheFreeAgentFR\" \/>\n<meta name=\"twitter:label1\" content=\"\u00c9crit par\" \/>\n\t<meta name=\"twitter:data1\" content=\"Nicolas Blanchard\" \/>\n\t<meta name=\"twitter:label2\" content=\"Dur\u00e9e de lecture estim\u00e9e\" \/>\n\t<meta name=\"twitter:data2\" content=\"1 minute\" \/>\n<script type=\"application\/ld+json\" class=\"yoast-schema-graph\">{\"@context\":\"https:\/\/schema.org\",\"@graph\":[{\"@type\":\"WebPage\",\"@id\":\"https:\/\/theplayoffs.news\/fr\/actualite-nba\/luka-doncic-absent-1-semaine\/\",\"url\":\"https:\/\/theplayoffs.news\/fr\/actualite-nba\/luka-doncic-absent-1-semaine\/\",\"name\":\"Luka Doncic absent au minimum 1 semaine\u00a0! - The Playoffs FR\",\"isPartOf\":{\"@id\":\"https:\/\/theplayoffs.news\/fr\/#website\"},\"primaryImageOfPage\":{\"@id\":\"https:\/\/theplayoffs.news\/fr\/actualite-nba\/luka-doncic-absent-1-semaine\/#primaryimage\"},\"image\":{\"@id\":\"https:\/\/theplayoffs.news\/fr\/actualite-nba\/luka-doncic-absent-1-semaine\/#primaryimage\"},\"thumbnailUrl\":\"https:\/\/theplayoffs.news\/fr\/wp-content\/uploads\/2024\/11\/USATSI_24804129.jpg\",\"datePublished\":\"2024-11-21T16:16:53+00:00\",\"dateModified\":\"2024-11-21T16:16:53+00:00\",\"author\":{\"@id\":\"https:\/\/theplayoffs.news\/fr\/#\/schema\/person\/940879031feb6d5e27cf3c6b69917900\"},\"breadcrumb\":{\"@id\":\"https:\/\/theplayoffs.news\/fr\/actualite-nba\/luka-doncic-absent-1-semaine\/#breadcrumb\"},\"inLanguage\":\"fr-FR\",\"potentialAction\":[{\"@type\":\"ReadAction\",\"target\":[\"https:\/\/theplayoffs.news\/fr\/actualite-nba\/luka-doncic-absent-1-semaine\/\"]}]},{\"@type\":\"ImageObject\",\"inLanguage\":\"fr-FR\",\"@id\":\"https:\/\/theplayoffs.news\/fr\/actualite-nba\/luka-doncic-absent-1-semaine\/#primaryimage\",\"url\":\"https:\/\/theplayoffs.news\/fr\/wp-content\/uploads\/2024\/11\/USATSI_24804129.jpg\",\"contentUrl\":\"https:\/\/theplayoffs.news\/fr\/wp-content\/uploads\/2024\/11\/USATSI_24804129.jpg\",\"width\":1920,\"height\":1280,\"caption\":\"Nov 19, 2024; Dallas, Texas, USA; Dallas Mavericks guard Luka Doncic (77) walks off the court during the second half against the New Orleans Pelicans at the American Airlines Center. Mandatory Credit: Jerome Miron-Imagn Images\"},{\"@type\":\"BreadcrumbList\",\"@id\":\"https:\/\/theplayoffs.news\/fr\/actualite-nba\/luka-doncic-absent-1-semaine\/#breadcrumb\",\"itemListElement\":[{\"@type\":\"ListItem\",\"position\":1,\"name\":\"Accueil\",\"item\":\"https:\/\/theplayoffs.news\/fr\/\"},{\"@type\":\"ListItem\",\"position\":2,\"name\":\"Luka Doncic absent au minimum 1 semaine\u00a0!\"}]},{\"@type\":\"WebSite\",\"@id\":\"https:\/\/theplayoffs.news\/fr\/#website\",\"url\":\"https:\/\/theplayoffs.news\/fr\/\",\"name\":\"The Playoffs FR\",\"description\":\"NBA-NFL-NHL-MLB\",\"potentialAction\":[{\"@type\":\"SearchAction\",\"target\":{\"@type\":\"EntryPoint\",\"urlTemplate\":\"https:\/\/theplayoffs.news\/fr\/?s={search_term_string}\"},\"query-input\":{\"@type\":\"PropertyValueSpecification\",\"valueRequired\":true,\"valueName\":\"search_term_string\"}}],\"inLanguage\":\"fr-FR\"},{\"@type\":\"Person\",\"@id\":\"https:\/\/theplayoffs.news\/fr\/#\/schema\/person\/940879031feb6d5e27cf3c6b69917900\",\"name\":\"Nicolas Blanchard\",\"image\":{\"@type\":\"ImageObject\",\"inLanguage\":\"fr-FR\",\"@id\":\"https:\/\/theplayoffs.news\/fr\/#\/schema\/person\/image\/\",\"url\":\"https:\/\/secure.gravatar.com\/avatar\/98953498460526f9290cb098aaa573c5e0a48837b1ca5807dd22cace83810899?s=96&d=mm&r=g\",\"contentUrl\":\"https:\/\/secure.gravatar.com\/avatar\/98953498460526f9290cb098aaa573c5e0a48837b1ca5807dd22cace83810899?s=96&d=mm&r=g\",\"caption\":\"Nicolas Blanchard\"},\"description\":\"Fan de MLB depuis une dizaine d\u2019ann\u00e9es, je suis tomb\u00e9 amoureux des Chicago Cubs lorsque j\u2019ai vu Bill Murray c\u00e9l\u00e9brer ce premier sacre depuis 108 ans. Mon premier contact avec le Sport US s\u2019est fait lorsque je suis tomb\u00e9 sur une VHS d\u2019Allen Iverson et se fut la r\u00e9v\u00e9lation. Je suis devenu r\u00e9dacteur depuis maintenant 4 ans et cela m\u2019apporte une nouvelle vision du Sport US \u00e0 la fois analytique et bien plus globale (et oui il faut couvrir toutes les \u00e9quipes m\u00eame les chaussettes rouges de Boston).\",\"url\":\"https:\/\/theplayoffs.news\/fr\/author\/nico4017\/\"}]}<\/script>\n<!-- \/ Yoast SEO plugin. -->","yoast_head_json":{"title":"Luka Doncic absent au minimum 1 semaine&nbsp;! - The Playoffs FR","robots":{"index":"index","follow":"follow","max-snippet":"max-snippet:-1","max-image-preview":"max-image-preview:large","max-video-preview":"max-video-preview:-1"},"canonical":"https:\/\/theplayoffs.news\/fr\/actualite-nba\/luka-doncic-absent-1-semaine\/","og_locale":"fr_FR","og_type":"article","og_title":"Luka Doncic absent au minimum 1 semaine&nbsp;! - The Playoffs FR","og_url":"https:\/\/theplayoffs.news\/fr\/actualite-nba\/luka-doncic-absent-1-semaine\/","og_site_name":"The Playoffs FR","article_publisher":"https:\/\/www.facebook.com\/TheFreeAgentFR\/","og_image":[{"width":1920,"height":1280,"url":"https:\/\/theplayoffs.news\/fr\/wp-content\/uploads\/2024\/11\/USATSI_24804129.jpg","type":"image\/jpeg"}],"author":"Nicolas Blanchard","twitter_card":"summary_large_image","twitter_creator":"@TheFreeAgentFR","twitter_site":"@TheFreeAgentFR","twitter_misc":{"\u00c9crit par":"Nicolas Blanchard","Dur\u00e9e de lecture estim\u00e9e":"1 minute"},"schema":{"@context":"https:\/\/schema.org","@graph":[{"@type":"WebPage","@id":"https:\/\/theplayoffs.news\/fr\/actualite-nba\/luka-doncic-absent-1-semaine\/","url":"https:\/\/theplayoffs.news\/fr\/actualite-nba\/luka-doncic-absent-1-semaine\/","name":"Luka Doncic absent au minimum 1 semaine\u00a0! - The Playoffs FR","isPartOf":{"@id":"https:\/\/theplayoffs.news\/fr\/#website"},"primaryImageOfPage":{"@id":"https:\/\/theplayoffs.news\/fr\/actualite-nba\/luka-doncic-absent-1-semaine\/#primaryimage"},"image":{"@id":"https:\/\/theplayoffs.news\/fr\/actualite-nba\/luka-doncic-absent-1-semaine\/#primaryimage"},"thumbnailUrl":"https:\/\/theplayoffs.news\/fr\/wp-content\/uploads\/2024\/11\/USATSI_24804129.jpg","datePublished":"2024-11-21T16:16:53+00:00","dateModified":"2024-11-21T16:16:53+00:00","author":{"@id":"https:\/\/theplayoffs.news\/fr\/#\/schema\/person\/940879031feb6d5e27cf3c6b69917900"},"breadcrumb":{"@id":"https:\/\/theplayoffs.news\/fr\/actualite-nba\/luka-doncic-absent-1-semaine\/#breadcrumb"},"inLanguage":"fr-FR","potentialAction":[{"@type":"ReadAction","target":["https:\/\/theplayoffs.news\/fr\/actualite-nba\/luka-doncic-absent-1-semaine\/"]}]},{"@type":"ImageObject","inLanguage":"fr-FR","@id":"https:\/\/theplayoffs.news\/fr\/actualite-nba\/luka-doncic-absent-1-semaine\/#primaryimage","url":"https:\/\/theplayoffs.news\/fr\/wp-content\/uploads\/2024\/11\/USATSI_24804129.jpg","contentUrl":"https:\/\/theplayoffs.news\/fr\/wp-content\/uploads\/2024\/11\/USATSI_24804129.jpg","width":1920,"height":1280,"caption":"Nov 19, 2024; Dallas, Texas, USA; Dallas Mavericks guard Luka Doncic (77) walks off the court during the second half against the New Orleans Pelicans at the American Airlines Center. Mandatory Credit: Jerome Miron-Imagn Images"},{"@type":"BreadcrumbList","@id":"https:\/\/theplayoffs.news\/fr\/actualite-nba\/luka-doncic-absent-1-semaine\/#breadcrumb","itemListElement":[{"@type":"ListItem","position":1,"name":"Accueil","item":"https:\/\/theplayoffs.news\/fr\/"},{"@type":"ListItem","position":2,"name":"Luka Doncic absent au minimum 1 semaine\u00a0!"}]},{"@type":"WebSite","@id":"https:\/\/theplayoffs.news\/fr\/#website","url":"https:\/\/theplayoffs.news\/fr\/","name":"The Playoffs FR","description":"NBA-NFL-NHL-MLB","potentialAction":[{"@type":"SearchAction","target":{"@type":"EntryPoint","urlTemplate":"https:\/\/theplayoffs.news\/fr\/?s={search_term_string}"},"query-input":{"@type":"PropertyValueSpecification","valueRequired":true,"valueName":"search_term_string"}}],"inLanguage":"fr-FR"},{"@type":"Person","@id":"https:\/\/theplayoffs.news\/fr\/#\/schema\/person\/940879031feb6d5e27cf3c6b69917900","name":"Nicolas Blanchard","image":{"@type":"ImageObject","inLanguage":"fr-FR","@id":"https:\/\/theplayoffs.news\/fr\/#\/schema\/person\/image\/","url":"https:\/\/secure.gravatar.com\/avatar\/98953498460526f9290cb098aaa573c5e0a48837b1ca5807dd22cace83810899?s=96&d=mm&r=g","contentUrl":"https:\/\/secure.gravatar.com\/avatar\/98953498460526f9290cb098aaa573c5e0a48837b1ca5807dd22cace83810899?s=96&d=mm&r=g","caption":"Nicolas Blanchard"},"description":"Fan de MLB depuis une dizaine d\u2019ann\u00e9es, je suis tomb\u00e9 amoureux des Chicago Cubs lorsque j\u2019ai vu Bill Murray c\u00e9l\u00e9brer ce premier sacre depuis 108 ans. Mon premier contact avec le Sport US s\u2019est fait lorsque je suis tomb\u00e9 sur une VHS d\u2019Allen Iverson et se fut la r\u00e9v\u00e9lation. Je suis devenu r\u00e9dacteur depuis maintenant 4 ans et cela m\u2019apporte une nouvelle vision du Sport US \u00e0 la fois analytique et bien plus globale (et oui il faut couvrir toutes les \u00e9quipes m\u00eame les chaussettes rouges de Boston).","url":"https:\/\/theplayoffs.news\/fr\/author\/nico4017\/"}]}},"_links":{"self":[{"href":"https:\/\/theplayoffs.news\/fr\/wp-json\/wp\/v2\/posts\/1467728","targetHints":{"allow":["GET"]}}],"collection":[{"href":"https:\/\/theplayoffs.news\/fr\/wp-json\/wp\/v2\/posts"}],"about":[{"href":"https:\/\/theplayoffs.news\/fr\/wp-json\/wp\/v2\/types\/post"}],"author":[{"embeddable":true,"href":"https:\/\/theplayoffs.news\/fr\/wp-json\/wp\/v2\/users\/180309823"}],"replies":[{"embeddable":true,"href":"https:\/\/theplayoffs.news\/fr\/wp-json\/wp\/v2\/comments?post=1467728"}],"version-history":[{"count":2,"href":"https:\/\/theplayoffs.news\/fr\/wp-json\/wp\/v2\/posts\/1467728\/revisions"}],"predecessor-version":[{"id":1467732,"href":"https:\/\/theplayoffs.news\/fr\/wp-json\/wp\/v2\/posts\/1467728\/revisions\/1467732"}],"wp:featuredmedia":[{"embeddable":true,"href":"https:\/\/theplayoffs.news\/fr\/wp-json\/wp\/v2\/media\/1467729"}],"wp:attachment":[{"href":"https:\/\/theplayoffs.news\/fr\/wp-json\/wp\/v2\/media?parent=1467728"}],"wp:term":[{"taxonomy":"category","embeddable":true,"href":"https:\/\/theplayoffs.news\/fr\/wp-json\/wp\/v2\/categories?post=1467728"},{"taxonomy":"post_tag","embeddable":true,"href":"https:\/\/theplayoffs.news\/fr\/wp-json\/wp\/v2\/tags?post=1467728"},{"taxonomy":"sport","embeddable":true,"href":"https:\/\/theplayoffs.news\/fr\/wp-json\/wp\/v2\/sport?post=1467728"},{"taxonomy":"saison","embeddable":true,"href":"https:\/\/theplayoffs.news\/fr\/wp-json\/wp\/v2\/saison?post=1467728"}],"curies":[{"name":"wp","href":"https:\/\/api.w.org\/{rel}","templated":true}]}}