{"id":1467376,"date":"2024-11-18T10:26:53","date_gmt":"2024-11-18T09:26:53","guid":{"rendered":"https:\/\/theplayoffs.news\/fr\/?p=1467376"},"modified":"2024-11-18T10:26:53","modified_gmt":"2024-11-18T09:26:53","slug":"david-bell-rejoint-les-blue-jays","status":"publish","type":"post","link":"https:\/\/theplayoffs.news\/fr\/actualite-mlb\/david-bell-rejoint-les-blue-jays\/","title":{"rendered":"David Bell rejoint le Front office des Blue Jays\u00a0!"},"content":{"rendered":"<p><strong>David Bell va connaitre une nouvelle fonction, cette fois-ci en tant que Vice-pr&eacute;sident des op&eacute;rations baseball chez les Toronto Blue Jays.&nbsp;<\/strong><\/p><h3>David Bell&nbsp;: De manager &agrave; dirigeant&nbsp;!<\/h3><p><a href=\"https:\/\/www.mlb.com\/player\/david-bell-110816\" class=\"trk-cta-link\" data-cta-trk='{\"ctaType\":\"Link\",\"ctaSubType\":\"main\"}'>David Bell<\/a> va quitter sa tenue de manager pour enfiler le costume de dirigeant chez les <a href=\"https:\/\/theplayoffs.news\/fr\/equipe\/toronto-blue-jays-mlb\/\" class=\"trk-cta-link\" data-cta-trk='{\"ctaType\":\"Link\",\"ctaSubType\":\"main\"}'>Toronto Blue Jays<\/a>. Il va occuper la fonction de Vice-pr&eacute;sident des op&eacute;rations baseball avec un r&ocirc;le principalement ax&eacute; sur le d&eacute;veloppement des joueurs et les performances mentales et physiques de ces derniers.<\/p><blockquote><p>&laquo;&nbsp;David Bell supervisera les d&eacute;partements de d&eacute;veloppement des joueurs et des performances mentales et physiques, tout en contribuant aux d&eacute;cisions de planification strat&eacute;gique en MLB et en conseillant sur l&rsquo;&eacute;valuation et l&rsquo;acquisition des joueurs&nbsp;&raquo; a d&eacute;clar&eacute; la franchise de Toronto dans un communiqu&eacute; publi&eacute; vendredi<\/p><\/blockquote><blockquote class=\"twitter-tweet\" data-width=\"500\" data-dnt=\"true\">\n<p lang=\"en\" dir=\"ltr\">Congratulations to David Bell, who is being hired by the Toronto Blue Jays as their new vice president\/baseball operations and assistant GM, per <a href=\"https:\/\/twitter.com\/bnicholsonsmith?ref_src=twsrc%5Etfw\" class=\"trk-cta-link\" data-cta-trk='{\"ctaType\":\"Link\",\"ctaSubType\":\"main\"}'>@bnicholsonsmith<\/a> and <a href=\"https:\/\/twitter.com\/ShiDavidi?ref_src=twsrc%5Etfw\" class=\"trk-cta-link\" data-cta-trk='{\"ctaType\":\"Link\",\"ctaSubType\":\"main\"}'>@ShiDavidi<\/a>. Bell, dismissed in September by the Cincinnati Reds after 6 years as manager, is widely considered as&hellip;<\/p>\n<p>&mdash; Bob Nightengale (@BNightengale) <a href=\"https:\/\/twitter.com\/BNightengale\/status\/1857564417669394734?ref_src=twsrc%5Etfw\" class=\"trk-cta-link\" data-cta-trk='{\"ctaType\":\"Link\",\"ctaSubType\":\"main\"}'>November 15, 2024<\/a><\/p><\/blockquote><p><script async src=\"https:\/\/platform.twitter.com\/widgets.js\" charset=\"utf-8\"><\/script><\/p><p>David Bell avait d&eacute;j&agrave; faillit rejoindre les Blue Jays &agrave; la fin de la saison 2018, cette fois-ci en tant que manager. Finalement, il avait sign&eacute; avec les <a href=\"https:\/\/theplayoffs.news\/fr\/equipe\/cincinnati-reds-mlb\/\" class=\"trk-cta-link\" data-cta-trk='{\"ctaType\":\"Link\",\"ctaSubType\":\"main\"}'>Cincinnati Reds.<\/a> Une franchise qu&rsquo;il dirigera jusqu&rsquo;en 2024.<\/p><p>Avec seulement cinq matchs restants, <a href=\"https:\/\/theplayoffs.news\/fr\/mlb\/reds-se-separent-de-leur-manager-david-bell\/\" class=\"trk-cta-link\" data-cta-trk='{\"ctaType\":\"Link\",\"ctaSubType\":\"main\"}'>les Reds ont tout de m&ecirc;me d&eacute;cid&eacute; de se s&eacute;parer de David Bell<\/a> &agrave; la fin de cette saison 2024.<\/p><blockquote class=\"twitter-tweet\" data-width=\"500\" data-dnt=\"true\">\n<p lang=\"en\" dir=\"ltr\">The Reds have fired manager David Bell, the team announced. <a href=\"https:\/\/t.co\/lndkPp1NBf\" class=\"trk-cta-link\" data-cta-trk='{\"ctaType\":\"Link\",\"ctaSubType\":\"main\"}'>pic.twitter.com\/lndkPp1NBf<\/a><\/p>\n<p>&mdash; FOX Sports: MLB (@MLBONFOX) <a href=\"https:\/\/twitter.com\/MLBONFOX\/status\/1838037037187781112?ref_src=twsrc%5Etfw\" class=\"trk-cta-link\" data-cta-trk='{\"ctaType\":\"Link\",\"ctaSubType\":\"main\"}'>September 23, 2024<\/a><\/p><\/blockquote><p><script async src=\"https:\/\/platform.twitter.com\/widgets.js\" charset=\"utf-8\"><\/script><\/p><p>Finalement, il va occuper des fonctions proches de ce qu&rsquo;il a d&eacute;j&agrave; fait par le pass&eacute;, &agrave; savoir superviser le d&eacute;veloppement des joueurs. En effet, c&rsquo;est un r&ocirc;le qu&rsquo;il a pu connaitre, mais dans la peau d&rsquo;un coach, avec les <a href=\"https:\/\/theplayoffs.news\/fr\/equipe\/chicago-cubs-mlb\/\" class=\"trk-cta-link\" data-cta-trk='{\"ctaType\":\"Link\",\"ctaSubType\":\"main\"}'>Chicago Cubs<\/a>, les <a href=\"https:\/\/theplayoffs.news\/fr\/equipe\/st-louis-cardinals-mlb\/\" class=\"trk-cta-link\" data-cta-trk='{\"ctaType\":\"Link\",\"ctaSubType\":\"main\"}'>Cardinals de St.Louis<\/a> ou encore les <a href=\"https:\/\/theplayoffs.news\/fr\/equipe\/san-francisco-giants-mlb\/\" class=\"trk-cta-link\" data-cta-trk='{\"ctaType\":\"Link\",\"ctaSubType\":\"main\"}'>Giants de San Francisco.<\/a><\/p><p>David Bell n&rsquo;aura pas tard&eacute; &agrave; rebondir apr&egrave;s son &eacute;viction du poste de g&eacute;n&eacute;ral manager des Reds. De son c&ocirc;t&eacute; les Blue Jays comptent sur son exp&eacute;rience pour faire d&eacute;velopper leurs jeunes joueurs issues du &laquo;&nbsp;Farm system&nbsp;&raquo;.<\/p><p>La franchise canadienne est &agrave; un tournant majeur pour la suite. D&rsquo;abord pleines de promesses, cette &eacute;quipe des &nbsp;Blue Jays n&rsquo;en finit plus de d&eacute;cevoir saison apr&egrave;s saison. L&rsquo;intersaison promet d&rsquo;&ecirc;tre agit&eacute;e pour <a href=\"https:\/\/www.mlb.com\/player\/john-schneider-456120\" class=\"trk-cta-link\" data-cta-trk='{\"ctaType\":\"Link\",\"ctaSubType\":\"main\"}'>John Schneider<\/a> et son staff.<\/p><p>&nbsp;<\/p><p>Cr&eacute;dit Photo : &copy; Kareem Elgazzar \/ USA TODAY NETWORK via Imagn Images<\/p>\n","protected":false},"excerpt":{"rendered":"","protected":false},"author":180309823,"featured_media":1467377,"comment_status":"open","ping_status":"closed","sticky":false,"template":"","format":"standard","meta":{"inline_featured_image":false,"kia_subtitle":"","_mux_skip_reasons":[],"proofreadBy":0,"footnotes":""},"categories":[188,9],"tags":[4146,883],"sport":[2786],"saison":[7475],"class_list":["post-1467376","post","type-post","status-publish","format-standard","has-post-thumbnail","hentry","category-actualite-mlb","category-mlb","tag-david-bell","tag-toronto-blue-jays","sport-mlb","saison-7475"],"acf":[],"yoast_head":"<!-- This site is optimized with the Yoast SEO plugin v24.2 - https:\/\/yoast.com\/wordpress\/plugins\/seo\/ -->\n<title>David Bell rejoint le Front office des Blue Jays&nbsp;! - The Playoffs FR<\/title>\n<meta name=\"robots\" content=\"index, follow, max-snippet:-1, max-image-preview:large, max-video-preview:-1\" \/>\n<link rel=\"canonical\" href=\"https:\/\/theplayoffs.news\/fr\/actualite-mlb\/david-bell-rejoint-les-blue-jays\/\" \/>\n<meta property=\"og:locale\" content=\"fr_FR\" \/>\n<meta property=\"og:type\" content=\"article\" \/>\n<meta property=\"og:title\" content=\"David Bell rejoint le Front office des Blue Jays&nbsp;! - The Playoffs FR\" \/>\n<meta property=\"og:url\" content=\"https:\/\/theplayoffs.news\/fr\/actualite-mlb\/david-bell-rejoint-les-blue-jays\/\" \/>\n<meta property=\"og:site_name\" content=\"The Playoffs FR\" \/>\n<meta property=\"article:publisher\" content=\"https:\/\/www.facebook.com\/TheFreeAgentFR\/\" \/>\n<meta property=\"article:modified_time\" content=\"2024-11-18T10:26:53+01:00\" \/>\n<meta property=\"og:image\" content=\"https:\/\/theplayoffs.news\/fr\/wp-content\/uploads\/2024\/11\/USATSI_24376617.jpg\" \/>\n\t<meta property=\"og:image:width\" content=\"1920\" \/>\n\t<meta property=\"og:image:height\" content=\"1280\" \/>\n\t<meta property=\"og:image:type\" content=\"image\/jpeg\" \/>\n<meta name=\"author\" content=\"Nicolas Blanchard\" \/>\n<meta name=\"twitter:card\" content=\"summary_large_image\" \/>\n<meta name=\"twitter:creator\" content=\"@TheFreeAgentFR\" \/>\n<meta name=\"twitter:site\" content=\"@TheFreeAgentFR\" \/>\n<meta name=\"twitter:label1\" content=\"\u00c9crit par\" \/>\n\t<meta name=\"twitter:data1\" content=\"Nicolas Blanchard\" \/>\n\t<meta name=\"twitter:label2\" content=\"Dur\u00e9e de lecture estim\u00e9e\" \/>\n\t<meta name=\"twitter:data2\" content=\"2 minutes\" \/>\n<script type=\"application\/ld+json\" class=\"yoast-schema-graph\">{\"@context\":\"https:\/\/schema.org\",\"@graph\":[{\"@type\":\"WebPage\",\"@id\":\"https:\/\/theplayoffs.news\/fr\/actualite-mlb\/david-bell-rejoint-les-blue-jays\/\",\"url\":\"https:\/\/theplayoffs.news\/fr\/actualite-mlb\/david-bell-rejoint-les-blue-jays\/\",\"name\":\"David Bell rejoint le Front office des Blue Jays\u00a0! - The Playoffs FR\",\"isPartOf\":{\"@id\":\"https:\/\/theplayoffs.news\/fr\/#website\"},\"primaryImageOfPage\":{\"@id\":\"https:\/\/theplayoffs.news\/fr\/actualite-mlb\/david-bell-rejoint-les-blue-jays\/#primaryimage\"},\"image\":{\"@id\":\"https:\/\/theplayoffs.news\/fr\/actualite-mlb\/david-bell-rejoint-les-blue-jays\/#primaryimage\"},\"thumbnailUrl\":\"https:\/\/theplayoffs.news\/fr\/wp-content\/uploads\/2024\/11\/USATSI_24376617.jpg\",\"datePublished\":\"2024-11-18T09:26:53+00:00\",\"dateModified\":\"2024-11-18T09:26:53+00:00\",\"author\":{\"@id\":\"https:\/\/theplayoffs.news\/fr\/#\/schema\/person\/940879031feb6d5e27cf3c6b69917900\"},\"breadcrumb\":{\"@id\":\"https:\/\/theplayoffs.news\/fr\/actualite-mlb\/david-bell-rejoint-les-blue-jays\/#breadcrumb\"},\"inLanguage\":\"fr-FR\",\"potentialAction\":[{\"@type\":\"ReadAction\",\"target\":[\"https:\/\/theplayoffs.news\/fr\/actualite-mlb\/david-bell-rejoint-les-blue-jays\/\"]}]},{\"@type\":\"ImageObject\",\"inLanguage\":\"fr-FR\",\"@id\":\"https:\/\/theplayoffs.news\/fr\/actualite-mlb\/david-bell-rejoint-les-blue-jays\/#primaryimage\",\"url\":\"https:\/\/theplayoffs.news\/fr\/wp-content\/uploads\/2024\/11\/USATSI_24376617.jpg\",\"contentUrl\":\"https:\/\/theplayoffs.news\/fr\/wp-content\/uploads\/2024\/11\/USATSI_24376617.jpg\",\"width\":1920,\"height\":1280,\"caption\":\"Reds manager David Bell (25) watches in the fourth inning against the Texas Rangers on June 15, 2019, at Great American Ball Park.\"},{\"@type\":\"BreadcrumbList\",\"@id\":\"https:\/\/theplayoffs.news\/fr\/actualite-mlb\/david-bell-rejoint-les-blue-jays\/#breadcrumb\",\"itemListElement\":[{\"@type\":\"ListItem\",\"position\":1,\"name\":\"Accueil\",\"item\":\"https:\/\/theplayoffs.news\/fr\/\"},{\"@type\":\"ListItem\",\"position\":2,\"name\":\"David Bell rejoint le Front office des Blue Jays\u00a0!\"}]},{\"@type\":\"WebSite\",\"@id\":\"https:\/\/theplayoffs.news\/fr\/#website\",\"url\":\"https:\/\/theplayoffs.news\/fr\/\",\"name\":\"The Playoffs FR\",\"description\":\"NBA-NFL-NHL-MLB\",\"potentialAction\":[{\"@type\":\"SearchAction\",\"target\":{\"@type\":\"EntryPoint\",\"urlTemplate\":\"https:\/\/theplayoffs.news\/fr\/?s={search_term_string}\"},\"query-input\":{\"@type\":\"PropertyValueSpecification\",\"valueRequired\":true,\"valueName\":\"search_term_string\"}}],\"inLanguage\":\"fr-FR\"},{\"@type\":\"Person\",\"@id\":\"https:\/\/theplayoffs.news\/fr\/#\/schema\/person\/940879031feb6d5e27cf3c6b69917900\",\"name\":\"Nicolas Blanchard\",\"image\":{\"@type\":\"ImageObject\",\"inLanguage\":\"fr-FR\",\"@id\":\"https:\/\/theplayoffs.news\/fr\/#\/schema\/person\/image\/\",\"url\":\"https:\/\/secure.gravatar.com\/avatar\/98953498460526f9290cb098aaa573c5e0a48837b1ca5807dd22cace83810899?s=96&d=mm&r=g\",\"contentUrl\":\"https:\/\/secure.gravatar.com\/avatar\/98953498460526f9290cb098aaa573c5e0a48837b1ca5807dd22cace83810899?s=96&d=mm&r=g\",\"caption\":\"Nicolas Blanchard\"},\"description\":\"Fan de MLB depuis une dizaine d\u2019ann\u00e9es, je suis tomb\u00e9 amoureux des Chicago Cubs lorsque j\u2019ai vu Bill Murray c\u00e9l\u00e9brer ce premier sacre depuis 108 ans. Mon premier contact avec le Sport US s\u2019est fait lorsque je suis tomb\u00e9 sur une VHS d\u2019Allen Iverson et se fut la r\u00e9v\u00e9lation. Je suis devenu r\u00e9dacteur depuis maintenant 4 ans et cela m\u2019apporte une nouvelle vision du Sport US \u00e0 la fois analytique et bien plus globale (et oui il faut couvrir toutes les \u00e9quipes m\u00eame les chaussettes rouges de Boston).\",\"url\":\"https:\/\/theplayoffs.news\/fr\/author\/nico4017\/\"}]}<\/script>\n<!-- \/ Yoast SEO plugin. -->","yoast_head_json":{"title":"David Bell rejoint le Front office des Blue Jays&nbsp;! - The Playoffs FR","robots":{"index":"index","follow":"follow","max-snippet":"max-snippet:-1","max-image-preview":"max-image-preview:large","max-video-preview":"max-video-preview:-1"},"canonical":"https:\/\/theplayoffs.news\/fr\/actualite-mlb\/david-bell-rejoint-les-blue-jays\/","og_locale":"fr_FR","og_type":"article","og_title":"David Bell rejoint le Front office des Blue Jays&nbsp;! - The Playoffs FR","og_url":"https:\/\/theplayoffs.news\/fr\/actualite-mlb\/david-bell-rejoint-les-blue-jays\/","og_site_name":"The Playoffs FR","article_publisher":"https:\/\/www.facebook.com\/TheFreeAgentFR\/","og_image":[{"width":1920,"height":1280,"url":"https:\/\/theplayoffs.news\/fr\/wp-content\/uploads\/2024\/11\/USATSI_24376617.jpg","type":"image\/jpeg"}],"author":"Nicolas Blanchard","twitter_card":"summary_large_image","twitter_creator":"@TheFreeAgentFR","twitter_site":"@TheFreeAgentFR","twitter_misc":{"\u00c9crit par":"Nicolas Blanchard","Dur\u00e9e de lecture estim\u00e9e":"2 minutes"},"schema":{"@context":"https:\/\/schema.org","@graph":[{"@type":"WebPage","@id":"https:\/\/theplayoffs.news\/fr\/actualite-mlb\/david-bell-rejoint-les-blue-jays\/","url":"https:\/\/theplayoffs.news\/fr\/actualite-mlb\/david-bell-rejoint-les-blue-jays\/","name":"David Bell rejoint le Front office des Blue Jays\u00a0! - The Playoffs FR","isPartOf":{"@id":"https:\/\/theplayoffs.news\/fr\/#website"},"primaryImageOfPage":{"@id":"https:\/\/theplayoffs.news\/fr\/actualite-mlb\/david-bell-rejoint-les-blue-jays\/#primaryimage"},"image":{"@id":"https:\/\/theplayoffs.news\/fr\/actualite-mlb\/david-bell-rejoint-les-blue-jays\/#primaryimage"},"thumbnailUrl":"https:\/\/theplayoffs.news\/fr\/wp-content\/uploads\/2024\/11\/USATSI_24376617.jpg","datePublished":"2024-11-18T09:26:53+00:00","dateModified":"2024-11-18T09:26:53+00:00","author":{"@id":"https:\/\/theplayoffs.news\/fr\/#\/schema\/person\/940879031feb6d5e27cf3c6b69917900"},"breadcrumb":{"@id":"https:\/\/theplayoffs.news\/fr\/actualite-mlb\/david-bell-rejoint-les-blue-jays\/#breadcrumb"},"inLanguage":"fr-FR","potentialAction":[{"@type":"ReadAction","target":["https:\/\/theplayoffs.news\/fr\/actualite-mlb\/david-bell-rejoint-les-blue-jays\/"]}]},{"@type":"ImageObject","inLanguage":"fr-FR","@id":"https:\/\/theplayoffs.news\/fr\/actualite-mlb\/david-bell-rejoint-les-blue-jays\/#primaryimage","url":"https:\/\/theplayoffs.news\/fr\/wp-content\/uploads\/2024\/11\/USATSI_24376617.jpg","contentUrl":"https:\/\/theplayoffs.news\/fr\/wp-content\/uploads\/2024\/11\/USATSI_24376617.jpg","width":1920,"height":1280,"caption":"Reds manager David Bell (25) watches in the fourth inning against the Texas Rangers on June 15, 2019, at Great American Ball Park."},{"@type":"BreadcrumbList","@id":"https:\/\/theplayoffs.news\/fr\/actualite-mlb\/david-bell-rejoint-les-blue-jays\/#breadcrumb","itemListElement":[{"@type":"ListItem","position":1,"name":"Accueil","item":"https:\/\/theplayoffs.news\/fr\/"},{"@type":"ListItem","position":2,"name":"David Bell rejoint le Front office des Blue Jays\u00a0!"}]},{"@type":"WebSite","@id":"https:\/\/theplayoffs.news\/fr\/#website","url":"https:\/\/theplayoffs.news\/fr\/","name":"The Playoffs FR","description":"NBA-NFL-NHL-MLB","potentialAction":[{"@type":"SearchAction","target":{"@type":"EntryPoint","urlTemplate":"https:\/\/theplayoffs.news\/fr\/?s={search_term_string}"},"query-input":{"@type":"PropertyValueSpecification","valueRequired":true,"valueName":"search_term_string"}}],"inLanguage":"fr-FR"},{"@type":"Person","@id":"https:\/\/theplayoffs.news\/fr\/#\/schema\/person\/940879031feb6d5e27cf3c6b69917900","name":"Nicolas Blanchard","image":{"@type":"ImageObject","inLanguage":"fr-FR","@id":"https:\/\/theplayoffs.news\/fr\/#\/schema\/person\/image\/","url":"https:\/\/secure.gravatar.com\/avatar\/98953498460526f9290cb098aaa573c5e0a48837b1ca5807dd22cace83810899?s=96&d=mm&r=g","contentUrl":"https:\/\/secure.gravatar.com\/avatar\/98953498460526f9290cb098aaa573c5e0a48837b1ca5807dd22cace83810899?s=96&d=mm&r=g","caption":"Nicolas Blanchard"},"description":"Fan de MLB depuis une dizaine d\u2019ann\u00e9es, je suis tomb\u00e9 amoureux des Chicago Cubs lorsque j\u2019ai vu Bill Murray c\u00e9l\u00e9brer ce premier sacre depuis 108 ans. Mon premier contact avec le Sport US s\u2019est fait lorsque je suis tomb\u00e9 sur une VHS d\u2019Allen Iverson et se fut la r\u00e9v\u00e9lation. Je suis devenu r\u00e9dacteur depuis maintenant 4 ans et cela m\u2019apporte une nouvelle vision du Sport US \u00e0 la fois analytique et bien plus globale (et oui il faut couvrir toutes les \u00e9quipes m\u00eame les chaussettes rouges de Boston).","url":"https:\/\/theplayoffs.news\/fr\/author\/nico4017\/"}]}},"_links":{"self":[{"href":"https:\/\/theplayoffs.news\/fr\/wp-json\/wp\/v2\/posts\/1467376","targetHints":{"allow":["GET"]}}],"collection":[{"href":"https:\/\/theplayoffs.news\/fr\/wp-json\/wp\/v2\/posts"}],"about":[{"href":"https:\/\/theplayoffs.news\/fr\/wp-json\/wp\/v2\/types\/post"}],"author":[{"embeddable":true,"href":"https:\/\/theplayoffs.news\/fr\/wp-json\/wp\/v2\/users\/180309823"}],"replies":[{"embeddable":true,"href":"https:\/\/theplayoffs.news\/fr\/wp-json\/wp\/v2\/comments?post=1467376"}],"version-history":[{"count":3,"href":"https:\/\/theplayoffs.news\/fr\/wp-json\/wp\/v2\/posts\/1467376\/revisions"}],"predecessor-version":[{"id":1467385,"href":"https:\/\/theplayoffs.news\/fr\/wp-json\/wp\/v2\/posts\/1467376\/revisions\/1467385"}],"wp:featuredmedia":[{"embeddable":true,"href":"https:\/\/theplayoffs.news\/fr\/wp-json\/wp\/v2\/media\/1467377"}],"wp:attachment":[{"href":"https:\/\/theplayoffs.news\/fr\/wp-json\/wp\/v2\/media?parent=1467376"}],"wp:term":[{"taxonomy":"category","embeddable":true,"href":"https:\/\/theplayoffs.news\/fr\/wp-json\/wp\/v2\/categories?post=1467376"},{"taxonomy":"post_tag","embeddable":true,"href":"https:\/\/theplayoffs.news\/fr\/wp-json\/wp\/v2\/tags?post=1467376"},{"taxonomy":"sport","embeddable":true,"href":"https:\/\/theplayoffs.news\/fr\/wp-json\/wp\/v2\/sport?post=1467376"},{"taxonomy":"saison","embeddable":true,"href":"https:\/\/theplayoffs.news\/fr\/wp-json\/wp\/v2\/saison?post=1467376"}],"curies":[{"name":"wp","href":"https:\/\/api.w.org\/{rel}","templated":true}]}}