{"id":1467361,"date":"2024-11-18T09:35:48","date_gmt":"2024-11-18T08:35:48","guid":{"rendered":"https:\/\/theplayoffs.news\/fr\/?p=1467361"},"modified":"2024-11-18T09:35:48","modified_gmt":"2024-11-18T08:35:48","slug":"brusdar-graterol-longue-absence","status":"publish","type":"post","link":"https:\/\/theplayoffs.news\/fr\/actualite-mlb\/brusdar-graterol-longue-absence\/","title":{"rendered":"Brusdar Graterol absent pour la moiti\u00e9 de la saison 2025\u00a0!"},"content":{"rendered":"<p style=\"text-align: justify\"><strong>Brusdar Graterol va manquer la premi&egrave;re moiti&eacute; de la saison 2025 avec les Los Angeles Dodgers en raison d&rsquo;une op&eacute;ration &agrave; son &eacute;paule droite.<\/strong><\/p><h3 style=\"text-align: justify\">Brusdar Graterol&nbsp;: Une longue absence &agrave; pr&eacute;voir&nbsp;!<\/h3><p style=\"text-align: justify\">Tout juste couronn&eacute; d&rsquo;un titre de champion avec les <a href=\"https:\/\/theplayoffs.news\/fr\/equipe\/los-angeles-dodgers-mlb\/\" class=\"trk-cta-link\" data-cta-trk='{\"ctaType\":\"Link\",\"ctaSubType\":\"main\"}'>Los Angeles Dodgers<\/a>, le lanceur droitier, <a href=\"https:\/\/theplayoffs.news\/fr\/joueur\/brusdar-graterol-mlb-81930\/\" class=\"trk-cta-link\" data-cta-trk='{\"ctaType\":\"Link\",\"ctaSubType\":\"main\"}'>Brusdar Graterol<\/a>, a subi une op&eacute;ration du labrum &agrave; son &eacute;paule droite.<\/p><p style=\"text-align: justify\">Cette intervention chirurgicale, r&eacute;alis&eacute;e jeudi dernier par le <a href=\"https:\/\/en.wikipedia.org\/wiki\/Neal_ElAttrache\" class=\"trk-cta-link\" data-cta-trk='{\"ctaType\":\"Link\",\"ctaSubType\":\"main\"}'>Dr Neal ElAttrache<\/a>, s&rsquo;est bien d&eacute;roul&eacute;e. Toutefois, le processus de r&eacute;&eacute;ducation va &eacute;loigner Brusdar Graterol &nbsp;des terrains pour la premi&egrave;re moiti&eacute; de la saison 2025.<\/p><blockquote class=\"twitter-tweet\" data-width=\"500\" data-dnt=\"true\">\n<p lang=\"es\" dir=\"ltr\">El d&iacute;a de ayer tuve mi operaci&oacute;n de hombro , gracias a dios y al Dr Elattrache  todo sali&oacute; bien, <br>Este a&ntilde;o 2024  para mi fue bastante frustrante , lidiando con ese dolor no fue f&aacute;cil , y tom&eacute; la mejor decisi&oacute;n de operarme, <br>Nunca me rend&iacute; , porque soy un guerrero de dios,  mi&hellip;<\/p>\n<p>&mdash; brusdar graterol (@BrusdarGraterol) <a href=\"https:\/\/twitter.com\/BrusdarGraterol\/status\/1857513648492785717?ref_src=twsrc%5Etfw\" class=\"trk-cta-link\" data-cta-trk='{\"ctaType\":\"Link\",\"ctaSubType\":\"main\"}'>November 15, 2024<\/a><\/p><\/blockquote><p><script async src=\"https:\/\/platform.twitter.com\/widgets.js\" charset=\"utf-8\"><\/script><\/p><p style=\"text-align: justify\">Brisdar Graterol rejoint <a href=\"https:\/\/theplayoffs.news\/fr\/mlb\/shohei-ohtani-quel-role-chez-les-dodgers\/\" class=\"trk-cta-link\" data-cta-trk='{\"ctaType\":\"Link\",\"ctaSubType\":\"main\"}'>Shohei Ohtani<\/a> (m&ecirc;me op&eacute;ration mais &agrave; l&rsquo;&eacute;paule gauche), <a href=\"https:\/\/theplayoffs.news\/fr\/joueur\/clayton-kershaw-mlb-57926\/\" class=\"trk-cta-link\" data-cta-trk='{\"ctaType\":\"Link\",\"ctaSubType\":\"main\"}'>Clayton Kershaw<\/a> (pied et genou) ainsi que <a href=\"https:\/\/theplayoffs.news\/fr\/joueur\/miguel-rojas-mlb-61582\/\" class=\"trk-cta-link\" data-cta-trk='{\"ctaType\":\"Link\",\"ctaSubType\":\"main\"}'>Miguel Rojas<\/a> (op&eacute;ration pour une hernie) parmi la liste des joueurs qui vont devoir subir une intervention durant la &laquo;&nbsp;Offseason&nbsp;&raquo;.<\/p><p style=\"text-align: justify\">La saison derni&egrave;re, le lanceur v&eacute;n&eacute;zu&eacute;lien a termin&eacute; la saison avec une ERA de 2.45, 7 strikeouts en 7.1 manches lanc&eacute;es. Durant le parcours des Los Angeles Dodgers jusqu&rsquo;au titre, il avait lanc&eacute; 2.1 manches pour 1 strikeouts, 3.86 d&rsquo;ERA et aucun points encaiss&eacute;s et seulement 3 coups s&ucirc;rs conc&eacute;d&eacute;s.<\/p><p style=\"text-align: justify\">Pour rappel, Graterol avait d&eacute;j&agrave; &eacute;t&eacute; g&ecirc;n&eacute; cette saison par les blessures avec une inflammation &agrave; l&rsquo;&eacute;paule et une blessure aux ischios-jambier.<\/p><p style=\"text-align: justify\"><a href=\"https:\/\/www.mlb.com\/player\/dave-roberts-150353\" class=\"trk-cta-link\" data-cta-trk='{\"ctaType\":\"Link\",\"ctaSubType\":\"main\"}'>Dave Roberts<\/a> et son staff vont donc prendre soins de remettre sur pied une partie de leur effectif pour repartir &agrave; la conqu&ecirc;te, cette fois-ci dans le r&ocirc;le du chass&eacute;.<\/p><p>&nbsp;<\/p><p>Cr&eacute;dit Photo : &copy; Brad Penner-Imagn Images<\/p>\n","protected":false},"excerpt":{"rendered":"","protected":false},"author":180309823,"featured_media":1467362,"comment_status":"open","ping_status":"closed","sticky":false,"template":"","format":"standard","meta":{"inline_featured_image":false,"kia_subtitle":"","_mux_skip_reasons":[],"proofreadBy":0,"footnotes":""},"categories":[188,9],"tags":[7843,464],"sport":[2786],"saison":[7475],"class_list":["post-1467361","post","type-post","status-publish","format-standard","has-post-thumbnail","hentry","category-actualite-mlb","category-mlb","tag-brusdar-graterol","tag-los-angeles-dodgers","sport-mlb","saison-7475"],"acf":[],"yoast_head":"<!-- This site is optimized with the Yoast SEO plugin v24.2 - https:\/\/yoast.com\/wordpress\/plugins\/seo\/ -->\n<title>Brusdar Graterol absent pour la moiti&eacute; de la saison 2025&nbsp;! - The Playoffs FR<\/title>\n<meta name=\"robots\" content=\"index, follow, max-snippet:-1, max-image-preview:large, max-video-preview:-1\" \/>\n<link rel=\"canonical\" href=\"https:\/\/theplayoffs.news\/fr\/actualite-mlb\/brusdar-graterol-longue-absence\/\" \/>\n<meta property=\"og:locale\" content=\"fr_FR\" \/>\n<meta property=\"og:type\" content=\"article\" \/>\n<meta property=\"og:title\" content=\"Brusdar Graterol absent pour la moiti&eacute; de la saison 2025&nbsp;! - The Playoffs FR\" \/>\n<meta property=\"og:url\" content=\"https:\/\/theplayoffs.news\/fr\/actualite-mlb\/brusdar-graterol-longue-absence\/\" \/>\n<meta property=\"og:site_name\" content=\"The Playoffs FR\" \/>\n<meta property=\"article:publisher\" content=\"https:\/\/www.facebook.com\/TheFreeAgentFR\/\" \/>\n<meta property=\"article:modified_time\" content=\"2024-11-18T09:35:48+01:00\" \/>\n<meta property=\"og:image\" content=\"https:\/\/theplayoffs.news\/fr\/wp-content\/uploads\/2024\/11\/USATSI_24630574.jpg\" \/>\n\t<meta property=\"og:image:width\" content=\"1920\" \/>\n\t<meta property=\"og:image:height\" content=\"1280\" \/>\n\t<meta property=\"og:image:type\" content=\"image\/jpeg\" \/>\n<meta name=\"author\" content=\"Nicolas Blanchard\" \/>\n<meta name=\"twitter:card\" content=\"summary_large_image\" \/>\n<meta name=\"twitter:creator\" content=\"@TheFreeAgentFR\" \/>\n<meta name=\"twitter:site\" content=\"@TheFreeAgentFR\" \/>\n<meta name=\"twitter:label1\" content=\"\u00c9crit par\" \/>\n\t<meta name=\"twitter:data1\" content=\"Nicolas Blanchard\" \/>\n\t<meta name=\"twitter:label2\" content=\"Dur\u00e9e de lecture estim\u00e9e\" \/>\n\t<meta name=\"twitter:data2\" content=\"1 minute\" \/>\n<script type=\"application\/ld+json\" class=\"yoast-schema-graph\">{\"@context\":\"https:\/\/schema.org\",\"@graph\":[{\"@type\":\"WebPage\",\"@id\":\"https:\/\/theplayoffs.news\/fr\/actualite-mlb\/brusdar-graterol-longue-absence\/\",\"url\":\"https:\/\/theplayoffs.news\/fr\/actualite-mlb\/brusdar-graterol-longue-absence\/\",\"name\":\"Brusdar Graterol absent pour la moiti\u00e9 de la saison 2025\u00a0! - The Playoffs FR\",\"isPartOf\":{\"@id\":\"https:\/\/theplayoffs.news\/fr\/#website\"},\"primaryImageOfPage\":{\"@id\":\"https:\/\/theplayoffs.news\/fr\/actualite-mlb\/brusdar-graterol-longue-absence\/#primaryimage\"},\"image\":{\"@id\":\"https:\/\/theplayoffs.news\/fr\/actualite-mlb\/brusdar-graterol-longue-absence\/#primaryimage\"},\"thumbnailUrl\":\"https:\/\/theplayoffs.news\/fr\/wp-content\/uploads\/2024\/11\/USATSI_24630574.jpg\",\"datePublished\":\"2024-11-18T08:35:48+00:00\",\"dateModified\":\"2024-11-18T08:35:48+00:00\",\"author\":{\"@id\":\"https:\/\/theplayoffs.news\/fr\/#\/schema\/person\/940879031feb6d5e27cf3c6b69917900\"},\"breadcrumb\":{\"@id\":\"https:\/\/theplayoffs.news\/fr\/actualite-mlb\/brusdar-graterol-longue-absence\/#breadcrumb\"},\"inLanguage\":\"fr-FR\",\"potentialAction\":[{\"@type\":\"ReadAction\",\"target\":[\"https:\/\/theplayoffs.news\/fr\/actualite-mlb\/brusdar-graterol-longue-absence\/\"]}]},{\"@type\":\"ImageObject\",\"inLanguage\":\"fr-FR\",\"@id\":\"https:\/\/theplayoffs.news\/fr\/actualite-mlb\/brusdar-graterol-longue-absence\/#primaryimage\",\"url\":\"https:\/\/theplayoffs.news\/fr\/wp-content\/uploads\/2024\/11\/USATSI_24630574.jpg\",\"contentUrl\":\"https:\/\/theplayoffs.news\/fr\/wp-content\/uploads\/2024\/11\/USATSI_24630574.jpg\",\"width\":1920,\"height\":1280,\"caption\":\"Oct 30, 2024; New York, New York, USA; Los Angeles Dodgers manager Dave Roberts (30) relieves pitcher Brusdar Graterol (48) during the sixth inning against the New York Yankees in game four of the 2024 MLB World Series at Yankee Stadium. Mandatory Credit: Brad Penner-Imagn Images\"},{\"@type\":\"BreadcrumbList\",\"@id\":\"https:\/\/theplayoffs.news\/fr\/actualite-mlb\/brusdar-graterol-longue-absence\/#breadcrumb\",\"itemListElement\":[{\"@type\":\"ListItem\",\"position\":1,\"name\":\"Accueil\",\"item\":\"https:\/\/theplayoffs.news\/fr\/\"},{\"@type\":\"ListItem\",\"position\":2,\"name\":\"Brusdar Graterol absent pour la moiti\u00e9 de la saison 2025\u00a0!\"}]},{\"@type\":\"WebSite\",\"@id\":\"https:\/\/theplayoffs.news\/fr\/#website\",\"url\":\"https:\/\/theplayoffs.news\/fr\/\",\"name\":\"The Playoffs FR\",\"description\":\"NBA-NFL-NHL-MLB\",\"potentialAction\":[{\"@type\":\"SearchAction\",\"target\":{\"@type\":\"EntryPoint\",\"urlTemplate\":\"https:\/\/theplayoffs.news\/fr\/?s={search_term_string}\"},\"query-input\":{\"@type\":\"PropertyValueSpecification\",\"valueRequired\":true,\"valueName\":\"search_term_string\"}}],\"inLanguage\":\"fr-FR\"},{\"@type\":\"Person\",\"@id\":\"https:\/\/theplayoffs.news\/fr\/#\/schema\/person\/940879031feb6d5e27cf3c6b69917900\",\"name\":\"Nicolas Blanchard\",\"image\":{\"@type\":\"ImageObject\",\"inLanguage\":\"fr-FR\",\"@id\":\"https:\/\/theplayoffs.news\/fr\/#\/schema\/person\/image\/\",\"url\":\"https:\/\/secure.gravatar.com\/avatar\/98953498460526f9290cb098aaa573c5e0a48837b1ca5807dd22cace83810899?s=96&d=mm&r=g\",\"contentUrl\":\"https:\/\/secure.gravatar.com\/avatar\/98953498460526f9290cb098aaa573c5e0a48837b1ca5807dd22cace83810899?s=96&d=mm&r=g\",\"caption\":\"Nicolas Blanchard\"},\"description\":\"Fan de MLB depuis une dizaine d\u2019ann\u00e9es, je suis tomb\u00e9 amoureux des Chicago Cubs lorsque j\u2019ai vu Bill Murray c\u00e9l\u00e9brer ce premier sacre depuis 108 ans. Mon premier contact avec le Sport US s\u2019est fait lorsque je suis tomb\u00e9 sur une VHS d\u2019Allen Iverson et se fut la r\u00e9v\u00e9lation. Je suis devenu r\u00e9dacteur depuis maintenant 4 ans et cela m\u2019apporte une nouvelle vision du Sport US \u00e0 la fois analytique et bien plus globale (et oui il faut couvrir toutes les \u00e9quipes m\u00eame les chaussettes rouges de Boston).\",\"url\":\"https:\/\/theplayoffs.news\/fr\/author\/nico4017\/\"}]}<\/script>\n<!-- \/ Yoast SEO plugin. -->","yoast_head_json":{"title":"Brusdar Graterol absent pour la moiti&eacute; de la saison 2025&nbsp;! - The Playoffs FR","robots":{"index":"index","follow":"follow","max-snippet":"max-snippet:-1","max-image-preview":"max-image-preview:large","max-video-preview":"max-video-preview:-1"},"canonical":"https:\/\/theplayoffs.news\/fr\/actualite-mlb\/brusdar-graterol-longue-absence\/","og_locale":"fr_FR","og_type":"article","og_title":"Brusdar Graterol absent pour la moiti&eacute; de la saison 2025&nbsp;! - The Playoffs FR","og_url":"https:\/\/theplayoffs.news\/fr\/actualite-mlb\/brusdar-graterol-longue-absence\/","og_site_name":"The Playoffs FR","article_publisher":"https:\/\/www.facebook.com\/TheFreeAgentFR\/","og_image":[{"width":1920,"height":1280,"url":"https:\/\/theplayoffs.news\/fr\/wp-content\/uploads\/2024\/11\/USATSI_24630574.jpg","type":"image\/jpeg"}],"author":"Nicolas Blanchard","twitter_card":"summary_large_image","twitter_creator":"@TheFreeAgentFR","twitter_site":"@TheFreeAgentFR","twitter_misc":{"\u00c9crit par":"Nicolas Blanchard","Dur\u00e9e de lecture estim\u00e9e":"1 minute"},"schema":{"@context":"https:\/\/schema.org","@graph":[{"@type":"WebPage","@id":"https:\/\/theplayoffs.news\/fr\/actualite-mlb\/brusdar-graterol-longue-absence\/","url":"https:\/\/theplayoffs.news\/fr\/actualite-mlb\/brusdar-graterol-longue-absence\/","name":"Brusdar Graterol absent pour la moiti\u00e9 de la saison 2025\u00a0! - The Playoffs FR","isPartOf":{"@id":"https:\/\/theplayoffs.news\/fr\/#website"},"primaryImageOfPage":{"@id":"https:\/\/theplayoffs.news\/fr\/actualite-mlb\/brusdar-graterol-longue-absence\/#primaryimage"},"image":{"@id":"https:\/\/theplayoffs.news\/fr\/actualite-mlb\/brusdar-graterol-longue-absence\/#primaryimage"},"thumbnailUrl":"https:\/\/theplayoffs.news\/fr\/wp-content\/uploads\/2024\/11\/USATSI_24630574.jpg","datePublished":"2024-11-18T08:35:48+00:00","dateModified":"2024-11-18T08:35:48+00:00","author":{"@id":"https:\/\/theplayoffs.news\/fr\/#\/schema\/person\/940879031feb6d5e27cf3c6b69917900"},"breadcrumb":{"@id":"https:\/\/theplayoffs.news\/fr\/actualite-mlb\/brusdar-graterol-longue-absence\/#breadcrumb"},"inLanguage":"fr-FR","potentialAction":[{"@type":"ReadAction","target":["https:\/\/theplayoffs.news\/fr\/actualite-mlb\/brusdar-graterol-longue-absence\/"]}]},{"@type":"ImageObject","inLanguage":"fr-FR","@id":"https:\/\/theplayoffs.news\/fr\/actualite-mlb\/brusdar-graterol-longue-absence\/#primaryimage","url":"https:\/\/theplayoffs.news\/fr\/wp-content\/uploads\/2024\/11\/USATSI_24630574.jpg","contentUrl":"https:\/\/theplayoffs.news\/fr\/wp-content\/uploads\/2024\/11\/USATSI_24630574.jpg","width":1920,"height":1280,"caption":"Oct 30, 2024; New York, New York, USA; Los Angeles Dodgers manager Dave Roberts (30) relieves pitcher Brusdar Graterol (48) during the sixth inning against the New York Yankees in game four of the 2024 MLB World Series at Yankee Stadium. Mandatory Credit: Brad Penner-Imagn Images"},{"@type":"BreadcrumbList","@id":"https:\/\/theplayoffs.news\/fr\/actualite-mlb\/brusdar-graterol-longue-absence\/#breadcrumb","itemListElement":[{"@type":"ListItem","position":1,"name":"Accueil","item":"https:\/\/theplayoffs.news\/fr\/"},{"@type":"ListItem","position":2,"name":"Brusdar Graterol absent pour la moiti\u00e9 de la saison 2025\u00a0!"}]},{"@type":"WebSite","@id":"https:\/\/theplayoffs.news\/fr\/#website","url":"https:\/\/theplayoffs.news\/fr\/","name":"The Playoffs FR","description":"NBA-NFL-NHL-MLB","potentialAction":[{"@type":"SearchAction","target":{"@type":"EntryPoint","urlTemplate":"https:\/\/theplayoffs.news\/fr\/?s={search_term_string}"},"query-input":{"@type":"PropertyValueSpecification","valueRequired":true,"valueName":"search_term_string"}}],"inLanguage":"fr-FR"},{"@type":"Person","@id":"https:\/\/theplayoffs.news\/fr\/#\/schema\/person\/940879031feb6d5e27cf3c6b69917900","name":"Nicolas Blanchard","image":{"@type":"ImageObject","inLanguage":"fr-FR","@id":"https:\/\/theplayoffs.news\/fr\/#\/schema\/person\/image\/","url":"https:\/\/secure.gravatar.com\/avatar\/98953498460526f9290cb098aaa573c5e0a48837b1ca5807dd22cace83810899?s=96&d=mm&r=g","contentUrl":"https:\/\/secure.gravatar.com\/avatar\/98953498460526f9290cb098aaa573c5e0a48837b1ca5807dd22cace83810899?s=96&d=mm&r=g","caption":"Nicolas Blanchard"},"description":"Fan de MLB depuis une dizaine d\u2019ann\u00e9es, je suis tomb\u00e9 amoureux des Chicago Cubs lorsque j\u2019ai vu Bill Murray c\u00e9l\u00e9brer ce premier sacre depuis 108 ans. Mon premier contact avec le Sport US s\u2019est fait lorsque je suis tomb\u00e9 sur une VHS d\u2019Allen Iverson et se fut la r\u00e9v\u00e9lation. Je suis devenu r\u00e9dacteur depuis maintenant 4 ans et cela m\u2019apporte une nouvelle vision du Sport US \u00e0 la fois analytique et bien plus globale (et oui il faut couvrir toutes les \u00e9quipes m\u00eame les chaussettes rouges de Boston).","url":"https:\/\/theplayoffs.news\/fr\/author\/nico4017\/"}]}},"_links":{"self":[{"href":"https:\/\/theplayoffs.news\/fr\/wp-json\/wp\/v2\/posts\/1467361","targetHints":{"allow":["GET"]}}],"collection":[{"href":"https:\/\/theplayoffs.news\/fr\/wp-json\/wp\/v2\/posts"}],"about":[{"href":"https:\/\/theplayoffs.news\/fr\/wp-json\/wp\/v2\/types\/post"}],"author":[{"embeddable":true,"href":"https:\/\/theplayoffs.news\/fr\/wp-json\/wp\/v2\/users\/180309823"}],"replies":[{"embeddable":true,"href":"https:\/\/theplayoffs.news\/fr\/wp-json\/wp\/v2\/comments?post=1467361"}],"version-history":[{"count":3,"href":"https:\/\/theplayoffs.news\/fr\/wp-json\/wp\/v2\/posts\/1467361\/revisions"}],"predecessor-version":[{"id":1467366,"href":"https:\/\/theplayoffs.news\/fr\/wp-json\/wp\/v2\/posts\/1467361\/revisions\/1467366"}],"wp:featuredmedia":[{"embeddable":true,"href":"https:\/\/theplayoffs.news\/fr\/wp-json\/wp\/v2\/media\/1467362"}],"wp:attachment":[{"href":"https:\/\/theplayoffs.news\/fr\/wp-json\/wp\/v2\/media?parent=1467361"}],"wp:term":[{"taxonomy":"category","embeddable":true,"href":"https:\/\/theplayoffs.news\/fr\/wp-json\/wp\/v2\/categories?post=1467361"},{"taxonomy":"post_tag","embeddable":true,"href":"https:\/\/theplayoffs.news\/fr\/wp-json\/wp\/v2\/tags?post=1467361"},{"taxonomy":"sport","embeddable":true,"href":"https:\/\/theplayoffs.news\/fr\/wp-json\/wp\/v2\/sport?post=1467361"},{"taxonomy":"saison","embeddable":true,"href":"https:\/\/theplayoffs.news\/fr\/wp-json\/wp\/v2\/saison?post=1467361"}],"curies":[{"name":"wp","href":"https:\/\/api.w.org\/{rel}","templated":true}]}}