{"id":1466960,"date":"2024-11-14T16:45:46","date_gmt":"2024-11-14T15:45:46","guid":{"rendered":"https:\/\/theplayoffs.news\/fr\/?p=1466960"},"modified":"2024-11-14T15:56:13","modified_gmt":"2024-11-14T14:56:13","slug":"affiche-nba-jazz-vs-mavericks","status":"publish","type":"post","link":"https:\/\/theplayoffs.news\/fr\/actualite-nba\/affiche-nba-jazz-vs-mavericks\/","title":{"rendered":"L&rsquo;affiche NBA du soir: Jazz vs Mavericks (14\/11\/2024)"},"content":{"rendered":"<h2><strong>NBA &ndash; Ce soir, la NBA nous offre une affiche entre deux &eacute;quipes avec deux dynamiques diff&eacute;rentes&nbsp;<\/strong><\/h2><p>Ce match Jazz vs Mavericks est une confrontation entre les finalistes de l&rsquo;an pass&eacute; qui reste sur trois d&eacute;faites de rang et le Jazz qui compte seulement deux victoires cette ann&eacute;e, bon dernier de la conf&eacute;rence Ouest.<\/p><p>\n<div id=\"attachment_1466962\" style=\"width: 1040px\" class=\"wp-caption alignnone\"><img loading=\"lazy\" decoding=\"async\" aria-describedby=\"caption-attachment-1466962\" class=\"size-large wp-image-1466962\" src=\"https:\/\/theplayoffs.news\/fr\/wp-content\/uploads\/2024\/11\/USATSI_24749780_168402440_lowres-1030x687.jpg\" alt=\"\" width=\"1030\" height=\"687\" srcset=\"https:\/\/theplayoffs.news\/fr\/wp-content\/uploads\/2024\/11\/USATSI_24749780_168402440_lowres-1030x687.jpg 1030w, https:\/\/theplayoffs.news\/fr\/wp-content\/uploads\/2024\/11\/USATSI_24749780_168402440_lowres-300x200.jpg 300w, https:\/\/theplayoffs.news\/fr\/wp-content\/uploads\/2024\/11\/USATSI_24749780_168402440_lowres-768x512.jpg 768w, https:\/\/theplayoffs.news\/fr\/wp-content\/uploads\/2024\/11\/USATSI_24749780_168402440_lowres-1320x880.jpg 1320w, https:\/\/theplayoffs.news\/fr\/wp-content\/uploads\/2024\/11\/USATSI_24749780_168402440_lowres.jpg 1920w\" sizes=\"auto, (max-width: 1030px) 100vw, 1030px\" \/><p id=\"caption-attachment-1466962\" class=\"wp-caption-text\">Mandatory Credit: Cary Edmondson-Imagn Images<\/p><\/div>\n<\/p><h2 class=\"p1\"><b>Jazz vs Mavericks : Les forces en pr&eacute;sence<\/b><b><\/b><\/h2><p class=\"p1\">Le match entre le Jazz et les Mavericks offre une opposition entre deux &eacute;quipes aux dynamiques diff&eacute;rentes.<\/p><p class=\"p1\">Le Jazz s&rsquo;engage dans une saison qui s&rsquo;annonce compliqu&eacute;e. <a href=\"https:\/\/theplayoffs.news\/fr\/nba-basketball\/lauri-markkanen-prolonge-pour-238-millions-avec-le-jazz\/\" class=\"trk-cta-link\" data-cta-trk='{\"ctaType\":\"Link\",\"ctaSubType\":\"main\"}'><strong>Lauri Markkanen<\/strong><\/a> et Collin Sexton, les deux stars de l&rsquo;&eacute;quipe, peinent &agrave; faire exister une &eacute;quipe en reconstruction depuis les d&eacute;parts de Rudy Gobert et Donovan Mitchell il y a deux ans.<\/p><p class=\"p1\">Le changement de propri&eacute;taire, l&rsquo;arriv&eacute;e de Danny Ainge comme manager g&eacute;n&eacute;ral, ainsi que la petite taille du march&eacute;, ne donnent pas envie aux agents libres de venir.<\/p><p class=\"p1\">Les r&eacute;sultats sont parlants. Les deux victoires &agrave; Chicago et San Antonio, et donc l&rsquo;absence de victoire &agrave; domicile, sont le parfait exemple d&rsquo;une &eacute;quipe en grande difficult&eacute;.<\/p><p>\n<div id=\"attachment_1466964\" style=\"width: 1040px\" class=\"wp-caption alignnone\"><img loading=\"lazy\" decoding=\"async\" aria-describedby=\"caption-attachment-1466964\" class=\"size-large wp-image-1466964\" src=\"https:\/\/theplayoffs.news\/fr\/wp-content\/uploads\/2024\/11\/USATSI_24749325_168402440_lowres-1030x687.jpg\" alt=\"\" width=\"1030\" height=\"687\" srcset=\"https:\/\/theplayoffs.news\/fr\/wp-content\/uploads\/2024\/11\/USATSI_24749325_168402440_lowres-1030x687.jpg 1030w, https:\/\/theplayoffs.news\/fr\/wp-content\/uploads\/2024\/11\/USATSI_24749325_168402440_lowres-300x200.jpg 300w, https:\/\/theplayoffs.news\/fr\/wp-content\/uploads\/2024\/11\/USATSI_24749325_168402440_lowres-768x512.jpg 768w, https:\/\/theplayoffs.news\/fr\/wp-content\/uploads\/2024\/11\/USATSI_24749325_168402440_lowres-1320x880.jpg 1320w, https:\/\/theplayoffs.news\/fr\/wp-content\/uploads\/2024\/11\/USATSI_24749325_168402440_lowres.jpg 1920w\" sizes=\"auto, (max-width: 1030px) 100vw, 1030px\" \/><p id=\"caption-attachment-1466964\" class=\"wp-caption-text\">Mandatory Credit: Rob Gray-Imagn Images<\/p><\/div>\n<\/p><p class=\"p1\">Le match entre le Jazz et les Mavericks est aussi l&rsquo;occasion de parler des Dallas Mavericks. Apr&egrave;s un match plein d&rsquo;&eacute;motions &agrave; San Francisco, les Mavericks doivent retrouver une dynamique pour remonter au classement. Les trois derniers matchs face aux Suns, Nuggets et Warriors ont montr&eacute; les limites de l&rsquo;&eacute;quipe.<\/p><p class=\"p1\">Jason Kidd a d&eacute;clar&eacute; &agrave; de multiples reprises que son banc est le gros probl&egrave;me de la franchise. Parmi les bless&eacute;s, Dante Exum est forfait pour le match, et Luka Doncic reste incertain. Les Mavericks vont sans doute devoir, une fois de plus, s&rsquo;en remettre &agrave; Kyrie Irving.<\/p><h2 class=\"gmail-p1\"><b>Difficile de d&eacute;gager un favori<\/b><\/h2><p class=\"p1\">Dans le match entre le Jazz et les Mavericks, les deux &eacute;quipes sont en difficult&eacute; : le Jazz &agrave; domicile, et les Mavericks &agrave; l&rsquo;ext&eacute;rieur avec seulement une victoire chez les Timberwolves. La logique voudrait que Dallas s&rsquo;impose.<\/p><p class=\"p1\">Le temps de jeu des titulaires des Mavericks est trop important pour pouvoir tenir toute la saison. Thompson, Irving et Doncic jouent plus de 30 minutes par match.<\/p><p class=\"p1\">Pour le Jazz, l&rsquo;absence de Walker Kessler au poste de pivot est un handicap similaire &agrave; celui de Dallas. Le Jazz a &agrave; c&oelig;ur de finalement s&rsquo;imposer &agrave; domicile, et une victoire contre les finalistes en titre aurait une saveur particuli&egrave;re pour les fans.<\/p><p><strong>Le match est &agrave; suivre &agrave; 3h du matin sur beIN SPORTS 1.<\/strong><\/p><p>&nbsp;<\/p><p><strong>Mandatory Credit: Cary Edmondson-Imagn Images<\/strong><\/p>\n","protected":false},"excerpt":{"rendered":"","protected":false},"author":180309821,"featured_media":1466963,"comment_status":"open","ping_status":"closed","sticky":false,"template":"","format":"standard","meta":{"inline_featured_image":false,"kia_subtitle":"","_mux_skip_reasons":[],"proofreadBy":0,"footnotes":""},"categories":[110,10],"tags":[595,545,855],"sport":[2783],"saison":[7475],"class_list":["post-1466960","post","type-post","status-publish","format-standard","has-post-thumbnail","hentry","category-actualite-nba","category-nba","tag-dallas-mavericks","tag-luka-doncic","tag-utah-jazz","sport-nba","saison-7475"],"acf":[],"yoast_head":"<!-- This site is optimized with the Yoast SEO plugin v24.2 - https:\/\/yoast.com\/wordpress\/plugins\/seo\/ -->\n<title>L&#039;affiche NBA du soir: Jazz vs Mavericks (14\/11\/2024) - The Playoffs FR<\/title>\n<meta name=\"robots\" content=\"index, follow, max-snippet:-1, max-image-preview:large, max-video-preview:-1\" \/>\n<link rel=\"canonical\" href=\"https:\/\/theplayoffs.news\/fr\/actualite-nba\/affiche-nba-jazz-vs-mavericks\/\" \/>\n<meta property=\"og:locale\" content=\"fr_FR\" \/>\n<meta property=\"og:type\" content=\"article\" \/>\n<meta property=\"og:title\" content=\"L&#039;affiche NBA du soir: Jazz vs Mavericks (14\/11\/2024) - The Playoffs FR\" \/>\n<meta property=\"og:url\" content=\"https:\/\/theplayoffs.news\/fr\/actualite-nba\/affiche-nba-jazz-vs-mavericks\/\" \/>\n<meta property=\"og:site_name\" content=\"The Playoffs FR\" \/>\n<meta property=\"article:publisher\" content=\"https:\/\/www.facebook.com\/TheFreeAgentFR\/\" \/>\n<meta property=\"article:modified_time\" content=\"2024-11-14T16:45:46+01:00\" \/>\n<meta property=\"og:image\" content=\"https:\/\/theplayoffs.news\/fr\/wp-content\/uploads\/2024\/11\/USATSI_24749772_168402440_lowres.jpg\" \/>\n\t<meta property=\"og:image:width\" content=\"1920\" \/>\n\t<meta property=\"og:image:height\" content=\"1280\" \/>\n\t<meta property=\"og:image:type\" content=\"image\/jpeg\" \/>\n<meta name=\"author\" content=\"Maxime Le Gorjus\" \/>\n<meta name=\"twitter:card\" content=\"summary_large_image\" \/>\n<meta name=\"twitter:creator\" content=\"@TheFreeAgentFR\" \/>\n<meta name=\"twitter:site\" content=\"@TheFreeAgentFR\" \/>\n<meta name=\"twitter:label1\" content=\"\u00c9crit par\" \/>\n\t<meta name=\"twitter:data1\" content=\"Maxime Le Gorjus\" \/>\n\t<meta name=\"twitter:label2\" content=\"Dur\u00e9e de lecture estim\u00e9e\" \/>\n\t<meta name=\"twitter:data2\" content=\"2 minutes\" \/>\n<script type=\"application\/ld+json\" class=\"yoast-schema-graph\">{\"@context\":\"https:\/\/schema.org\",\"@graph\":[{\"@type\":\"WebPage\",\"@id\":\"https:\/\/theplayoffs.news\/fr\/actualite-nba\/affiche-nba-jazz-vs-mavericks\/\",\"url\":\"https:\/\/theplayoffs.news\/fr\/actualite-nba\/affiche-nba-jazz-vs-mavericks\/\",\"name\":\"L\\\\'affiche NBA du soir: Jazz vs Mavericks (14\/11\/2024) - The Playoffs FR\",\"isPartOf\":{\"@id\":\"https:\/\/theplayoffs.news\/fr\/#website\"},\"primaryImageOfPage\":{\"@id\":\"https:\/\/theplayoffs.news\/fr\/actualite-nba\/affiche-nba-jazz-vs-mavericks\/#primaryimage\"},\"image\":{\"@id\":\"https:\/\/theplayoffs.news\/fr\/actualite-nba\/affiche-nba-jazz-vs-mavericks\/#primaryimage\"},\"thumbnailUrl\":\"https:\/\/theplayoffs.news\/fr\/wp-content\/uploads\/2024\/11\/USATSI_24749772_168402440_lowres.jpg\",\"datePublished\":\"2024-11-14T15:45:46+00:00\",\"dateModified\":\"2024-11-14T16:45:46+01:00\",\"author\":{\"@id\":\"https:\/\/theplayoffs.news\/fr\/#\/schema\/person\/e71dc12410195fc77183dda929d3a10c\"},\"breadcrumb\":{\"@id\":\"https:\/\/theplayoffs.news\/fr\/actualite-nba\/affiche-nba-jazz-vs-mavericks\/#breadcrumb\"},\"inLanguage\":\"fr-FR\",\"potentialAction\":[{\"@type\":\"ReadAction\",\"target\":[\"https:\/\/theplayoffs.news\/fr\/actualite-nba\/affiche-nba-jazz-vs-mavericks\/\"]}]},{\"@type\":\"ImageObject\",\"inLanguage\":\"fr-FR\",\"@id\":\"https:\/\/theplayoffs.news\/fr\/actualite-nba\/affiche-nba-jazz-vs-mavericks\/#primaryimage\",\"url\":\"https:\/\/theplayoffs.news\/fr\/wp-content\/uploads\/2024\/11\/USATSI_24749772_168402440_lowres.jpg\",\"contentUrl\":\"https:\/\/theplayoffs.news\/fr\/wp-content\/uploads\/2024\/11\/USATSI_24749772_168402440_lowres.jpg\",\"width\":1920,\"height\":1280,\"caption\":\"Nov 12, 2024; San Francisco, California, USA; Dallas Mavericks guard Luka Doncic (77) reacts after the Mavericks were called for an offensive foul against the Golden State Warriors in the fourth quarter at the Chase Center. Mandatory Credit: Cary Edmondson-Imagn Images\"},{\"@type\":\"BreadcrumbList\",\"@id\":\"https:\/\/theplayoffs.news\/fr\/actualite-nba\/affiche-nba-jazz-vs-mavericks\/#breadcrumb\",\"itemListElement\":[{\"@type\":\"ListItem\",\"position\":1,\"name\":\"Accueil\",\"item\":\"https:\/\/theplayoffs.news\/fr\/\"},{\"@type\":\"ListItem\",\"position\":2,\"name\":\"L&rsquo;affiche NBA du soir: Jazz vs Mavericks (14\/11\/2024)\"}]},{\"@type\":\"WebSite\",\"@id\":\"https:\/\/theplayoffs.news\/fr\/#website\",\"url\":\"https:\/\/theplayoffs.news\/fr\/\",\"name\":\"The Playoffs FR\",\"description\":\"NBA-NFL-NHL-MLB\",\"potentialAction\":[{\"@type\":\"SearchAction\",\"target\":{\"@type\":\"EntryPoint\",\"urlTemplate\":\"https:\/\/theplayoffs.news\/fr\/?s={search_term_string}\"},\"query-input\":{\"@type\":\"PropertyValueSpecification\",\"valueRequired\":true,\"valueName\":\"search_term_string\"}}],\"inLanguage\":\"fr-FR\"},{\"@type\":\"Person\",\"@id\":\"https:\/\/theplayoffs.news\/fr\/#\/schema\/person\/e71dc12410195fc77183dda929d3a10c\",\"name\":\"Maxime Le Gorjus\",\"image\":{\"@type\":\"ImageObject\",\"inLanguage\":\"fr-FR\",\"@id\":\"https:\/\/theplayoffs.news\/fr\/#\/schema\/person\/image\/\",\"url\":\"https:\/\/secure.gravatar.com\/avatar\/e9d907366de9735d771ce06fa32e62740f99d507b84a46e08ed7e5e05c120b42?s=96&d=mm&r=g\",\"contentUrl\":\"https:\/\/secure.gravatar.com\/avatar\/e9d907366de9735d771ce06fa32e62740f99d507b84a46e08ed7e5e05c120b42?s=96&d=mm&r=g\",\"caption\":\"Maxime Le Gorjus\"},\"url\":\"https:\/\/theplayoffs.news\/fr\/author\/maximelegorjus\/\"}]}<\/script>\n<!-- \/ Yoast SEO plugin. -->","yoast_head_json":{"title":"L&#039;affiche NBA du soir: Jazz vs Mavericks (14\/11\/2024) - The Playoffs FR","robots":{"index":"index","follow":"follow","max-snippet":"max-snippet:-1","max-image-preview":"max-image-preview:large","max-video-preview":"max-video-preview:-1"},"canonical":"https:\/\/theplayoffs.news\/fr\/actualite-nba\/affiche-nba-jazz-vs-mavericks\/","og_locale":"fr_FR","og_type":"article","og_title":"L&#039;affiche NBA du soir: Jazz vs Mavericks (14\/11\/2024) - The Playoffs FR","og_url":"https:\/\/theplayoffs.news\/fr\/actualite-nba\/affiche-nba-jazz-vs-mavericks\/","og_site_name":"The Playoffs FR","article_publisher":"https:\/\/www.facebook.com\/TheFreeAgentFR\/","article_modified_time":"2024-11-14T14:56:13+00:00","og_image":[{"width":1920,"height":1280,"url":"https:\/\/theplayoffs.news\/fr\/wp-content\/uploads\/2024\/11\/USATSI_24749772_168402440_lowres.jpg","type":"image\/jpeg"}],"author":"Maxime Le Gorjus","twitter_card":"summary_large_image","twitter_creator":"@TheFreeAgentFR","twitter_site":"@TheFreeAgentFR","twitter_misc":{"\u00c9crit par":"Maxime Le Gorjus","Dur\u00e9e de lecture estim\u00e9e":"2 minutes"},"schema":{"@context":"https:\/\/schema.org","@graph":[{"@type":"WebPage","@id":"https:\/\/theplayoffs.news\/fr\/actualite-nba\/affiche-nba-jazz-vs-mavericks\/","url":"https:\/\/theplayoffs.news\/fr\/actualite-nba\/affiche-nba-jazz-vs-mavericks\/","name":"L\\'affiche NBA du soir: Jazz vs Mavericks (14\/11\/2024) - The Playoffs FR","isPartOf":{"@id":"https:\/\/theplayoffs.news\/fr\/#website"},"primaryImageOfPage":{"@id":"https:\/\/theplayoffs.news\/fr\/actualite-nba\/affiche-nba-jazz-vs-mavericks\/#primaryimage"},"image":{"@id":"https:\/\/theplayoffs.news\/fr\/actualite-nba\/affiche-nba-jazz-vs-mavericks\/#primaryimage"},"thumbnailUrl":"https:\/\/theplayoffs.news\/fr\/wp-content\/uploads\/2024\/11\/USATSI_24749772_168402440_lowres.jpg","datePublished":"2024-11-14T15:45:46+00:00","dateModified":"2024-11-14T16:45:46+01:00","author":{"@id":"https:\/\/theplayoffs.news\/fr\/#\/schema\/person\/e71dc12410195fc77183dda929d3a10c"},"breadcrumb":{"@id":"https:\/\/theplayoffs.news\/fr\/actualite-nba\/affiche-nba-jazz-vs-mavericks\/#breadcrumb"},"inLanguage":"fr-FR","potentialAction":[{"@type":"ReadAction","target":["https:\/\/theplayoffs.news\/fr\/actualite-nba\/affiche-nba-jazz-vs-mavericks\/"]}]},{"@type":"ImageObject","inLanguage":"fr-FR","@id":"https:\/\/theplayoffs.news\/fr\/actualite-nba\/affiche-nba-jazz-vs-mavericks\/#primaryimage","url":"https:\/\/theplayoffs.news\/fr\/wp-content\/uploads\/2024\/11\/USATSI_24749772_168402440_lowres.jpg","contentUrl":"https:\/\/theplayoffs.news\/fr\/wp-content\/uploads\/2024\/11\/USATSI_24749772_168402440_lowres.jpg","width":1920,"height":1280,"caption":"Nov 12, 2024; San Francisco, California, USA; Dallas Mavericks guard Luka Doncic (77) reacts after the Mavericks were called for an offensive foul against the Golden State Warriors in the fourth quarter at the Chase Center. Mandatory Credit: Cary Edmondson-Imagn Images"},{"@type":"BreadcrumbList","@id":"https:\/\/theplayoffs.news\/fr\/actualite-nba\/affiche-nba-jazz-vs-mavericks\/#breadcrumb","itemListElement":[{"@type":"ListItem","position":1,"name":"Accueil","item":"https:\/\/theplayoffs.news\/fr\/"},{"@type":"ListItem","position":2,"name":"L&rsquo;affiche NBA du soir: Jazz vs Mavericks (14\/11\/2024)"}]},{"@type":"WebSite","@id":"https:\/\/theplayoffs.news\/fr\/#website","url":"https:\/\/theplayoffs.news\/fr\/","name":"The Playoffs FR","description":"NBA-NFL-NHL-MLB","potentialAction":[{"@type":"SearchAction","target":{"@type":"EntryPoint","urlTemplate":"https:\/\/theplayoffs.news\/fr\/?s={search_term_string}"},"query-input":{"@type":"PropertyValueSpecification","valueRequired":true,"valueName":"search_term_string"}}],"inLanguage":"fr-FR"},{"@type":"Person","@id":"https:\/\/theplayoffs.news\/fr\/#\/schema\/person\/e71dc12410195fc77183dda929d3a10c","name":"Maxime Le Gorjus","image":{"@type":"ImageObject","inLanguage":"fr-FR","@id":"https:\/\/theplayoffs.news\/fr\/#\/schema\/person\/image\/","url":"https:\/\/secure.gravatar.com\/avatar\/e9d907366de9735d771ce06fa32e62740f99d507b84a46e08ed7e5e05c120b42?s=96&d=mm&r=g","contentUrl":"https:\/\/secure.gravatar.com\/avatar\/e9d907366de9735d771ce06fa32e62740f99d507b84a46e08ed7e5e05c120b42?s=96&d=mm&r=g","caption":"Maxime Le Gorjus"},"url":"https:\/\/theplayoffs.news\/fr\/author\/maximelegorjus\/"}]}},"_links":{"self":[{"href":"https:\/\/theplayoffs.news\/fr\/wp-json\/wp\/v2\/posts\/1466960","targetHints":{"allow":["GET"]}}],"collection":[{"href":"https:\/\/theplayoffs.news\/fr\/wp-json\/wp\/v2\/posts"}],"about":[{"href":"https:\/\/theplayoffs.news\/fr\/wp-json\/wp\/v2\/types\/post"}],"author":[{"embeddable":true,"href":"https:\/\/theplayoffs.news\/fr\/wp-json\/wp\/v2\/users\/180309821"}],"replies":[{"embeddable":true,"href":"https:\/\/theplayoffs.news\/fr\/wp-json\/wp\/v2\/comments?post=1466960"}],"version-history":[{"count":10,"href":"https:\/\/theplayoffs.news\/fr\/wp-json\/wp\/v2\/posts\/1466960\/revisions"}],"predecessor-version":[{"id":1466974,"href":"https:\/\/theplayoffs.news\/fr\/wp-json\/wp\/v2\/posts\/1466960\/revisions\/1466974"}],"wp:featuredmedia":[{"embeddable":true,"href":"https:\/\/theplayoffs.news\/fr\/wp-json\/wp\/v2\/media\/1466963"}],"wp:attachment":[{"href":"https:\/\/theplayoffs.news\/fr\/wp-json\/wp\/v2\/media?parent=1466960"}],"wp:term":[{"taxonomy":"category","embeddable":true,"href":"https:\/\/theplayoffs.news\/fr\/wp-json\/wp\/v2\/categories?post=1466960"},{"taxonomy":"post_tag","embeddable":true,"href":"https:\/\/theplayoffs.news\/fr\/wp-json\/wp\/v2\/tags?post=1466960"},{"taxonomy":"sport","embeddable":true,"href":"https:\/\/theplayoffs.news\/fr\/wp-json\/wp\/v2\/sport?post=1466960"},{"taxonomy":"saison","embeddable":true,"href":"https:\/\/theplayoffs.news\/fr\/wp-json\/wp\/v2\/saison?post=1466960"}],"curies":[{"name":"wp","href":"https:\/\/api.w.org\/{rel}","templated":true}]}}