{"id":1466847,"date":"2024-11-13T18:06:10","date_gmt":"2024-11-13T17:06:10","guid":{"rendered":"https:\/\/theplayoffs.news\/fr\/?p=1466847"},"modified":"2024-11-13T18:06:10","modified_gmt":"2024-11-13T17:06:10","slug":"le-tropicana-field-operationnel-pour-2026","status":"publish","type":"post","link":"https:\/\/theplayoffs.news\/fr\/actualite-mlb\/le-tropicana-field-operationnel-pour-2026\/","title":{"rendered":"Le Tropicana Field op\u00e9rationnel pour 2026\u00a0!"},"content":{"rendered":"<p style=\"text-align: justify\"><strong>Le Tropicana Field, l&rsquo;antre des Tampa Bay Rays, devrait bien &ecirc;tre op&eacute;rationnel pour la saison MLB 2026.La franchise floridienne va devoir &eacute;voluer dans un nouvel environnement pendant une saison.<\/strong><\/p><h3 style=\"text-align: justify\">Le Tropicana Field endommag&eacute; par l&rsquo;ouragan Milton&nbsp;!<\/h3><p style=\"text-align: justify\">Le 9 octobre dernier, l&rsquo;ouragan Milton frappa la Floride provoquant des d&eacute;g&acirc;ts notamment au Tropicana Field, le stade des <a href=\"https:\/\/theplayoffs.news\/fr\/equipe\/tampa-bay-rays-mlb\/\" class=\"trk-cta-link\" data-cta-trk='{\"ctaType\":\"Link\",\"ctaSubType\":\"main\"}'>Rays de Tampa Bay.<\/a><\/p><blockquote class=\"twitter-tweet\" data-width=\"500\" data-dnt=\"true\">\n<p lang=\"en\" dir=\"ltr\">The Tropicana Field roof has come off during Hurricane Milton<\/p>\n<p>The ballpark was being used as shelter for first responders <a href=\"https:\/\/t.co\/tBcrESzYdu\" class=\"trk-cta-link\" data-cta-trk='{\"ctaType\":\"Link\",\"ctaSubType\":\"main\"}'>pic.twitter.com\/tBcrESzYdu<\/a><\/p>\n<p>&mdash; Jomboy Media (@JomboyMedia) <a href=\"https:\/\/twitter.com\/JomboyMedia\/status\/1844213062779506712?ref_src=twsrc%5Etfw\" class=\"trk-cta-link\" data-cta-trk='{\"ctaType\":\"Link\",\"ctaSubType\":\"main\"}'>October 10, 2024<\/a><\/p><\/blockquote><p><script async src=\"https:\/\/platform.twitter.com\/widgets.js\" charset=\"utf-8\"><\/script><\/p><p style=\"text-align: justify\">La ville de St.Petersburg, propri&eacute;taire du Tropicana Field a publi&eacute; un rapport de plus de 400 pages et pr&eacute;cisant que l&rsquo;ouragan Milton n&rsquo;avait pas affect&eacute; la structure du stade.<\/p><p style=\"text-align: justify\">Les fortes rafales de vents ont principalement touch&eacute; le toit en tissu. 18 des 24 panneaux constituant le toit ont &eacute;t&eacute; d&eacute;chiquet&eacute;s par les vents violents. Quelques dommages ont pu &ecirc;tre constat&eacute; &agrave; l&rsquo;int&eacute;rieur du stade en raison des fortes pluies.<\/p><blockquote>\n<p style=\"text-align: justify\">&laquo;&nbsp;La structure primaire est utilisable et capable de supporter un toit en tissu &agrave; membrane de remplacement&nbsp;&raquo; comme le souligne le rapport de Hennessy Construction Services, la soci&eacute;t&eacute; appel&eacute; pour les travaux<\/p>\n<\/blockquote><h3 style=\"text-align: justify\">Une r&eacute;paration temporaire dans l&rsquo;attente du nouveau stade&nbsp;!<\/h3><p style=\"text-align: justify\">Ce malheur arrive &agrave; un moment d&eacute;licat pour la ville et la franchise des Rays. En effet, le Tropicana Field devrait &ecirc;tre d&eacute;moli et remplac&eacute; par <a href=\"https:\/\/theplayoffs.news\/fr\/mlb\/un-nouveau-stade-pour-les-tampa-bay-rays\/\" class=\"trk-cta-link\" data-cta-trk='{\"ctaType\":\"Link\",\"ctaSubType\":\"main\"}'>un nouveau stade en 2028<\/a> et un quartier baptis&eacute; le &laquo; Historic Gas Plant District &raquo;.<\/p><blockquote class=\"twitter-tweet\" data-width=\"500\" data-dnt=\"true\">\n<p lang=\"en\" dir=\"ltr\">The Tampa Bay Rays and Hines celebrate the approval of the new ballpark and Historic Gas Plant District.<\/p>\n<p>&mdash; Tampa Bay Rays (@RaysBaseball) <a href=\"https:\/\/twitter.com\/RaysBaseball\/status\/1818474545260446109?ref_src=twsrc%5Etfw\" class=\"trk-cta-link\" data-cta-trk='{\"ctaType\":\"Link\",\"ctaSubType\":\"main\"}'>July 31, 2024<\/a><\/p><\/blockquote><p><script async src=\"https:\/\/platform.twitter.com\/widgets.js\" charset=\"utf-8\"><\/script><\/p><p style=\"text-align: justify\">Ce nouveau projet de quartier avec boutiques, bars, restaurants, un mus&eacute;e sur l&rsquo;histoire afro-am&eacute;ricaine et le nouveau stade devrait co&ucirc;ter la somme de 6,5 milliards de dollars.<\/p><p style=\"text-align: justify\">&nbsp;La question se pose alors de savoir si les r&eacute;parations co&ucirc;teuses provoqu&eacute;es par l&rsquo;ouragan valent la peine d&rsquo;&ecirc;tre r&eacute;alis&eacute;es.<\/p><p style=\"text-align: justify\">Des sources financi&egrave;res du nouveau projet pourraient bien r&eacute;&eacute;valuer leur projet ou bien d&eacute;cider de ne pas faire r&eacute;parer le Tropicana Fields.<\/p><p style=\"text-align: justify\">Une r&eacute;union avec les membres du conseil de la ville de St.Petersburg devrait se tenir le 21 novembre prochain et la question des r&eacute;parations seront mis sur la table comme le rapporte l&rsquo;un de ses conseillers Brandi Gabbar.<\/p><blockquote>\n<p style=\"text-align: justify\">&laquo;&nbsp;Nous avons tant de besoin au travers de la ville. J&rsquo;adore les Rays, j&rsquo;adore le Tropicana Field. Il ne s&rsquo;agit pas de ne pas vouloir le faire. C&rsquo;est juste une question d&rsquo;&eacute;quilibre des priorit&eacute;s&nbsp;&raquo;<\/p>\n<\/blockquote><p style=\"text-align: justify\">Toutefois, le conseil a r&eacute;cemment valid&eacute; une enveloppe de 6,5 millions de dollars pour participer aux frais de reconstruction. Du c&ocirc;t&eacute; du maire de St.Petersburg, <a href=\"https:\/\/en.wikipedia.org\/wiki\/Ken_Welch\" class=\"trk-cta-link\" data-cta-trk='{\"ctaType\":\"Link\",\"ctaSubType\":\"main\"}'>Ken Welch<\/a>, la restauration du stade est important pour les gens de la ville. La ville a fait appel &agrave; son assurance pour prendre en charge les travaux.<\/p><blockquote>\n<p style=\"text-align: justify\">&laquo;&nbsp;Nous pensons que d&rsquo;avoir notre &eacute;quipe qui joue dans notre ville est tr&egrave;s important pour notre communaut&eacute;.&nbsp;&raquo; Ken Welch<\/p>\n<\/blockquote><p style=\"text-align: justify\">L&rsquo;une des options envisag&eacute;e serait de d&eacute;caler la fin des travaux du nouveau stade d&rsquo;une ann&eacute;e suppl&eacute;mentaire afin de pouvoir amortir les frais engag&eacute;s dans la r&eacute;paration du Tropicana Field.<\/p><h3 style=\"text-align: justify\">O&ugrave; joueront les Tampa Bay Rays en 2025&nbsp;?<\/h3><p style=\"text-align: justify\">La question se pose de savoir o&ugrave; &eacute;voluera l&rsquo;&eacute;quipe de <a href=\"https:\/\/theplayoffs.news\/fr\/mlb\/tampa-bay-rays-kevin-cash-prolonge\/\" class=\"trk-cta-link\" data-cta-trk='{\"ctaType\":\"Link\",\"ctaSubType\":\"main\"}'>Kevin Cash<\/a> pour la saison 2025. La MLB souhaite que les Rays &eacute;voluent dans un stade proche de leur ville afin de rester au plus pr&egrave;s des fans.<\/p><p style=\"text-align: justify\">La Floride comprend &eacute;norm&eacute;ment de centre avec des stades. En effet, les &eacute;quipes des nombreuses franchises ont leurs installations pour le &laquo; Spring Training &raquo;, ainsi que leurs &eacute;quipes affili&eacute;es en ligue mineure dans cet &eacute;tat.<\/p><p style=\"text-align: justify\">Parmi tous ces centres, un liste de possibilit&eacute;s a &eacute;merg&eacute; avec le <a href=\"https:\/\/www.milb.com\/clearwater\" class=\"trk-cta-link\" data-cta-trk='{\"ctaType\":\"Link\",\"ctaSubType\":\"main\"}'>Clearwater (Phillies)<\/a>, <a href=\"https:\/\/www.milb.com\/tampa\" class=\"trk-cta-link\" data-cta-trk='{\"ctaType\":\"Link\",\"ctaSubType\":\"main\"}'>Tampa (Yankees)<\/a>, <a href=\"https:\/\/www.milb.com\/dunedin\" class=\"trk-cta-link\" data-cta-trk='{\"ctaType\":\"Link\",\"ctaSubType\":\"main\"}'>Dunedin (Blue Jays)<\/a>,<a href=\"https:\/\/www.mlb.com\/orioles\/spring-training\" class=\"trk-cta-link\" data-cta-trk='{\"ctaType\":\"Link\",\"ctaSubType\":\"main\"}'>Sarasota (Orioles)<\/a>, <a href=\"https:\/\/www.milb.com\/lakeland\" class=\"trk-cta-link\" data-cta-trk='{\"ctaType\":\"Link\",\"ctaSubType\":\"main\"}'>Lakeland (Tigers)<\/a> et bien entendu le propre centre des <a href=\"https:\/\/www.mlb.com\/rays\/spring-training\/ballpark\" class=\"trk-cta-link\" data-cta-trk='{\"ctaType\":\"Link\",\"ctaSubType\":\"main\"}'>Tampa Bay&nbsp; &agrave; Port Charlotte<\/a>.<\/p><blockquote>\n<p style=\"text-align: justify\">&laquo;&nbsp;Nous continuons &agrave; avoir des discussions avec la ville &agrave; propos de notre d&eacute;m&eacute;nagement.&nbsp;&raquo; a d&eacute;clar&eacute; Matt Silverman, le co-pr&eacute;sident des Tampa Bay Rays<\/p>\n<\/blockquote><p style=\"text-align: justify\">La situation devrait se d&eacute;canter dans les prochains jours\/semaines afin de pr&eacute;parer au mieux la saison 2025. Une chose est s&ucirc;re, <a href=\"https:\/\/theplayoffs.news\/fr\/joueur\/yandy-diaz-mlb-66962\/\" class=\"trk-cta-link\" data-cta-trk='{\"ctaType\":\"Link\",\"ctaSubType\":\"main\"}'>Yandy Diaz<\/a> et ses co&eacute;quipiers vont devoir s&rsquo;habituer &agrave; &eacute;voluer dans un autre environnement. Une bonne ou une mauvaise chose pour les Rays&nbsp;? La r&eacute;ponse en 2025.<\/p><p>&nbsp;<\/p><p>Cr&eacute;dit Photo : &copy; Satellite image &copy;2024 Maxar Technologies \/ USA TODAY NETWORK via Imagn Images<\/p>\n","protected":false},"excerpt":{"rendered":"","protected":false},"author":180309823,"featured_media":1466852,"comment_status":"open","ping_status":"closed","sticky":false,"template":"","format":"standard","meta":{"inline_featured_image":false,"kia_subtitle":"","_mux_skip_reasons":[],"proofreadBy":0,"footnotes":""},"categories":[188,9],"tags":[876,7836],"sport":[2786],"saison":[6111,7475],"class_list":["post-1466847","post","type-post","status-publish","format-standard","has-post-thumbnail","hentry","category-actualite-mlb","category-mlb","tag-tampa-bay-rays","tag-tropicana-field","sport-mlb","saison-6111","saison-7475"],"acf":[],"yoast_head":"<!-- This site is optimized with the Yoast SEO plugin v24.2 - https:\/\/yoast.com\/wordpress\/plugins\/seo\/ -->\n<title>Le Tropicana Field op&eacute;rationnel pour 2026&nbsp;! - The Playoffs FR<\/title>\n<meta name=\"robots\" content=\"index, follow, max-snippet:-1, max-image-preview:large, max-video-preview:-1\" \/>\n<link rel=\"canonical\" href=\"https:\/\/theplayoffs.news\/fr\/actualite-mlb\/le-tropicana-field-operationnel-pour-2026\/\" \/>\n<meta property=\"og:locale\" content=\"fr_FR\" \/>\n<meta property=\"og:type\" content=\"article\" \/>\n<meta property=\"og:title\" content=\"Le Tropicana Field op&eacute;rationnel pour 2026&nbsp;! - The Playoffs FR\" \/>\n<meta property=\"og:url\" content=\"https:\/\/theplayoffs.news\/fr\/actualite-mlb\/le-tropicana-field-operationnel-pour-2026\/\" \/>\n<meta property=\"og:site_name\" content=\"The Playoffs FR\" \/>\n<meta property=\"article:publisher\" content=\"https:\/\/www.facebook.com\/TheFreeAgentFR\/\" \/>\n<meta property=\"article:modified_time\" content=\"2024-11-13T18:06:10+01:00\" \/>\n<meta property=\"og:image\" content=\"https:\/\/theplayoffs.news\/fr\/wp-content\/uploads\/2024\/11\/USATSI_24456721.jpg\" \/>\n\t<meta property=\"og:image:width\" content=\"1920\" \/>\n\t<meta property=\"og:image:height\" content=\"1318\" \/>\n\t<meta property=\"og:image:type\" content=\"image\/jpeg\" \/>\n<meta name=\"author\" content=\"Nicolas Blanchard\" \/>\n<meta name=\"twitter:card\" content=\"summary_large_image\" \/>\n<meta name=\"twitter:creator\" content=\"@TheFreeAgentFR\" \/>\n<meta name=\"twitter:site\" content=\"@TheFreeAgentFR\" \/>\n<meta name=\"twitter:label1\" content=\"\u00c9crit par\" \/>\n\t<meta name=\"twitter:data1\" content=\"Nicolas Blanchard\" \/>\n\t<meta name=\"twitter:label2\" content=\"Dur\u00e9e de lecture estim\u00e9e\" \/>\n\t<meta name=\"twitter:data2\" content=\"4 minutes\" \/>\n<script type=\"application\/ld+json\" class=\"yoast-schema-graph\">{\"@context\":\"https:\/\/schema.org\",\"@graph\":[{\"@type\":\"WebPage\",\"@id\":\"https:\/\/theplayoffs.news\/fr\/actualite-mlb\/le-tropicana-field-operationnel-pour-2026\/\",\"url\":\"https:\/\/theplayoffs.news\/fr\/actualite-mlb\/le-tropicana-field-operationnel-pour-2026\/\",\"name\":\"Le Tropicana Field op\u00e9rationnel pour 2026\u00a0! - The Playoffs FR\",\"isPartOf\":{\"@id\":\"https:\/\/theplayoffs.news\/fr\/#website\"},\"primaryImageOfPage\":{\"@id\":\"https:\/\/theplayoffs.news\/fr\/actualite-mlb\/le-tropicana-field-operationnel-pour-2026\/#primaryimage\"},\"image\":{\"@id\":\"https:\/\/theplayoffs.news\/fr\/actualite-mlb\/le-tropicana-field-operationnel-pour-2026\/#primaryimage\"},\"thumbnailUrl\":\"https:\/\/theplayoffs.news\/fr\/wp-content\/uploads\/2024\/11\/USATSI_24456721.jpg\",\"datePublished\":\"2024-11-13T17:06:10+00:00\",\"dateModified\":\"2024-11-13T17:06:10+00:00\",\"author\":{\"@id\":\"https:\/\/theplayoffs.news\/fr\/#\/schema\/person\/940879031feb6d5e27cf3c6b69917900\"},\"breadcrumb\":{\"@id\":\"https:\/\/theplayoffs.news\/fr\/actualite-mlb\/le-tropicana-field-operationnel-pour-2026\/#breadcrumb\"},\"inLanguage\":\"fr-FR\",\"potentialAction\":[{\"@type\":\"ReadAction\",\"target\":[\"https:\/\/theplayoffs.news\/fr\/actualite-mlb\/le-tropicana-field-operationnel-pour-2026\/\"]}]},{\"@type\":\"ImageObject\",\"inLanguage\":\"fr-FR\",\"@id\":\"https:\/\/theplayoffs.news\/fr\/actualite-mlb\/le-tropicana-field-operationnel-pour-2026\/#primaryimage\",\"url\":\"https:\/\/theplayoffs.news\/fr\/wp-content\/uploads\/2024\/11\/USATSI_24456721.jpg\",\"contentUrl\":\"https:\/\/theplayoffs.news\/fr\/wp-content\/uploads\/2024\/11\/USATSI_24456721.jpg\",\"width\":1920,\"height\":1318,\"caption\":\"The roof of Tropicana Field, home of the Tampa Bay Rays MLB team, was torn off by Hurricane Milton\\\\'s powerful winds. Satellite imagery from Maxar shows the destruction on Oct. 10, 2024. Prior to landfall, the stadium was converted into a base camp for emergency responders.\"},{\"@type\":\"BreadcrumbList\",\"@id\":\"https:\/\/theplayoffs.news\/fr\/actualite-mlb\/le-tropicana-field-operationnel-pour-2026\/#breadcrumb\",\"itemListElement\":[{\"@type\":\"ListItem\",\"position\":1,\"name\":\"Accueil\",\"item\":\"https:\/\/theplayoffs.news\/fr\/\"},{\"@type\":\"ListItem\",\"position\":2,\"name\":\"Le Tropicana Field op\u00e9rationnel pour 2026\u00a0!\"}]},{\"@type\":\"WebSite\",\"@id\":\"https:\/\/theplayoffs.news\/fr\/#website\",\"url\":\"https:\/\/theplayoffs.news\/fr\/\",\"name\":\"The Playoffs FR\",\"description\":\"NBA-NFL-NHL-MLB\",\"potentialAction\":[{\"@type\":\"SearchAction\",\"target\":{\"@type\":\"EntryPoint\",\"urlTemplate\":\"https:\/\/theplayoffs.news\/fr\/?s={search_term_string}\"},\"query-input\":{\"@type\":\"PropertyValueSpecification\",\"valueRequired\":true,\"valueName\":\"search_term_string\"}}],\"inLanguage\":\"fr-FR\"},{\"@type\":\"Person\",\"@id\":\"https:\/\/theplayoffs.news\/fr\/#\/schema\/person\/940879031feb6d5e27cf3c6b69917900\",\"name\":\"Nicolas Blanchard\",\"image\":{\"@type\":\"ImageObject\",\"inLanguage\":\"fr-FR\",\"@id\":\"https:\/\/theplayoffs.news\/fr\/#\/schema\/person\/image\/\",\"url\":\"https:\/\/secure.gravatar.com\/avatar\/98953498460526f9290cb098aaa573c5e0a48837b1ca5807dd22cace83810899?s=96&d=mm&r=g\",\"contentUrl\":\"https:\/\/secure.gravatar.com\/avatar\/98953498460526f9290cb098aaa573c5e0a48837b1ca5807dd22cace83810899?s=96&d=mm&r=g\",\"caption\":\"Nicolas Blanchard\"},\"description\":\"Fan de MLB depuis une dizaine d\u2019ann\u00e9es, je suis tomb\u00e9 amoureux des Chicago Cubs lorsque j\u2019ai vu Bill Murray c\u00e9l\u00e9brer ce premier sacre depuis 108 ans. Mon premier contact avec le Sport US s\u2019est fait lorsque je suis tomb\u00e9 sur une VHS d\u2019Allen Iverson et se fut la r\u00e9v\u00e9lation. Je suis devenu r\u00e9dacteur depuis maintenant 4 ans et cela m\u2019apporte une nouvelle vision du Sport US \u00e0 la fois analytique et bien plus globale (et oui il faut couvrir toutes les \u00e9quipes m\u00eame les chaussettes rouges de Boston).\",\"url\":\"https:\/\/theplayoffs.news\/fr\/author\/nico4017\/\"}]}<\/script>\n<!-- \/ Yoast SEO plugin. -->","yoast_head_json":{"title":"Le Tropicana Field op&eacute;rationnel pour 2026&nbsp;! - The Playoffs FR","robots":{"index":"index","follow":"follow","max-snippet":"max-snippet:-1","max-image-preview":"max-image-preview:large","max-video-preview":"max-video-preview:-1"},"canonical":"https:\/\/theplayoffs.news\/fr\/actualite-mlb\/le-tropicana-field-operationnel-pour-2026\/","og_locale":"fr_FR","og_type":"article","og_title":"Le Tropicana Field op&eacute;rationnel pour 2026&nbsp;! - The Playoffs FR","og_url":"https:\/\/theplayoffs.news\/fr\/actualite-mlb\/le-tropicana-field-operationnel-pour-2026\/","og_site_name":"The Playoffs FR","article_publisher":"https:\/\/www.facebook.com\/TheFreeAgentFR\/","og_image":[{"width":1920,"height":1318,"url":"https:\/\/theplayoffs.news\/fr\/wp-content\/uploads\/2024\/11\/USATSI_24456721.jpg","type":"image\/jpeg"}],"author":"Nicolas Blanchard","twitter_card":"summary_large_image","twitter_creator":"@TheFreeAgentFR","twitter_site":"@TheFreeAgentFR","twitter_misc":{"\u00c9crit par":"Nicolas Blanchard","Dur\u00e9e de lecture estim\u00e9e":"4 minutes"},"schema":{"@context":"https:\/\/schema.org","@graph":[{"@type":"WebPage","@id":"https:\/\/theplayoffs.news\/fr\/actualite-mlb\/le-tropicana-field-operationnel-pour-2026\/","url":"https:\/\/theplayoffs.news\/fr\/actualite-mlb\/le-tropicana-field-operationnel-pour-2026\/","name":"Le Tropicana Field op\u00e9rationnel pour 2026\u00a0! - The Playoffs FR","isPartOf":{"@id":"https:\/\/theplayoffs.news\/fr\/#website"},"primaryImageOfPage":{"@id":"https:\/\/theplayoffs.news\/fr\/actualite-mlb\/le-tropicana-field-operationnel-pour-2026\/#primaryimage"},"image":{"@id":"https:\/\/theplayoffs.news\/fr\/actualite-mlb\/le-tropicana-field-operationnel-pour-2026\/#primaryimage"},"thumbnailUrl":"https:\/\/theplayoffs.news\/fr\/wp-content\/uploads\/2024\/11\/USATSI_24456721.jpg","datePublished":"2024-11-13T17:06:10+00:00","dateModified":"2024-11-13T17:06:10+00:00","author":{"@id":"https:\/\/theplayoffs.news\/fr\/#\/schema\/person\/940879031feb6d5e27cf3c6b69917900"},"breadcrumb":{"@id":"https:\/\/theplayoffs.news\/fr\/actualite-mlb\/le-tropicana-field-operationnel-pour-2026\/#breadcrumb"},"inLanguage":"fr-FR","potentialAction":[{"@type":"ReadAction","target":["https:\/\/theplayoffs.news\/fr\/actualite-mlb\/le-tropicana-field-operationnel-pour-2026\/"]}]},{"@type":"ImageObject","inLanguage":"fr-FR","@id":"https:\/\/theplayoffs.news\/fr\/actualite-mlb\/le-tropicana-field-operationnel-pour-2026\/#primaryimage","url":"https:\/\/theplayoffs.news\/fr\/wp-content\/uploads\/2024\/11\/USATSI_24456721.jpg","contentUrl":"https:\/\/theplayoffs.news\/fr\/wp-content\/uploads\/2024\/11\/USATSI_24456721.jpg","width":1920,"height":1318,"caption":"The roof of Tropicana Field, home of the Tampa Bay Rays MLB team, was torn off by Hurricane Milton\\'s powerful winds. Satellite imagery from Maxar shows the destruction on Oct. 10, 2024. Prior to landfall, the stadium was converted into a base camp for emergency responders."},{"@type":"BreadcrumbList","@id":"https:\/\/theplayoffs.news\/fr\/actualite-mlb\/le-tropicana-field-operationnel-pour-2026\/#breadcrumb","itemListElement":[{"@type":"ListItem","position":1,"name":"Accueil","item":"https:\/\/theplayoffs.news\/fr\/"},{"@type":"ListItem","position":2,"name":"Le Tropicana Field op\u00e9rationnel pour 2026\u00a0!"}]},{"@type":"WebSite","@id":"https:\/\/theplayoffs.news\/fr\/#website","url":"https:\/\/theplayoffs.news\/fr\/","name":"The Playoffs FR","description":"NBA-NFL-NHL-MLB","potentialAction":[{"@type":"SearchAction","target":{"@type":"EntryPoint","urlTemplate":"https:\/\/theplayoffs.news\/fr\/?s={search_term_string}"},"query-input":{"@type":"PropertyValueSpecification","valueRequired":true,"valueName":"search_term_string"}}],"inLanguage":"fr-FR"},{"@type":"Person","@id":"https:\/\/theplayoffs.news\/fr\/#\/schema\/person\/940879031feb6d5e27cf3c6b69917900","name":"Nicolas Blanchard","image":{"@type":"ImageObject","inLanguage":"fr-FR","@id":"https:\/\/theplayoffs.news\/fr\/#\/schema\/person\/image\/","url":"https:\/\/secure.gravatar.com\/avatar\/98953498460526f9290cb098aaa573c5e0a48837b1ca5807dd22cace83810899?s=96&d=mm&r=g","contentUrl":"https:\/\/secure.gravatar.com\/avatar\/98953498460526f9290cb098aaa573c5e0a48837b1ca5807dd22cace83810899?s=96&d=mm&r=g","caption":"Nicolas Blanchard"},"description":"Fan de MLB depuis une dizaine d\u2019ann\u00e9es, je suis tomb\u00e9 amoureux des Chicago Cubs lorsque j\u2019ai vu Bill Murray c\u00e9l\u00e9brer ce premier sacre depuis 108 ans. Mon premier contact avec le Sport US s\u2019est fait lorsque je suis tomb\u00e9 sur une VHS d\u2019Allen Iverson et se fut la r\u00e9v\u00e9lation. Je suis devenu r\u00e9dacteur depuis maintenant 4 ans et cela m\u2019apporte une nouvelle vision du Sport US \u00e0 la fois analytique et bien plus globale (et oui il faut couvrir toutes les \u00e9quipes m\u00eame les chaussettes rouges de Boston).","url":"https:\/\/theplayoffs.news\/fr\/author\/nico4017\/"}]}},"_links":{"self":[{"href":"https:\/\/theplayoffs.news\/fr\/wp-json\/wp\/v2\/posts\/1466847","targetHints":{"allow":["GET"]}}],"collection":[{"href":"https:\/\/theplayoffs.news\/fr\/wp-json\/wp\/v2\/posts"}],"about":[{"href":"https:\/\/theplayoffs.news\/fr\/wp-json\/wp\/v2\/types\/post"}],"author":[{"embeddable":true,"href":"https:\/\/theplayoffs.news\/fr\/wp-json\/wp\/v2\/users\/180309823"}],"replies":[{"embeddable":true,"href":"https:\/\/theplayoffs.news\/fr\/wp-json\/wp\/v2\/comments?post=1466847"}],"version-history":[{"count":3,"href":"https:\/\/theplayoffs.news\/fr\/wp-json\/wp\/v2\/posts\/1466847\/revisions"}],"predecessor-version":[{"id":1466857,"href":"https:\/\/theplayoffs.news\/fr\/wp-json\/wp\/v2\/posts\/1466847\/revisions\/1466857"}],"wp:featuredmedia":[{"embeddable":true,"href":"https:\/\/theplayoffs.news\/fr\/wp-json\/wp\/v2\/media\/1466852"}],"wp:attachment":[{"href":"https:\/\/theplayoffs.news\/fr\/wp-json\/wp\/v2\/media?parent=1466847"}],"wp:term":[{"taxonomy":"category","embeddable":true,"href":"https:\/\/theplayoffs.news\/fr\/wp-json\/wp\/v2\/categories?post=1466847"},{"taxonomy":"post_tag","embeddable":true,"href":"https:\/\/theplayoffs.news\/fr\/wp-json\/wp\/v2\/tags?post=1466847"},{"taxonomy":"sport","embeddable":true,"href":"https:\/\/theplayoffs.news\/fr\/wp-json\/wp\/v2\/sport?post=1466847"},{"taxonomy":"saison","embeddable":true,"href":"https:\/\/theplayoffs.news\/fr\/wp-json\/wp\/v2\/saison?post=1466847"}],"curies":[{"name":"wp","href":"https:\/\/api.w.org\/{rel}","templated":true}]}}