{"id":1466838,"date":"2024-11-13T16:28:51","date_gmt":"2024-11-13T15:28:51","guid":{"rendered":"https:\/\/theplayoffs.news\/fr\/?p=1466838"},"modified":"2024-11-13T16:28:51","modified_gmt":"2024-11-13T15:28:51","slug":"travis-darnaud-chez-les-angels-2-ans","status":"publish","type":"post","link":"https:\/\/theplayoffs.news\/fr\/actualite-mlb\/travis-darnaud-chez-les-angels-2-ans\/","title":{"rendered":"Travis d\u2019Arnaud s\u2019envole chez les Angels pour 2 ans\u00a0!"},"content":{"rendered":"<p style=\"text-align: justify\"><strong>La &laquo; <a href=\"https:\/\/theplayoffs.news\/fr\/mlb\/free-agency-mlb-2025-ca-sactive-deja-dans-cette-offseason\/\" class=\"trk-cta-link\" data-cta-trk='{\"ctaType\":\"Link\",\"ctaSubType\":\"main\"}'>Free Agency<\/a> &raquo; vient tout juste de d&eacute;marrer et les Los Angeles Angels ont d&eacute;cid&eacute; de jeter leur d&eacute;volue sur Travis d&rsquo;Arnaud avec un contrat pour les deux prochaines saisons.<\/strong><\/p><h3 style=\"text-align: justify\">Travis d&rsquo;Arnaud : De l&rsquo;exp&eacute;rience &agrave; venir pour les Angels<\/h3><p style=\"text-align: justify\">Alors que tout le monde a les yeux riv&eacute;s sur <a href=\"https:\/\/theplayoffs.news\/fr\/mlb\/free-agency-mlb-2025-la-semaine-des-yankees\/\" class=\"trk-cta-link\" data-cta-trk='{\"ctaType\":\"Link\",\"ctaSubType\":\"main\"}'>Juan Soto<\/a>, la principale attraction de cette &laquo;&nbsp;Free Agency&nbsp;&raquo;, les <a href=\"https:\/\/theplayoffs.news\/fr\/equipe\/los-angeles-angels-mlb\/\" class=\"trk-cta-link\" data-cta-trk='{\"ctaType\":\"Link\",\"ctaSubType\":\"main\"}'>Los Angeles Angels<\/a> ont &eacute;t&eacute; chercher le receveur des <a href=\"https:\/\/theplayoffs.news\/fr\/equipe\/atlanta-braves-mlb\/\" class=\"trk-cta-link\" data-cta-trk='{\"ctaType\":\"Link\",\"ctaSubType\":\"main\"}'>Braves d&rsquo;Atlanta<\/a>, <a href=\"https:\/\/theplayoffs.news\/fr\/joueur\/travis-darnaud-mlb-59902\/\" class=\"trk-cta-link\" data-cta-trk='{\"ctaType\":\"Link\",\"ctaSubType\":\"main\"}'>Travis d&rsquo;Arnault<\/a>.<\/p><blockquote class=\"twitter-tweet\" data-width=\"500\" data-dnt=\"true\">\n<p lang=\"en\" dir=\"ltr\">OFFICIAL: The Angels have agreed to a two-year contract with C Travis d&rsquo;Arnaud. <a href=\"https:\/\/t.co\/V1VFyyGxaK\" class=\"trk-cta-link\" data-cta-trk='{\"ctaType\":\"Link\",\"ctaSubType\":\"main\"}'>pic.twitter.com\/V1VFyyGxaK<\/a><\/p>\n<p>&mdash; Los Angeles Angels (@Angels) <a href=\"https:\/\/twitter.com\/Angels\/status\/1856440672385151445?ref_src=twsrc%5Etfw\" class=\"trk-cta-link\" data-cta-trk='{\"ctaType\":\"Link\",\"ctaSubType\":\"main\"}'>November 12, 2024<\/a><\/p><\/blockquote><p><script async src=\"https:\/\/platform.twitter.com\/widgets.js\" charset=\"utf-8\"><\/script><\/p><p style=\"text-align: justify\">La semaine derni&egrave;re les Braves avaient renonc&eacute; &agrave; lever la derni&egrave;re ann&eacute;e d&rsquo;option de Travis d&rsquo;Arnaud et ces 8 millions de dollars, pla&ccedil;ant ainsi ce dernier sur la liste des agents libres.<\/p><p style=\"text-align: justify\">Travis d&rsquo;Arnaud repr&eacute;sentait un tr&egrave;s bon coup pour les Los Angeles Angels afin d&rsquo;&eacute;pauler le jeune <a href=\"https:\/\/theplayoffs.news\/fr\/joueur\/logan-ohoppe-mlb-84094\/\" class=\"trk-cta-link\" data-cta-trk='{\"ctaType\":\"Link\",\"ctaSubType\":\"main\"}'>Logan O&rsquo;Hoppe<\/a> au poste de receveur. C&rsquo;est donc pour un contrat de deux ans et 12 millions de dollars que le v&eacute;t&eacute;ran a rejoint la franchise d&rsquo;Anaheim.<\/p><blockquote>\n<p style=\"text-align: justify\">&laquo; Je pense que ce sera g&eacute;nial pour un gars comme Logan d&rsquo;avoir quelqu&rsquo;un comme Travis d&rsquo;Arnaud &agrave; ses c&ocirc;t&eacute;s. Cela va vraiment aider sa carri&egrave;re &agrave; aller de l&rsquo;avant. &raquo; a d&eacute;clar&eacute; <a href=\"https:\/\/theplayoffs.news\/fr\/mlb\/perry-minasian-est-le-nouveau-directeur-general-des-angels\/\" class=\"trk-cta-link\" data-cta-trk='{\"ctaType\":\"Link\",\"ctaSubType\":\"main\"}'>Perry Minasian<\/a>, le g&eacute;n&eacute;ral manager des Los Angeles Angels.<\/p>\n<\/blockquote><p style=\"text-align: justify\">Bien que l&rsquo;ancien receveur des Braves n&rsquo;ait pas connu sa meilleure saison l&rsquo;ann&eacute;e derni&egrave;re avec 15 homeruns, .238\/.302\/.436, il n&rsquo;en reste pas moins un joueur d&rsquo;exp&eacute;rience capable d&rsquo;aider les jeunes &agrave; se d&eacute;velopper.<\/p><p style=\"text-align: justify\">Il est d&eacute;j&agrave; le troisi&egrave;me joueur du recrutement des Los Angeles Angels, apr&egrave;s les venues de <a href=\"https:\/\/theplayoffs.news\/fr\/joueur\/jorge-soler-mlb-65116\/\" class=\"trk-cta-link\" data-cta-trk='{\"ctaType\":\"Link\",\"ctaSubType\":\"main\"}'>Jorge Soler<\/a> et <a href=\"https:\/\/theplayoffs.news\/fr\/joueur\/kyle-hendricks-mlb-66346\/\" class=\"trk-cta-link\" data-cta-trk='{\"ctaType\":\"Link\",\"ctaSubType\":\"main\"}'>Kyle Hendricks.<\/a> La franchise d&rsquo;Anaheim a donc d&eacute;cid&eacute; de miser sur l&rsquo;exp&eacute;rience en ce d&eacute;but de &laquo;&nbsp;Free Agency&nbsp;&raquo;. Difficile de dire qu&rsquo;elle direction souhaite prendre l&rsquo;&eacute;quipe de <a href=\"https:\/\/www.baseball-reference.com\/managers\/washiro01.shtml\" class=\"trk-cta-link\" data-cta-trk='{\"ctaType\":\"Link\",\"ctaSubType\":\"main\"}'>Ron Washington<\/a>.<\/p><p>&nbsp;<\/p><p>Cr&eacute;dits Photo : Brett Davis \/ Imagn-Images<\/p>\n","protected":false},"excerpt":{"rendered":"","protected":false},"author":180309823,"featured_media":1466839,"comment_status":"open","ping_status":"closed","sticky":false,"template":"","format":"standard","meta":{"inline_featured_image":false,"kia_subtitle":"","_mux_skip_reasons":[],"proofreadBy":0,"footnotes":""},"categories":[188,9],"tags":[442,459,4366],"sport":[2786],"saison":[7475],"class_list":["post-1466838","post","type-post","status-publish","format-standard","has-post-thumbnail","hentry","category-actualite-mlb","category-mlb","tag-atlanta-braves","tag-los-angeles-angels","tag-travis-darnaud","sport-mlb","saison-7475"],"acf":[],"yoast_head":"<!-- This site is optimized with the Yoast SEO plugin v24.2 - https:\/\/yoast.com\/wordpress\/plugins\/seo\/ -->\n<title>Travis d&rsquo;Arnaud s&rsquo;envole chez les Angels pour 2 ans&nbsp;! - The Playoffs FR<\/title>\n<meta name=\"robots\" content=\"index, follow, max-snippet:-1, max-image-preview:large, max-video-preview:-1\" \/>\n<link rel=\"canonical\" href=\"https:\/\/theplayoffs.news\/fr\/actualite-mlb\/travis-darnaud-chez-les-angels-2-ans\/\" \/>\n<meta property=\"og:locale\" content=\"fr_FR\" \/>\n<meta property=\"og:type\" content=\"article\" \/>\n<meta property=\"og:title\" content=\"Travis d&rsquo;Arnaud s&rsquo;envole chez les Angels pour 2 ans&nbsp;! - The Playoffs FR\" \/>\n<meta property=\"og:url\" content=\"https:\/\/theplayoffs.news\/fr\/actualite-mlb\/travis-darnaud-chez-les-angels-2-ans\/\" \/>\n<meta property=\"og:site_name\" content=\"The Playoffs FR\" \/>\n<meta property=\"article:publisher\" content=\"https:\/\/www.facebook.com\/TheFreeAgentFR\/\" \/>\n<meta property=\"article:modified_time\" content=\"2024-11-13T16:28:51+01:00\" \/>\n<meta property=\"og:image\" content=\"https:\/\/theplayoffs.news\/fr\/wp-content\/uploads\/2024\/11\/USATSI_24366361.jpg\" \/>\n\t<meta property=\"og:image:width\" content=\"1920\" \/>\n\t<meta property=\"og:image:height\" content=\"1282\" \/>\n\t<meta property=\"og:image:type\" content=\"image\/jpeg\" \/>\n<meta name=\"author\" content=\"Nicolas Blanchard\" \/>\n<meta name=\"twitter:card\" content=\"summary_large_image\" \/>\n<meta name=\"twitter:creator\" content=\"@TheFreeAgentFR\" \/>\n<meta name=\"twitter:site\" content=\"@TheFreeAgentFR\" \/>\n<meta name=\"twitter:label1\" content=\"\u00c9crit par\" \/>\n\t<meta name=\"twitter:data1\" content=\"Nicolas Blanchard\" \/>\n\t<meta name=\"twitter:label2\" content=\"Dur\u00e9e de lecture estim\u00e9e\" \/>\n\t<meta name=\"twitter:data2\" content=\"2 minutes\" \/>\n<script type=\"application\/ld+json\" class=\"yoast-schema-graph\">{\"@context\":\"https:\/\/schema.org\",\"@graph\":[{\"@type\":\"WebPage\",\"@id\":\"https:\/\/theplayoffs.news\/fr\/actualite-mlb\/travis-darnaud-chez-les-angels-2-ans\/\",\"url\":\"https:\/\/theplayoffs.news\/fr\/actualite-mlb\/travis-darnaud-chez-les-angels-2-ans\/\",\"name\":\"Travis d\u2019Arnaud s\u2019envole chez les Angels pour 2 ans\u00a0! - The Playoffs FR\",\"isPartOf\":{\"@id\":\"https:\/\/theplayoffs.news\/fr\/#website\"},\"primaryImageOfPage\":{\"@id\":\"https:\/\/theplayoffs.news\/fr\/actualite-mlb\/travis-darnaud-chez-les-angels-2-ans\/#primaryimage\"},\"image\":{\"@id\":\"https:\/\/theplayoffs.news\/fr\/actualite-mlb\/travis-darnaud-chez-les-angels-2-ans\/#primaryimage\"},\"thumbnailUrl\":\"https:\/\/theplayoffs.news\/fr\/wp-content\/uploads\/2024\/11\/USATSI_24366361.jpg\",\"datePublished\":\"2024-11-13T15:28:51+00:00\",\"dateModified\":\"2024-11-13T15:28:51+00:00\",\"author\":{\"@id\":\"https:\/\/theplayoffs.news\/fr\/#\/schema\/person\/940879031feb6d5e27cf3c6b69917900\"},\"breadcrumb\":{\"@id\":\"https:\/\/theplayoffs.news\/fr\/actualite-mlb\/travis-darnaud-chez-les-angels-2-ans\/#breadcrumb\"},\"inLanguage\":\"fr-FR\",\"potentialAction\":[{\"@type\":\"ReadAction\",\"target\":[\"https:\/\/theplayoffs.news\/fr\/actualite-mlb\/travis-darnaud-chez-les-angels-2-ans\/\"]}]},{\"@type\":\"ImageObject\",\"inLanguage\":\"fr-FR\",\"@id\":\"https:\/\/theplayoffs.news\/fr\/actualite-mlb\/travis-darnaud-chez-les-angels-2-ans\/#primaryimage\",\"url\":\"https:\/\/theplayoffs.news\/fr\/wp-content\/uploads\/2024\/11\/USATSI_24366361.jpg\",\"contentUrl\":\"https:\/\/theplayoffs.news\/fr\/wp-content\/uploads\/2024\/11\/USATSI_24366361.jpg\",\"width\":1920,\"height\":1282,\"caption\":\"Sep 30, 2024; Atlanta, Georgia, USA; Atlanta Braves catcher Travis d\\\\'Arnaud (16) hits a single against the New York Mets in the eighth inning at Truist Park. Mandatory Credit: Brett Davis-Imagn Images\"},{\"@type\":\"BreadcrumbList\",\"@id\":\"https:\/\/theplayoffs.news\/fr\/actualite-mlb\/travis-darnaud-chez-les-angels-2-ans\/#breadcrumb\",\"itemListElement\":[{\"@type\":\"ListItem\",\"position\":1,\"name\":\"Accueil\",\"item\":\"https:\/\/theplayoffs.news\/fr\/\"},{\"@type\":\"ListItem\",\"position\":2,\"name\":\"Travis d\u2019Arnaud s\u2019envole chez les Angels pour 2 ans\u00a0!\"}]},{\"@type\":\"WebSite\",\"@id\":\"https:\/\/theplayoffs.news\/fr\/#website\",\"url\":\"https:\/\/theplayoffs.news\/fr\/\",\"name\":\"The Playoffs FR\",\"description\":\"NBA-NFL-NHL-MLB\",\"potentialAction\":[{\"@type\":\"SearchAction\",\"target\":{\"@type\":\"EntryPoint\",\"urlTemplate\":\"https:\/\/theplayoffs.news\/fr\/?s={search_term_string}\"},\"query-input\":{\"@type\":\"PropertyValueSpecification\",\"valueRequired\":true,\"valueName\":\"search_term_string\"}}],\"inLanguage\":\"fr-FR\"},{\"@type\":\"Person\",\"@id\":\"https:\/\/theplayoffs.news\/fr\/#\/schema\/person\/940879031feb6d5e27cf3c6b69917900\",\"name\":\"Nicolas Blanchard\",\"image\":{\"@type\":\"ImageObject\",\"inLanguage\":\"fr-FR\",\"@id\":\"https:\/\/theplayoffs.news\/fr\/#\/schema\/person\/image\/\",\"url\":\"https:\/\/secure.gravatar.com\/avatar\/98953498460526f9290cb098aaa573c5e0a48837b1ca5807dd22cace83810899?s=96&d=mm&r=g\",\"contentUrl\":\"https:\/\/secure.gravatar.com\/avatar\/98953498460526f9290cb098aaa573c5e0a48837b1ca5807dd22cace83810899?s=96&d=mm&r=g\",\"caption\":\"Nicolas Blanchard\"},\"description\":\"Fan de MLB depuis une dizaine d\u2019ann\u00e9es, je suis tomb\u00e9 amoureux des Chicago Cubs lorsque j\u2019ai vu Bill Murray c\u00e9l\u00e9brer ce premier sacre depuis 108 ans. Mon premier contact avec le Sport US s\u2019est fait lorsque je suis tomb\u00e9 sur une VHS d\u2019Allen Iverson et se fut la r\u00e9v\u00e9lation. Je suis devenu r\u00e9dacteur depuis maintenant 4 ans et cela m\u2019apporte une nouvelle vision du Sport US \u00e0 la fois analytique et bien plus globale (et oui il faut couvrir toutes les \u00e9quipes m\u00eame les chaussettes rouges de Boston).\",\"url\":\"https:\/\/theplayoffs.news\/fr\/author\/nico4017\/\"}]}<\/script>\n<!-- \/ Yoast SEO plugin. -->","yoast_head_json":{"title":"Travis d&rsquo;Arnaud s&rsquo;envole chez les Angels pour 2 ans&nbsp;! - The Playoffs FR","robots":{"index":"index","follow":"follow","max-snippet":"max-snippet:-1","max-image-preview":"max-image-preview:large","max-video-preview":"max-video-preview:-1"},"canonical":"https:\/\/theplayoffs.news\/fr\/actualite-mlb\/travis-darnaud-chez-les-angels-2-ans\/","og_locale":"fr_FR","og_type":"article","og_title":"Travis d&rsquo;Arnaud s&rsquo;envole chez les Angels pour 2 ans&nbsp;! - The Playoffs FR","og_url":"https:\/\/theplayoffs.news\/fr\/actualite-mlb\/travis-darnaud-chez-les-angels-2-ans\/","og_site_name":"The Playoffs FR","article_publisher":"https:\/\/www.facebook.com\/TheFreeAgentFR\/","og_image":[{"width":1920,"height":1282,"url":"https:\/\/theplayoffs.news\/fr\/wp-content\/uploads\/2024\/11\/USATSI_24366361.jpg","type":"image\/jpeg"}],"author":"Nicolas Blanchard","twitter_card":"summary_large_image","twitter_creator":"@TheFreeAgentFR","twitter_site":"@TheFreeAgentFR","twitter_misc":{"\u00c9crit par":"Nicolas Blanchard","Dur\u00e9e de lecture estim\u00e9e":"2 minutes"},"schema":{"@context":"https:\/\/schema.org","@graph":[{"@type":"WebPage","@id":"https:\/\/theplayoffs.news\/fr\/actualite-mlb\/travis-darnaud-chez-les-angels-2-ans\/","url":"https:\/\/theplayoffs.news\/fr\/actualite-mlb\/travis-darnaud-chez-les-angels-2-ans\/","name":"Travis d\u2019Arnaud s\u2019envole chez les Angels pour 2 ans\u00a0! - The Playoffs FR","isPartOf":{"@id":"https:\/\/theplayoffs.news\/fr\/#website"},"primaryImageOfPage":{"@id":"https:\/\/theplayoffs.news\/fr\/actualite-mlb\/travis-darnaud-chez-les-angels-2-ans\/#primaryimage"},"image":{"@id":"https:\/\/theplayoffs.news\/fr\/actualite-mlb\/travis-darnaud-chez-les-angels-2-ans\/#primaryimage"},"thumbnailUrl":"https:\/\/theplayoffs.news\/fr\/wp-content\/uploads\/2024\/11\/USATSI_24366361.jpg","datePublished":"2024-11-13T15:28:51+00:00","dateModified":"2024-11-13T15:28:51+00:00","author":{"@id":"https:\/\/theplayoffs.news\/fr\/#\/schema\/person\/940879031feb6d5e27cf3c6b69917900"},"breadcrumb":{"@id":"https:\/\/theplayoffs.news\/fr\/actualite-mlb\/travis-darnaud-chez-les-angels-2-ans\/#breadcrumb"},"inLanguage":"fr-FR","potentialAction":[{"@type":"ReadAction","target":["https:\/\/theplayoffs.news\/fr\/actualite-mlb\/travis-darnaud-chez-les-angels-2-ans\/"]}]},{"@type":"ImageObject","inLanguage":"fr-FR","@id":"https:\/\/theplayoffs.news\/fr\/actualite-mlb\/travis-darnaud-chez-les-angels-2-ans\/#primaryimage","url":"https:\/\/theplayoffs.news\/fr\/wp-content\/uploads\/2024\/11\/USATSI_24366361.jpg","contentUrl":"https:\/\/theplayoffs.news\/fr\/wp-content\/uploads\/2024\/11\/USATSI_24366361.jpg","width":1920,"height":1282,"caption":"Sep 30, 2024; Atlanta, Georgia, USA; Atlanta Braves catcher Travis d\\'Arnaud (16) hits a single against the New York Mets in the eighth inning at Truist Park. Mandatory Credit: Brett Davis-Imagn Images"},{"@type":"BreadcrumbList","@id":"https:\/\/theplayoffs.news\/fr\/actualite-mlb\/travis-darnaud-chez-les-angels-2-ans\/#breadcrumb","itemListElement":[{"@type":"ListItem","position":1,"name":"Accueil","item":"https:\/\/theplayoffs.news\/fr\/"},{"@type":"ListItem","position":2,"name":"Travis d\u2019Arnaud s\u2019envole chez les Angels pour 2 ans\u00a0!"}]},{"@type":"WebSite","@id":"https:\/\/theplayoffs.news\/fr\/#website","url":"https:\/\/theplayoffs.news\/fr\/","name":"The Playoffs FR","description":"NBA-NFL-NHL-MLB","potentialAction":[{"@type":"SearchAction","target":{"@type":"EntryPoint","urlTemplate":"https:\/\/theplayoffs.news\/fr\/?s={search_term_string}"},"query-input":{"@type":"PropertyValueSpecification","valueRequired":true,"valueName":"search_term_string"}}],"inLanguage":"fr-FR"},{"@type":"Person","@id":"https:\/\/theplayoffs.news\/fr\/#\/schema\/person\/940879031feb6d5e27cf3c6b69917900","name":"Nicolas Blanchard","image":{"@type":"ImageObject","inLanguage":"fr-FR","@id":"https:\/\/theplayoffs.news\/fr\/#\/schema\/person\/image\/","url":"https:\/\/secure.gravatar.com\/avatar\/98953498460526f9290cb098aaa573c5e0a48837b1ca5807dd22cace83810899?s=96&d=mm&r=g","contentUrl":"https:\/\/secure.gravatar.com\/avatar\/98953498460526f9290cb098aaa573c5e0a48837b1ca5807dd22cace83810899?s=96&d=mm&r=g","caption":"Nicolas Blanchard"},"description":"Fan de MLB depuis une dizaine d\u2019ann\u00e9es, je suis tomb\u00e9 amoureux des Chicago Cubs lorsque j\u2019ai vu Bill Murray c\u00e9l\u00e9brer ce premier sacre depuis 108 ans. Mon premier contact avec le Sport US s\u2019est fait lorsque je suis tomb\u00e9 sur une VHS d\u2019Allen Iverson et se fut la r\u00e9v\u00e9lation. Je suis devenu r\u00e9dacteur depuis maintenant 4 ans et cela m\u2019apporte une nouvelle vision du Sport US \u00e0 la fois analytique et bien plus globale (et oui il faut couvrir toutes les \u00e9quipes m\u00eame les chaussettes rouges de Boston).","url":"https:\/\/theplayoffs.news\/fr\/author\/nico4017\/"}]}},"_links":{"self":[{"href":"https:\/\/theplayoffs.news\/fr\/wp-json\/wp\/v2\/posts\/1466838","targetHints":{"allow":["GET"]}}],"collection":[{"href":"https:\/\/theplayoffs.news\/fr\/wp-json\/wp\/v2\/posts"}],"about":[{"href":"https:\/\/theplayoffs.news\/fr\/wp-json\/wp\/v2\/types\/post"}],"author":[{"embeddable":true,"href":"https:\/\/theplayoffs.news\/fr\/wp-json\/wp\/v2\/users\/180309823"}],"replies":[{"embeddable":true,"href":"https:\/\/theplayoffs.news\/fr\/wp-json\/wp\/v2\/comments?post=1466838"}],"version-history":[{"count":3,"href":"https:\/\/theplayoffs.news\/fr\/wp-json\/wp\/v2\/posts\/1466838\/revisions"}],"predecessor-version":[{"id":1466843,"href":"https:\/\/theplayoffs.news\/fr\/wp-json\/wp\/v2\/posts\/1466838\/revisions\/1466843"}],"wp:featuredmedia":[{"embeddable":true,"href":"https:\/\/theplayoffs.news\/fr\/wp-json\/wp\/v2\/media\/1466839"}],"wp:attachment":[{"href":"https:\/\/theplayoffs.news\/fr\/wp-json\/wp\/v2\/media?parent=1466838"}],"wp:term":[{"taxonomy":"category","embeddable":true,"href":"https:\/\/theplayoffs.news\/fr\/wp-json\/wp\/v2\/categories?post=1466838"},{"taxonomy":"post_tag","embeddable":true,"href":"https:\/\/theplayoffs.news\/fr\/wp-json\/wp\/v2\/tags?post=1466838"},{"taxonomy":"sport","embeddable":true,"href":"https:\/\/theplayoffs.news\/fr\/wp-json\/wp\/v2\/sport?post=1466838"},{"taxonomy":"saison","embeddable":true,"href":"https:\/\/theplayoffs.news\/fr\/wp-json\/wp\/v2\/saison?post=1466838"}],"curies":[{"name":"wp","href":"https:\/\/api.w.org\/{rel}","templated":true}]}}