{"id":1466743,"date":"2024-11-12T19:28:09","date_gmt":"2024-11-12T18:28:09","guid":{"rendered":"https:\/\/theplayoffs.news\/fr\/?p=1466743"},"modified":"2024-11-12T19:28:09","modified_gmt":"2024-11-12T18:28:09","slug":"jose-alvarado-absent-6-semaines","status":"publish","type":"post","link":"https:\/\/theplayoffs.news\/fr\/actualite-nba\/jose-alvarado-absent-6-semaines\/","title":{"rendered":"New Orleans Pelicans\u00a0: Jose Alvarado absent 6 semaines\u00a0!"},"content":{"rendered":"<p style=\"text-align: justify\"><strong>L&rsquo;h&eacute;catombe se poursuit pour les New Orleans Pelicans qui viennent de perdre Jose Alvarado pour les 6 prochaines semaines. La s&eacute;rie noire se poursuit pour les hommes de Willie Green.<\/strong><\/p><blockquote class=\"twitter-tweet\" data-width=\"500\" data-dnt=\"true\">\n<p lang=\"en\" dir=\"ltr\">The <a href=\"https:\/\/twitter.com\/hashtag\/Pelicans?src=hash&amp;ref_src=twsrc%5Etfw\" class=\"trk-cta-link\" data-cta-trk='{\"ctaType\":\"Link\",\"ctaSubType\":\"main\"}'>#Pelicans<\/a> announced today that guard Jose Alvarado has been diagnosed with a left hamstring strain.<\/p>\n<p>An MRI taken this morning confirmed the injury, which occurred during last night&rsquo;s game vs the Nets. <\/p>\n<p>He will be re-examined in approximately 3 weeks. <a href=\"https:\/\/t.co\/EKMJ5331rA\" class=\"trk-cta-link\" data-cta-trk='{\"ctaType\":\"Link\",\"ctaSubType\":\"main\"}'>pic.twitter.com\/EKMJ5331rA<\/a><\/p>\n<p>&mdash; New Orleans Pelicans (@PelicansNBA) <a href=\"https:\/\/twitter.com\/PelicansNBA\/status\/1856396806533550407?ref_src=twsrc%5Etfw\" class=\"trk-cta-link\" data-cta-trk='{\"ctaType\":\"Link\",\"ctaSubType\":\"main\"}'>November 12, 2024<\/a><\/p><\/blockquote><p><script async src=\"https:\/\/platform.twitter.com\/widgets.js\" charset=\"utf-8\"><\/script><\/p><h3 style=\"text-align: justify\">Jose Alvarado&nbsp;: L&rsquo;&eacute;ni&egrave;me coup dur&nbsp;pour les Pelicans&nbsp;!<\/h3><p style=\"text-align: justify\"><a href=\"https:\/\/theplayoffs.news\/fr\/joueur\/jose-alvarado-nba-8555738\/\" class=\"trk-cta-link\" data-cta-trk='{\"ctaType\":\"Link\",\"ctaSubType\":\"main\"}'>Jose Alvarado<\/a> a contract&eacute; une d&eacute;chirure aux Ischios-jambier la nuit derni&egrave;re dans la d&eacute;faite des <a href=\"https:\/\/theplayoffs.news\/fr\/equipe\/new-orleans-pelicans-nba\/\" class=\"trk-cta-link\" data-cta-trk='{\"ctaType\":\"Link\",\"ctaSubType\":\"main\"}'>New Orleans Pelicans<\/a> contre les <a href=\"https:\/\/theplayoffs.news\/fr\/equipe\/brooklyn-nets-nba\/\" class=\"trk-cta-link\" data-cta-trk='{\"ctaType\":\"Link\",\"ctaSubType\":\"main\"}'>Brooklyn Nets<\/a> (107 &agrave; 105).<\/p><p style=\"text-align: justify\">La blessure de Jose Alvarado aux Ischios devrait le tenir &eacute;loign&eacute; des parquets pour les six prochaines semaines. Il rejoint une infirmerie d&eacute;j&agrave; bien garnie avec <a href=\"https:\/\/theplayoffs.news\/fr\/nba-basketball\/zion-williamson-blesse-plusieurs-semaines\/\" class=\"trk-cta-link\" data-cta-trk='{\"ctaType\":\"Link\",\"ctaSubType\":\"main\"}'>Zion Williamson<\/a> (ischios), <a href=\"https:\/\/theplayoffs.news\/fr\/joueur\/cj-mccollum-nba-4980298\/\" class=\"trk-cta-link\" data-cta-trk='{\"ctaType\":\"Link\",\"ctaSubType\":\"main\"}'>CJ McCollum<\/a> (&eacute;longation de l&rsquo;adducteur droit), <a href=\"https:\/\/theplayoffs.news\/fr\/joueur\/dejounte-murray-nba-7814994\/\" class=\"trk-cta-link\" data-cta-trk='{\"ctaType\":\"Link\",\"ctaSubType\":\"main\"}'>Dejounte Murray<\/a> (blessure &agrave; la main), Herbert Jones (d&eacute;chirure partielle de la coiffe des rotateurs) et &nbsp;ainsi que <a href=\"https:\/\/theplayoffs.news\/fr\/joueur\/jordan-hawkins-nba-9367500\/\" class=\"trk-cta-link\" data-cta-trk='{\"ctaType\":\"Link\",\"ctaSubType\":\"main\"}'>Jordan Hawkins<\/a> (dos).<\/p><p style=\"text-align: justify\">Cette saison, Jose Alvarado tourne &agrave; 10,7 points, 4,5 passes. Il sortait de deux rencontres &agrave; plus de 20 points et 5 passes. Il semblait retrouver son niveau qui lui avait valu sa <a href=\"https:\/\/theplayoffs.news\/fr\/nba-basketball\/jose-alvarado-signe-une-extension-de-9-millions-avec-les-pelicans\/\" class=\"trk-cta-link\" data-cta-trk='{\"ctaType\":\"Link\",\"ctaSubType\":\"main\"}'>prolongation de contrat en d&eacute;but de saison pour deux ann&eacute;es suppl&eacute;mentaires et un montant de 9 millions de dollars.<\/a><\/p><p style=\"text-align: justify\">Le d&eacute;but de saison des Pelicans ressemble &agrave; un v&eacute;ritable cauchemar. En plus de tout ces bless&eacute;s, ils ont un bilan de seulement 3 victoires pour 8 d&eacute;faites. Les choses ne devraient pas s&rsquo;arranger pour les hommes de <a href=\"https:\/\/fr.wikipedia.org\/wiki\/Willie_Green_(basket-ball)\" class=\"trk-cta-link\" data-cta-trk='{\"ctaType\":\"Link\",\"ctaSubType\":\"main\"}'>Willie Green<\/a> si l&rsquo;on se penche sur le calendrier.<\/p><p style=\"text-align: justify\">En effet, les co&eacute;quipiers de Jose Alavarado vont affronter le <a href=\"https:\/\/theplayoffs.news\/fr\/equipe\/oklahoma-city-thunder-nba\/\" class=\"trk-cta-link\" data-cta-trk='{\"ctaType\":\"Link\",\"ctaSubType\":\"main\"}'>Thunder<\/a>, les <a href=\"https:\/\/theplayoffs.news\/fr\/equipe\/denver-nuggets-nba\/\" class=\"trk-cta-link\" data-cta-trk='{\"ctaType\":\"Link\",\"ctaSubType\":\"main\"}'>Nuggets<\/a>, <a href=\"https:\/\/theplayoffs.news\/fr\/equipe\/los-angeles-lakers-nba\/\" class=\"trk-cta-link\" data-cta-trk='{\"ctaType\":\"Link\",\"ctaSubType\":\"main\"}'>Lakers<\/a>, <a href=\"https:\/\/theplayoffs.news\/fr\/equipe\/dallas-mavericks-nba\/\" class=\"trk-cta-link\" data-cta-trk='{\"ctaType\":\"Link\",\"ctaSubType\":\"main\"}'>Mavericks<\/a>, <a href=\"https:\/\/theplayoffs.news\/fr\/equipe\/cleveland-cavaliers-nba\/\" class=\"trk-cta-link\" data-cta-trk='{\"ctaType\":\"Link\",\"ctaSubType\":\"main\"}'>Cavaliers<\/a> et les <a href=\"https:\/\/theplayoffs.news\/fr\/equipe\/golden-state-warriors-nba\/\" class=\"trk-cta-link\" data-cta-trk='{\"ctaType\":\"Link\",\"ctaSubType\":\"main\"}'>Warriors<\/a> dans les dix prochains jours. Quand le sort s&rsquo;acharne sur vous !<\/p><p>&nbsp;<\/p><p>Cr&eacute;dit Photo : Matthew Hinton \/ Imagn &ndash; Images<\/p>\n","protected":false},"excerpt":{"rendered":"","protected":false},"author":180309823,"featured_media":1466744,"comment_status":"open","ping_status":"closed","sticky":false,"template":"","format":"standard","meta":{"inline_featured_image":false,"kia_subtitle":"","_mux_skip_reasons":[],"proofreadBy":0,"footnotes":""},"categories":[110,10],"tags":[5103,842],"sport":[2783],"saison":[6111],"class_list":["post-1466743","post","type-post","status-publish","format-standard","has-post-thumbnail","hentry","category-actualite-nba","category-nba","tag-jose-alvarado","tag-new-orleans-pelicans","sport-nba","saison-6111"],"acf":[],"yoast_head":"<!-- This site is optimized with the Yoast SEO plugin v24.2 - https:\/\/yoast.com\/wordpress\/plugins\/seo\/ -->\n<title>New Orleans Pelicans&nbsp;: Jose Alvarado absent 6 semaines&nbsp;! - The Playoffs FR<\/title>\n<meta name=\"robots\" content=\"index, follow, max-snippet:-1, max-image-preview:large, max-video-preview:-1\" \/>\n<link rel=\"canonical\" href=\"https:\/\/theplayoffs.news\/fr\/actualite-nba\/jose-alvarado-absent-6-semaines\/\" \/>\n<meta property=\"og:locale\" content=\"fr_FR\" \/>\n<meta property=\"og:type\" content=\"article\" \/>\n<meta property=\"og:title\" content=\"New Orleans Pelicans&nbsp;: Jose Alvarado absent 6 semaines&nbsp;! - The Playoffs FR\" \/>\n<meta property=\"og:url\" content=\"https:\/\/theplayoffs.news\/fr\/actualite-nba\/jose-alvarado-absent-6-semaines\/\" \/>\n<meta property=\"og:site_name\" content=\"The Playoffs FR\" \/>\n<meta property=\"article:publisher\" content=\"https:\/\/www.facebook.com\/TheFreeAgentFR\/\" \/>\n<meta property=\"article:modified_time\" content=\"2024-11-12T19:28:09+01:00\" \/>\n<meta property=\"og:image\" content=\"https:\/\/theplayoffs.news\/fr\/wp-content\/uploads\/2024\/11\/USATSI_24695125.jpg\" \/>\n\t<meta property=\"og:image:width\" content=\"1920\" \/>\n\t<meta property=\"og:image:height\" content=\"1280\" \/>\n\t<meta property=\"og:image:type\" content=\"image\/jpeg\" \/>\n<meta name=\"author\" content=\"Nicolas Blanchard\" \/>\n<meta name=\"twitter:card\" content=\"summary_large_image\" \/>\n<meta name=\"twitter:creator\" content=\"@TheFreeAgentFR\" \/>\n<meta name=\"twitter:site\" content=\"@TheFreeAgentFR\" \/>\n<meta name=\"twitter:label1\" content=\"\u00c9crit par\" \/>\n\t<meta name=\"twitter:data1\" content=\"Nicolas Blanchard\" \/>\n\t<meta name=\"twitter:label2\" content=\"Dur\u00e9e de lecture estim\u00e9e\" \/>\n\t<meta name=\"twitter:data2\" content=\"1 minute\" \/>\n<script type=\"application\/ld+json\" class=\"yoast-schema-graph\">{\"@context\":\"https:\/\/schema.org\",\"@graph\":[{\"@type\":\"WebPage\",\"@id\":\"https:\/\/theplayoffs.news\/fr\/actualite-nba\/jose-alvarado-absent-6-semaines\/\",\"url\":\"https:\/\/theplayoffs.news\/fr\/actualite-nba\/jose-alvarado-absent-6-semaines\/\",\"name\":\"New Orleans Pelicans\u00a0: Jose Alvarado absent 6 semaines\u00a0! - The Playoffs FR\",\"isPartOf\":{\"@id\":\"https:\/\/theplayoffs.news\/fr\/#website\"},\"primaryImageOfPage\":{\"@id\":\"https:\/\/theplayoffs.news\/fr\/actualite-nba\/jose-alvarado-absent-6-semaines\/#primaryimage\"},\"image\":{\"@id\":\"https:\/\/theplayoffs.news\/fr\/actualite-nba\/jose-alvarado-absent-6-semaines\/#primaryimage\"},\"thumbnailUrl\":\"https:\/\/theplayoffs.news\/fr\/wp-content\/uploads\/2024\/11\/USATSI_24695125.jpg\",\"datePublished\":\"2024-11-12T18:28:09+00:00\",\"dateModified\":\"2024-11-12T18:28:09+00:00\",\"author\":{\"@id\":\"https:\/\/theplayoffs.news\/fr\/#\/schema\/person\/940879031feb6d5e27cf3c6b69917900\"},\"breadcrumb\":{\"@id\":\"https:\/\/theplayoffs.news\/fr\/actualite-nba\/jose-alvarado-absent-6-semaines\/#breadcrumb\"},\"inLanguage\":\"fr-FR\",\"potentialAction\":[{\"@type\":\"ReadAction\",\"target\":[\"https:\/\/theplayoffs.news\/fr\/actualite-nba\/jose-alvarado-absent-6-semaines\/\"]}]},{\"@type\":\"ImageObject\",\"inLanguage\":\"fr-FR\",\"@id\":\"https:\/\/theplayoffs.news\/fr\/actualite-nba\/jose-alvarado-absent-6-semaines\/#primaryimage\",\"url\":\"https:\/\/theplayoffs.news\/fr\/wp-content\/uploads\/2024\/11\/USATSI_24695125.jpg\",\"contentUrl\":\"https:\/\/theplayoffs.news\/fr\/wp-content\/uploads\/2024\/11\/USATSI_24695125.jpg\",\"width\":1920,\"height\":1280,\"caption\":\"Nov 6, 2024; New Orleans, Louisiana, USA; New Orleans Pelicans guard Jose Alvarado (15) celebrates after a three point basket against the Cleveland Cavaliers during the fourth quarter at Smoothie King Center. Mandatory Credit: Matthew Hinton-Imagn Images\"},{\"@type\":\"BreadcrumbList\",\"@id\":\"https:\/\/theplayoffs.news\/fr\/actualite-nba\/jose-alvarado-absent-6-semaines\/#breadcrumb\",\"itemListElement\":[{\"@type\":\"ListItem\",\"position\":1,\"name\":\"Accueil\",\"item\":\"https:\/\/theplayoffs.news\/fr\/\"},{\"@type\":\"ListItem\",\"position\":2,\"name\":\"New Orleans Pelicans\u00a0: Jose Alvarado absent 6 semaines\u00a0!\"}]},{\"@type\":\"WebSite\",\"@id\":\"https:\/\/theplayoffs.news\/fr\/#website\",\"url\":\"https:\/\/theplayoffs.news\/fr\/\",\"name\":\"The Playoffs FR\",\"description\":\"NBA-NFL-NHL-MLB\",\"potentialAction\":[{\"@type\":\"SearchAction\",\"target\":{\"@type\":\"EntryPoint\",\"urlTemplate\":\"https:\/\/theplayoffs.news\/fr\/?s={search_term_string}\"},\"query-input\":{\"@type\":\"PropertyValueSpecification\",\"valueRequired\":true,\"valueName\":\"search_term_string\"}}],\"inLanguage\":\"fr-FR\"},{\"@type\":\"Person\",\"@id\":\"https:\/\/theplayoffs.news\/fr\/#\/schema\/person\/940879031feb6d5e27cf3c6b69917900\",\"name\":\"Nicolas Blanchard\",\"image\":{\"@type\":\"ImageObject\",\"inLanguage\":\"fr-FR\",\"@id\":\"https:\/\/theplayoffs.news\/fr\/#\/schema\/person\/image\/\",\"url\":\"https:\/\/secure.gravatar.com\/avatar\/98953498460526f9290cb098aaa573c5e0a48837b1ca5807dd22cace83810899?s=96&d=mm&r=g\",\"contentUrl\":\"https:\/\/secure.gravatar.com\/avatar\/98953498460526f9290cb098aaa573c5e0a48837b1ca5807dd22cace83810899?s=96&d=mm&r=g\",\"caption\":\"Nicolas Blanchard\"},\"description\":\"Fan de MLB depuis une dizaine d\u2019ann\u00e9es, je suis tomb\u00e9 amoureux des Chicago Cubs lorsque j\u2019ai vu Bill Murray c\u00e9l\u00e9brer ce premier sacre depuis 108 ans. Mon premier contact avec le Sport US s\u2019est fait lorsque je suis tomb\u00e9 sur une VHS d\u2019Allen Iverson et se fut la r\u00e9v\u00e9lation. Je suis devenu r\u00e9dacteur depuis maintenant 4 ans et cela m\u2019apporte une nouvelle vision du Sport US \u00e0 la fois analytique et bien plus globale (et oui il faut couvrir toutes les \u00e9quipes m\u00eame les chaussettes rouges de Boston).\",\"url\":\"https:\/\/theplayoffs.news\/fr\/author\/nico4017\/\"}]}<\/script>\n<!-- \/ Yoast SEO plugin. -->","yoast_head_json":{"title":"New Orleans Pelicans&nbsp;: Jose Alvarado absent 6 semaines&nbsp;! - The Playoffs FR","robots":{"index":"index","follow":"follow","max-snippet":"max-snippet:-1","max-image-preview":"max-image-preview:large","max-video-preview":"max-video-preview:-1"},"canonical":"https:\/\/theplayoffs.news\/fr\/actualite-nba\/jose-alvarado-absent-6-semaines\/","og_locale":"fr_FR","og_type":"article","og_title":"New Orleans Pelicans&nbsp;: Jose Alvarado absent 6 semaines&nbsp;! - The Playoffs FR","og_url":"https:\/\/theplayoffs.news\/fr\/actualite-nba\/jose-alvarado-absent-6-semaines\/","og_site_name":"The Playoffs FR","article_publisher":"https:\/\/www.facebook.com\/TheFreeAgentFR\/","og_image":[{"width":1920,"height":1280,"url":"https:\/\/theplayoffs.news\/fr\/wp-content\/uploads\/2024\/11\/USATSI_24695125.jpg","type":"image\/jpeg"}],"author":"Nicolas Blanchard","twitter_card":"summary_large_image","twitter_creator":"@TheFreeAgentFR","twitter_site":"@TheFreeAgentFR","twitter_misc":{"\u00c9crit par":"Nicolas Blanchard","Dur\u00e9e de lecture estim\u00e9e":"1 minute"},"schema":{"@context":"https:\/\/schema.org","@graph":[{"@type":"WebPage","@id":"https:\/\/theplayoffs.news\/fr\/actualite-nba\/jose-alvarado-absent-6-semaines\/","url":"https:\/\/theplayoffs.news\/fr\/actualite-nba\/jose-alvarado-absent-6-semaines\/","name":"New Orleans Pelicans\u00a0: Jose Alvarado absent 6 semaines\u00a0! - The Playoffs FR","isPartOf":{"@id":"https:\/\/theplayoffs.news\/fr\/#website"},"primaryImageOfPage":{"@id":"https:\/\/theplayoffs.news\/fr\/actualite-nba\/jose-alvarado-absent-6-semaines\/#primaryimage"},"image":{"@id":"https:\/\/theplayoffs.news\/fr\/actualite-nba\/jose-alvarado-absent-6-semaines\/#primaryimage"},"thumbnailUrl":"https:\/\/theplayoffs.news\/fr\/wp-content\/uploads\/2024\/11\/USATSI_24695125.jpg","datePublished":"2024-11-12T18:28:09+00:00","dateModified":"2024-11-12T18:28:09+00:00","author":{"@id":"https:\/\/theplayoffs.news\/fr\/#\/schema\/person\/940879031feb6d5e27cf3c6b69917900"},"breadcrumb":{"@id":"https:\/\/theplayoffs.news\/fr\/actualite-nba\/jose-alvarado-absent-6-semaines\/#breadcrumb"},"inLanguage":"fr-FR","potentialAction":[{"@type":"ReadAction","target":["https:\/\/theplayoffs.news\/fr\/actualite-nba\/jose-alvarado-absent-6-semaines\/"]}]},{"@type":"ImageObject","inLanguage":"fr-FR","@id":"https:\/\/theplayoffs.news\/fr\/actualite-nba\/jose-alvarado-absent-6-semaines\/#primaryimage","url":"https:\/\/theplayoffs.news\/fr\/wp-content\/uploads\/2024\/11\/USATSI_24695125.jpg","contentUrl":"https:\/\/theplayoffs.news\/fr\/wp-content\/uploads\/2024\/11\/USATSI_24695125.jpg","width":1920,"height":1280,"caption":"Nov 6, 2024; New Orleans, Louisiana, USA; New Orleans Pelicans guard Jose Alvarado (15) celebrates after a three point basket against the Cleveland Cavaliers during the fourth quarter at Smoothie King Center. Mandatory Credit: Matthew Hinton-Imagn Images"},{"@type":"BreadcrumbList","@id":"https:\/\/theplayoffs.news\/fr\/actualite-nba\/jose-alvarado-absent-6-semaines\/#breadcrumb","itemListElement":[{"@type":"ListItem","position":1,"name":"Accueil","item":"https:\/\/theplayoffs.news\/fr\/"},{"@type":"ListItem","position":2,"name":"New Orleans Pelicans\u00a0: Jose Alvarado absent 6 semaines\u00a0!"}]},{"@type":"WebSite","@id":"https:\/\/theplayoffs.news\/fr\/#website","url":"https:\/\/theplayoffs.news\/fr\/","name":"The Playoffs FR","description":"NBA-NFL-NHL-MLB","potentialAction":[{"@type":"SearchAction","target":{"@type":"EntryPoint","urlTemplate":"https:\/\/theplayoffs.news\/fr\/?s={search_term_string}"},"query-input":{"@type":"PropertyValueSpecification","valueRequired":true,"valueName":"search_term_string"}}],"inLanguage":"fr-FR"},{"@type":"Person","@id":"https:\/\/theplayoffs.news\/fr\/#\/schema\/person\/940879031feb6d5e27cf3c6b69917900","name":"Nicolas Blanchard","image":{"@type":"ImageObject","inLanguage":"fr-FR","@id":"https:\/\/theplayoffs.news\/fr\/#\/schema\/person\/image\/","url":"https:\/\/secure.gravatar.com\/avatar\/98953498460526f9290cb098aaa573c5e0a48837b1ca5807dd22cace83810899?s=96&d=mm&r=g","contentUrl":"https:\/\/secure.gravatar.com\/avatar\/98953498460526f9290cb098aaa573c5e0a48837b1ca5807dd22cace83810899?s=96&d=mm&r=g","caption":"Nicolas Blanchard"},"description":"Fan de MLB depuis une dizaine d\u2019ann\u00e9es, je suis tomb\u00e9 amoureux des Chicago Cubs lorsque j\u2019ai vu Bill Murray c\u00e9l\u00e9brer ce premier sacre depuis 108 ans. Mon premier contact avec le Sport US s\u2019est fait lorsque je suis tomb\u00e9 sur une VHS d\u2019Allen Iverson et se fut la r\u00e9v\u00e9lation. Je suis devenu r\u00e9dacteur depuis maintenant 4 ans et cela m\u2019apporte une nouvelle vision du Sport US \u00e0 la fois analytique et bien plus globale (et oui il faut couvrir toutes les \u00e9quipes m\u00eame les chaussettes rouges de Boston).","url":"https:\/\/theplayoffs.news\/fr\/author\/nico4017\/"}]}},"_links":{"self":[{"href":"https:\/\/theplayoffs.news\/fr\/wp-json\/wp\/v2\/posts\/1466743","targetHints":{"allow":["GET"]}}],"collection":[{"href":"https:\/\/theplayoffs.news\/fr\/wp-json\/wp\/v2\/posts"}],"about":[{"href":"https:\/\/theplayoffs.news\/fr\/wp-json\/wp\/v2\/types\/post"}],"author":[{"embeddable":true,"href":"https:\/\/theplayoffs.news\/fr\/wp-json\/wp\/v2\/users\/180309823"}],"replies":[{"embeddable":true,"href":"https:\/\/theplayoffs.news\/fr\/wp-json\/wp\/v2\/comments?post=1466743"}],"version-history":[{"count":2,"href":"https:\/\/theplayoffs.news\/fr\/wp-json\/wp\/v2\/posts\/1466743\/revisions"}],"predecessor-version":[{"id":1466747,"href":"https:\/\/theplayoffs.news\/fr\/wp-json\/wp\/v2\/posts\/1466743\/revisions\/1466747"}],"wp:featuredmedia":[{"embeddable":true,"href":"https:\/\/theplayoffs.news\/fr\/wp-json\/wp\/v2\/media\/1466744"}],"wp:attachment":[{"href":"https:\/\/theplayoffs.news\/fr\/wp-json\/wp\/v2\/media?parent=1466743"}],"wp:term":[{"taxonomy":"category","embeddable":true,"href":"https:\/\/theplayoffs.news\/fr\/wp-json\/wp\/v2\/categories?post=1466743"},{"taxonomy":"post_tag","embeddable":true,"href":"https:\/\/theplayoffs.news\/fr\/wp-json\/wp\/v2\/tags?post=1466743"},{"taxonomy":"sport","embeddable":true,"href":"https:\/\/theplayoffs.news\/fr\/wp-json\/wp\/v2\/sport?post=1466743"},{"taxonomy":"saison","embeddable":true,"href":"https:\/\/theplayoffs.news\/fr\/wp-json\/wp\/v2\/saison?post=1466743"}],"curies":[{"name":"wp","href":"https:\/\/api.w.org\/{rel}","templated":true}]}}