{"id":1466564,"date":"2024-11-11T09:19:23","date_gmt":"2024-11-11T08:19:23","guid":{"rendered":"https:\/\/theplayoffs.news\/fr\/?p=1466564"},"modified":"2024-11-11T09:19:23","modified_gmt":"2024-11-11T08:19:23","slug":"chet-holmgren-absent","status":"publish","type":"post","link":"https:\/\/theplayoffs.news\/fr\/actualite-nba\/chet-holmgren-absent\/","title":{"rendered":"Chet Holmgren absent 8 \u00e0 10 semaines\u00a0!"},"content":{"rendered":"<p style=\"text-align: justify\"><strong>La nuit derni&egrave;re, le Thunder a perdu bien plus qu&rsquo;un simple match avec la sortie sur blessure d&egrave;s le premier quart temps de Chet Holmgren. L&rsquo;int&eacute;rieur souffre d&rsquo;une fracture du bassin.<\/strong><\/p><h3 style=\"text-align: justify\">Chet Holmgren sera r&eacute;&eacute;valu&eacute; dans 8 &agrave; 10 semaines&nbsp;!<\/h3><p style=\"text-align: justify\">Hier soir se disputait une rencontre au sommet entre deux des meilleures &eacute;quipes de l&rsquo;Ouest, &agrave; savoir le <a href=\"https:\/\/theplayoffs.news\/fr\/equipe\/oklahoma-city-thunder-nba\/\" class=\"trk-cta-link\" data-cta-trk='{\"ctaType\":\"Link\",\"ctaSubType\":\"main\"}'>Thunder d&rsquo;OKC<\/a> et les <a href=\"https:\/\/theplayoffs.news\/fr\/equipe\/golden-state-warriors-nba\/\" class=\"trk-cta-link\" data-cta-trk='{\"ctaType\":\"Link\",\"ctaSubType\":\"main\"}'>Golden State Warriors<\/a>. Malheureusement, ce choc va laisser des traces chez les hommes de <a href=\"https:\/\/fr.wikipedia.org\/wiki\/Mark_Daigneault\" class=\"trk-cta-link\" data-cta-trk='{\"ctaType\":\"Link\",\"ctaSubType\":\"main\"}'>Mark Daigneault<\/a> qui vont perdre leur jeune p&eacute;pite Chet Holmgren.<\/p><p style=\"text-align: justify\">En effet, alors que nous sommes dans le premier quart temps, <a href=\"https:\/\/theplayoffs.news\/fr\/joueur\/chet-holmgren-nba-8866510\/\" class=\"trk-cta-link\" data-cta-trk='{\"ctaType\":\"Link\",\"ctaSubType\":\"main\"}'>Chet Holmgren<\/a> part au conteste dans les airs contre Andrew Wiggins. L&rsquo;int&eacute;rieur d&rsquo;OKC va alors retomber durement sur le flanc droit.<\/p><blockquote class=\"twitter-tweet\" data-width=\"500\" data-dnt=\"true\">\n<p lang=\"en\" dir=\"ltr\">Chet Holmgren had to be helped off the floor after a hard fall &#128591; <a href=\"https:\/\/t.co\/5CnkRaSQ4z\" class=\"trk-cta-link\" data-cta-trk='{\"ctaType\":\"Link\",\"ctaSubType\":\"main\"}'>pic.twitter.com\/5CnkRaSQ4z<\/a><\/p>\n<p>&mdash; Bleacher Report (@BleacherReport) <a href=\"https:\/\/twitter.com\/BleacherReport\/status\/1855772041426895081?ref_src=twsrc%5Etfw\" class=\"trk-cta-link\" data-cta-trk='{\"ctaType\":\"Link\",\"ctaSubType\":\"main\"}'>November 11, 2024<\/a><\/p><\/blockquote><p><script async src=\"https:\/\/platform.twitter.com\/widgets.js\" charset=\"utf-8\"><\/script><\/p><p style=\"text-align: justify\">On le voit se tordre de douleur au sol &agrave; l&rsquo;arriv&eacute;e des m&eacute;decins de l&rsquo;&eacute;quipe.<\/p><blockquote>\n<p style=\"text-align: justify\">&laquo;&nbsp;C&rsquo;est dur &agrave; voir. J&rsquo;esp&egrave;re qu&rsquo;il va bien&nbsp;&raquo; d&eacute;clarait Shai Gilgeous-Alexander &agrave; l&rsquo;issue de la rencontre<\/p>\n<\/blockquote><p style=\"text-align: justify\">Apr&egrave;s les premiers examens, le staff m&eacute;dical a annonc&eacute; que Chet Holmgren souffrait d&rsquo;une fracture de l&rsquo;aile Iliaque. La situation du num&eacute;ro 2 de la draft 2022 sera r&eacute;&eacute;valu&eacute;e dans 8 &agrave; 10 semaines comme l&rsquo;a indiqu&eacute; le staff.<\/p><p style=\"text-align: justify\">Chet Holmgren devrait toutefois faire son retour cette saison. Pour rappel, <a href=\"https:\/\/theplayoffs.news\/fr\/nba-basketball\/chet-holmgren-blesse\/\" class=\"trk-cta-link\" data-cta-trk='{\"ctaType\":\"Link\",\"ctaSubType\":\"main\"}'>le num&eacute;ro 7 d&rsquo;OKC avait manqu&eacute; sa premi&egrave;re saison<\/a> (2022) suite &agrave; une fracture du Lisfranc.<\/p><p style=\"text-align: justify\">Cette saison ce dernier tournait &agrave; 18,2 points, 9,2 rebonds et 2,9 contres (26 contres au total juste derri&egrave;re <a href=\"https:\/\/theplayoffs.news\/fr\/joueur\/victor-wembanyama-nba-10208314\/\" class=\"trk-cta-link\" data-cta-trk='{\"ctaType\":\"Link\",\"ctaSubType\":\"main\"}'>Victor Wembanyama<\/a>).<\/p><p style=\"text-align: justify\">Le staff d&rsquo;OKC va devoir r&eacute;aliser des modifications pendant la dur&eacute;e de la blessure de Chet Holmgren. Une situation qui ne semble pas inqui&eacute;ter <a href=\"https:\/\/theplayoffs.news\/fr\/joueur\/jalen-williams-nba-9187606\/\" class=\"trk-cta-link\" data-cta-trk='{\"ctaType\":\"Link\",\"ctaSubType\":\"main\"}'>Jalen Williams<\/a>.<\/p><blockquote>\n<p style=\"text-align: justify\">&laquo;&nbsp;Ce n&rsquo;est pas la premi&egrave;re fois que nous devons faire face &agrave; cela. Je suis impatient de relever le challenge&nbsp;&raquo; Jalen Williams<\/p>\n<\/blockquote><p style=\"text-align: justify\">Le Thunder a subit seulement sa deuxi&egrave;me d&eacute;faite de la saison hier soir, portant ainsi leur bilan &agrave; 8 victoires pour 2 d&eacute;faites. Un excellent d&eacute;part qui confirme les belles promesses que l&rsquo;&eacute;quipe a laiss&eacute; entrevoir la saison derni&egrave;re. Il faut esp&eacute;rer que la blessure de leur int&eacute;rieur ne vienne pas casser cette dynamique.<\/p><p>&nbsp;<\/p><p>Cr&eacute;dit Photo : Alonzo Adams \/ Imagn Images<\/p>\n","protected":false},"excerpt":{"rendered":"","protected":false},"author":180309823,"featured_media":1466565,"comment_status":"open","ping_status":"closed","sticky":false,"template":"","format":"standard","meta":{"inline_featured_image":false,"kia_subtitle":"","_mux_skip_reasons":[],"proofreadBy":0,"footnotes":""},"categories":[110,10],"tags":[4276,648],"sport":[2783],"saison":[6111,7475],"class_list":["post-1466564","post","type-post","status-publish","format-standard","has-post-thumbnail","hentry","category-actualite-nba","category-nba","tag-chet-holmgren","tag-oklahoma-city-thunder","sport-nba","saison-6111","saison-7475"],"acf":[],"yoast_head":"<!-- This site is optimized with the Yoast SEO plugin v24.2 - https:\/\/yoast.com\/wordpress\/plugins\/seo\/ -->\n<title>Chet Holmgren absent 8 &agrave; 10 semaines&nbsp;! - The Playoffs FR<\/title>\n<meta name=\"robots\" content=\"index, follow, max-snippet:-1, max-image-preview:large, max-video-preview:-1\" \/>\n<link rel=\"canonical\" href=\"https:\/\/theplayoffs.news\/fr\/actualite-nba\/chet-holmgren-absent\/\" \/>\n<meta property=\"og:locale\" content=\"fr_FR\" \/>\n<meta property=\"og:type\" content=\"article\" \/>\n<meta property=\"og:title\" content=\"Chet Holmgren absent 8 &agrave; 10 semaines&nbsp;! - The Playoffs FR\" \/>\n<meta property=\"og:url\" content=\"https:\/\/theplayoffs.news\/fr\/actualite-nba\/chet-holmgren-absent\/\" \/>\n<meta property=\"og:site_name\" content=\"The Playoffs FR\" \/>\n<meta property=\"article:publisher\" content=\"https:\/\/www.facebook.com\/TheFreeAgentFR\/\" \/>\n<meta property=\"article:modified_time\" content=\"2024-11-11T09:19:23+01:00\" \/>\n<meta property=\"og:image\" content=\"https:\/\/theplayoffs.news\/fr\/wp-content\/uploads\/2024\/11\/USATSI_24731920.jpg\" \/>\n\t<meta property=\"og:image:width\" content=\"1920\" \/>\n\t<meta property=\"og:image:height\" content=\"1316\" \/>\n\t<meta property=\"og:image:type\" content=\"image\/jpeg\" \/>\n<meta name=\"author\" content=\"Nicolas Blanchard\" \/>\n<meta name=\"twitter:card\" content=\"summary_large_image\" \/>\n<meta name=\"twitter:creator\" content=\"@TheFreeAgentFR\" \/>\n<meta name=\"twitter:site\" content=\"@TheFreeAgentFR\" \/>\n<meta name=\"twitter:label1\" content=\"\u00c9crit par\" \/>\n\t<meta name=\"twitter:data1\" content=\"Nicolas Blanchard\" \/>\n\t<meta name=\"twitter:label2\" content=\"Dur\u00e9e de lecture estim\u00e9e\" \/>\n\t<meta name=\"twitter:data2\" content=\"2 minutes\" \/>\n<script type=\"application\/ld+json\" class=\"yoast-schema-graph\">{\"@context\":\"https:\/\/schema.org\",\"@graph\":[{\"@type\":\"WebPage\",\"@id\":\"https:\/\/theplayoffs.news\/fr\/actualite-nba\/chet-holmgren-absent\/\",\"url\":\"https:\/\/theplayoffs.news\/fr\/actualite-nba\/chet-holmgren-absent\/\",\"name\":\"Chet Holmgren absent 8 \u00e0 10 semaines\u00a0! - The Playoffs FR\",\"isPartOf\":{\"@id\":\"https:\/\/theplayoffs.news\/fr\/#website\"},\"primaryImageOfPage\":{\"@id\":\"https:\/\/theplayoffs.news\/fr\/actualite-nba\/chet-holmgren-absent\/#primaryimage\"},\"image\":{\"@id\":\"https:\/\/theplayoffs.news\/fr\/actualite-nba\/chet-holmgren-absent\/#primaryimage\"},\"thumbnailUrl\":\"https:\/\/theplayoffs.news\/fr\/wp-content\/uploads\/2024\/11\/USATSI_24731920.jpg\",\"datePublished\":\"2024-11-11T08:19:23+00:00\",\"dateModified\":\"2024-11-11T08:19:23+00:00\",\"author\":{\"@id\":\"https:\/\/theplayoffs.news\/fr\/#\/schema\/person\/940879031feb6d5e27cf3c6b69917900\"},\"breadcrumb\":{\"@id\":\"https:\/\/theplayoffs.news\/fr\/actualite-nba\/chet-holmgren-absent\/#breadcrumb\"},\"inLanguage\":\"fr-FR\",\"potentialAction\":[{\"@type\":\"ReadAction\",\"target\":[\"https:\/\/theplayoffs.news\/fr\/actualite-nba\/chet-holmgren-absent\/\"]}]},{\"@type\":\"ImageObject\",\"inLanguage\":\"fr-FR\",\"@id\":\"https:\/\/theplayoffs.news\/fr\/actualite-nba\/chet-holmgren-absent\/#primaryimage\",\"url\":\"https:\/\/theplayoffs.news\/fr\/wp-content\/uploads\/2024\/11\/USATSI_24731920.jpg\",\"contentUrl\":\"https:\/\/theplayoffs.news\/fr\/wp-content\/uploads\/2024\/11\/USATSI_24731920.jpg\",\"width\":1920,\"height\":1316,\"caption\":\"Nov 10, 2024; Oklahoma City, Oklahoma, USA; Oklahoma City Thunder forward Chet Holmgren (7) holds his leg after a hard following a play against the Golden State Warriors during the first quarter at Paycom Center. Mandatory Credit: Alonzo Adams-Imagn Images\"},{\"@type\":\"BreadcrumbList\",\"@id\":\"https:\/\/theplayoffs.news\/fr\/actualite-nba\/chet-holmgren-absent\/#breadcrumb\",\"itemListElement\":[{\"@type\":\"ListItem\",\"position\":1,\"name\":\"Accueil\",\"item\":\"https:\/\/theplayoffs.news\/fr\/\"},{\"@type\":\"ListItem\",\"position\":2,\"name\":\"Chet Holmgren absent 8 \u00e0 10 semaines\u00a0!\"}]},{\"@type\":\"WebSite\",\"@id\":\"https:\/\/theplayoffs.news\/fr\/#website\",\"url\":\"https:\/\/theplayoffs.news\/fr\/\",\"name\":\"The Playoffs FR\",\"description\":\"NBA-NFL-NHL-MLB\",\"potentialAction\":[{\"@type\":\"SearchAction\",\"target\":{\"@type\":\"EntryPoint\",\"urlTemplate\":\"https:\/\/theplayoffs.news\/fr\/?s={search_term_string}\"},\"query-input\":{\"@type\":\"PropertyValueSpecification\",\"valueRequired\":true,\"valueName\":\"search_term_string\"}}],\"inLanguage\":\"fr-FR\"},{\"@type\":\"Person\",\"@id\":\"https:\/\/theplayoffs.news\/fr\/#\/schema\/person\/940879031feb6d5e27cf3c6b69917900\",\"name\":\"Nicolas Blanchard\",\"image\":{\"@type\":\"ImageObject\",\"inLanguage\":\"fr-FR\",\"@id\":\"https:\/\/theplayoffs.news\/fr\/#\/schema\/person\/image\/\",\"url\":\"https:\/\/secure.gravatar.com\/avatar\/98953498460526f9290cb098aaa573c5e0a48837b1ca5807dd22cace83810899?s=96&d=mm&r=g\",\"contentUrl\":\"https:\/\/secure.gravatar.com\/avatar\/98953498460526f9290cb098aaa573c5e0a48837b1ca5807dd22cace83810899?s=96&d=mm&r=g\",\"caption\":\"Nicolas Blanchard\"},\"description\":\"Fan de MLB depuis une dizaine d\u2019ann\u00e9es, je suis tomb\u00e9 amoureux des Chicago Cubs lorsque j\u2019ai vu Bill Murray c\u00e9l\u00e9brer ce premier sacre depuis 108 ans. Mon premier contact avec le Sport US s\u2019est fait lorsque je suis tomb\u00e9 sur une VHS d\u2019Allen Iverson et se fut la r\u00e9v\u00e9lation. Je suis devenu r\u00e9dacteur depuis maintenant 4 ans et cela m\u2019apporte une nouvelle vision du Sport US \u00e0 la fois analytique et bien plus globale (et oui il faut couvrir toutes les \u00e9quipes m\u00eame les chaussettes rouges de Boston).\",\"url\":\"https:\/\/theplayoffs.news\/fr\/author\/nico4017\/\"}]}<\/script>\n<!-- \/ Yoast SEO plugin. -->","yoast_head_json":{"title":"Chet Holmgren absent 8 &agrave; 10 semaines&nbsp;! - The Playoffs FR","robots":{"index":"index","follow":"follow","max-snippet":"max-snippet:-1","max-image-preview":"max-image-preview:large","max-video-preview":"max-video-preview:-1"},"canonical":"https:\/\/theplayoffs.news\/fr\/actualite-nba\/chet-holmgren-absent\/","og_locale":"fr_FR","og_type":"article","og_title":"Chet Holmgren absent 8 &agrave; 10 semaines&nbsp;! - The Playoffs FR","og_url":"https:\/\/theplayoffs.news\/fr\/actualite-nba\/chet-holmgren-absent\/","og_site_name":"The Playoffs FR","article_publisher":"https:\/\/www.facebook.com\/TheFreeAgentFR\/","og_image":[{"width":1920,"height":1316,"url":"https:\/\/theplayoffs.news\/fr\/wp-content\/uploads\/2024\/11\/USATSI_24731920.jpg","type":"image\/jpeg"}],"author":"Nicolas Blanchard","twitter_card":"summary_large_image","twitter_creator":"@TheFreeAgentFR","twitter_site":"@TheFreeAgentFR","twitter_misc":{"\u00c9crit par":"Nicolas Blanchard","Dur\u00e9e de lecture estim\u00e9e":"2 minutes"},"schema":{"@context":"https:\/\/schema.org","@graph":[{"@type":"WebPage","@id":"https:\/\/theplayoffs.news\/fr\/actualite-nba\/chet-holmgren-absent\/","url":"https:\/\/theplayoffs.news\/fr\/actualite-nba\/chet-holmgren-absent\/","name":"Chet Holmgren absent 8 \u00e0 10 semaines\u00a0! - The Playoffs FR","isPartOf":{"@id":"https:\/\/theplayoffs.news\/fr\/#website"},"primaryImageOfPage":{"@id":"https:\/\/theplayoffs.news\/fr\/actualite-nba\/chet-holmgren-absent\/#primaryimage"},"image":{"@id":"https:\/\/theplayoffs.news\/fr\/actualite-nba\/chet-holmgren-absent\/#primaryimage"},"thumbnailUrl":"https:\/\/theplayoffs.news\/fr\/wp-content\/uploads\/2024\/11\/USATSI_24731920.jpg","datePublished":"2024-11-11T08:19:23+00:00","dateModified":"2024-11-11T08:19:23+00:00","author":{"@id":"https:\/\/theplayoffs.news\/fr\/#\/schema\/person\/940879031feb6d5e27cf3c6b69917900"},"breadcrumb":{"@id":"https:\/\/theplayoffs.news\/fr\/actualite-nba\/chet-holmgren-absent\/#breadcrumb"},"inLanguage":"fr-FR","potentialAction":[{"@type":"ReadAction","target":["https:\/\/theplayoffs.news\/fr\/actualite-nba\/chet-holmgren-absent\/"]}]},{"@type":"ImageObject","inLanguage":"fr-FR","@id":"https:\/\/theplayoffs.news\/fr\/actualite-nba\/chet-holmgren-absent\/#primaryimage","url":"https:\/\/theplayoffs.news\/fr\/wp-content\/uploads\/2024\/11\/USATSI_24731920.jpg","contentUrl":"https:\/\/theplayoffs.news\/fr\/wp-content\/uploads\/2024\/11\/USATSI_24731920.jpg","width":1920,"height":1316,"caption":"Nov 10, 2024; Oklahoma City, Oklahoma, USA; Oklahoma City Thunder forward Chet Holmgren (7) holds his leg after a hard following a play against the Golden State Warriors during the first quarter at Paycom Center. Mandatory Credit: Alonzo Adams-Imagn Images"},{"@type":"BreadcrumbList","@id":"https:\/\/theplayoffs.news\/fr\/actualite-nba\/chet-holmgren-absent\/#breadcrumb","itemListElement":[{"@type":"ListItem","position":1,"name":"Accueil","item":"https:\/\/theplayoffs.news\/fr\/"},{"@type":"ListItem","position":2,"name":"Chet Holmgren absent 8 \u00e0 10 semaines\u00a0!"}]},{"@type":"WebSite","@id":"https:\/\/theplayoffs.news\/fr\/#website","url":"https:\/\/theplayoffs.news\/fr\/","name":"The Playoffs FR","description":"NBA-NFL-NHL-MLB","potentialAction":[{"@type":"SearchAction","target":{"@type":"EntryPoint","urlTemplate":"https:\/\/theplayoffs.news\/fr\/?s={search_term_string}"},"query-input":{"@type":"PropertyValueSpecification","valueRequired":true,"valueName":"search_term_string"}}],"inLanguage":"fr-FR"},{"@type":"Person","@id":"https:\/\/theplayoffs.news\/fr\/#\/schema\/person\/940879031feb6d5e27cf3c6b69917900","name":"Nicolas Blanchard","image":{"@type":"ImageObject","inLanguage":"fr-FR","@id":"https:\/\/theplayoffs.news\/fr\/#\/schema\/person\/image\/","url":"https:\/\/secure.gravatar.com\/avatar\/98953498460526f9290cb098aaa573c5e0a48837b1ca5807dd22cace83810899?s=96&d=mm&r=g","contentUrl":"https:\/\/secure.gravatar.com\/avatar\/98953498460526f9290cb098aaa573c5e0a48837b1ca5807dd22cace83810899?s=96&d=mm&r=g","caption":"Nicolas Blanchard"},"description":"Fan de MLB depuis une dizaine d\u2019ann\u00e9es, je suis tomb\u00e9 amoureux des Chicago Cubs lorsque j\u2019ai vu Bill Murray c\u00e9l\u00e9brer ce premier sacre depuis 108 ans. Mon premier contact avec le Sport US s\u2019est fait lorsque je suis tomb\u00e9 sur une VHS d\u2019Allen Iverson et se fut la r\u00e9v\u00e9lation. Je suis devenu r\u00e9dacteur depuis maintenant 4 ans et cela m\u2019apporte une nouvelle vision du Sport US \u00e0 la fois analytique et bien plus globale (et oui il faut couvrir toutes les \u00e9quipes m\u00eame les chaussettes rouges de Boston).","url":"https:\/\/theplayoffs.news\/fr\/author\/nico4017\/"}]}},"_links":{"self":[{"href":"https:\/\/theplayoffs.news\/fr\/wp-json\/wp\/v2\/posts\/1466564","targetHints":{"allow":["GET"]}}],"collection":[{"href":"https:\/\/theplayoffs.news\/fr\/wp-json\/wp\/v2\/posts"}],"about":[{"href":"https:\/\/theplayoffs.news\/fr\/wp-json\/wp\/v2\/types\/post"}],"author":[{"embeddable":true,"href":"https:\/\/theplayoffs.news\/fr\/wp-json\/wp\/v2\/users\/180309823"}],"replies":[{"embeddable":true,"href":"https:\/\/theplayoffs.news\/fr\/wp-json\/wp\/v2\/comments?post=1466564"}],"version-history":[{"count":5,"href":"https:\/\/theplayoffs.news\/fr\/wp-json\/wp\/v2\/posts\/1466564\/revisions"}],"predecessor-version":[{"id":1466571,"href":"https:\/\/theplayoffs.news\/fr\/wp-json\/wp\/v2\/posts\/1466564\/revisions\/1466571"}],"wp:featuredmedia":[{"embeddable":true,"href":"https:\/\/theplayoffs.news\/fr\/wp-json\/wp\/v2\/media\/1466565"}],"wp:attachment":[{"href":"https:\/\/theplayoffs.news\/fr\/wp-json\/wp\/v2\/media?parent=1466564"}],"wp:term":[{"taxonomy":"category","embeddable":true,"href":"https:\/\/theplayoffs.news\/fr\/wp-json\/wp\/v2\/categories?post=1466564"},{"taxonomy":"post_tag","embeddable":true,"href":"https:\/\/theplayoffs.news\/fr\/wp-json\/wp\/v2\/tags?post=1466564"},{"taxonomy":"sport","embeddable":true,"href":"https:\/\/theplayoffs.news\/fr\/wp-json\/wp\/v2\/sport?post=1466564"},{"taxonomy":"saison","embeddable":true,"href":"https:\/\/theplayoffs.news\/fr\/wp-json\/wp\/v2\/saison?post=1466564"}],"curies":[{"name":"wp","href":"https:\/\/api.w.org\/{rel}","templated":true}]}}