{"id":1465900,"date":"2024-11-05T09:46:06","date_gmt":"2024-11-05T08:46:06","guid":{"rendered":"https:\/\/theplayoffs.news\/fr\/?p=1465900"},"modified":"2024-11-05T09:46:06","modified_gmt":"2024-11-05T08:46:06","slug":"free-agency-mlb-2025-gerrit-cole-yankees","status":"publish","type":"post","link":"https:\/\/theplayoffs.news\/fr\/actualite-mlb\/free-agency-mlb-2025-gerrit-cole-yankees\/","title":{"rendered":"Free Agency MLB 2025: Les Yankees S\u00e9curisent Gerrit Cole Jusqu&rsquo;en 2029"},"content":{"rendered":"<h4>Gerrit Cole a d&eacute;cid&eacute; de rester avec les Yankees de New York, renon&ccedil;ant &agrave; entrer dans la Free Agency MLB 2025. Les deux parties ont finalement opt&eacute; pour la continuit&eacute;, avec des discussions sur une prolongation de contrat en cours.<\/h4><p>Samedi, <strong>Cole<\/strong> avait initialement choisi de <a href=\"https:\/\/theplayoffs.news\/fr\/mlb\/free-agency-mlb-2025-ca-sactive-deja-dans-cette-offseason\/\" class=\"trk-cta-link\" data-cta-trk='{\"ctaType\":\"Link\",\"ctaSubType\":\"main\"}'>lever l&rsquo;option de retrait de son contrat<\/a> de<a href=\"https:\/\/theplayoffs.news\/fr\/mlb\/actualite-mlb\/quels-sont-les-plus-gros-contrats-franchise-par-franchise\/\" class=\"trk-cta-link\" data-cta-trk='{\"ctaType\":\"Link\",\"ctaSubType\":\"main\"}'> 324 millions de dollars sur neuf ans<\/a>, sign&eacute; avant la saison 2020. Cependant, les <a href=\"https:\/\/www.mlb.com\/yankees\" class=\"trk-cta-link\" data-cta-trk='{\"ctaType\":\"Link\",\"ctaSubType\":\"main\"}'>Yankees<\/a> <a href=\"https:\/\/twitter.com\/MLB\/status\/1853556611639370117\" class=\"trk-cta-link\" data-cta-trk='{\"ctaType\":\"Link\",\"ctaSubType\":\"main\"}'>ont exerc&eacute; leur option pour annuler ce retrait en ajoutant une ann&eacute;e suppl&eacute;mentaire de <strong>36 millions de dollars pour 2029<\/strong><\/a>. Le contrat actuel de <strong>Cole,<\/strong> pr&eacute;voit encore quatre ans et 144 millions de dollars, il reste donc en vigueur, tandis que des n&eacute;gociations pour une prolongation ont &eacute;t&eacute; entam&eacute;es.<\/p><h3><strong>Une Ann&eacute;e Marqu&eacute;e par la R&eacute;silience<\/strong><\/h3><p>Le lanceur droitier de 34 ans, laur&eacute;at du<a href=\"https:\/\/theplayoffs.news\/fr\/mlb\/blake-snell-san-diego-et-gerrit-cole-new-york-triomphent-aux-cy-young-awards\/\" class=\"trk-cta-link\" data-cta-trk='{\"ctaType\":\"Link\",\"ctaSubType\":\"main\"}'> Cy Young de l&rsquo;AL en 2023<\/a>, a connu une saison 2024 marqu&eacute;e par des blessures. Il n&rsquo;a rejoint l&rsquo;&eacute;quipe qu&rsquo;&agrave; la mi-juin, apr&egrave;s avoir soign&eacute; une irritation nerveuse et un &oelig;d&egrave;me au coude droit. Malgr&eacute; ce retard, <strong>Cole<\/strong> a prouv&eacute; son importance pour les Yankees, enregistrant un bilan de 8-5 avec une ERA de 3,41 en 17 d&eacute;parts. Il a &eacute;galement brill&eacute; en playoffs affichant une ERA de 2,17 en cinq d&eacute;parts et 29 manches lanc&eacute;es.<\/p><h3><strong>Une <\/strong><strong>Profondeur<\/strong><strong> Rotation pour les Yankees mais des interrogations persistent<\/strong><\/h3><p>Avec <strong>Cole<\/strong> de retour, les Yankees se retrouvent avec une rotation de lanceurs partants solide pour la saison prochaine. Ce groupe comprend &eacute;galement <strong>Carlos Rod&oacute;n<\/strong>, <strong>Clarke Schmidt,<\/strong> <strong>Luis Gil<\/strong>, <strong>Nestor Cortes<\/strong> et <a href=\"https:\/\/theplayoffs.news\/fr\/mlb\/marcus-stroman-arrive-chez-les-yankees\/\" class=\"trk-cta-link\" data-cta-trk='{\"ctaType\":\"Link\",\"ctaSubType\":\"main\"}'><strong>Marcus Stroman<\/strong>.<\/a> Cette profondeur pourrait &ecirc;tre un atout majeur pour les Yankees, qui cherchent &agrave; rebondir apr&egrave;s leur d&eacute;faite en S&eacute;rie mondiale face aux Dodgers.<\/p><p><strong>Cole<\/strong> a &eacute;t&eacute; l&rsquo;un des piliers de l&rsquo;&eacute;quipe au cours de ses cinq premi&egrave;res ann&eacute;es &agrave; New York, et les attentes restent &eacute;lev&eacute;es pour les saisons &agrave; venir. Son leadership et ses performances seront essentiels pour les ambitions des Yankees dans les prochaines campagnes.<\/p><p>Cependant des doutes persistent, <strong>Marcus Stroman<\/strong> n&rsquo;a fait aucune apparition sur le monticule lors des World Series, <a href=\"https:\/\/theplayoffs.news\/fr\/mlb\/nestor-cortes-frustre-par-son-nouveau-role\/\" class=\"trk-cta-link\" data-cta-trk='{\"ctaType\":\"Link\",\"ctaSubType\":\"main\"}'><strong>Nestor Cortes<\/strong><\/a> a &eacute;court&eacute; sa convalescence pour lancer quelques manches en World Series, <strong>Luis Gil<\/strong> <a href=\"https:\/\/theplayoffs.news\/fr\/mlb\/les-difficultes-de-luis-gil-et-la-quete-de-reponses-des-yankees\/\" class=\"trk-cta-link\" data-cta-trk='{\"ctaType\":\"Link\",\"ctaSubType\":\"main\"}'>a connu une baisse de r&eacute;gime<\/a> depuis le retour de <strong>Cole<\/strong> mais il a tout de m&ecirc;me montr&eacute; de bonnes choses lors de la postseason.<\/p><p><label>Credit:<\/label><\/p><p class=\"ng-binding\">&copy; Brad Penner-Imagn Images<\/p>\n","protected":false},"excerpt":{"rendered":"","protected":false},"author":180310249,"featured_media":1465901,"comment_status":"open","ping_status":"closed","sticky":false,"template":"","format":"standard","meta":{"inline_featured_image":false,"kia_subtitle":"","_mux_skip_reasons":[],"proofreadBy":0,"footnotes":""},"categories":[188,9],"tags":[7723,7816,2099,717],"sport":[2786],"saison":[6111,7475],"class_list":["post-1465900","post","type-post","status-publish","format-standard","has-post-thumbnail","hentry","category-actualite-mlb","category-mlb","tag-free-agency-mlb","tag-free-agency-mlb-2025","tag-gerrit-cole","tag-new-york-yankees","sport-mlb","saison-6111","saison-7475"],"acf":[],"yoast_head":"<!-- This site is optimized with the Yoast SEO plugin v24.2 - https:\/\/yoast.com\/wordpress\/plugins\/seo\/ -->\n<title>Free Agency MLB 2025: Les Yankees S&eacute;curisent Gerrit Cole Jusqu&#039;en 2029 - The Playoffs FR<\/title>\n<meta name=\"robots\" content=\"index, follow, max-snippet:-1, max-image-preview:large, max-video-preview:-1\" \/>\n<link rel=\"canonical\" href=\"https:\/\/theplayoffs.news\/fr\/actualite-mlb\/free-agency-mlb-2025-gerrit-cole-yankees\/\" \/>\n<meta property=\"og:locale\" content=\"fr_FR\" \/>\n<meta property=\"og:type\" content=\"article\" \/>\n<meta property=\"og:title\" content=\"Free Agency MLB 2025: Les Yankees S&eacute;curisent Gerrit Cole Jusqu&#039;en 2029 - The Playoffs FR\" \/>\n<meta property=\"og:url\" content=\"https:\/\/theplayoffs.news\/fr\/actualite-mlb\/free-agency-mlb-2025-gerrit-cole-yankees\/\" \/>\n<meta property=\"og:site_name\" content=\"The Playoffs FR\" \/>\n<meta property=\"article:publisher\" content=\"https:\/\/www.facebook.com\/TheFreeAgentFR\/\" \/>\n<meta property=\"article:modified_time\" content=\"2024-11-05T09:46:06+01:00\" \/>\n<meta property=\"og:image\" content=\"https:\/\/theplayoffs.news\/fr\/wp-content\/uploads\/2024\/11\/USATSI_24490020.jpg\" \/>\n\t<meta property=\"og:image:width\" content=\"1920\" \/>\n\t<meta property=\"og:image:height\" content=\"1280\" \/>\n\t<meta property=\"og:image:type\" content=\"image\/jpeg\" \/>\n<meta name=\"author\" content=\"Julien Farsy\" \/>\n<meta name=\"twitter:card\" content=\"summary_large_image\" \/>\n<meta name=\"twitter:creator\" content=\"@thefrenchdugout\" \/>\n<meta name=\"twitter:site\" content=\"@TheFreeAgentFR\" \/>\n<meta name=\"twitter:label1\" content=\"\u00c9crit par\" \/>\n\t<meta name=\"twitter:data1\" content=\"Julien Farsy\" \/>\n\t<meta name=\"twitter:label2\" content=\"Dur\u00e9e de lecture estim\u00e9e\" \/>\n\t<meta name=\"twitter:data2\" content=\"2 minutes\" \/>\n<script type=\"application\/ld+json\" class=\"yoast-schema-graph\">{\"@context\":\"https:\/\/schema.org\",\"@graph\":[{\"@type\":\"WebPage\",\"@id\":\"https:\/\/theplayoffs.news\/fr\/actualite-mlb\/free-agency-mlb-2025-gerrit-cole-yankees\/\",\"url\":\"https:\/\/theplayoffs.news\/fr\/actualite-mlb\/free-agency-mlb-2025-gerrit-cole-yankees\/\",\"name\":\"Free Agency MLB 2025: Les Yankees S\u00e9curisent Gerrit Cole Jusqu\\\\'en 2029 - The Playoffs FR\",\"isPartOf\":{\"@id\":\"https:\/\/theplayoffs.news\/fr\/#website\"},\"primaryImageOfPage\":{\"@id\":\"https:\/\/theplayoffs.news\/fr\/actualite-mlb\/free-agency-mlb-2025-gerrit-cole-yankees\/#primaryimage\"},\"image\":{\"@id\":\"https:\/\/theplayoffs.news\/fr\/actualite-mlb\/free-agency-mlb-2025-gerrit-cole-yankees\/#primaryimage\"},\"thumbnailUrl\":\"https:\/\/theplayoffs.news\/fr\/wp-content\/uploads\/2024\/11\/USATSI_24490020.jpg\",\"datePublished\":\"2024-11-05T08:46:06+00:00\",\"dateModified\":\"2024-11-05T08:46:06+00:00\",\"author\":{\"@id\":\"https:\/\/theplayoffs.news\/fr\/#\/schema\/person\/51111e94bd2107e63692a0742e68cc78\"},\"breadcrumb\":{\"@id\":\"https:\/\/theplayoffs.news\/fr\/actualite-mlb\/free-agency-mlb-2025-gerrit-cole-yankees\/#breadcrumb\"},\"inLanguage\":\"fr-FR\",\"potentialAction\":[{\"@type\":\"ReadAction\",\"target\":[\"https:\/\/theplayoffs.news\/fr\/actualite-mlb\/free-agency-mlb-2025-gerrit-cole-yankees\/\"]}]},{\"@type\":\"ImageObject\",\"inLanguage\":\"fr-FR\",\"@id\":\"https:\/\/theplayoffs.news\/fr\/actualite-mlb\/free-agency-mlb-2025-gerrit-cole-yankees\/#primaryimage\",\"url\":\"https:\/\/theplayoffs.news\/fr\/wp-content\/uploads\/2024\/11\/USATSI_24490020.jpg\",\"contentUrl\":\"https:\/\/theplayoffs.news\/fr\/wp-content\/uploads\/2024\/11\/USATSI_24490020.jpg\",\"width\":1920,\"height\":1280,\"caption\":\"Oct 14, 2024; Bronx, New York, USA; New York Yankees starting pitcher Gerrit Cole (45) speaks to the media before game one of the ALCS against the Cleveland Guardians during the 2024 MLB Playoffs at Yankee Stadium. Mandatory Credit: Brad Penner-Imagn Images\"},{\"@type\":\"BreadcrumbList\",\"@id\":\"https:\/\/theplayoffs.news\/fr\/actualite-mlb\/free-agency-mlb-2025-gerrit-cole-yankees\/#breadcrumb\",\"itemListElement\":[{\"@type\":\"ListItem\",\"position\":1,\"name\":\"Accueil\",\"item\":\"https:\/\/theplayoffs.news\/fr\/\"},{\"@type\":\"ListItem\",\"position\":2,\"name\":\"Free Agency MLB 2025: Les Yankees S\u00e9curisent Gerrit Cole Jusqu&rsquo;en 2029\"}]},{\"@type\":\"WebSite\",\"@id\":\"https:\/\/theplayoffs.news\/fr\/#website\",\"url\":\"https:\/\/theplayoffs.news\/fr\/\",\"name\":\"The Playoffs FR\",\"description\":\"NBA-NFL-NHL-MLB\",\"potentialAction\":[{\"@type\":\"SearchAction\",\"target\":{\"@type\":\"EntryPoint\",\"urlTemplate\":\"https:\/\/theplayoffs.news\/fr\/?s={search_term_string}\"},\"query-input\":{\"@type\":\"PropertyValueSpecification\",\"valueRequired\":true,\"valueName\":\"search_term_string\"}}],\"inLanguage\":\"fr-FR\"},{\"@type\":\"Person\",\"@id\":\"https:\/\/theplayoffs.news\/fr\/#\/schema\/person\/51111e94bd2107e63692a0742e68cc78\",\"name\":\"Julien Farsy\",\"image\":{\"@type\":\"ImageObject\",\"inLanguage\":\"fr-FR\",\"@id\":\"https:\/\/theplayoffs.news\/fr\/#\/schema\/person\/image\/\",\"url\":\"https:\/\/secure.gravatar.com\/avatar\/459de1b1e59a6aa6e6b85ed839ee05e1569259e61fffdb66f3dd7c975117592c?s=96&d=mm&r=g\",\"contentUrl\":\"https:\/\/secure.gravatar.com\/avatar\/459de1b1e59a6aa6e6b85ed839ee05e1569259e61fffdb66f3dd7c975117592c?s=96&d=mm&r=g\",\"caption\":\"Julien Farsy\"},\"description\":\"R\u00e9dacteur et podcast MLB principalement, un peu de NBA et un peu de NFL aussi. Kin\u00e9 de m\u00e9tier, ancien joueur de l\\\\'\u00e9quipe de France de Flag Football et de Football Americain. J\\\\'ai grandi berc\u00e9 par les sports US et la culture US. J\\\\'adore d\u00e9battre et analyser le sport. J\\\\'\u00e9tais un jour \\\\\\\"free agent\\\\\\\" et j\\\\'ai eu l\\\\'opportunit\u00e9 avec The Playoffs de partager mon analyse, je m\\\\'eclate.\",\"sameAs\":[\"https:\/\/www.instagram.com\/thefrenchdugout\/\",\"https:\/\/x.com\/thefrenchdugout\"],\"url\":\"https:\/\/theplayoffs.news\/fr\/author\/julien-farsyyahoo-fr\/\"}]}<\/script>\n<!-- \/ Yoast SEO plugin. -->","yoast_head_json":{"title":"Free Agency MLB 2025: Les Yankees S&eacute;curisent Gerrit Cole Jusqu&#039;en 2029 - The Playoffs FR","robots":{"index":"index","follow":"follow","max-snippet":"max-snippet:-1","max-image-preview":"max-image-preview:large","max-video-preview":"max-video-preview:-1"},"canonical":"https:\/\/theplayoffs.news\/fr\/actualite-mlb\/free-agency-mlb-2025-gerrit-cole-yankees\/","og_locale":"fr_FR","og_type":"article","og_title":"Free Agency MLB 2025: Les Yankees S&eacute;curisent Gerrit Cole Jusqu&#039;en 2029 - The Playoffs FR","og_url":"https:\/\/theplayoffs.news\/fr\/actualite-mlb\/free-agency-mlb-2025-gerrit-cole-yankees\/","og_site_name":"The Playoffs FR","article_publisher":"https:\/\/www.facebook.com\/TheFreeAgentFR\/","og_image":[{"width":1920,"height":1280,"url":"https:\/\/theplayoffs.news\/fr\/wp-content\/uploads\/2024\/11\/USATSI_24490020.jpg","type":"image\/jpeg"}],"author":"Julien Farsy","twitter_card":"summary_large_image","twitter_creator":"@thefrenchdugout","twitter_site":"@TheFreeAgentFR","twitter_misc":{"\u00c9crit par":"Julien Farsy","Dur\u00e9e de lecture estim\u00e9e":"2 minutes"},"schema":{"@context":"https:\/\/schema.org","@graph":[{"@type":"WebPage","@id":"https:\/\/theplayoffs.news\/fr\/actualite-mlb\/free-agency-mlb-2025-gerrit-cole-yankees\/","url":"https:\/\/theplayoffs.news\/fr\/actualite-mlb\/free-agency-mlb-2025-gerrit-cole-yankees\/","name":"Free Agency MLB 2025: Les Yankees S\u00e9curisent Gerrit Cole Jusqu\\'en 2029 - The Playoffs FR","isPartOf":{"@id":"https:\/\/theplayoffs.news\/fr\/#website"},"primaryImageOfPage":{"@id":"https:\/\/theplayoffs.news\/fr\/actualite-mlb\/free-agency-mlb-2025-gerrit-cole-yankees\/#primaryimage"},"image":{"@id":"https:\/\/theplayoffs.news\/fr\/actualite-mlb\/free-agency-mlb-2025-gerrit-cole-yankees\/#primaryimage"},"thumbnailUrl":"https:\/\/theplayoffs.news\/fr\/wp-content\/uploads\/2024\/11\/USATSI_24490020.jpg","datePublished":"2024-11-05T08:46:06+00:00","dateModified":"2024-11-05T08:46:06+00:00","author":{"@id":"https:\/\/theplayoffs.news\/fr\/#\/schema\/person\/51111e94bd2107e63692a0742e68cc78"},"breadcrumb":{"@id":"https:\/\/theplayoffs.news\/fr\/actualite-mlb\/free-agency-mlb-2025-gerrit-cole-yankees\/#breadcrumb"},"inLanguage":"fr-FR","potentialAction":[{"@type":"ReadAction","target":["https:\/\/theplayoffs.news\/fr\/actualite-mlb\/free-agency-mlb-2025-gerrit-cole-yankees\/"]}]},{"@type":"ImageObject","inLanguage":"fr-FR","@id":"https:\/\/theplayoffs.news\/fr\/actualite-mlb\/free-agency-mlb-2025-gerrit-cole-yankees\/#primaryimage","url":"https:\/\/theplayoffs.news\/fr\/wp-content\/uploads\/2024\/11\/USATSI_24490020.jpg","contentUrl":"https:\/\/theplayoffs.news\/fr\/wp-content\/uploads\/2024\/11\/USATSI_24490020.jpg","width":1920,"height":1280,"caption":"Oct 14, 2024; Bronx, New York, USA; New York Yankees starting pitcher Gerrit Cole (45) speaks to the media before game one of the ALCS against the Cleveland Guardians during the 2024 MLB Playoffs at Yankee Stadium. Mandatory Credit: Brad Penner-Imagn Images"},{"@type":"BreadcrumbList","@id":"https:\/\/theplayoffs.news\/fr\/actualite-mlb\/free-agency-mlb-2025-gerrit-cole-yankees\/#breadcrumb","itemListElement":[{"@type":"ListItem","position":1,"name":"Accueil","item":"https:\/\/theplayoffs.news\/fr\/"},{"@type":"ListItem","position":2,"name":"Free Agency MLB 2025: Les Yankees S\u00e9curisent Gerrit Cole Jusqu&rsquo;en 2029"}]},{"@type":"WebSite","@id":"https:\/\/theplayoffs.news\/fr\/#website","url":"https:\/\/theplayoffs.news\/fr\/","name":"The Playoffs FR","description":"NBA-NFL-NHL-MLB","potentialAction":[{"@type":"SearchAction","target":{"@type":"EntryPoint","urlTemplate":"https:\/\/theplayoffs.news\/fr\/?s={search_term_string}"},"query-input":{"@type":"PropertyValueSpecification","valueRequired":true,"valueName":"search_term_string"}}],"inLanguage":"fr-FR"},{"@type":"Person","@id":"https:\/\/theplayoffs.news\/fr\/#\/schema\/person\/51111e94bd2107e63692a0742e68cc78","name":"Julien Farsy","image":{"@type":"ImageObject","inLanguage":"fr-FR","@id":"https:\/\/theplayoffs.news\/fr\/#\/schema\/person\/image\/","url":"https:\/\/secure.gravatar.com\/avatar\/459de1b1e59a6aa6e6b85ed839ee05e1569259e61fffdb66f3dd7c975117592c?s=96&d=mm&r=g","contentUrl":"https:\/\/secure.gravatar.com\/avatar\/459de1b1e59a6aa6e6b85ed839ee05e1569259e61fffdb66f3dd7c975117592c?s=96&d=mm&r=g","caption":"Julien Farsy"},"description":"R\u00e9dacteur et podcast MLB principalement, un peu de NBA et un peu de NFL aussi. Kin\u00e9 de m\u00e9tier, ancien joueur de l\\'\u00e9quipe de France de Flag Football et de Football Americain. J\\'ai grandi berc\u00e9 par les sports US et la culture US. J\\'adore d\u00e9battre et analyser le sport. J\\'\u00e9tais un jour \\\"free agent\\\" et j\\'ai eu l\\'opportunit\u00e9 avec The Playoffs de partager mon analyse, je m\\'eclate.","sameAs":["https:\/\/www.instagram.com\/thefrenchdugout\/","https:\/\/x.com\/thefrenchdugout"],"url":"https:\/\/theplayoffs.news\/fr\/author\/julien-farsyyahoo-fr\/"}]}},"_links":{"self":[{"href":"https:\/\/theplayoffs.news\/fr\/wp-json\/wp\/v2\/posts\/1465900","targetHints":{"allow":["GET"]}}],"collection":[{"href":"https:\/\/theplayoffs.news\/fr\/wp-json\/wp\/v2\/posts"}],"about":[{"href":"https:\/\/theplayoffs.news\/fr\/wp-json\/wp\/v2\/types\/post"}],"author":[{"embeddable":true,"href":"https:\/\/theplayoffs.news\/fr\/wp-json\/wp\/v2\/users\/180310249"}],"replies":[{"embeddable":true,"href":"https:\/\/theplayoffs.news\/fr\/wp-json\/wp\/v2\/comments?post=1465900"}],"version-history":[{"count":2,"href":"https:\/\/theplayoffs.news\/fr\/wp-json\/wp\/v2\/posts\/1465900\/revisions"}],"predecessor-version":[{"id":1465903,"href":"https:\/\/theplayoffs.news\/fr\/wp-json\/wp\/v2\/posts\/1465900\/revisions\/1465903"}],"wp:featuredmedia":[{"embeddable":true,"href":"https:\/\/theplayoffs.news\/fr\/wp-json\/wp\/v2\/media\/1465901"}],"wp:attachment":[{"href":"https:\/\/theplayoffs.news\/fr\/wp-json\/wp\/v2\/media?parent=1465900"}],"wp:term":[{"taxonomy":"category","embeddable":true,"href":"https:\/\/theplayoffs.news\/fr\/wp-json\/wp\/v2\/categories?post=1465900"},{"taxonomy":"post_tag","embeddable":true,"href":"https:\/\/theplayoffs.news\/fr\/wp-json\/wp\/v2\/tags?post=1465900"},{"taxonomy":"sport","embeddable":true,"href":"https:\/\/theplayoffs.news\/fr\/wp-json\/wp\/v2\/sport?post=1465900"},{"taxonomy":"saison","embeddable":true,"href":"https:\/\/theplayoffs.news\/fr\/wp-json\/wp\/v2\/saison?post=1465900"}],"curies":[{"name":"wp","href":"https:\/\/api.w.org\/{rel}","templated":true}]}}