{"id":1463647,"date":"2024-10-20T11:28:37","date_gmt":"2024-10-20T09:28:37","guid":{"rendered":"https:\/\/theplayoffs.news\/fr\/?p=1463647"},"modified":"2024-10-20T07:15:13","modified_gmt":"2024-10-20T05:15:13","slug":"los-angeles-rams-kupp-echange-bientot","status":"publish","type":"post","link":"https:\/\/theplayoffs.news\/fr\/actualite-nfl\/los-angeles-rams-kupp-echange-bientot\/","title":{"rendered":"Los Angeles Rams: Cooper Kupp \u00e9chang\u00e9 avant la trade deadline?"},"content":{"rendered":"<h2>NFL &ndash; Le receveur des Los Angeles Rams, Cooper Kupp, pourrait &ecirc;tre la cible de nombreuses &eacute;quipes avant la trade deadline.<\/h2><p>L&rsquo;heure du changement a t il sonn&eacute; pour les Los Angeles Rams? Apr&egrave;s un d&eacute;but de saison particuli&egrave;rement difficile, avec une seule victoire au compteur apr&egrave;s les 5 premiers matchs jou&eacute;s, les Rams pourraient d&eacute;cider de se s&eacute;parer de leur receveur vedette afin de cr&eacute;er du cap space et d&rsquo;accumuler des tours de draft pour une future reconstruction.<\/p><p>Si l&rsquo;on r&eacute;fl&eacute;chit s&eacute;rieusement &agrave; la question, le timing est peut-&ecirc;tre le bon pour les Los Angeles Rams! <a href=\"https:\/\/theplayoffs.news\/fr\/joueur\/cooper-kupp-nfl-5954374\/\" class=\"trk-cta-link\" data-cta-trk='{\"ctaType\":\"Link\",\"ctaSubType\":\"main\"}'>Cooper Kupp<\/a> est depuis deux ans g&ecirc;n&eacute; par des blessures &agrave; r&eacute;p&eacute;tition qui se poursuivent cette ann&eacute;e puisque le receveur n&rsquo;a jou&eacute; que deux petits matchs avant de se blesser &agrave; une cheville. Mais surtout, les Rams poss&egrave;dent avec Puka Nacua, lui aussi bless&eacute; actuellement, une base de r&eacute;ception solide pour remplacer efficacement Kupp dans ces prochaines ann&eacute;es.<\/p><p>Sans r&eacute;v&eacute;ler le nom des &eacute;quipes int&eacute;ress&eacute;es, l&rsquo;insider Ian Rapoport nous informe que <a href=\"https:\/\/www.nfl.com\/news\/2024-nfl-trade-deadline-teams-inquired-about-rams-wr-cooper-kupp-steelers-chargers-interested-in-jets-wr-mike-williams\" class=\"trk-cta-link\" data-cta-trk='{\"ctaType\":\"Link\",\"ctaSubType\":\"main\"}'>le t&eacute;l&eacute;phone sonne du c&ocirc;t&eacute; des Los Angeles Rams<\/a> afin de conna&icirc;tre le prix demand&eacute; pour l&rsquo;&eacute;change de Cooper Kupp. Parmi les &eacute;quipes en qu&ecirc;te de receveur qui pourraient se pencher sur le dossier, les Chiefs, les Steelers ou pourquoi pas les Chargers pourraient faire partie des candidats l&eacute;gitimes. Un futur trade qui s&rsquo;inscrirait de plus dans une p&eacute;riode de mouvement pour les receveurs apr&egrave;s les trades de Davante Adams et Amari Cooper.<\/p><p>Les Los Angeles Rams jouent ce dimanche un match important face aux Raiders de Las Vegas. En cas de victoire, les Rams reprendraient un peu espoir mais en cas de d&eacute;faite, l&rsquo;avenir de Cooper Kupp et d&rsquo;autres joueurs &nbsp;s&rsquo;inscrirait de plus en plus en pointill&eacute;s avec la franchise californienne.<\/p><p><em>Credit photo: Matt Kartozian-Imagn Images<\/em><\/p>\n","protected":false},"excerpt":{"rendered":"","protected":false},"author":180309964,"featured_media":1463648,"comment_status":"open","ping_status":"closed","sticky":false,"template":"","format":"standard","meta":{"inline_featured_image":false,"kia_subtitle":"","_mux_skip_reasons":[],"proofreadBy":0,"footnotes":""},"categories":[118,40],"tags":[934,695],"sport":[2785],"saison":[6111],"class_list":["post-1463647","post","type-post","status-publish","format-standard","has-post-thumbnail","hentry","category-actualite-nfl","category-nfl","tag-cooper-kupp","tag-los-angeles-rams","sport-nfl","saison-6111"],"acf":[],"yoast_head":"<!-- This site is optimized with the Yoast SEO plugin v24.2 - https:\/\/yoast.com\/wordpress\/plugins\/seo\/ -->\n<title>Los Angeles Rams: Cooper Kupp &eacute;chang&eacute; avant la trade deadline? - The Playoffs FR<\/title>\n<meta name=\"robots\" content=\"index, follow, max-snippet:-1, max-image-preview:large, max-video-preview:-1\" \/>\n<link rel=\"canonical\" href=\"https:\/\/theplayoffs.news\/fr\/actualite-nfl\/los-angeles-rams-kupp-echange-bientot\/\" \/>\n<meta property=\"og:locale\" content=\"fr_FR\" \/>\n<meta property=\"og:type\" content=\"article\" \/>\n<meta property=\"og:title\" content=\"Los Angeles Rams: Cooper Kupp &eacute;chang&eacute; avant la trade deadline? - The Playoffs FR\" \/>\n<meta property=\"og:url\" content=\"https:\/\/theplayoffs.news\/fr\/actualite-nfl\/los-angeles-rams-kupp-echange-bientot\/\" \/>\n<meta property=\"og:site_name\" content=\"The Playoffs FR\" \/>\n<meta property=\"article:publisher\" content=\"https:\/\/www.facebook.com\/TheFreeAgentFR\/\" \/>\n<meta property=\"article:modified_time\" content=\"2024-10-20T11:28:37+02:00\" \/>\n<meta property=\"og:image\" content=\"https:\/\/theplayoffs.news\/fr\/wp-content\/uploads\/2024\/10\/USATSI_24243487.jpg\" \/>\n\t<meta property=\"og:image:width\" content=\"1920\" \/>\n\t<meta property=\"og:image:height\" content=\"1280\" \/>\n\t<meta property=\"og:image:type\" content=\"image\/jpeg\" \/>\n<meta name=\"author\" content=\"Flavien Jumeau\" \/>\n<meta name=\"twitter:card\" content=\"summary_large_image\" \/>\n<meta name=\"twitter:creator\" content=\"@TheFreeAgentFR\" \/>\n<meta name=\"twitter:site\" content=\"@TheFreeAgentFR\" \/>\n<meta name=\"twitter:label1\" content=\"\u00c9crit par\" \/>\n\t<meta name=\"twitter:data1\" content=\"Flavien Jumeau\" \/>\n\t<meta name=\"twitter:label2\" content=\"Dur\u00e9e de lecture estim\u00e9e\" \/>\n\t<meta name=\"twitter:data2\" content=\"2 minutes\" \/>\n<script type=\"application\/ld+json\" class=\"yoast-schema-graph\">{\"@context\":\"https:\/\/schema.org\",\"@graph\":[{\"@type\":\"WebPage\",\"@id\":\"https:\/\/theplayoffs.news\/fr\/actualite-nfl\/los-angeles-rams-kupp-echange-bientot\/\",\"url\":\"https:\/\/theplayoffs.news\/fr\/actualite-nfl\/los-angeles-rams-kupp-echange-bientot\/\",\"name\":\"Los Angeles Rams: Cooper Kupp \u00e9chang\u00e9 avant la trade deadline? - The Playoffs FR\",\"isPartOf\":{\"@id\":\"https:\/\/theplayoffs.news\/fr\/#website\"},\"primaryImageOfPage\":{\"@id\":\"https:\/\/theplayoffs.news\/fr\/actualite-nfl\/los-angeles-rams-kupp-echange-bientot\/#primaryimage\"},\"image\":{\"@id\":\"https:\/\/theplayoffs.news\/fr\/actualite-nfl\/los-angeles-rams-kupp-echange-bientot\/#primaryimage\"},\"thumbnailUrl\":\"https:\/\/theplayoffs.news\/fr\/wp-content\/uploads\/2024\/10\/USATSI_24243487.jpg\",\"datePublished\":\"2024-10-20T09:28:37+00:00\",\"dateModified\":\"2024-10-20T11:28:37+02:00\",\"author\":{\"@id\":\"https:\/\/theplayoffs.news\/fr\/#\/schema\/person\/def63bc6746dc5957469b75feb99e66d\"},\"breadcrumb\":{\"@id\":\"https:\/\/theplayoffs.news\/fr\/actualite-nfl\/los-angeles-rams-kupp-echange-bientot\/#breadcrumb\"},\"inLanguage\":\"fr-FR\",\"potentialAction\":[{\"@type\":\"ReadAction\",\"target\":[\"https:\/\/theplayoffs.news\/fr\/actualite-nfl\/los-angeles-rams-kupp-echange-bientot\/\"]}]},{\"@type\":\"ImageObject\",\"inLanguage\":\"fr-FR\",\"@id\":\"https:\/\/theplayoffs.news\/fr\/actualite-nfl\/los-angeles-rams-kupp-echange-bientot\/#primaryimage\",\"url\":\"https:\/\/theplayoffs.news\/fr\/wp-content\/uploads\/2024\/10\/USATSI_24243487.jpg\",\"contentUrl\":\"https:\/\/theplayoffs.news\/fr\/wp-content\/uploads\/2024\/10\/USATSI_24243487.jpg\",\"width\":1920,\"height\":1280,\"caption\":\"Sep 15, 2024; Glendale, Arizona, USA; Los Angeles Rams wide receiver Cooper Kupp (10) prior to a game against the Arizona Cardinals at State Farm Stadium. Mandatory Credit: Matt Kartozian-Imagn Images\"},{\"@type\":\"BreadcrumbList\",\"@id\":\"https:\/\/theplayoffs.news\/fr\/actualite-nfl\/los-angeles-rams-kupp-echange-bientot\/#breadcrumb\",\"itemListElement\":[{\"@type\":\"ListItem\",\"position\":1,\"name\":\"Accueil\",\"item\":\"https:\/\/theplayoffs.news\/fr\/\"},{\"@type\":\"ListItem\",\"position\":2,\"name\":\"Los Angeles Rams: Cooper Kupp \u00e9chang\u00e9 avant la trade deadline?\"}]},{\"@type\":\"WebSite\",\"@id\":\"https:\/\/theplayoffs.news\/fr\/#website\",\"url\":\"https:\/\/theplayoffs.news\/fr\/\",\"name\":\"The Playoffs FR\",\"description\":\"NBA-NFL-NHL-MLB\",\"potentialAction\":[{\"@type\":\"SearchAction\",\"target\":{\"@type\":\"EntryPoint\",\"urlTemplate\":\"https:\/\/theplayoffs.news\/fr\/?s={search_term_string}\"},\"query-input\":{\"@type\":\"PropertyValueSpecification\",\"valueRequired\":true,\"valueName\":\"search_term_string\"}}],\"inLanguage\":\"fr-FR\"},{\"@type\":\"Person\",\"@id\":\"https:\/\/theplayoffs.news\/fr\/#\/schema\/person\/def63bc6746dc5957469b75feb99e66d\",\"name\":\"Flavien Jumeau\",\"image\":{\"@type\":\"ImageObject\",\"inLanguage\":\"fr-FR\",\"@id\":\"https:\/\/theplayoffs.news\/fr\/#\/schema\/person\/image\/\",\"url\":\"https:\/\/secure.gravatar.com\/avatar\/e7fa8ba5a4b7e4ce35fe152f083f352db28ad0acce692004ed88a7a7d78893f7?s=96&d=mm&r=g\",\"contentUrl\":\"https:\/\/secure.gravatar.com\/avatar\/e7fa8ba5a4b7e4ce35fe152f083f352db28ad0acce692004ed88a7a7d78893f7?s=96&d=mm&r=g\",\"caption\":\"Flavien Jumeau\"},\"description\":\"Amoureux du sport (et de vraiment tous les sports) depuis mon plus jeune \u00e2ge, j\u2019ai longtemps h\u00e9site entre le snooker et le curling. Finalement c\u2019est le foot US que j\u2019ai d\u00e9cid\u00e9 de choisir! Responsable foot US sur TPO et animateur du podcast Tailgate j\u2019ai pour mission de vous faire d\u00e9couvrir ce sport passionnant si ce n\u2019est pas encore fait et de vous donner les derni\u00e8res actus. Le tout dans la bonne humeur et avec toujours un jeu de mots ou deux savamment distill\u00e9s! Fan des Saints, pour moi Drew Brees est le vrai GOAT!\",\"url\":\"https:\/\/theplayoffs.news\/fr\/author\/flavien-jumeaugmail-com\/\"}]}<\/script>\n<!-- \/ Yoast SEO plugin. -->","yoast_head_json":{"title":"Los Angeles Rams: Cooper Kupp &eacute;chang&eacute; avant la trade deadline? - The Playoffs FR","robots":{"index":"index","follow":"follow","max-snippet":"max-snippet:-1","max-image-preview":"max-image-preview:large","max-video-preview":"max-video-preview:-1"},"canonical":"https:\/\/theplayoffs.news\/fr\/actualite-nfl\/los-angeles-rams-kupp-echange-bientot\/","og_locale":"fr_FR","og_type":"article","og_title":"Los Angeles Rams: Cooper Kupp &eacute;chang&eacute; avant la trade deadline? - The Playoffs FR","og_url":"https:\/\/theplayoffs.news\/fr\/actualite-nfl\/los-angeles-rams-kupp-echange-bientot\/","og_site_name":"The Playoffs FR","article_publisher":"https:\/\/www.facebook.com\/TheFreeAgentFR\/","article_modified_time":"2024-10-20T05:15:13+00:00","og_image":[{"width":1920,"height":1280,"url":"https:\/\/theplayoffs.news\/fr\/wp-content\/uploads\/2024\/10\/USATSI_24243487.jpg","type":"image\/jpeg"}],"author":"Flavien Jumeau","twitter_card":"summary_large_image","twitter_creator":"@TheFreeAgentFR","twitter_site":"@TheFreeAgentFR","twitter_misc":{"\u00c9crit par":"Flavien Jumeau","Dur\u00e9e de lecture estim\u00e9e":"2 minutes"},"schema":{"@context":"https:\/\/schema.org","@graph":[{"@type":"WebPage","@id":"https:\/\/theplayoffs.news\/fr\/actualite-nfl\/los-angeles-rams-kupp-echange-bientot\/","url":"https:\/\/theplayoffs.news\/fr\/actualite-nfl\/los-angeles-rams-kupp-echange-bientot\/","name":"Los Angeles Rams: Cooper Kupp \u00e9chang\u00e9 avant la trade deadline? - The Playoffs FR","isPartOf":{"@id":"https:\/\/theplayoffs.news\/fr\/#website"},"primaryImageOfPage":{"@id":"https:\/\/theplayoffs.news\/fr\/actualite-nfl\/los-angeles-rams-kupp-echange-bientot\/#primaryimage"},"image":{"@id":"https:\/\/theplayoffs.news\/fr\/actualite-nfl\/los-angeles-rams-kupp-echange-bientot\/#primaryimage"},"thumbnailUrl":"https:\/\/theplayoffs.news\/fr\/wp-content\/uploads\/2024\/10\/USATSI_24243487.jpg","datePublished":"2024-10-20T09:28:37+00:00","dateModified":"2024-10-20T11:28:37+02:00","author":{"@id":"https:\/\/theplayoffs.news\/fr\/#\/schema\/person\/def63bc6746dc5957469b75feb99e66d"},"breadcrumb":{"@id":"https:\/\/theplayoffs.news\/fr\/actualite-nfl\/los-angeles-rams-kupp-echange-bientot\/#breadcrumb"},"inLanguage":"fr-FR","potentialAction":[{"@type":"ReadAction","target":["https:\/\/theplayoffs.news\/fr\/actualite-nfl\/los-angeles-rams-kupp-echange-bientot\/"]}]},{"@type":"ImageObject","inLanguage":"fr-FR","@id":"https:\/\/theplayoffs.news\/fr\/actualite-nfl\/los-angeles-rams-kupp-echange-bientot\/#primaryimage","url":"https:\/\/theplayoffs.news\/fr\/wp-content\/uploads\/2024\/10\/USATSI_24243487.jpg","contentUrl":"https:\/\/theplayoffs.news\/fr\/wp-content\/uploads\/2024\/10\/USATSI_24243487.jpg","width":1920,"height":1280,"caption":"Sep 15, 2024; Glendale, Arizona, USA; Los Angeles Rams wide receiver Cooper Kupp (10) prior to a game against the Arizona Cardinals at State Farm Stadium. Mandatory Credit: Matt Kartozian-Imagn Images"},{"@type":"BreadcrumbList","@id":"https:\/\/theplayoffs.news\/fr\/actualite-nfl\/los-angeles-rams-kupp-echange-bientot\/#breadcrumb","itemListElement":[{"@type":"ListItem","position":1,"name":"Accueil","item":"https:\/\/theplayoffs.news\/fr\/"},{"@type":"ListItem","position":2,"name":"Los Angeles Rams: Cooper Kupp \u00e9chang\u00e9 avant la trade deadline?"}]},{"@type":"WebSite","@id":"https:\/\/theplayoffs.news\/fr\/#website","url":"https:\/\/theplayoffs.news\/fr\/","name":"The Playoffs FR","description":"NBA-NFL-NHL-MLB","potentialAction":[{"@type":"SearchAction","target":{"@type":"EntryPoint","urlTemplate":"https:\/\/theplayoffs.news\/fr\/?s={search_term_string}"},"query-input":{"@type":"PropertyValueSpecification","valueRequired":true,"valueName":"search_term_string"}}],"inLanguage":"fr-FR"},{"@type":"Person","@id":"https:\/\/theplayoffs.news\/fr\/#\/schema\/person\/def63bc6746dc5957469b75feb99e66d","name":"Flavien Jumeau","image":{"@type":"ImageObject","inLanguage":"fr-FR","@id":"https:\/\/theplayoffs.news\/fr\/#\/schema\/person\/image\/","url":"https:\/\/secure.gravatar.com\/avatar\/e7fa8ba5a4b7e4ce35fe152f083f352db28ad0acce692004ed88a7a7d78893f7?s=96&d=mm&r=g","contentUrl":"https:\/\/secure.gravatar.com\/avatar\/e7fa8ba5a4b7e4ce35fe152f083f352db28ad0acce692004ed88a7a7d78893f7?s=96&d=mm&r=g","caption":"Flavien Jumeau"},"description":"Amoureux du sport (et de vraiment tous les sports) depuis mon plus jeune \u00e2ge, j\u2019ai longtemps h\u00e9site entre le snooker et le curling. Finalement c\u2019est le foot US que j\u2019ai d\u00e9cid\u00e9 de choisir! Responsable foot US sur TPO et animateur du podcast Tailgate j\u2019ai pour mission de vous faire d\u00e9couvrir ce sport passionnant si ce n\u2019est pas encore fait et de vous donner les derni\u00e8res actus. Le tout dans la bonne humeur et avec toujours un jeu de mots ou deux savamment distill\u00e9s! Fan des Saints, pour moi Drew Brees est le vrai GOAT!","url":"https:\/\/theplayoffs.news\/fr\/author\/flavien-jumeaugmail-com\/"}]}},"_links":{"self":[{"href":"https:\/\/theplayoffs.news\/fr\/wp-json\/wp\/v2\/posts\/1463647","targetHints":{"allow":["GET"]}}],"collection":[{"href":"https:\/\/theplayoffs.news\/fr\/wp-json\/wp\/v2\/posts"}],"about":[{"href":"https:\/\/theplayoffs.news\/fr\/wp-json\/wp\/v2\/types\/post"}],"author":[{"embeddable":true,"href":"https:\/\/theplayoffs.news\/fr\/wp-json\/wp\/v2\/users\/180309964"}],"replies":[{"embeddable":true,"href":"https:\/\/theplayoffs.news\/fr\/wp-json\/wp\/v2\/comments?post=1463647"}],"version-history":[{"count":3,"href":"https:\/\/theplayoffs.news\/fr\/wp-json\/wp\/v2\/posts\/1463647\/revisions"}],"predecessor-version":[{"id":1463651,"href":"https:\/\/theplayoffs.news\/fr\/wp-json\/wp\/v2\/posts\/1463647\/revisions\/1463651"}],"wp:featuredmedia":[{"embeddable":true,"href":"https:\/\/theplayoffs.news\/fr\/wp-json\/wp\/v2\/media\/1463648"}],"wp:attachment":[{"href":"https:\/\/theplayoffs.news\/fr\/wp-json\/wp\/v2\/media?parent=1463647"}],"wp:term":[{"taxonomy":"category","embeddable":true,"href":"https:\/\/theplayoffs.news\/fr\/wp-json\/wp\/v2\/categories?post=1463647"},{"taxonomy":"post_tag","embeddable":true,"href":"https:\/\/theplayoffs.news\/fr\/wp-json\/wp\/v2\/tags?post=1463647"},{"taxonomy":"sport","embeddable":true,"href":"https:\/\/theplayoffs.news\/fr\/wp-json\/wp\/v2\/sport?post=1463647"},{"taxonomy":"saison","embeddable":true,"href":"https:\/\/theplayoffs.news\/fr\/wp-json\/wp\/v2\/saison?post=1463647"}],"curies":[{"name":"wp","href":"https:\/\/api.w.org\/{rel}","templated":true}]}}