{"id":1463426,"date":"2024-10-18T15:50:50","date_gmt":"2024-10-18T13:50:50","guid":{"rendered":"https:\/\/theplayoffs.news\/fr\/?p=1463426"},"modified":"2024-10-18T15:22:18","modified_gmt":"2024-10-18T13:22:18","slug":"alvin-kamara-jaurais-aussi-quitte-le-stade","status":"publish","type":"post","link":"https:\/\/theplayoffs.news\/fr\/actualite-nfl\/alvin-kamara-jaurais-aussi-quitte-le-stade\/","title":{"rendered":"Alvin Kamara (Saints): &lsquo;A la place des fans, j&rsquo;aurais aussi quitt\u00e9 le stade&rsquo;"},"content":{"rendered":"<h2>NFL &ndash; Le running back des New Orleans Saints, Alvin Kamara, s&rsquo;est montr&eacute; compr&eacute;hensif envers les fans qui ont quitt&eacute; le Superdome avant la fin du match.<\/h2><p>C&rsquo;est une image &agrave; laquelle Alvin Kamara et les autres joueurs des Saints ne sont sans doute pas vraiment habitu&eacute;s: voir le Superdome se vider peu &agrave; peu de ses fid&egrave;les supporters avant m&ecirc;me la mi-temps de la rencontre. C&rsquo;est pourtant la sc&egrave;ne qui s&rsquo;est produite ce jeudi alors que les Saints &eacute;taient d&eacute;j&agrave; men&eacute;s 16-3 &agrave; la mi-temps de leur rencontre finalement <a href=\"https:\/\/theplayoffs.news\/fr\/nfl\/nfl-week-7-les-broncos-lemportent-chez-les-saints-33-10\/\" class=\"trk-cta-link\" data-cta-trk='{\"ctaType\":\"Link\",\"ctaSubType\":\"main\"}'>perdue face aux Denver Broncos<\/a>.<\/p><p>Comment expliquer ce ras-le-bol d&rsquo;une partie des fans de la franchise alors que l&rsquo;on conna&icirc;t tous l&rsquo;histoire d&rsquo;amour intime que la ville de la Nouvelle-Orl&eacute;ans et ses habitants entretient avec la franchise de football am&eacute;ricain de la ville. Bien &eacute;videmment, les cinq d&eacute;faites &agrave; la suite dans cette saison 2024 n&rsquo;aide pas les individus &agrave; se motiver pour rester au stade mais au-del&agrave; de cet aspect, c&rsquo;est le niveau de jeu affich&eacute; par les Saints qui fait gronder de m&eacute;contentement les trav&eacute;es du SuperDome.<\/p><p>Comme &agrave; chaque mouvement de d&eacute;saccord des fans envers l&rsquo;&eacute;quipe de leur ville, la m&ecirc;me question se pose: faut-il bl&acirc;mer les supporters exc&eacute;d&eacute;s qui ne veulent plus supporter leur &eacute;quipe dans ce moment difficile ou simplement remettre la faute sur les joueurs pr&eacute;sents sur le terrain? Pour le running back de l&rsquo;&eacute;quipe, Alvin Kamara, la responsabilit&eacute; incombe clairement aux joueurs pr&eacute;sents sur le terrain qui ne font pas ce qu&rsquo;il faut:<\/p><blockquote><p>&laquo;&nbsp;Nous <a href=\"https:\/\/www.youtube.com\/watch?v=ZGPPV8auCLc\" class=\"trk-cta-link\" data-cta-trk='{\"ctaType\":\"Link\",\"ctaSubType\":\"main\"}'>jouons de mani&egrave;re inacceptable<\/a>&nbsp;&raquo; a lanc&eacute; Alvin Kamara en conf&eacute;rence de presse. &laquo;&nbsp;J&rsquo;ai vu des fans partir d&egrave;s le deuxi&egrave;me quart-temps. Je n&rsquo;en veux pas aux fans, nous sommes les seuls responsables. Si j&rsquo;&eacute;tais un fan de la franchise, je serais parti des trav&eacute;es moi aussi&nbsp;&raquo;.<\/p><\/blockquote><p>Avec seulement 10 yards &agrave; la course, Alvin Kamara a lui aussi connu une soir&eacute;e difficile apr&egrave;s un d&eacute;but de saison explosif. Si les New Orleans Saints sont durement touch&eacute;s par les blessures depuis quelques semaines, cela ne pourrait servir d&rsquo;excuse valable pour le niveau de jeu affich&eacute; sur le terrain. Des changements semblent s&rsquo;annoncer de plus en plus en Louisiane et il ne serait pas surprenant de voir l&rsquo;entra&icirc;neur Dennis Allen &ecirc;tre encore plus sous le feu des critiques dans les prochaines heures.<\/p><p><em>Cr&eacute;dit photo: Matthew Hinton-Imagn Images<\/em><\/p>\n","protected":false},"excerpt":{"rendered":"","protected":false},"author":180309964,"featured_media":1463431,"comment_status":"open","ping_status":"closed","sticky":false,"template":"","format":"standard","meta":{"inline_featured_image":false,"kia_subtitle":"","_mux_skip_reasons":[],"proofreadBy":0,"footnotes":""},"categories":[118,40],"tags":[973,994],"sport":[2785],"saison":[6111],"class_list":["post-1463426","post","type-post","status-publish","format-standard","has-post-thumbnail","hentry","category-actualite-nfl","category-nfl","tag-alvin-kamara","tag-new-orleans-saints","sport-nfl","saison-6111"],"acf":[],"yoast_head":"<!-- This site is optimized with the Yoast SEO plugin v24.2 - https:\/\/yoast.com\/wordpress\/plugins\/seo\/ -->\n<title>Alvin Kamara (Saints): &#039;A la place des fans, j&#039;aurais aussi quitt&eacute; le stade&#039; - The Playoffs FR<\/title>\n<meta name=\"robots\" content=\"index, follow, max-snippet:-1, max-image-preview:large, max-video-preview:-1\" \/>\n<link rel=\"canonical\" href=\"https:\/\/theplayoffs.news\/fr\/actualite-nfl\/alvin-kamara-jaurais-aussi-quitte-le-stade\/\" \/>\n<meta property=\"og:locale\" content=\"fr_FR\" \/>\n<meta property=\"og:type\" content=\"article\" \/>\n<meta property=\"og:title\" content=\"Alvin Kamara (Saints): &#039;A la place des fans, j&#039;aurais aussi quitt&eacute; le stade&#039; - The Playoffs FR\" \/>\n<meta property=\"og:url\" content=\"https:\/\/theplayoffs.news\/fr\/actualite-nfl\/alvin-kamara-jaurais-aussi-quitte-le-stade\/\" \/>\n<meta property=\"og:site_name\" content=\"The Playoffs FR\" \/>\n<meta property=\"article:publisher\" content=\"https:\/\/www.facebook.com\/TheFreeAgentFR\/\" \/>\n<meta property=\"article:modified_time\" content=\"2024-10-18T15:50:50+02:00\" \/>\n<meta property=\"og:image\" content=\"https:\/\/theplayoffs.news\/fr\/wp-content\/uploads\/2024\/10\/USATSI_24515491.jpg\" \/>\n\t<meta property=\"og:image:width\" content=\"1920\" \/>\n\t<meta property=\"og:image:height\" content=\"1280\" \/>\n\t<meta property=\"og:image:type\" content=\"image\/jpeg\" \/>\n<meta name=\"author\" content=\"Flavien Jumeau\" \/>\n<meta name=\"twitter:card\" content=\"summary_large_image\" \/>\n<meta name=\"twitter:creator\" content=\"@TheFreeAgentFR\" \/>\n<meta name=\"twitter:site\" content=\"@TheFreeAgentFR\" \/>\n<meta name=\"twitter:label1\" content=\"\u00c9crit par\" \/>\n\t<meta name=\"twitter:data1\" content=\"Flavien Jumeau\" \/>\n\t<meta name=\"twitter:label2\" content=\"Dur\u00e9e de lecture estim\u00e9e\" \/>\n\t<meta name=\"twitter:data2\" content=\"2 minutes\" \/>\n<script type=\"application\/ld+json\" class=\"yoast-schema-graph\">{\"@context\":\"https:\/\/schema.org\",\"@graph\":[{\"@type\":\"WebPage\",\"@id\":\"https:\/\/theplayoffs.news\/fr\/actualite-nfl\/alvin-kamara-jaurais-aussi-quitte-le-stade\/\",\"url\":\"https:\/\/theplayoffs.news\/fr\/actualite-nfl\/alvin-kamara-jaurais-aussi-quitte-le-stade\/\",\"name\":\"Alvin Kamara (Saints): \\\\'A la place des fans, j\\\\'aurais aussi quitt\u00e9 le stade\\\\' - The Playoffs FR\",\"isPartOf\":{\"@id\":\"https:\/\/theplayoffs.news\/fr\/#website\"},\"primaryImageOfPage\":{\"@id\":\"https:\/\/theplayoffs.news\/fr\/actualite-nfl\/alvin-kamara-jaurais-aussi-quitte-le-stade\/#primaryimage\"},\"image\":{\"@id\":\"https:\/\/theplayoffs.news\/fr\/actualite-nfl\/alvin-kamara-jaurais-aussi-quitte-le-stade\/#primaryimage\"},\"thumbnailUrl\":\"https:\/\/theplayoffs.news\/fr\/wp-content\/uploads\/2024\/10\/USATSI_24515491.jpg\",\"datePublished\":\"2024-10-18T13:50:50+00:00\",\"dateModified\":\"2024-10-18T15:50:50+02:00\",\"author\":{\"@id\":\"https:\/\/theplayoffs.news\/fr\/#\/schema\/person\/def63bc6746dc5957469b75feb99e66d\"},\"breadcrumb\":{\"@id\":\"https:\/\/theplayoffs.news\/fr\/actualite-nfl\/alvin-kamara-jaurais-aussi-quitte-le-stade\/#breadcrumb\"},\"inLanguage\":\"fr-FR\",\"potentialAction\":[{\"@type\":\"ReadAction\",\"target\":[\"https:\/\/theplayoffs.news\/fr\/actualite-nfl\/alvin-kamara-jaurais-aussi-quitte-le-stade\/\"]}]},{\"@type\":\"ImageObject\",\"inLanguage\":\"fr-FR\",\"@id\":\"https:\/\/theplayoffs.news\/fr\/actualite-nfl\/alvin-kamara-jaurais-aussi-quitte-le-stade\/#primaryimage\",\"url\":\"https:\/\/theplayoffs.news\/fr\/wp-content\/uploads\/2024\/10\/USATSI_24515491.jpg\",\"contentUrl\":\"https:\/\/theplayoffs.news\/fr\/wp-content\/uploads\/2024\/10\/USATSI_24515491.jpg\",\"width\":1920,\"height\":1280,\"caption\":\"Oct 17, 2024; New Orleans, Louisiana, USA; New Orleans Saints quarterback Spencer Rattler (18) hands off to New Orleans Saints running back Alvin Kamara (41) during the first quarter against the Denver Broncos at Caesars Superdome. Mandatory Credit: Matthew Hinton-Imagn Images\"},{\"@type\":\"BreadcrumbList\",\"@id\":\"https:\/\/theplayoffs.news\/fr\/actualite-nfl\/alvin-kamara-jaurais-aussi-quitte-le-stade\/#breadcrumb\",\"itemListElement\":[{\"@type\":\"ListItem\",\"position\":1,\"name\":\"Accueil\",\"item\":\"https:\/\/theplayoffs.news\/fr\/\"},{\"@type\":\"ListItem\",\"position\":2,\"name\":\"Alvin Kamara (Saints): &lsquo;A la place des fans, j&rsquo;aurais aussi quitt\u00e9 le stade&rsquo;\"}]},{\"@type\":\"WebSite\",\"@id\":\"https:\/\/theplayoffs.news\/fr\/#website\",\"url\":\"https:\/\/theplayoffs.news\/fr\/\",\"name\":\"The Playoffs FR\",\"description\":\"NBA-NFL-NHL-MLB\",\"potentialAction\":[{\"@type\":\"SearchAction\",\"target\":{\"@type\":\"EntryPoint\",\"urlTemplate\":\"https:\/\/theplayoffs.news\/fr\/?s={search_term_string}\"},\"query-input\":{\"@type\":\"PropertyValueSpecification\",\"valueRequired\":true,\"valueName\":\"search_term_string\"}}],\"inLanguage\":\"fr-FR\"},{\"@type\":\"Person\",\"@id\":\"https:\/\/theplayoffs.news\/fr\/#\/schema\/person\/def63bc6746dc5957469b75feb99e66d\",\"name\":\"Flavien Jumeau\",\"image\":{\"@type\":\"ImageObject\",\"inLanguage\":\"fr-FR\",\"@id\":\"https:\/\/theplayoffs.news\/fr\/#\/schema\/person\/image\/\",\"url\":\"https:\/\/secure.gravatar.com\/avatar\/e7fa8ba5a4b7e4ce35fe152f083f352db28ad0acce692004ed88a7a7d78893f7?s=96&d=mm&r=g\",\"contentUrl\":\"https:\/\/secure.gravatar.com\/avatar\/e7fa8ba5a4b7e4ce35fe152f083f352db28ad0acce692004ed88a7a7d78893f7?s=96&d=mm&r=g\",\"caption\":\"Flavien Jumeau\"},\"description\":\"Amoureux du sport (et de vraiment tous les sports) depuis mon plus jeune \u00e2ge, j\u2019ai longtemps h\u00e9site entre le snooker et le curling. Finalement c\u2019est le foot US que j\u2019ai d\u00e9cid\u00e9 de choisir! Responsable foot US sur TPO et animateur du podcast Tailgate j\u2019ai pour mission de vous faire d\u00e9couvrir ce sport passionnant si ce n\u2019est pas encore fait et de vous donner les derni\u00e8res actus. Le tout dans la bonne humeur et avec toujours un jeu de mots ou deux savamment distill\u00e9s! Fan des Saints, pour moi Drew Brees est le vrai GOAT!\",\"url\":\"https:\/\/theplayoffs.news\/fr\/author\/flavien-jumeaugmail-com\/\"}]}<\/script>\n<!-- \/ Yoast SEO plugin. -->","yoast_head_json":{"title":"Alvin Kamara (Saints): &#039;A la place des fans, j&#039;aurais aussi quitt&eacute; le stade&#039; - The Playoffs FR","robots":{"index":"index","follow":"follow","max-snippet":"max-snippet:-1","max-image-preview":"max-image-preview:large","max-video-preview":"max-video-preview:-1"},"canonical":"https:\/\/theplayoffs.news\/fr\/actualite-nfl\/alvin-kamara-jaurais-aussi-quitte-le-stade\/","og_locale":"fr_FR","og_type":"article","og_title":"Alvin Kamara (Saints): &#039;A la place des fans, j&#039;aurais aussi quitt&eacute; le stade&#039; - The Playoffs FR","og_url":"https:\/\/theplayoffs.news\/fr\/actualite-nfl\/alvin-kamara-jaurais-aussi-quitte-le-stade\/","og_site_name":"The Playoffs FR","article_publisher":"https:\/\/www.facebook.com\/TheFreeAgentFR\/","article_modified_time":"2024-10-18T13:22:18+00:00","og_image":[{"width":1920,"height":1280,"url":"https:\/\/theplayoffs.news\/fr\/wp-content\/uploads\/2024\/10\/USATSI_24515491.jpg","type":"image\/jpeg"}],"author":"Flavien Jumeau","twitter_card":"summary_large_image","twitter_creator":"@TheFreeAgentFR","twitter_site":"@TheFreeAgentFR","twitter_misc":{"\u00c9crit par":"Flavien Jumeau","Dur\u00e9e de lecture estim\u00e9e":"2 minutes"},"schema":{"@context":"https:\/\/schema.org","@graph":[{"@type":"WebPage","@id":"https:\/\/theplayoffs.news\/fr\/actualite-nfl\/alvin-kamara-jaurais-aussi-quitte-le-stade\/","url":"https:\/\/theplayoffs.news\/fr\/actualite-nfl\/alvin-kamara-jaurais-aussi-quitte-le-stade\/","name":"Alvin Kamara (Saints): \\'A la place des fans, j\\'aurais aussi quitt\u00e9 le stade\\' - The Playoffs FR","isPartOf":{"@id":"https:\/\/theplayoffs.news\/fr\/#website"},"primaryImageOfPage":{"@id":"https:\/\/theplayoffs.news\/fr\/actualite-nfl\/alvin-kamara-jaurais-aussi-quitte-le-stade\/#primaryimage"},"image":{"@id":"https:\/\/theplayoffs.news\/fr\/actualite-nfl\/alvin-kamara-jaurais-aussi-quitte-le-stade\/#primaryimage"},"thumbnailUrl":"https:\/\/theplayoffs.news\/fr\/wp-content\/uploads\/2024\/10\/USATSI_24515491.jpg","datePublished":"2024-10-18T13:50:50+00:00","dateModified":"2024-10-18T15:50:50+02:00","author":{"@id":"https:\/\/theplayoffs.news\/fr\/#\/schema\/person\/def63bc6746dc5957469b75feb99e66d"},"breadcrumb":{"@id":"https:\/\/theplayoffs.news\/fr\/actualite-nfl\/alvin-kamara-jaurais-aussi-quitte-le-stade\/#breadcrumb"},"inLanguage":"fr-FR","potentialAction":[{"@type":"ReadAction","target":["https:\/\/theplayoffs.news\/fr\/actualite-nfl\/alvin-kamara-jaurais-aussi-quitte-le-stade\/"]}]},{"@type":"ImageObject","inLanguage":"fr-FR","@id":"https:\/\/theplayoffs.news\/fr\/actualite-nfl\/alvin-kamara-jaurais-aussi-quitte-le-stade\/#primaryimage","url":"https:\/\/theplayoffs.news\/fr\/wp-content\/uploads\/2024\/10\/USATSI_24515491.jpg","contentUrl":"https:\/\/theplayoffs.news\/fr\/wp-content\/uploads\/2024\/10\/USATSI_24515491.jpg","width":1920,"height":1280,"caption":"Oct 17, 2024; New Orleans, Louisiana, USA; New Orleans Saints quarterback Spencer Rattler (18) hands off to New Orleans Saints running back Alvin Kamara (41) during the first quarter against the Denver Broncos at Caesars Superdome. Mandatory Credit: Matthew Hinton-Imagn Images"},{"@type":"BreadcrumbList","@id":"https:\/\/theplayoffs.news\/fr\/actualite-nfl\/alvin-kamara-jaurais-aussi-quitte-le-stade\/#breadcrumb","itemListElement":[{"@type":"ListItem","position":1,"name":"Accueil","item":"https:\/\/theplayoffs.news\/fr\/"},{"@type":"ListItem","position":2,"name":"Alvin Kamara (Saints): &lsquo;A la place des fans, j&rsquo;aurais aussi quitt\u00e9 le stade&rsquo;"}]},{"@type":"WebSite","@id":"https:\/\/theplayoffs.news\/fr\/#website","url":"https:\/\/theplayoffs.news\/fr\/","name":"The Playoffs FR","description":"NBA-NFL-NHL-MLB","potentialAction":[{"@type":"SearchAction","target":{"@type":"EntryPoint","urlTemplate":"https:\/\/theplayoffs.news\/fr\/?s={search_term_string}"},"query-input":{"@type":"PropertyValueSpecification","valueRequired":true,"valueName":"search_term_string"}}],"inLanguage":"fr-FR"},{"@type":"Person","@id":"https:\/\/theplayoffs.news\/fr\/#\/schema\/person\/def63bc6746dc5957469b75feb99e66d","name":"Flavien Jumeau","image":{"@type":"ImageObject","inLanguage":"fr-FR","@id":"https:\/\/theplayoffs.news\/fr\/#\/schema\/person\/image\/","url":"https:\/\/secure.gravatar.com\/avatar\/e7fa8ba5a4b7e4ce35fe152f083f352db28ad0acce692004ed88a7a7d78893f7?s=96&d=mm&r=g","contentUrl":"https:\/\/secure.gravatar.com\/avatar\/e7fa8ba5a4b7e4ce35fe152f083f352db28ad0acce692004ed88a7a7d78893f7?s=96&d=mm&r=g","caption":"Flavien Jumeau"},"description":"Amoureux du sport (et de vraiment tous les sports) depuis mon plus jeune \u00e2ge, j\u2019ai longtemps h\u00e9site entre le snooker et le curling. Finalement c\u2019est le foot US que j\u2019ai d\u00e9cid\u00e9 de choisir! Responsable foot US sur TPO et animateur du podcast Tailgate j\u2019ai pour mission de vous faire d\u00e9couvrir ce sport passionnant si ce n\u2019est pas encore fait et de vous donner les derni\u00e8res actus. Le tout dans la bonne humeur et avec toujours un jeu de mots ou deux savamment distill\u00e9s! Fan des Saints, pour moi Drew Brees est le vrai GOAT!","url":"https:\/\/theplayoffs.news\/fr\/author\/flavien-jumeaugmail-com\/"}]}},"_links":{"self":[{"href":"https:\/\/theplayoffs.news\/fr\/wp-json\/wp\/v2\/posts\/1463426","targetHints":{"allow":["GET"]}}],"collection":[{"href":"https:\/\/theplayoffs.news\/fr\/wp-json\/wp\/v2\/posts"}],"about":[{"href":"https:\/\/theplayoffs.news\/fr\/wp-json\/wp\/v2\/types\/post"}],"author":[{"embeddable":true,"href":"https:\/\/theplayoffs.news\/fr\/wp-json\/wp\/v2\/users\/180309964"}],"replies":[{"embeddable":true,"href":"https:\/\/theplayoffs.news\/fr\/wp-json\/wp\/v2\/comments?post=1463426"}],"version-history":[{"count":2,"href":"https:\/\/theplayoffs.news\/fr\/wp-json\/wp\/v2\/posts\/1463426\/revisions"}],"predecessor-version":[{"id":1463433,"href":"https:\/\/theplayoffs.news\/fr\/wp-json\/wp\/v2\/posts\/1463426\/revisions\/1463433"}],"wp:featuredmedia":[{"embeddable":true,"href":"https:\/\/theplayoffs.news\/fr\/wp-json\/wp\/v2\/media\/1463431"}],"wp:attachment":[{"href":"https:\/\/theplayoffs.news\/fr\/wp-json\/wp\/v2\/media?parent=1463426"}],"wp:term":[{"taxonomy":"category","embeddable":true,"href":"https:\/\/theplayoffs.news\/fr\/wp-json\/wp\/v2\/categories?post=1463426"},{"taxonomy":"post_tag","embeddable":true,"href":"https:\/\/theplayoffs.news\/fr\/wp-json\/wp\/v2\/tags?post=1463426"},{"taxonomy":"sport","embeddable":true,"href":"https:\/\/theplayoffs.news\/fr\/wp-json\/wp\/v2\/sport?post=1463426"},{"taxonomy":"saison","embeddable":true,"href":"https:\/\/theplayoffs.news\/fr\/wp-json\/wp\/v2\/saison?post=1463426"}],"curies":[{"name":"wp","href":"https:\/\/api.w.org\/{rel}","templated":true}]}}