{"id":1463402,"date":"2024-10-18T09:31:46","date_gmt":"2024-10-18T07:31:46","guid":{"rendered":"https:\/\/theplayoffs.news\/fr\/?p=1463402"},"modified":"2024-10-18T09:31:46","modified_gmt":"2024-10-18T07:31:46","slug":"lequipe-de-france-demarre-sa-campagne","status":"publish","type":"post","link":"https:\/\/theplayoffs.news\/fr\/d1\/lequipe-de-france-demarre-sa-campagne\/","title":{"rendered":"Ligue des Nations foot US: L&rsquo;Equipe de France d\u00e9marre sa campagne ce dimanche!"},"content":{"rendered":"<h2>Equipe de France &ndash; Nouveau rendez-vous pour l&rsquo;Equipe de France de football am&eacute;ricain ce dimanche en ouverture de la Ligue des Nations<\/h2><p>L&rsquo;Equipe de France est de retour! Apr&egrave;s avoir v&eacute;cu une saison de D1 Elite remport&eacute;e par les Black Panthers de Thonon-les-Bains et apr&egrave;s avoir vibr&eacute; avec les Paris Musketeers jusqu&rsquo;en demi-finale de l&rsquo;ELF, le football am&eacute;ricain est de retour sur le sol fran&ccedil;ais avec un match de l&rsquo;Equipe de France.<\/p><p>Pour d&eacute;marrer cette nouvelle &eacute;dition de la Ligue des Nations, nom donn&eacute; au Championnat d&rsquo;Europe de football am&eacute;ricain, les fran&ccedil;ais seront oppos&eacute;s &agrave; la R&eacute;publique Tch&egrave;que! Apr&egrave;s avoir conclu la derni&egrave;re campagne europ&eacute;enne sur une victoire convaincante face &agrave; la Serbie (<a href=\"https:\/\/theplayoffs.news\/fr\/nfl\/ligue-des-nations-la-france-simposent-facilement\/\" class=\"trk-cta-link\" data-cta-trk='{\"ctaType\":\"Link\",\"ctaSubType\":\"main\"}'>47-0<\/a>) &agrave; Avignon, les Bleus repartent &agrave; l&rsquo;assaut de l&rsquo;Europe avec ce duel face &agrave; la Tch&eacute;quie.<\/p><p>Pour rappel, la Ligue des Nations se d&eacute;roule sur deux ans! Chaque poule comprend trois &eacute;quipes qui s&rsquo;affrontent &agrave; tour de r&ocirc;le le temps de trois week-end lors du mois d&rsquo;octobre. Tous les premiers de poule se retrouvent ensuite au printemps suivant pour se disputer le titre europ&eacute;en. Pour l&rsquo;Equipe de France, qui <a href=\"https:\/\/theplayoffs.news\/fr\/nfl\/equipe-de-france-selection-ligue-nations\/\" class=\"trk-cta-link\" data-cta-trk='{\"ctaType\":\"Link\",\"ctaSubType\":\"main\"}'>pr&eacute;sente une solide s&eacute;lection<\/a>, il faudra donc venir &agrave; bout des tch&egrave;ques avant d&rsquo;aller d&eacute;fier les finlandais la semaine prochaine pour tenter d&rsquo;acc&eacute;der &agrave; la phase finale.<\/p><p>Vous n&rsquo;avez pas encore vos places pour ce match France &ndash; Tch&eacute;quie? Des places sont encore en vente sur le <a href=\"https:\/\/my.weezevent.com\/france-tchequie?_gl=1*183mm2t*_gcl_au*MTEwMTIyNzI3Mi4xNzIxODIzNTIzLjkxNzc5ODUuMTcyMTgyMzUyOC4xNzIxODIzNTMw*_ga*OTAxNzI3ODY1LjE3MjE4MjM1MjM.*_ga_39H9VBFX7G*MTcyMjQxNzk0MC4yLjEuMTcyMjQxODgwMi40MC4wLjA.\" class=\"trk-cta-link\" data-cta-trk='{\"ctaType\":\"Link\",\"ctaSubType\":\"main\"}'>site de la FFFA au tarif unique de 10 euros par personne<\/a>. Rendez-vous est donc pris pour ce dimanche 20 octobre au Stadium de Villeneuve-d&rsquo;Ascq (59) pour venir encourager les fran&ccedil;ais dans leur qu&ecirc;te du titre europ&eacute;en.<\/p><p><em>Cr&eacute;dit photo: F&eacute;d&eacute;ration Fran&ccedil;aise Football Am&eacute;ricain<\/em><\/p>\n","protected":false},"excerpt":{"rendered":"","protected":false},"author":180309964,"featured_media":1463403,"comment_status":"open","ping_status":"closed","sticky":false,"template":"","format":"standard","meta":{"inline_featured_image":false,"kia_subtitle":"","_mux_skip_reasons":[],"proofreadBy":0,"footnotes":""},"categories":[3324,10,40],"tags":[4700],"sport":[2785],"saison":[6111],"class_list":["post-1463402","post","type-post","status-publish","format-standard","has-post-thumbnail","hentry","category-d1","category-nba","category-nfl","tag-foot-us","sport-nfl","saison-6111"],"acf":[],"yoast_head":"<!-- This site is optimized with the Yoast SEO plugin v24.2 - https:\/\/yoast.com\/wordpress\/plugins\/seo\/ -->\n<title>Ligue des Nations foot US: L&#039;Equipe de France d&eacute;marre sa campagne ce dimanche! - The Playoffs FR<\/title>\n<meta name=\"robots\" content=\"index, follow, max-snippet:-1, max-image-preview:large, max-video-preview:-1\" \/>\n<link rel=\"canonical\" href=\"https:\/\/theplayoffs.news\/fr\/d1\/lequipe-de-france-demarre-sa-campagne\/\" \/>\n<meta property=\"og:locale\" content=\"fr_FR\" \/>\n<meta property=\"og:type\" content=\"article\" \/>\n<meta property=\"og:title\" content=\"Ligue des Nations foot US: L&#039;Equipe de France d&eacute;marre sa campagne ce dimanche! - The Playoffs FR\" \/>\n<meta property=\"og:url\" content=\"https:\/\/theplayoffs.news\/fr\/d1\/lequipe-de-france-demarre-sa-campagne\/\" \/>\n<meta property=\"og:site_name\" content=\"The Playoffs FR\" \/>\n<meta property=\"article:publisher\" content=\"https:\/\/www.facebook.com\/TheFreeAgentFR\/\" \/>\n<meta property=\"article:modified_time\" content=\"2024-10-18T09:31:46+02:00\" \/>\n<meta property=\"og:image\" content=\"https:\/\/theplayoffs.news\/fr\/wp-content\/uploads\/2024\/10\/Equipe-de-France.jpg\" \/>\n\t<meta property=\"og:image:width\" content=\"1200\" \/>\n\t<meta property=\"og:image:height\" content=\"650\" \/>\n\t<meta property=\"og:image:type\" content=\"image\/jpeg\" \/>\n<meta name=\"author\" content=\"Flavien Jumeau\" \/>\n<meta name=\"twitter:card\" content=\"summary_large_image\" \/>\n<meta name=\"twitter:creator\" content=\"@TheFreeAgentFR\" \/>\n<meta name=\"twitter:site\" content=\"@TheFreeAgentFR\" \/>\n<meta name=\"twitter:label1\" content=\"\u00c9crit par\" \/>\n\t<meta name=\"twitter:data1\" content=\"Flavien Jumeau\" \/>\n\t<meta name=\"twitter:label2\" content=\"Dur\u00e9e de lecture estim\u00e9e\" \/>\n\t<meta name=\"twitter:data2\" content=\"1 minute\" \/>\n<script type=\"application\/ld+json\" class=\"yoast-schema-graph\">{\"@context\":\"https:\/\/schema.org\",\"@graph\":[{\"@type\":\"WebPage\",\"@id\":\"https:\/\/theplayoffs.news\/fr\/d1\/lequipe-de-france-demarre-sa-campagne\/\",\"url\":\"https:\/\/theplayoffs.news\/fr\/d1\/lequipe-de-france-demarre-sa-campagne\/\",\"name\":\"Ligue des Nations foot US: L\\\\'Equipe de France d\u00e9marre sa campagne ce dimanche! - The Playoffs FR\",\"isPartOf\":{\"@id\":\"https:\/\/theplayoffs.news\/fr\/#website\"},\"primaryImageOfPage\":{\"@id\":\"https:\/\/theplayoffs.news\/fr\/d1\/lequipe-de-france-demarre-sa-campagne\/#primaryimage\"},\"image\":{\"@id\":\"https:\/\/theplayoffs.news\/fr\/d1\/lequipe-de-france-demarre-sa-campagne\/#primaryimage\"},\"thumbnailUrl\":\"https:\/\/theplayoffs.news\/fr\/wp-content\/uploads\/2024\/10\/Equipe-de-France.jpg\",\"datePublished\":\"2024-10-18T07:31:46+00:00\",\"dateModified\":\"2024-10-18T07:31:46+00:00\",\"author\":{\"@id\":\"https:\/\/theplayoffs.news\/fr\/#\/schema\/person\/def63bc6746dc5957469b75feb99e66d\"},\"breadcrumb\":{\"@id\":\"https:\/\/theplayoffs.news\/fr\/d1\/lequipe-de-france-demarre-sa-campagne\/#breadcrumb\"},\"inLanguage\":\"fr-FR\",\"potentialAction\":[{\"@type\":\"ReadAction\",\"target\":[\"https:\/\/theplayoffs.news\/fr\/d1\/lequipe-de-france-demarre-sa-campagne\/\"]}]},{\"@type\":\"ImageObject\",\"inLanguage\":\"fr-FR\",\"@id\":\"https:\/\/theplayoffs.news\/fr\/d1\/lequipe-de-france-demarre-sa-campagne\/#primaryimage\",\"url\":\"https:\/\/theplayoffs.news\/fr\/wp-content\/uploads\/2024\/10\/Equipe-de-France.jpg\",\"contentUrl\":\"https:\/\/theplayoffs.news\/fr\/wp-content\/uploads\/2024\/10\/Equipe-de-France.jpg\",\"width\":1200,\"height\":650,\"caption\":\"Equipe de France\"},{\"@type\":\"BreadcrumbList\",\"@id\":\"https:\/\/theplayoffs.news\/fr\/d1\/lequipe-de-france-demarre-sa-campagne\/#breadcrumb\",\"itemListElement\":[{\"@type\":\"ListItem\",\"position\":1,\"name\":\"Accueil\",\"item\":\"https:\/\/theplayoffs.news\/fr\/\"},{\"@type\":\"ListItem\",\"position\":2,\"name\":\"Ligue des Nations foot US: L&rsquo;Equipe de France d\u00e9marre sa campagne ce dimanche!\"}]},{\"@type\":\"WebSite\",\"@id\":\"https:\/\/theplayoffs.news\/fr\/#website\",\"url\":\"https:\/\/theplayoffs.news\/fr\/\",\"name\":\"The Playoffs FR\",\"description\":\"NBA-NFL-NHL-MLB\",\"potentialAction\":[{\"@type\":\"SearchAction\",\"target\":{\"@type\":\"EntryPoint\",\"urlTemplate\":\"https:\/\/theplayoffs.news\/fr\/?s={search_term_string}\"},\"query-input\":{\"@type\":\"PropertyValueSpecification\",\"valueRequired\":true,\"valueName\":\"search_term_string\"}}],\"inLanguage\":\"fr-FR\"},{\"@type\":\"Person\",\"@id\":\"https:\/\/theplayoffs.news\/fr\/#\/schema\/person\/def63bc6746dc5957469b75feb99e66d\",\"name\":\"Flavien Jumeau\",\"image\":{\"@type\":\"ImageObject\",\"inLanguage\":\"fr-FR\",\"@id\":\"https:\/\/theplayoffs.news\/fr\/#\/schema\/person\/image\/\",\"url\":\"https:\/\/secure.gravatar.com\/avatar\/e7fa8ba5a4b7e4ce35fe152f083f352db28ad0acce692004ed88a7a7d78893f7?s=96&d=mm&r=g\",\"contentUrl\":\"https:\/\/secure.gravatar.com\/avatar\/e7fa8ba5a4b7e4ce35fe152f083f352db28ad0acce692004ed88a7a7d78893f7?s=96&d=mm&r=g\",\"caption\":\"Flavien Jumeau\"},\"description\":\"Amoureux du sport (et de vraiment tous les sports) depuis mon plus jeune \u00e2ge, j\u2019ai longtemps h\u00e9site entre le snooker et le curling. Finalement c\u2019est le foot US que j\u2019ai d\u00e9cid\u00e9 de choisir! Responsable foot US sur TPO et animateur du podcast Tailgate j\u2019ai pour mission de vous faire d\u00e9couvrir ce sport passionnant si ce n\u2019est pas encore fait et de vous donner les derni\u00e8res actus. Le tout dans la bonne humeur et avec toujours un jeu de mots ou deux savamment distill\u00e9s! Fan des Saints, pour moi Drew Brees est le vrai GOAT!\",\"url\":\"https:\/\/theplayoffs.news\/fr\/author\/flavien-jumeaugmail-com\/\"}]}<\/script>\n<!-- \/ Yoast SEO plugin. -->","yoast_head_json":{"title":"Ligue des Nations foot US: L&#039;Equipe de France d&eacute;marre sa campagne ce dimanche! - The Playoffs FR","robots":{"index":"index","follow":"follow","max-snippet":"max-snippet:-1","max-image-preview":"max-image-preview:large","max-video-preview":"max-video-preview:-1"},"canonical":"https:\/\/theplayoffs.news\/fr\/d1\/lequipe-de-france-demarre-sa-campagne\/","og_locale":"fr_FR","og_type":"article","og_title":"Ligue des Nations foot US: L&#039;Equipe de France d&eacute;marre sa campagne ce dimanche! - The Playoffs FR","og_url":"https:\/\/theplayoffs.news\/fr\/d1\/lequipe-de-france-demarre-sa-campagne\/","og_site_name":"The Playoffs FR","article_publisher":"https:\/\/www.facebook.com\/TheFreeAgentFR\/","og_image":[{"width":1200,"height":650,"url":"https:\/\/theplayoffs.news\/fr\/wp-content\/uploads\/2024\/10\/Equipe-de-France.jpg","type":"image\/jpeg"}],"author":"Flavien Jumeau","twitter_card":"summary_large_image","twitter_creator":"@TheFreeAgentFR","twitter_site":"@TheFreeAgentFR","twitter_misc":{"\u00c9crit par":"Flavien Jumeau","Dur\u00e9e de lecture estim\u00e9e":"1 minute"},"schema":{"@context":"https:\/\/schema.org","@graph":[{"@type":"WebPage","@id":"https:\/\/theplayoffs.news\/fr\/d1\/lequipe-de-france-demarre-sa-campagne\/","url":"https:\/\/theplayoffs.news\/fr\/d1\/lequipe-de-france-demarre-sa-campagne\/","name":"Ligue des Nations foot US: L\\'Equipe de France d\u00e9marre sa campagne ce dimanche! - The Playoffs FR","isPartOf":{"@id":"https:\/\/theplayoffs.news\/fr\/#website"},"primaryImageOfPage":{"@id":"https:\/\/theplayoffs.news\/fr\/d1\/lequipe-de-france-demarre-sa-campagne\/#primaryimage"},"image":{"@id":"https:\/\/theplayoffs.news\/fr\/d1\/lequipe-de-france-demarre-sa-campagne\/#primaryimage"},"thumbnailUrl":"https:\/\/theplayoffs.news\/fr\/wp-content\/uploads\/2024\/10\/Equipe-de-France.jpg","datePublished":"2024-10-18T07:31:46+00:00","dateModified":"2024-10-18T07:31:46+00:00","author":{"@id":"https:\/\/theplayoffs.news\/fr\/#\/schema\/person\/def63bc6746dc5957469b75feb99e66d"},"breadcrumb":{"@id":"https:\/\/theplayoffs.news\/fr\/d1\/lequipe-de-france-demarre-sa-campagne\/#breadcrumb"},"inLanguage":"fr-FR","potentialAction":[{"@type":"ReadAction","target":["https:\/\/theplayoffs.news\/fr\/d1\/lequipe-de-france-demarre-sa-campagne\/"]}]},{"@type":"ImageObject","inLanguage":"fr-FR","@id":"https:\/\/theplayoffs.news\/fr\/d1\/lequipe-de-france-demarre-sa-campagne\/#primaryimage","url":"https:\/\/theplayoffs.news\/fr\/wp-content\/uploads\/2024\/10\/Equipe-de-France.jpg","contentUrl":"https:\/\/theplayoffs.news\/fr\/wp-content\/uploads\/2024\/10\/Equipe-de-France.jpg","width":1200,"height":650,"caption":"Equipe de France"},{"@type":"BreadcrumbList","@id":"https:\/\/theplayoffs.news\/fr\/d1\/lequipe-de-france-demarre-sa-campagne\/#breadcrumb","itemListElement":[{"@type":"ListItem","position":1,"name":"Accueil","item":"https:\/\/theplayoffs.news\/fr\/"},{"@type":"ListItem","position":2,"name":"Ligue des Nations foot US: L&rsquo;Equipe de France d\u00e9marre sa campagne ce dimanche!"}]},{"@type":"WebSite","@id":"https:\/\/theplayoffs.news\/fr\/#website","url":"https:\/\/theplayoffs.news\/fr\/","name":"The Playoffs FR","description":"NBA-NFL-NHL-MLB","potentialAction":[{"@type":"SearchAction","target":{"@type":"EntryPoint","urlTemplate":"https:\/\/theplayoffs.news\/fr\/?s={search_term_string}"},"query-input":{"@type":"PropertyValueSpecification","valueRequired":true,"valueName":"search_term_string"}}],"inLanguage":"fr-FR"},{"@type":"Person","@id":"https:\/\/theplayoffs.news\/fr\/#\/schema\/person\/def63bc6746dc5957469b75feb99e66d","name":"Flavien Jumeau","image":{"@type":"ImageObject","inLanguage":"fr-FR","@id":"https:\/\/theplayoffs.news\/fr\/#\/schema\/person\/image\/","url":"https:\/\/secure.gravatar.com\/avatar\/e7fa8ba5a4b7e4ce35fe152f083f352db28ad0acce692004ed88a7a7d78893f7?s=96&d=mm&r=g","contentUrl":"https:\/\/secure.gravatar.com\/avatar\/e7fa8ba5a4b7e4ce35fe152f083f352db28ad0acce692004ed88a7a7d78893f7?s=96&d=mm&r=g","caption":"Flavien Jumeau"},"description":"Amoureux du sport (et de vraiment tous les sports) depuis mon plus jeune \u00e2ge, j\u2019ai longtemps h\u00e9site entre le snooker et le curling. Finalement c\u2019est le foot US que j\u2019ai d\u00e9cid\u00e9 de choisir! Responsable foot US sur TPO et animateur du podcast Tailgate j\u2019ai pour mission de vous faire d\u00e9couvrir ce sport passionnant si ce n\u2019est pas encore fait et de vous donner les derni\u00e8res actus. Le tout dans la bonne humeur et avec toujours un jeu de mots ou deux savamment distill\u00e9s! Fan des Saints, pour moi Drew Brees est le vrai GOAT!","url":"https:\/\/theplayoffs.news\/fr\/author\/flavien-jumeaugmail-com\/"}]}},"_links":{"self":[{"href":"https:\/\/theplayoffs.news\/fr\/wp-json\/wp\/v2\/posts\/1463402","targetHints":{"allow":["GET"]}}],"collection":[{"href":"https:\/\/theplayoffs.news\/fr\/wp-json\/wp\/v2\/posts"}],"about":[{"href":"https:\/\/theplayoffs.news\/fr\/wp-json\/wp\/v2\/types\/post"}],"author":[{"embeddable":true,"href":"https:\/\/theplayoffs.news\/fr\/wp-json\/wp\/v2\/users\/180309964"}],"replies":[{"embeddable":true,"href":"https:\/\/theplayoffs.news\/fr\/wp-json\/wp\/v2\/comments?post=1463402"}],"version-history":[{"count":3,"href":"https:\/\/theplayoffs.news\/fr\/wp-json\/wp\/v2\/posts\/1463402\/revisions"}],"predecessor-version":[{"id":1463406,"href":"https:\/\/theplayoffs.news\/fr\/wp-json\/wp\/v2\/posts\/1463402\/revisions\/1463406"}],"wp:featuredmedia":[{"embeddable":true,"href":"https:\/\/theplayoffs.news\/fr\/wp-json\/wp\/v2\/media\/1463403"}],"wp:attachment":[{"href":"https:\/\/theplayoffs.news\/fr\/wp-json\/wp\/v2\/media?parent=1463402"}],"wp:term":[{"taxonomy":"category","embeddable":true,"href":"https:\/\/theplayoffs.news\/fr\/wp-json\/wp\/v2\/categories?post=1463402"},{"taxonomy":"post_tag","embeddable":true,"href":"https:\/\/theplayoffs.news\/fr\/wp-json\/wp\/v2\/tags?post=1463402"},{"taxonomy":"sport","embeddable":true,"href":"https:\/\/theplayoffs.news\/fr\/wp-json\/wp\/v2\/sport?post=1463402"},{"taxonomy":"saison","embeddable":true,"href":"https:\/\/theplayoffs.news\/fr\/wp-json\/wp\/v2\/saison?post=1463402"}],"curies":[{"name":"wp","href":"https:\/\/api.w.org\/{rel}","templated":true}]}}