{"id":1463394,"date":"2024-10-18T08:26:42","date_gmt":"2024-10-18T06:26:42","guid":{"rendered":"https:\/\/theplayoffs.news\/fr\/?p=1463394"},"modified":"2024-10-18T08:26:42","modified_gmt":"2024-10-18T06:26:42","slug":"new-orleans-saints-saison-shaheed-adebo","status":"publish","type":"post","link":"https:\/\/theplayoffs.news\/fr\/actualite-nfl\/new-orleans-saints-saison-shaheed-adebo\/","title":{"rendered":"New Orleans Saints: Saison 2024 termin\u00e9e pour Rashid Shaheed et Paulson Adebo!"},"content":{"rendered":"<h2>NFL &ndash; Les New Orleans Saints font face &agrave; une v&eacute;ritable vague de blessures depuis plusieurs semaines.<\/h2><p>Chez les New Orleans Saints, l&rsquo;infirmerie semble se remplir beaucoup plus vite en ce d&eacute;but de saison 2024 que le compteur de victoires de la franchise de NFC Sud. Battue une nouvelle fois dans les grandes largeurs par les Denver Broncos ce jeudi soir (<a href=\"https:\/\/theplayoffs.news\/fr\/nfl\/nfl-week-7-les-broncos-lemportent-chez-les-saints-33-10\/\" class=\"trk-cta-link\" data-cta-trk='{\"ctaType\":\"Link\",\"ctaSubType\":\"main\"}'>33-10<\/a>), les Saints devront de plus composer avec l&rsquo;absence de deux pi&egrave;ces importantes de l&rsquo;&eacute;quipe pour la suite de cette saison: Rashid Shaheed et Paulson Adebo.<\/p><p>Bless&eacute; lors de la week 6 face aux Buccaneers, Rashid Shaheed n&rsquo;&eacute;tait pas pr&eacute;sent sur le terrain ce jeudi et devait passer par la case h&ocirc;pital pour tenter de r&eacute;parer son m&eacute;nisque ab&icirc;m&eacute;. Malheureusement pour lui et pour les New Orleans Saints, le joueur ne pourra pas retrouver les terrains lors de cette saison 2024. Une grosse perte dans le jeu offensif des Saints car Shaheed &eacute;tait devenu le sp&eacute;cialiste des gros jeux offensifs depuis le d&eacute;but de saison et &eacute;tait &eacute;galement utilis&eacute; pour les retours de coups de pied.<\/p><blockquote class=\"twitter-tweet\" data-width=\"500\" data-dnt=\"true\">\n<p lang=\"en\" dir=\"ltr\"><a href=\"https:\/\/twitter.com\/hashtag\/Saints?src=hash&amp;ref_src=twsrc%5Etfw\" class=\"trk-cta-link\" data-cta-trk='{\"ctaType\":\"Link\",\"ctaSubType\":\"main\"}'>#Saints<\/a> Paulson Adebo down on the field <a href=\"https:\/\/twitter.com\/hashtag\/NFL?src=hash&amp;ref_src=twsrc%5Etfw\" class=\"trk-cta-link\" data-cta-trk='{\"ctaType\":\"Link\",\"ctaSubType\":\"main\"}'>#NFL<\/a> <a href=\"https:\/\/t.co\/6GzpU5XTAR\" class=\"trk-cta-link\" data-cta-trk='{\"ctaType\":\"Link\",\"ctaSubType\":\"main\"}'>pic.twitter.com\/6GzpU5XTAR<\/a><\/p>\n<p>&mdash; Tanner Phifer (@TannerPhifer) <a href=\"https:\/\/twitter.com\/TannerPhifer\/status\/1847082024164561076?ref_src=twsrc%5Etfw\" class=\"trk-cta-link\" data-cta-trk='{\"ctaType\":\"Link\",\"ctaSubType\":\"main\"}'>October 18, 2024<\/a><\/p><\/blockquote><p><script async src=\"https:\/\/platform.twitter.com\/widgets.js\" charset=\"utf-8\"><\/script><\/p><p>D&eacute;j&agrave; bien diminu&eacute;s avant la week 7, les New Orleans Saints ont connu <a href=\"https:\/\/www.nbcsports.com\/nfl\/profootballtalk\/rumor-mill\/news\/marshon-lattimore-ruled-out-with-hamstring-injury-paulson-adebo-transported-to-hospital\" class=\"trk-cta-link\" data-cta-trk='{\"ctaType\":\"Link\",\"ctaSubType\":\"main\"}'>deux blessures dans le backfield d&eacute;fensif ce jeudi<\/a>. Si Marshon Lattimore a quitt&eacute; plus t&ocirc;t la pelouse en raison d&rsquo;une blessure aux ischio-jambiers, c&rsquo;est un autre d&eacute;fenseur, Paulson Adebo, qui a vu sa saison se terminer pr&eacute;matur&eacute;ment ce jeudi. Le d&eacute;fenseur des Saints souffre d&rsquo;une fracture du f&eacute;mur qui devrait le tenir &eacute;loign&eacute; des terrains pendant de longs mois.<\/p><p>Touch&eacute;s en d&eacute;fense, d&eacute;cim&eacute;s en attaque, affaiblis en &eacute;quipe sp&eacute;ciale, les New Orleans Saints doivent bricoler de plus en plus leur effectif et ne pourront presque pas se renforcer avant la trade deadline en raison d&rsquo;un cap space disponible r&eacute;duit &agrave; la portion congrue. C&rsquo;est une suite de saison 2024 tr&egrave;s sombre qui s&rsquo;annonce en Louisiane.<\/p><p><em>Cr&eacute;dit photo: Matthew Hinton-Imagn Images<\/em><\/p>\n","protected":false},"excerpt":{"rendered":"","protected":false},"author":180309964,"featured_media":1463399,"comment_status":"open","ping_status":"closed","sticky":false,"template":"","format":"standard","meta":{"inline_featured_image":false,"kia_subtitle":"","_mux_skip_reasons":[],"proofreadBy":0,"footnotes":""},"categories":[118,40],"tags":[994,7795,7796],"sport":[2785],"saison":[6111],"class_list":["post-1463394","post","type-post","status-publish","format-standard","has-post-thumbnail","hentry","category-actualite-nfl","category-nfl","tag-new-orleans-saints","tag-paulson-adebo","tag-rashid-shaheed","sport-nfl","saison-6111"],"acf":[],"yoast_head":"<!-- This site is optimized with the Yoast SEO plugin v24.2 - https:\/\/yoast.com\/wordpress\/plugins\/seo\/ -->\n<title>New Orleans Saints: Saison 2024 termin&eacute;e pour Rashid Shaheed et Paulson Adebo! - The Playoffs FR<\/title>\n<meta name=\"robots\" content=\"index, follow, max-snippet:-1, max-image-preview:large, max-video-preview:-1\" \/>\n<link rel=\"canonical\" href=\"https:\/\/theplayoffs.news\/fr\/actualite-nfl\/new-orleans-saints-saison-shaheed-adebo\/\" \/>\n<meta property=\"og:locale\" content=\"fr_FR\" \/>\n<meta property=\"og:type\" content=\"article\" \/>\n<meta property=\"og:title\" content=\"New Orleans Saints: Saison 2024 termin&eacute;e pour Rashid Shaheed et Paulson Adebo! - The Playoffs FR\" \/>\n<meta property=\"og:url\" content=\"https:\/\/theplayoffs.news\/fr\/actualite-nfl\/new-orleans-saints-saison-shaheed-adebo\/\" \/>\n<meta property=\"og:site_name\" content=\"The Playoffs FR\" \/>\n<meta property=\"article:publisher\" content=\"https:\/\/www.facebook.com\/TheFreeAgentFR\/\" \/>\n<meta property=\"article:modified_time\" content=\"2024-10-18T08:26:42+02:00\" \/>\n<meta property=\"og:image\" content=\"https:\/\/theplayoffs.news\/fr\/wp-content\/uploads\/2024\/10\/USATSI_24516359.jpg\" \/>\n\t<meta property=\"og:image:width\" content=\"1920\" \/>\n\t<meta property=\"og:image:height\" content=\"1280\" \/>\n\t<meta property=\"og:image:type\" content=\"image\/jpeg\" \/>\n<meta name=\"author\" content=\"Flavien Jumeau\" \/>\n<meta name=\"twitter:card\" content=\"summary_large_image\" \/>\n<meta name=\"twitter:creator\" content=\"@TheFreeAgentFR\" \/>\n<meta name=\"twitter:site\" content=\"@TheFreeAgentFR\" \/>\n<meta name=\"twitter:label1\" content=\"\u00c9crit par\" \/>\n\t<meta name=\"twitter:data1\" content=\"Flavien Jumeau\" \/>\n\t<meta name=\"twitter:label2\" content=\"Dur\u00e9e de lecture estim\u00e9e\" \/>\n\t<meta name=\"twitter:data2\" content=\"2 minutes\" \/>\n<script type=\"application\/ld+json\" class=\"yoast-schema-graph\">{\"@context\":\"https:\/\/schema.org\",\"@graph\":[{\"@type\":\"WebPage\",\"@id\":\"https:\/\/theplayoffs.news\/fr\/actualite-nfl\/new-orleans-saints-saison-shaheed-adebo\/\",\"url\":\"https:\/\/theplayoffs.news\/fr\/actualite-nfl\/new-orleans-saints-saison-shaheed-adebo\/\",\"name\":\"New Orleans Saints: Saison 2024 termin\u00e9e pour Rashid Shaheed et Paulson Adebo! - The Playoffs FR\",\"isPartOf\":{\"@id\":\"https:\/\/theplayoffs.news\/fr\/#website\"},\"primaryImageOfPage\":{\"@id\":\"https:\/\/theplayoffs.news\/fr\/actualite-nfl\/new-orleans-saints-saison-shaheed-adebo\/#primaryimage\"},\"image\":{\"@id\":\"https:\/\/theplayoffs.news\/fr\/actualite-nfl\/new-orleans-saints-saison-shaheed-adebo\/#primaryimage\"},\"thumbnailUrl\":\"https:\/\/theplayoffs.news\/fr\/wp-content\/uploads\/2024\/10\/USATSI_24516359.jpg\",\"datePublished\":\"2024-10-18T06:26:42+00:00\",\"dateModified\":\"2024-10-18T06:26:42+00:00\",\"author\":{\"@id\":\"https:\/\/theplayoffs.news\/fr\/#\/schema\/person\/def63bc6746dc5957469b75feb99e66d\"},\"breadcrumb\":{\"@id\":\"https:\/\/theplayoffs.news\/fr\/actualite-nfl\/new-orleans-saints-saison-shaheed-adebo\/#breadcrumb\"},\"inLanguage\":\"fr-FR\",\"potentialAction\":[{\"@type\":\"ReadAction\",\"target\":[\"https:\/\/theplayoffs.news\/fr\/actualite-nfl\/new-orleans-saints-saison-shaheed-adebo\/\"]}]},{\"@type\":\"ImageObject\",\"inLanguage\":\"fr-FR\",\"@id\":\"https:\/\/theplayoffs.news\/fr\/actualite-nfl\/new-orleans-saints-saison-shaheed-adebo\/#primaryimage\",\"url\":\"https:\/\/theplayoffs.news\/fr\/wp-content\/uploads\/2024\/10\/USATSI_24516359.jpg\",\"contentUrl\":\"https:\/\/theplayoffs.news\/fr\/wp-content\/uploads\/2024\/10\/USATSI_24516359.jpg\",\"width\":1920,\"height\":1280,\"caption\":\"Oct 17, 2024; New Orleans, Louisiana, USA; New Orleans Saints cornerback Paulson Adebo (29) leaves the field with an injury during the second quarter against the Denver Broncos at Caesars Superdome. Mandatory Credit: Matthew Hinton-Imagn Images\"},{\"@type\":\"BreadcrumbList\",\"@id\":\"https:\/\/theplayoffs.news\/fr\/actualite-nfl\/new-orleans-saints-saison-shaheed-adebo\/#breadcrumb\",\"itemListElement\":[{\"@type\":\"ListItem\",\"position\":1,\"name\":\"Accueil\",\"item\":\"https:\/\/theplayoffs.news\/fr\/\"},{\"@type\":\"ListItem\",\"position\":2,\"name\":\"New Orleans Saints: Saison 2024 termin\u00e9e pour Rashid Shaheed et Paulson Adebo!\"}]},{\"@type\":\"WebSite\",\"@id\":\"https:\/\/theplayoffs.news\/fr\/#website\",\"url\":\"https:\/\/theplayoffs.news\/fr\/\",\"name\":\"The Playoffs FR\",\"description\":\"NBA-NFL-NHL-MLB\",\"potentialAction\":[{\"@type\":\"SearchAction\",\"target\":{\"@type\":\"EntryPoint\",\"urlTemplate\":\"https:\/\/theplayoffs.news\/fr\/?s={search_term_string}\"},\"query-input\":{\"@type\":\"PropertyValueSpecification\",\"valueRequired\":true,\"valueName\":\"search_term_string\"}}],\"inLanguage\":\"fr-FR\"},{\"@type\":\"Person\",\"@id\":\"https:\/\/theplayoffs.news\/fr\/#\/schema\/person\/def63bc6746dc5957469b75feb99e66d\",\"name\":\"Flavien Jumeau\",\"image\":{\"@type\":\"ImageObject\",\"inLanguage\":\"fr-FR\",\"@id\":\"https:\/\/theplayoffs.news\/fr\/#\/schema\/person\/image\/\",\"url\":\"https:\/\/secure.gravatar.com\/avatar\/e7fa8ba5a4b7e4ce35fe152f083f352db28ad0acce692004ed88a7a7d78893f7?s=96&d=mm&r=g\",\"contentUrl\":\"https:\/\/secure.gravatar.com\/avatar\/e7fa8ba5a4b7e4ce35fe152f083f352db28ad0acce692004ed88a7a7d78893f7?s=96&d=mm&r=g\",\"caption\":\"Flavien Jumeau\"},\"description\":\"Amoureux du sport (et de vraiment tous les sports) depuis mon plus jeune \u00e2ge, j\u2019ai longtemps h\u00e9site entre le snooker et le curling. Finalement c\u2019est le foot US que j\u2019ai d\u00e9cid\u00e9 de choisir! Responsable foot US sur TPO et animateur du podcast Tailgate j\u2019ai pour mission de vous faire d\u00e9couvrir ce sport passionnant si ce n\u2019est pas encore fait et de vous donner les derni\u00e8res actus. Le tout dans la bonne humeur et avec toujours un jeu de mots ou deux savamment distill\u00e9s! Fan des Saints, pour moi Drew Brees est le vrai GOAT!\",\"url\":\"https:\/\/theplayoffs.news\/fr\/author\/flavien-jumeaugmail-com\/\"}]}<\/script>\n<!-- \/ Yoast SEO plugin. -->","yoast_head_json":{"title":"New Orleans Saints: Saison 2024 termin&eacute;e pour Rashid Shaheed et Paulson Adebo! - The Playoffs FR","robots":{"index":"index","follow":"follow","max-snippet":"max-snippet:-1","max-image-preview":"max-image-preview:large","max-video-preview":"max-video-preview:-1"},"canonical":"https:\/\/theplayoffs.news\/fr\/actualite-nfl\/new-orleans-saints-saison-shaheed-adebo\/","og_locale":"fr_FR","og_type":"article","og_title":"New Orleans Saints: Saison 2024 termin&eacute;e pour Rashid Shaheed et Paulson Adebo! - The Playoffs FR","og_url":"https:\/\/theplayoffs.news\/fr\/actualite-nfl\/new-orleans-saints-saison-shaheed-adebo\/","og_site_name":"The Playoffs FR","article_publisher":"https:\/\/www.facebook.com\/TheFreeAgentFR\/","og_image":[{"width":1920,"height":1280,"url":"https:\/\/theplayoffs.news\/fr\/wp-content\/uploads\/2024\/10\/USATSI_24516359.jpg","type":"image\/jpeg"}],"author":"Flavien Jumeau","twitter_card":"summary_large_image","twitter_creator":"@TheFreeAgentFR","twitter_site":"@TheFreeAgentFR","twitter_misc":{"\u00c9crit par":"Flavien Jumeau","Dur\u00e9e de lecture estim\u00e9e":"2 minutes"},"schema":{"@context":"https:\/\/schema.org","@graph":[{"@type":"WebPage","@id":"https:\/\/theplayoffs.news\/fr\/actualite-nfl\/new-orleans-saints-saison-shaheed-adebo\/","url":"https:\/\/theplayoffs.news\/fr\/actualite-nfl\/new-orleans-saints-saison-shaheed-adebo\/","name":"New Orleans Saints: Saison 2024 termin\u00e9e pour Rashid Shaheed et Paulson Adebo! - The Playoffs FR","isPartOf":{"@id":"https:\/\/theplayoffs.news\/fr\/#website"},"primaryImageOfPage":{"@id":"https:\/\/theplayoffs.news\/fr\/actualite-nfl\/new-orleans-saints-saison-shaheed-adebo\/#primaryimage"},"image":{"@id":"https:\/\/theplayoffs.news\/fr\/actualite-nfl\/new-orleans-saints-saison-shaheed-adebo\/#primaryimage"},"thumbnailUrl":"https:\/\/theplayoffs.news\/fr\/wp-content\/uploads\/2024\/10\/USATSI_24516359.jpg","datePublished":"2024-10-18T06:26:42+00:00","dateModified":"2024-10-18T06:26:42+00:00","author":{"@id":"https:\/\/theplayoffs.news\/fr\/#\/schema\/person\/def63bc6746dc5957469b75feb99e66d"},"breadcrumb":{"@id":"https:\/\/theplayoffs.news\/fr\/actualite-nfl\/new-orleans-saints-saison-shaheed-adebo\/#breadcrumb"},"inLanguage":"fr-FR","potentialAction":[{"@type":"ReadAction","target":["https:\/\/theplayoffs.news\/fr\/actualite-nfl\/new-orleans-saints-saison-shaheed-adebo\/"]}]},{"@type":"ImageObject","inLanguage":"fr-FR","@id":"https:\/\/theplayoffs.news\/fr\/actualite-nfl\/new-orleans-saints-saison-shaheed-adebo\/#primaryimage","url":"https:\/\/theplayoffs.news\/fr\/wp-content\/uploads\/2024\/10\/USATSI_24516359.jpg","contentUrl":"https:\/\/theplayoffs.news\/fr\/wp-content\/uploads\/2024\/10\/USATSI_24516359.jpg","width":1920,"height":1280,"caption":"Oct 17, 2024; New Orleans, Louisiana, USA; New Orleans Saints cornerback Paulson Adebo (29) leaves the field with an injury during the second quarter against the Denver Broncos at Caesars Superdome. Mandatory Credit: Matthew Hinton-Imagn Images"},{"@type":"BreadcrumbList","@id":"https:\/\/theplayoffs.news\/fr\/actualite-nfl\/new-orleans-saints-saison-shaheed-adebo\/#breadcrumb","itemListElement":[{"@type":"ListItem","position":1,"name":"Accueil","item":"https:\/\/theplayoffs.news\/fr\/"},{"@type":"ListItem","position":2,"name":"New Orleans Saints: Saison 2024 termin\u00e9e pour Rashid Shaheed et Paulson Adebo!"}]},{"@type":"WebSite","@id":"https:\/\/theplayoffs.news\/fr\/#website","url":"https:\/\/theplayoffs.news\/fr\/","name":"The Playoffs FR","description":"NBA-NFL-NHL-MLB","potentialAction":[{"@type":"SearchAction","target":{"@type":"EntryPoint","urlTemplate":"https:\/\/theplayoffs.news\/fr\/?s={search_term_string}"},"query-input":{"@type":"PropertyValueSpecification","valueRequired":true,"valueName":"search_term_string"}}],"inLanguage":"fr-FR"},{"@type":"Person","@id":"https:\/\/theplayoffs.news\/fr\/#\/schema\/person\/def63bc6746dc5957469b75feb99e66d","name":"Flavien Jumeau","image":{"@type":"ImageObject","inLanguage":"fr-FR","@id":"https:\/\/theplayoffs.news\/fr\/#\/schema\/person\/image\/","url":"https:\/\/secure.gravatar.com\/avatar\/e7fa8ba5a4b7e4ce35fe152f083f352db28ad0acce692004ed88a7a7d78893f7?s=96&d=mm&r=g","contentUrl":"https:\/\/secure.gravatar.com\/avatar\/e7fa8ba5a4b7e4ce35fe152f083f352db28ad0acce692004ed88a7a7d78893f7?s=96&d=mm&r=g","caption":"Flavien Jumeau"},"description":"Amoureux du sport (et de vraiment tous les sports) depuis mon plus jeune \u00e2ge, j\u2019ai longtemps h\u00e9site entre le snooker et le curling. Finalement c\u2019est le foot US que j\u2019ai d\u00e9cid\u00e9 de choisir! Responsable foot US sur TPO et animateur du podcast Tailgate j\u2019ai pour mission de vous faire d\u00e9couvrir ce sport passionnant si ce n\u2019est pas encore fait et de vous donner les derni\u00e8res actus. Le tout dans la bonne humeur et avec toujours un jeu de mots ou deux savamment distill\u00e9s! Fan des Saints, pour moi Drew Brees est le vrai GOAT!","url":"https:\/\/theplayoffs.news\/fr\/author\/flavien-jumeaugmail-com\/"}]}},"_links":{"self":[{"href":"https:\/\/theplayoffs.news\/fr\/wp-json\/wp\/v2\/posts\/1463394","targetHints":{"allow":["GET"]}}],"collection":[{"href":"https:\/\/theplayoffs.news\/fr\/wp-json\/wp\/v2\/posts"}],"about":[{"href":"https:\/\/theplayoffs.news\/fr\/wp-json\/wp\/v2\/types\/post"}],"author":[{"embeddable":true,"href":"https:\/\/theplayoffs.news\/fr\/wp-json\/wp\/v2\/users\/180309964"}],"replies":[{"embeddable":true,"href":"https:\/\/theplayoffs.news\/fr\/wp-json\/wp\/v2\/comments?post=1463394"}],"version-history":[{"count":3,"href":"https:\/\/theplayoffs.news\/fr\/wp-json\/wp\/v2\/posts\/1463394\/revisions"}],"predecessor-version":[{"id":1463503,"href":"https:\/\/theplayoffs.news\/fr\/wp-json\/wp\/v2\/posts\/1463394\/revisions\/1463503"}],"wp:featuredmedia":[{"embeddable":true,"href":"https:\/\/theplayoffs.news\/fr\/wp-json\/wp\/v2\/media\/1463399"}],"wp:attachment":[{"href":"https:\/\/theplayoffs.news\/fr\/wp-json\/wp\/v2\/media?parent=1463394"}],"wp:term":[{"taxonomy":"category","embeddable":true,"href":"https:\/\/theplayoffs.news\/fr\/wp-json\/wp\/v2\/categories?post=1463394"},{"taxonomy":"post_tag","embeddable":true,"href":"https:\/\/theplayoffs.news\/fr\/wp-json\/wp\/v2\/tags?post=1463394"},{"taxonomy":"sport","embeddable":true,"href":"https:\/\/theplayoffs.news\/fr\/wp-json\/wp\/v2\/sport?post=1463394"},{"taxonomy":"saison","embeddable":true,"href":"https:\/\/theplayoffs.news\/fr\/wp-json\/wp\/v2\/saison?post=1463394"}],"curies":[{"name":"wp","href":"https:\/\/api.w.org\/{rel}","templated":true}]}}