{"id":1463167,"date":"2024-10-16T20:34:37","date_gmt":"2024-10-16T18:34:37","guid":{"rendered":"https:\/\/theplayoffs.news\/fr\/?p=1463167"},"modified":"2024-10-16T20:34:37","modified_gmt":"2024-10-16T18:34:37","slug":"nba-24-25-presentation-des-francais","status":"publish","type":"post","link":"https:\/\/theplayoffs.news\/fr\/actualite-nba\/nba-24-25-presentation-des-francais\/","title":{"rendered":"NBA 24\/25 : Pr\u00e9sentation des Fran\u00e7ais"},"content":{"rendered":"<h2>C&rsquo;est maintenant une habitude. Un fort contingent de basketteur Fran&ccedil;ais foulera les parquets de la NBA cette saison. Pr&eacute;sentation rapide de nos athl&egrave;tes.<\/h2><p>&nbsp;<\/p><p><strong><em>Nicolas Batum&nbsp;:<\/em><\/strong><\/p><ul>\n<li>Age : 36 ans<\/li>\n<li>Taille : 2.03 m<\/li>\n<li>Position : Aillier \/ Aillier fort<\/li>\n<li>Franchise : <a href=\"https:\/\/theplayoffs.news\/fr\/equipe\/la-clippers-nba\/\" class=\"trk-cta-link\" data-cta-trk='{\"ctaType\":\"Link\",\"ctaSubType\":\"main\"}'>Clippers de Los Angeles<\/a><\/li>\n<li>Contrat : 9.6 M$ garanti sur 2 ans<\/li>\n<li>Exp&eacute;rience en NBA : Arriv&eacute;e en 2008 (17ieme saison)<\/li>\n<\/ul><p>Nicolas Batum entame une 17ieme saison en NBA, et retrouve les Clippers, qui l&rsquo;avaient relanc&eacute;<br>\napr&egrave;s son passage &agrave; Charlotte. Un contrat qui sonne un peu comme son dernier en NBA, lui qui avait<br>\nm&ecirc;me pens&eacute; &agrave; arr&ecirc;ter d&egrave;s cet &eacute;t&eacute;.<\/p><p>&nbsp;<\/p><p><em><strong>Sidy Cissoko&nbsp;:<\/strong><\/em><\/p><ul>\n<li>Age&nbsp;: 20 ans<\/li>\n<li>Taille&nbsp;: 1.97 m<\/li>\n<li>Position&nbsp;: Meneur \/ Arri&egrave;re<\/li>\n<li>Franchise&nbsp;: Spurs de San Antonio<\/li>\n<li>Contrat&nbsp;: 1 an garanti (1.9M$) + 1 an non garanti (2.2m$)<\/li>\n<li>Exp&eacute;rience en NBA&nbsp;: Sophomore (Draft&eacute; en 44ieme position en 2023)<\/li>\n<\/ul><p>L&rsquo;autre fran&ccedil;ais des Spurs. Il entame sa seconde ann&eacute;e en NBA, apr&egrave;s n&rsquo;avoir eu que des miette lors de la premi&egrave;re. Difficile de savoir r&eacute;ellement s&rsquo;il va avoir des rotations. La drat d&rsquo;un meneur de jeu par les Spurs cette ann&eacute;e pourrait l&rsquo;&eacute;loigner des parquets de la NBA.<\/p><p>&nbsp;<\/p><p><em><strong>Bilal Coulibaly<\/strong><\/em><\/p><ul>\n<li>Age&nbsp;: 20 ans<\/li>\n<li>Taille&nbsp;: 2.01 m<\/li>\n<li>Position&nbsp;: Arri&egrave;re<\/li>\n<li>Franchise&nbsp;: Wizards de Washington<\/li>\n<li>Contrat&nbsp;: 6.9 M$ sur 1 an, 2 ans en Team-option<\/li>\n<li>Exp&eacute;rience en NBA&nbsp;: Sophomore (Draft&eacute; en 7ieme position en 2023)<\/li>\n<\/ul><p>Arriv&eacute; dans l&rsquo;ombre de Victor Wembanyama lors de la derni&egrave;re draft, le fran&ccedil;ais a su s&rsquo;imposer dans l&rsquo;effectif jeune des Washington. Starter pendant la fin de la saison pr&eacute;c&eacute;dente, il &eacute;tait le seul &laquo;&nbsp;intransf&eacute;rable&nbsp;&raquo; de l&rsquo;effectif des Wizards. La franchise compte donc sur lui pour son avenir.<\/p><p>&nbsp;<\/p><p><em><strong>Pac&ocirc;me Dadiet<\/strong><\/em><\/p><ul>\n<li>Age&nbsp;: 19 ans<\/li>\n<li>Taille&nbsp;: 2.03 m<\/li>\n<li>Position&nbsp;: Ailier<\/li>\n<li>Franchise: Knicks de New York<\/li>\n<li>Contrat&nbsp;: 3.7 M$ sur 2 ans, + 2 ans en Team-option<\/li>\n<li>Exp&eacute;rience en NBA&nbsp;: Rookie (Draft&eacute; au 1<sup>er<\/sup> tour en 25ieme position)<\/li>\n<\/ul><p>Un Fran&ccedil;ais &agrave; New York&nbsp;! L&rsquo;histoire des Fran&ccedil;ais avec les Knicks n&rsquo;a jamais &eacute;t&eacute; un long fleuve tranquille. Fournier, Ntlikina&hellip; Le Garden n&rsquo;est pas un endroit calme. L&rsquo;ailier aura fort &agrave; faire pour s&rsquo;int&eacute;grer et avoir des minutes dans un effectif dirig&eacute; par Tom Thibodeau.<\/p><p>&nbsp;<\/p><p><em><strong>Moussa Diabat&eacute;<\/strong><\/em><\/p><ul>\n<li>Age&nbsp;: 22 ans<\/li>\n<li>Taille&nbsp;: 2.07 m<\/li>\n<li>Position&nbsp;: Pivot<\/li>\n<li>Franchise&nbsp;: Hornets de Charlotte<\/li>\n<li>Contrat&nbsp;: Two-Way contract (578 K&euro;) pour 1 an<\/li>\n<li>Exp&eacute;rience en NBA&nbsp;: 3ieme ann&eacute;e<\/li>\n<\/ul><p>Moussa aura certainement beaucoup de difficult&eacute; &agrave; trouv&eacute; sa place chez les Hornets. Assez bon en G-League, son contrat lui permettra d&rsquo;avoir des minutes dans la seconde ligue am&eacute;ricaine. Cette ann&eacute;e ressemble un peu &agrave; une derni&egrave;re chance pour lui.<\/p><p>&nbsp;<\/p><p><em><strong>Ousmane Dieng<\/strong><\/em><\/p><ul>\n<li>Age&nbsp;: 21 ans<\/li>\n<li>Taille&nbsp;: 2.06 m<\/li>\n<li>Position&nbsp;: Ailier \/ Ailier fort<\/li>\n<li>Franchise&nbsp;: Thunder de Oklaoma City<\/li>\n<li>Contrat&nbsp;: 5 M$ sur 1 an, +1 an en Team option<\/li>\n<li>Exp&eacute;rience en NBA&nbsp;: 3ieme ann&eacute;e<\/li>\n<\/ul><p>Il tourne entre 30 et 40 matchs jou&eacute; pendant la saison depuis 2 ans &agrave; Oklaoma City. Ce devrait &ecirc;tre similaire cette saison, dans une franchise qui aura des objectifs tr&egrave;s &eacute;lev&eacute;s. Pour lui, l&rsquo;important sera de se faire remarquer pour continuer l&rsquo;aventure dans la grande ligue.<\/p><p>&nbsp;<\/p><p><em><strong>Rudy Gobert<\/strong><\/em><\/p><ul>\n<li>Age&nbsp;: 32 ans<\/li>\n<li>Taille&nbsp;: 2.15 m<\/li>\n<li>Position&nbsp;: Pivot<\/li>\n<li>Franchise&nbsp;: Timberwolves du Minnesota<\/li>\n<li>Contrat&nbsp;: 43.8 M$ sur 1 an, +1 an en Player Option (46.6 M$)<\/li>\n<li>Exp&eacute;rience en NBA&nbsp;: 12ieme saison<\/li>\n<\/ul><p>Meilleur d&eacute;fenseur de la saison derni&egrave;re, Rudy entame sa 12ieme saison avec la m&ecirc;me ambition de dominer en d&eacute;fense. Carl Anthony Towns parti, il sera le seul maitre de la raquette dans le Minnesota. Son entente avec Anthony Edwards sera un des points &agrave; scruter.<\/p><p>&nbsp;<\/p><p><em><strong>Killian Hayes<\/strong><\/em><\/p><ul>\n<li>Age&nbsp;: 23 ans<\/li>\n<li>Taille&nbsp;: 1.93 m<\/li>\n<li>Position&nbsp;: Meneur<\/li>\n<li>Franchise&nbsp;: Nets de Brooklyn<\/li>\n<li>Contrat&nbsp;: 2.2 M$ sur 1 an<\/li>\n<li>Exp&eacute;rience en NBA&nbsp;: 5ieme ann&eacute;e<\/li>\n<\/ul><p>On tourne la page de D&eacute;troit et on repart&nbsp;? Ce sera l&rsquo;esprit dans lequel Killian devra se trouver. Il rejoint une &eacute;quipe sans grand potentiel, qui ne jouera pas grand-chose (&agrave; part un bon tour de draft). Il n&rsquo;a qu&rsquo;un an de contrat. C&rsquo;est cette ann&eacute;e ou jamais pour lui d&rsquo;&eacute;voluer offensivement.<\/p><p>&nbsp;<\/p><p><em><strong>Zaccharie Risachet<\/strong><\/em><\/p><ul>\n<li>Age&nbsp;: 19 ans<\/li>\n<li>Taille&nbsp;: 2.07 m<\/li>\n<li>Position&nbsp;: Ailier<\/li>\n<li>Franchise&nbsp;: Hawks d&rsquo;Atlanta<\/li>\n<li>Contrat&nbsp;: 26 M$ sur deux ans, + 2 ans en Team Option (31 M$)<\/li>\n<li>Exp&eacute;rience en NBA&nbsp;: Rookie (Draft&eacute; en 1<sup>er<\/sup> position)<\/li>\n<\/ul><p>Second fran&ccedil;ais &agrave; &ecirc;tre draft&eacute; en 1<sup>er<\/sup> position, Zaccharie a toutes les cartes en mains pour s&rsquo;installer en NBA. Il &eacute;voluera aux cot&eacute; de la star de l&rsquo;&eacute;quipe, Trae Young, avec qui il faudra vite trouver des automatismes. Atlanta esp&egrave;re de lui qu&rsquo;il fasse passer un cap &agrave; l&rsquo;&eacute;quipe.<\/p><p>&nbsp;<\/p><p><em><strong>Rayan Rupert<\/strong><\/em><\/p><ul>\n<li>Age&nbsp;: 20 ans<\/li>\n<li>Taille&nbsp;: 1.98 m<\/li>\n<li>Position&nbsp;: Arri&egrave;re<\/li>\n<li>Franchise&nbsp;: Trail Blazers de Portland<\/li>\n<li>Contrat&nbsp;: 1.9 M$ sur 1 an, +1 an en Team option<\/li>\n<li>Exp&eacute;rience en NBA&nbsp;: Sophomore (Draft&eacute; en 43ieme position en 2023)<\/li>\n<\/ul><p>L&rsquo;objectif de Rayan durant cette ann&eacute;e sera d&rsquo;avoir plus de match et plus de minutes que l&rsquo;an pass&eacute;, mais aussi d&rsquo;&ecirc;tre plus impactant pour sa franchise.&nbsp; Il a montr&eacute; de tr&egrave;s belles choses, &agrave; confirmer. Dans une franchise en reconstruction, il pourrait avoir sa carte &agrave; jouer.<\/p><p>&nbsp;<\/p><p><em><strong>Tidjane Sala&uuml;n<\/strong><\/em><\/p><ul>\n<li>Age&nbsp;: 19 ans<\/li>\n<li>Taille&nbsp;: 2.05 m<\/li>\n<li>Position&nbsp;: Ailier \/ Ailier fort<\/li>\n<li>Franchise&nbsp;: Hornets de Charlotte<\/li>\n<li>Contrat&nbsp;: 15 M$ sur 2 ans, +2 ans en Team option<\/li>\n<li>Exp&eacute;rience en NBA&nbsp;: Rookie (Draft&eacute; en 6ieme position)<\/li>\n<\/ul><p>Il fait parti de ce fameux nouveau wagon de fran&ccedil;ais au fort potentiel arriv&eacute; en NBA. 3ieme fran&ccedil;ais de la derni&egrave;re draft, en 6ieme position (on ne s&rsquo;en remet toujours pas&nbsp;!), <a href=\"https:\/\/www.espn.com\/nba\/team\/roster\/_\/name\/cha\/charlotte-hornets\" class=\"trk-cta-link\" data-cta-trk='{\"ctaType\":\"Link\",\"ctaSubType\":\"main\"}'>il int&egrave;gre une &eacute;quipe des Hornets qui se reconstruit<\/a>. A lui de saison la chance qu&rsquo;on lui donne. Il sera en concurrence directe sur son poste avec Moussa Diabat&eacute;, l&rsquo;autre fran&ccedil;ais de l&rsquo;effectif.<\/p><p>&nbsp;<\/p><p><em><strong>Alexandre Sarr<\/strong><\/em><\/p><ul>\n<li>Age&nbsp;: 19 ans<\/li>\n<li>Taille&nbsp;: 2.13 m<\/li>\n<li>Position&nbsp;: Pivot \/ Ailier fort<\/li>\n<li>Franchise&nbsp;: Wizards de Washington<\/li>\n<li>Contrat&nbsp;: 23 M$ sur 2 an, +2 an en Team option<\/li>\n<li>Exp&eacute;rience en NBA&nbsp;: Rookie (Draft&eacute; en 2<sup>nde<\/sup> position)<\/li>\n<\/ul><p>Alexandre rejoint une franchise avec un effectif jeune, en pleine reconstruction. Longtemps pressenti comme le n&deg; 1 de la derni&egrave;re draft, il a &eacute;t&eacute; r&eacute;cup&eacute;r&eacute; par les Wizards &agrave; la 2<sup>nde<\/sup> place, et rejoint l&rsquo;autre fran&ccedil;ais de l&rsquo;effectif, Bilal Coulibaly. Derri&egrave;re Jonas Valenciunas, le pivot titulaire, il a toutes les chances d&rsquo;avoir des minutes tr&egrave;s rapidement dans la saison.<\/p><p>&nbsp;<\/p><p><em><strong>Armel Traor&eacute;<\/strong><\/em><\/p><ul>\n<li>Age&nbsp;: 21 ans<\/li>\n<li>Taille&nbsp;: 2.03 m<\/li>\n<li>Position&nbsp;: Ailier Fort<\/li>\n<li>Franchise&nbsp;: Lakers de Los Angeles<\/li>\n<li>Contrat&nbsp;: Two-Way contract (578 K&euro;)<\/li>\n<li>Exp&eacute;rience en NBA&nbsp;: Rookie (non draft&eacute;)<\/li>\n<\/ul><p>Joueur non-draft&eacute;, il a &eacute;t&eacute; r&eacute;cup&eacute;r&eacute; par les Lakers pour un two-way contract. L&rsquo;ailier fort aura des difficult&eacute;s d&rsquo;obtenir une r&eacute;elle chance cette saison. Une chance pour lui&nbsp;: malgr&eacute; la pression inh&eacute;rente aux Lakers, les projecteurs seront focus sur la relation entre LeBron James et son fils, nouvellement draft&eacute;s dans la franchise.<\/p><p>&nbsp;<\/p><p><em><strong>Victor Wembanyama<\/strong><\/em><\/p><ul>\n<li>Age&nbsp;: 20 ans<\/li>\n<li>Taille&nbsp;: 2.24 m<\/li>\n<li>Position&nbsp;: Pivot \/ Ailier fort<\/li>\n<li>Franchise&nbsp;: Spurs de San Antonio<\/li>\n<li>Contrat&nbsp;: 12.8 M$ sur 1 an, + 2 ans en Team option<\/li>\n<li>Exp&eacute;rience en NBA&nbsp;: Sophomore (draft&eacute; en 1<sup>er<\/sup> position en 2023)<\/li>\n<\/ul><p>On ne le pr&eacute;sente plus. Il est consid&eacute;r&eacute; par de nombreux observateurs comme le futur visage de la ligue, et celui qui r&eacute;volutionnera le jeu. En attendant, il &eacute;voluera pour une deuxi&egrave;me saison &agrave; San Antonio, qui lui donnera tr&egrave;s rapidement les cl&eacute;s de l&rsquo;&eacute;quipe. Objectifs collectifs&nbsp;: play-off ou play-in. Objectifs personnels&nbsp;: Confirmer et &eacute;pater le monde entier.<\/p><p>&nbsp;<\/p><p><em><strong>Guerschon Yabusele<\/strong><\/em><\/p><ul>\n<li>Age&nbsp;: 28 ans<\/li>\n<li>Taille&nbsp;: 2.03 m<\/li>\n<li>Position&nbsp;: Ailier Fort<\/li>\n<li>Franchise&nbsp;: Sixers de Philadelphie<\/li>\n<li>Contrat&nbsp;: 2.1 M$ sur 1 an<\/li>\n<li>Exp&eacute;rience en NBA&nbsp;: Retour en NBA apr&egrave;s 4 saisons en europe (3 ann&eacute;e en NBA pr&eacute;c&eacute;demment)<\/li>\n<\/ul><p>C&rsquo;est le retour du Dancing Bear. Apr&egrave;s 3 ans aux Celtics, ou il aura altern&eacute; le bon et le moins bon, et 4 saisons tr&egrave;s prometteuses en Europe, le voici de retour dans une franchise qui jouera le titre. Reste &agrave; voir la place qu&rsquo;il aura dans la rotation de l&rsquo;&eacute;quipe. Dans tous les cas, m&ecirc;me s&rsquo;il est de retour dans la grande league, il lui reste tout &agrave; prouver pour garder sa place l&rsquo;an prochain.<\/p><p>&nbsp;<\/p><p>Mandatory Credit: Brad Penner-USA TODAY Sports<\/p>\n","protected":false},"excerpt":{"rendered":"","protected":false},"author":180310198,"featured_media":1463169,"comment_status":"open","ping_status":"closed","sticky":false,"template":"","format":"standard","meta":{"inline_featured_image":false,"kia_subtitle":"","_mux_skip_reasons":[],"proofreadBy":0,"footnotes":""},"categories":[110,10],"tags":[3722,77,23,4260],"sport":[2783],"saison":[],"class_list":["post-1463167","post","type-post","status-publish","format-standard","has-post-thumbnail","hentry","category-actualite-nba","category-nba","tag-francais","tag-gobert","tag-nba-tag","tag-wembanyama","sport-nba"],"acf":[],"yoast_head":"<!-- This site is optimized with the Yoast SEO plugin v24.2 - https:\/\/yoast.com\/wordpress\/plugins\/seo\/ -->\n<title>NBA 24\/25 : Pr&eacute;sentation des Fran&ccedil;ais - The Playoffs FR<\/title>\n<meta name=\"robots\" content=\"index, follow, max-snippet:-1, max-image-preview:large, max-video-preview:-1\" \/>\n<link rel=\"canonical\" href=\"https:\/\/theplayoffs.news\/fr\/actualite-nba\/nba-24-25-presentation-des-francais\/\" \/>\n<meta property=\"og:locale\" content=\"fr_FR\" \/>\n<meta property=\"og:type\" content=\"article\" \/>\n<meta property=\"og:title\" content=\"NBA 24\/25 : Pr&eacute;sentation des Fran&ccedil;ais - The Playoffs FR\" \/>\n<meta property=\"og:url\" content=\"https:\/\/theplayoffs.news\/fr\/actualite-nba\/nba-24-25-presentation-des-francais\/\" \/>\n<meta property=\"og:site_name\" content=\"The Playoffs FR\" \/>\n<meta property=\"article:publisher\" content=\"https:\/\/www.facebook.com\/TheFreeAgentFR\/\" \/>\n<meta property=\"article:modified_time\" content=\"2024-10-16T20:34:37+02:00\" \/>\n<meta property=\"og:image\" content=\"https:\/\/theplayoffs.news\/fr\/wp-content\/uploads\/2024\/10\/USATSI_23630710_168402440_lowres.jpg\" \/>\n\t<meta property=\"og:image:width\" content=\"1920\" \/>\n\t<meta property=\"og:image:height\" content=\"1280\" \/>\n\t<meta property=\"og:image:type\" content=\"image\/jpeg\" \/>\n<meta name=\"author\" content=\"Vincent Marchetti\" \/>\n<meta name=\"twitter:card\" content=\"summary_large_image\" \/>\n<meta name=\"twitter:creator\" content=\"@TheFreeAgentFR\" \/>\n<meta name=\"twitter:site\" content=\"@TheFreeAgentFR\" \/>\n<meta name=\"twitter:label1\" content=\"\u00c9crit par\" \/>\n\t<meta name=\"twitter:data1\" content=\"Vincent Marchetti\" \/>\n\t<meta name=\"twitter:label2\" content=\"Dur\u00e9e de lecture estim\u00e9e\" \/>\n\t<meta name=\"twitter:data2\" content=\"7 minutes\" \/>\n<script type=\"application\/ld+json\" class=\"yoast-schema-graph\">{\"@context\":\"https:\/\/schema.org\",\"@graph\":[{\"@type\":\"WebPage\",\"@id\":\"https:\/\/theplayoffs.news\/fr\/actualite-nba\/nba-24-25-presentation-des-francais\/\",\"url\":\"https:\/\/theplayoffs.news\/fr\/actualite-nba\/nba-24-25-presentation-des-francais\/\",\"name\":\"NBA 24\/25 : Pr\u00e9sentation des Fran\u00e7ais - The Playoffs FR\",\"isPartOf\":{\"@id\":\"https:\/\/theplayoffs.news\/fr\/#website\"},\"primaryImageOfPage\":{\"@id\":\"https:\/\/theplayoffs.news\/fr\/actualite-nba\/nba-24-25-presentation-des-francais\/#primaryimage\"},\"image\":{\"@id\":\"https:\/\/theplayoffs.news\/fr\/actualite-nba\/nba-24-25-presentation-des-francais\/#primaryimage\"},\"thumbnailUrl\":\"https:\/\/theplayoffs.news\/fr\/wp-content\/uploads\/2024\/10\/USATSI_23630710_168402440_lowres.jpg\",\"datePublished\":\"2024-10-16T18:34:37+00:00\",\"dateModified\":\"2024-10-16T18:34:37+00:00\",\"author\":{\"@id\":\"https:\/\/theplayoffs.news\/fr\/#\/schema\/person\/53b7f0b5f7334fe0bbcf2930eb83b6de\"},\"breadcrumb\":{\"@id\":\"https:\/\/theplayoffs.news\/fr\/actualite-nba\/nba-24-25-presentation-des-francais\/#breadcrumb\"},\"inLanguage\":\"fr-FR\",\"potentialAction\":[{\"@type\":\"ReadAction\",\"target\":[\"https:\/\/theplayoffs.news\/fr\/actualite-nba\/nba-24-25-presentation-des-francais\/\"]}]},{\"@type\":\"ImageObject\",\"inLanguage\":\"fr-FR\",\"@id\":\"https:\/\/theplayoffs.news\/fr\/actualite-nba\/nba-24-25-presentation-des-francais\/#primaryimage\",\"url\":\"https:\/\/theplayoffs.news\/fr\/wp-content\/uploads\/2024\/10\/USATSI_23630710_168402440_lowres.jpg\",\"contentUrl\":\"https:\/\/theplayoffs.news\/fr\/wp-content\/uploads\/2024\/10\/USATSI_23630710_168402440_lowres.jpg\",\"width\":1920,\"height\":1280,\"caption\":\"Jun 26, 2024; Brooklyn, NY, USA; Zaccharie Risacher reacts after being selected first overall by the Atlanta Hawks in the first round of the 2024 NBA Draft at Barclays Center. Mandatory Credit: Brad Penner-USA TODAY Sports\"},{\"@type\":\"BreadcrumbList\",\"@id\":\"https:\/\/theplayoffs.news\/fr\/actualite-nba\/nba-24-25-presentation-des-francais\/#breadcrumb\",\"itemListElement\":[{\"@type\":\"ListItem\",\"position\":1,\"name\":\"Accueil\",\"item\":\"https:\/\/theplayoffs.news\/fr\/\"},{\"@type\":\"ListItem\",\"position\":2,\"name\":\"NBA 24\/25 : Pr\u00e9sentation des Fran\u00e7ais\"}]},{\"@type\":\"WebSite\",\"@id\":\"https:\/\/theplayoffs.news\/fr\/#website\",\"url\":\"https:\/\/theplayoffs.news\/fr\/\",\"name\":\"The Playoffs FR\",\"description\":\"NBA-NFL-NHL-MLB\",\"potentialAction\":[{\"@type\":\"SearchAction\",\"target\":{\"@type\":\"EntryPoint\",\"urlTemplate\":\"https:\/\/theplayoffs.news\/fr\/?s={search_term_string}\"},\"query-input\":{\"@type\":\"PropertyValueSpecification\",\"valueRequired\":true,\"valueName\":\"search_term_string\"}}],\"inLanguage\":\"fr-FR\"},{\"@type\":\"Person\",\"@id\":\"https:\/\/theplayoffs.news\/fr\/#\/schema\/person\/53b7f0b5f7334fe0bbcf2930eb83b6de\",\"name\":\"Vincent Marchetti\",\"image\":{\"@type\":\"ImageObject\",\"inLanguage\":\"fr-FR\",\"@id\":\"https:\/\/theplayoffs.news\/fr\/#\/schema\/person\/image\/\",\"url\":\"https:\/\/secure.gravatar.com\/avatar\/a56c1d745b010d4eaa69ee1530f51550cc181de00371515f7120116b26bda415?s=96&d=mm&r=g\",\"contentUrl\":\"https:\/\/secure.gravatar.com\/avatar\/a56c1d745b010d4eaa69ee1530f51550cc181de00371515f7120116b26bda415?s=96&d=mm&r=g\",\"caption\":\"Vincent Marchetti\"},\"url\":\"https:\/\/theplayoffs.news\/fr\/author\/marchetti-vincent85gmail-com\/\"}]}<\/script>\n<!-- \/ Yoast SEO plugin. -->","yoast_head_json":{"title":"NBA 24\/25 : Pr&eacute;sentation des Fran&ccedil;ais - The Playoffs FR","robots":{"index":"index","follow":"follow","max-snippet":"max-snippet:-1","max-image-preview":"max-image-preview:large","max-video-preview":"max-video-preview:-1"},"canonical":"https:\/\/theplayoffs.news\/fr\/actualite-nba\/nba-24-25-presentation-des-francais\/","og_locale":"fr_FR","og_type":"article","og_title":"NBA 24\/25 : Pr&eacute;sentation des Fran&ccedil;ais - The Playoffs FR","og_url":"https:\/\/theplayoffs.news\/fr\/actualite-nba\/nba-24-25-presentation-des-francais\/","og_site_name":"The Playoffs FR","article_publisher":"https:\/\/www.facebook.com\/TheFreeAgentFR\/","og_image":[{"width":1920,"height":1280,"url":"https:\/\/theplayoffs.news\/fr\/wp-content\/uploads\/2024\/10\/USATSI_23630710_168402440_lowres.jpg","type":"image\/jpeg"}],"author":"Vincent Marchetti","twitter_card":"summary_large_image","twitter_creator":"@TheFreeAgentFR","twitter_site":"@TheFreeAgentFR","twitter_misc":{"\u00c9crit par":"Vincent Marchetti","Dur\u00e9e de lecture estim\u00e9e":"7 minutes"},"schema":{"@context":"https:\/\/schema.org","@graph":[{"@type":"WebPage","@id":"https:\/\/theplayoffs.news\/fr\/actualite-nba\/nba-24-25-presentation-des-francais\/","url":"https:\/\/theplayoffs.news\/fr\/actualite-nba\/nba-24-25-presentation-des-francais\/","name":"NBA 24\/25 : Pr\u00e9sentation des Fran\u00e7ais - The Playoffs FR","isPartOf":{"@id":"https:\/\/theplayoffs.news\/fr\/#website"},"primaryImageOfPage":{"@id":"https:\/\/theplayoffs.news\/fr\/actualite-nba\/nba-24-25-presentation-des-francais\/#primaryimage"},"image":{"@id":"https:\/\/theplayoffs.news\/fr\/actualite-nba\/nba-24-25-presentation-des-francais\/#primaryimage"},"thumbnailUrl":"https:\/\/theplayoffs.news\/fr\/wp-content\/uploads\/2024\/10\/USATSI_23630710_168402440_lowres.jpg","datePublished":"2024-10-16T18:34:37+00:00","dateModified":"2024-10-16T18:34:37+00:00","author":{"@id":"https:\/\/theplayoffs.news\/fr\/#\/schema\/person\/53b7f0b5f7334fe0bbcf2930eb83b6de"},"breadcrumb":{"@id":"https:\/\/theplayoffs.news\/fr\/actualite-nba\/nba-24-25-presentation-des-francais\/#breadcrumb"},"inLanguage":"fr-FR","potentialAction":[{"@type":"ReadAction","target":["https:\/\/theplayoffs.news\/fr\/actualite-nba\/nba-24-25-presentation-des-francais\/"]}]},{"@type":"ImageObject","inLanguage":"fr-FR","@id":"https:\/\/theplayoffs.news\/fr\/actualite-nba\/nba-24-25-presentation-des-francais\/#primaryimage","url":"https:\/\/theplayoffs.news\/fr\/wp-content\/uploads\/2024\/10\/USATSI_23630710_168402440_lowres.jpg","contentUrl":"https:\/\/theplayoffs.news\/fr\/wp-content\/uploads\/2024\/10\/USATSI_23630710_168402440_lowres.jpg","width":1920,"height":1280,"caption":"Jun 26, 2024; Brooklyn, NY, USA; Zaccharie Risacher reacts after being selected first overall by the Atlanta Hawks in the first round of the 2024 NBA Draft at Barclays Center. Mandatory Credit: Brad Penner-USA TODAY Sports"},{"@type":"BreadcrumbList","@id":"https:\/\/theplayoffs.news\/fr\/actualite-nba\/nba-24-25-presentation-des-francais\/#breadcrumb","itemListElement":[{"@type":"ListItem","position":1,"name":"Accueil","item":"https:\/\/theplayoffs.news\/fr\/"},{"@type":"ListItem","position":2,"name":"NBA 24\/25 : Pr\u00e9sentation des Fran\u00e7ais"}]},{"@type":"WebSite","@id":"https:\/\/theplayoffs.news\/fr\/#website","url":"https:\/\/theplayoffs.news\/fr\/","name":"The Playoffs FR","description":"NBA-NFL-NHL-MLB","potentialAction":[{"@type":"SearchAction","target":{"@type":"EntryPoint","urlTemplate":"https:\/\/theplayoffs.news\/fr\/?s={search_term_string}"},"query-input":{"@type":"PropertyValueSpecification","valueRequired":true,"valueName":"search_term_string"}}],"inLanguage":"fr-FR"},{"@type":"Person","@id":"https:\/\/theplayoffs.news\/fr\/#\/schema\/person\/53b7f0b5f7334fe0bbcf2930eb83b6de","name":"Vincent Marchetti","image":{"@type":"ImageObject","inLanguage":"fr-FR","@id":"https:\/\/theplayoffs.news\/fr\/#\/schema\/person\/image\/","url":"https:\/\/secure.gravatar.com\/avatar\/a56c1d745b010d4eaa69ee1530f51550cc181de00371515f7120116b26bda415?s=96&d=mm&r=g","contentUrl":"https:\/\/secure.gravatar.com\/avatar\/a56c1d745b010d4eaa69ee1530f51550cc181de00371515f7120116b26bda415?s=96&d=mm&r=g","caption":"Vincent Marchetti"},"url":"https:\/\/theplayoffs.news\/fr\/author\/marchetti-vincent85gmail-com\/"}]}},"_links":{"self":[{"href":"https:\/\/theplayoffs.news\/fr\/wp-json\/wp\/v2\/posts\/1463167","targetHints":{"allow":["GET"]}}],"collection":[{"href":"https:\/\/theplayoffs.news\/fr\/wp-json\/wp\/v2\/posts"}],"about":[{"href":"https:\/\/theplayoffs.news\/fr\/wp-json\/wp\/v2\/types\/post"}],"author":[{"embeddable":true,"href":"https:\/\/theplayoffs.news\/fr\/wp-json\/wp\/v2\/users\/180310198"}],"replies":[{"embeddable":true,"href":"https:\/\/theplayoffs.news\/fr\/wp-json\/wp\/v2\/comments?post=1463167"}],"version-history":[{"count":4,"href":"https:\/\/theplayoffs.news\/fr\/wp-json\/wp\/v2\/posts\/1463167\/revisions"}],"predecessor-version":[{"id":1463182,"href":"https:\/\/theplayoffs.news\/fr\/wp-json\/wp\/v2\/posts\/1463167\/revisions\/1463182"}],"wp:featuredmedia":[{"embeddable":true,"href":"https:\/\/theplayoffs.news\/fr\/wp-json\/wp\/v2\/media\/1463169"}],"wp:attachment":[{"href":"https:\/\/theplayoffs.news\/fr\/wp-json\/wp\/v2\/media?parent=1463167"}],"wp:term":[{"taxonomy":"category","embeddable":true,"href":"https:\/\/theplayoffs.news\/fr\/wp-json\/wp\/v2\/categories?post=1463167"},{"taxonomy":"post_tag","embeddable":true,"href":"https:\/\/theplayoffs.news\/fr\/wp-json\/wp\/v2\/tags?post=1463167"},{"taxonomy":"sport","embeddable":true,"href":"https:\/\/theplayoffs.news\/fr\/wp-json\/wp\/v2\/sport?post=1463167"},{"taxonomy":"saison","embeddable":true,"href":"https:\/\/theplayoffs.news\/fr\/wp-json\/wp\/v2\/saison?post=1463167"}],"curies":[{"name":"wp","href":"https:\/\/api.w.org\/{rel}","templated":true}]}}