{"id":1462210,"date":"2024-10-09T16:53:31","date_gmt":"2024-10-09T14:53:31","guid":{"rendered":"https:\/\/theplayoffs.news\/fr\/?p=1462210"},"modified":"2024-10-09T16:53:31","modified_gmt":"2024-10-09T14:53:31","slug":"lebron-james-bronny-duo-historique","status":"publish","type":"post","link":"https:\/\/theplayoffs.news\/fr\/actualite-nba\/lebron-james-bronny-duo-historique\/","title":{"rendered":"LeBron James &#038; Bronny, duo historique."},"content":{"rendered":"<h2><b>EDITO<\/b><\/h2><p>Ce lundi 7 octobre 2024 fut historique pour le basket, pour LeBron James et la <a href=\"https:\/\/www.basketball-reference.com\/contracts\/LAL.html\" class=\"trk-cta-link\" data-cta-trk='{\"ctaType\":\"Link\",\"ctaSubType\":\"main\"}'>NBA<\/a> en particulier, non pas &agrave; cause de l&rsquo;affiche de pr&eacute;-saison opposant les Phoenix Suns aux Los Angeles <a href=\"https:\/\/theplayoffs.news\/fr\/equipe\/los-angeles-lakers-nba\/\" class=\"trk-cta-link\" data-cta-trk='{\"ctaType\":\"Link\",\"ctaSubType\":\"main\"}'>Lakers<\/a>, mais pour une image pr&eacute;cise, un instant qui restera grav&eacute; dans les livres d&rsquo;Histoire.<\/p><p>En effet, au d&eacute;but du second quart-temps, JJ Redick, le nouveau (et 29e) coach de l&rsquo;histoire des Los Angeles Lakers, a d&eacute;cid&eacute; d&rsquo;associer LeBron James et Bronny James sur le parquet, offrant ainsi au monde une premi&egrave;re dans le basket nord-am&eacute;ricain :<b> la r&eacute;union d&rsquo;un p&egrave;re et de son fils jouant sous le m&ecirc;me maillot.<\/b><b><br>\n<\/b>Cet &eacute;v&eacute;nement, unique pour la NBA, s&rsquo;est d&eacute;j&agrave; produit dans l&rsquo;histoire des sports majeurs am&eacute;ricains.<br>\nEn NFL, Ted Nesser a jou&eacute; avec son fils Charlie en 1921. En NHL, Gordie Howe a jou&eacute; avec deux de ses enfants, Mark et Marty, au tout d&eacute;but des ann&eacute;es 80. Enfin, en MLB, cela s&rsquo;est produit &agrave; deux reprises.<\/p><p>Au-del&agrave; de cet &eacute;v&eacute;nement et de l&rsquo;&eacute;motion qu&rsquo;il a pu susciter, il convient de se poser des questions sur l&rsquo;impact r&eacute;el de cette future association.<br>\nTout d&rsquo;abord, sur le plan sportif, ce duo entre Lebron James et son fils Bronny peut-il aider les Lakers &agrave; l&rsquo;aube de cette nouvelle saison ?<br>\nIl est peu probable que cela soit le cas.<\/p><p>Aussi fort que soit LeBron James, qui va entamer sa 22e campagne NBA (record all-time avec Vince Carter), son fils n&rsquo;a pas montr&eacute;, dans son parcours universitaire, des performances pouvant &ecirc;tre significatives pour sa nouvelle &eacute;quipe ou capables de modifier la structuration du jeu que les Lakers vont proposer.<\/p><p>Le jeune joueur, qui a fait son parcours universitaire &agrave; la facult&eacute; de USC, en Californie du Sud, a affich&eacute; des statistiques &laquo;&nbsp;discr&egrave;tes&nbsp;&raquo; : 4,8 points, 2,8 rebonds et 2,1 passes en 19 minutes de jeu par match, pour 25 apparitions sur les parquets. Durant cette saison, Bronny James a connu des probl&egrave;mes de sant&eacute; li&eacute;s &agrave; une malformation cardiaque, ne commen&ccedil;ant sa saison qu&rsquo;en d&eacute;cembre 2023.<br>\nSa pr&eacute;sence au sein du roster des Lakers passerait m&ecirc;me inaper&ccedil;ue s&rsquo;il n&rsquo;&eacute;tait pas &laquo;&nbsp;le fils de&hellip;&nbsp;&raquo;. Pour rappel, Bronny fut draft&eacute; par la franchise californienne au second tour, en 55e position.<\/p><p>&nbsp;<\/p><p>D&rsquo;un point de vue plus g&eacute;n&eacute;ral, cette collaboration peut-elle &ecirc;tre b&eacute;n&eacute;fique pour les Lakers ?<br>\n&Agrave; cette question, la r&eacute;ponse est moins &eacute;vidente.<\/p><p>La NBA, comme les &Eacute;tats-Unis en g&eacute;n&eacute;ral, raffolent des petites histoires au sein de la grande histoire, et les m&eacute;dias, les fans, ainsi que la communaut&eacute; basket dans son ensemble vont s&rsquo;approprier cet &eacute;v&eacute;nement, qui est, qu&rsquo;on le veuille ou non, unique pour cette ligue.<br>\nLes Lakers, franchise ultra-m&eacute;diatis&eacute;e, quel que soit l&rsquo;&eacute;v&eacute;nement, vont devoir une fois de plus g&eacute;rer au mieux cette surm&eacute;diatisation autour de cette situation. Au d&eacute;triment des enjeux de cette saison NBA 2024-2025 ?<br>\nEn misant sur ce duo, la franchise prend le risque de voir l&rsquo;aspect m&eacute;diatique de l&rsquo;op&eacute;ration &eacute;clipser les enjeux sportifs.<\/p><p>Attention donc &agrave; ce que ce duo p&egrave;re-fils ne phagocyte pas toute la lumi&egrave;re, au d&eacute;triment du collectif, du jeu et des enjeux, pour un papa LeBron qui, malgr&eacute; tout, est plus proche du cr&eacute;puscule de sa carri&egrave;re que de l&rsquo;aube&hellip;<\/p><p>\n<div id=\"attachment_1462218\" style=\"width: 1930px\" class=\"wp-caption alignnone\"><img loading=\"lazy\" decoding=\"async\" aria-describedby=\"caption-attachment-1462218\" class=\"size-full wp-image-1462218\" src=\"https:\/\/theplayoffs.news\/fr\/wp-content\/uploads\/2024\/10\/USATSI_24369659_168402440_lowres.jpg\" alt=\"\" width=\"1920\" height=\"1280\" srcset=\"https:\/\/theplayoffs.news\/fr\/wp-content\/uploads\/2024\/10\/USATSI_24369659_168402440_lowres.jpg 1920w, https:\/\/theplayoffs.news\/fr\/wp-content\/uploads\/2024\/10\/USATSI_24369659_168402440_lowres-300x200.jpg 300w, https:\/\/theplayoffs.news\/fr\/wp-content\/uploads\/2024\/10\/USATSI_24369659_168402440_lowres-1030x687.jpg 1030w, https:\/\/theplayoffs.news\/fr\/wp-content\/uploads\/2024\/10\/USATSI_24369659_168402440_lowres-768x512.jpg 768w, https:\/\/theplayoffs.news\/fr\/wp-content\/uploads\/2024\/10\/USATSI_24369659_168402440_lowres-1320x880.jpg 1320w\" sizes=\"auto, (max-width: 1920px) 100vw, 1920px\" \/><p id=\"caption-attachment-1462218\" class=\"wp-caption-text\">Sep 30, 2024; El Segundo, CA, USA; Los Angeles Lakers forward LeBron James (23) with son Bronny James (9) during media day at the UCLA Health Training Center. Mandatory Credit: Kirby Lee-Imagn Images<\/p><\/div>\n<\/p>\n","protected":false},"excerpt":{"rendered":"","protected":false},"author":180310001,"featured_media":1462211,"comment_status":"open","ping_status":"closed","sticky":false,"template":"","format":"standard","meta":{"inline_featured_image":false,"kia_subtitle":"","_mux_skip_reasons":[],"proofreadBy":0,"footnotes":""},"categories":[110,10],"tags":[4614,43,116],"sport":[2783],"saison":[6111],"class_list":["post-1462210","post","type-post","status-publish","format-standard","has-post-thumbnail","hentry","category-actualite-nba","category-nba","tag-bronny-james","tag-lakers","tag-lebron-james","sport-nba","saison-6111"],"acf":[],"yoast_head":"<!-- This site is optimized with the Yoast SEO plugin v24.2 - https:\/\/yoast.com\/wordpress\/plugins\/seo\/ -->\n<title>LeBron James &amp; Bronny, duo historique. - The Playoffs FR<\/title>\n<meta name=\"robots\" content=\"index, follow, max-snippet:-1, max-image-preview:large, max-video-preview:-1\" \/>\n<link rel=\"canonical\" href=\"https:\/\/theplayoffs.news\/fr\/actualite-nba\/lebron-james-bronny-duo-historique\/\" \/>\n<meta property=\"og:locale\" content=\"fr_FR\" \/>\n<meta property=\"og:type\" content=\"article\" \/>\n<meta property=\"og:title\" content=\"LeBron James &amp; Bronny, duo historique. - The Playoffs FR\" \/>\n<meta property=\"og:url\" content=\"https:\/\/theplayoffs.news\/fr\/actualite-nba\/lebron-james-bronny-duo-historique\/\" \/>\n<meta property=\"og:site_name\" content=\"The Playoffs FR\" \/>\n<meta property=\"article:publisher\" content=\"https:\/\/www.facebook.com\/TheFreeAgentFR\/\" \/>\n<meta property=\"article:modified_time\" content=\"2024-10-09T16:53:31+02:00\" \/>\n<meta property=\"og:image\" content=\"https:\/\/theplayoffs.news\/fr\/wp-content\/uploads\/2024\/10\/USATSI_24369657_168402440_lowres.jpg\" \/>\n\t<meta property=\"og:image:width\" content=\"1920\" \/>\n\t<meta property=\"og:image:height\" content=\"1280\" \/>\n\t<meta property=\"og:image:type\" content=\"image\/jpeg\" \/>\n<meta name=\"author\" content=\"Christopher Marrec-Top\" \/>\n<meta name=\"twitter:card\" content=\"summary_large_image\" \/>\n<meta name=\"twitter:creator\" content=\"@TheFreeAgentFR\" \/>\n<meta name=\"twitter:site\" content=\"@TheFreeAgentFR\" \/>\n<meta name=\"twitter:label1\" content=\"\u00c9crit par\" \/>\n\t<meta name=\"twitter:data1\" content=\"Christopher Marrec-Top\" \/>\n\t<meta name=\"twitter:label2\" content=\"Dur\u00e9e de lecture estim\u00e9e\" \/>\n\t<meta name=\"twitter:data2\" content=\"3 minutes\" \/>\n<script type=\"application\/ld+json\" class=\"yoast-schema-graph\">{\"@context\":\"https:\/\/schema.org\",\"@graph\":[{\"@type\":\"WebPage\",\"@id\":\"https:\/\/theplayoffs.news\/fr\/actualite-nba\/lebron-james-bronny-duo-historique\/\",\"url\":\"https:\/\/theplayoffs.news\/fr\/actualite-nba\/lebron-james-bronny-duo-historique\/\",\"name\":\"LeBron James & Bronny, duo historique. - The Playoffs FR\",\"isPartOf\":{\"@id\":\"https:\/\/theplayoffs.news\/fr\/#website\"},\"primaryImageOfPage\":{\"@id\":\"https:\/\/theplayoffs.news\/fr\/actualite-nba\/lebron-james-bronny-duo-historique\/#primaryimage\"},\"image\":{\"@id\":\"https:\/\/theplayoffs.news\/fr\/actualite-nba\/lebron-james-bronny-duo-historique\/#primaryimage\"},\"thumbnailUrl\":\"https:\/\/theplayoffs.news\/fr\/wp-content\/uploads\/2024\/10\/USATSI_24369657_168402440_lowres.jpg\",\"datePublished\":\"2024-10-09T14:53:31+00:00\",\"dateModified\":\"2024-10-09T14:53:31+00:00\",\"author\":{\"@id\":\"https:\/\/theplayoffs.news\/fr\/#\/schema\/person\/863ce84969b07bfc09ef81750720e42a\"},\"breadcrumb\":{\"@id\":\"https:\/\/theplayoffs.news\/fr\/actualite-nba\/lebron-james-bronny-duo-historique\/#breadcrumb\"},\"inLanguage\":\"fr-FR\",\"potentialAction\":[{\"@type\":\"ReadAction\",\"target\":[\"https:\/\/theplayoffs.news\/fr\/actualite-nba\/lebron-james-bronny-duo-historique\/\"]}]},{\"@type\":\"ImageObject\",\"inLanguage\":\"fr-FR\",\"@id\":\"https:\/\/theplayoffs.news\/fr\/actualite-nba\/lebron-james-bronny-duo-historique\/#primaryimage\",\"url\":\"https:\/\/theplayoffs.news\/fr\/wp-content\/uploads\/2024\/10\/USATSI_24369657_168402440_lowres.jpg\",\"contentUrl\":\"https:\/\/theplayoffs.news\/fr\/wp-content\/uploads\/2024\/10\/USATSI_24369657_168402440_lowres.jpg\",\"width\":1920,\"height\":1280,\"caption\":\"Sep 30, 2024; El Segundo, CA, USA; Los Angeles Lakers forward LeBron James (23) with son Bronny James (9) during media day at the UCLA Health Training Center. Mandatory Credit: Kirby Lee-Imagn Images\"},{\"@type\":\"BreadcrumbList\",\"@id\":\"https:\/\/theplayoffs.news\/fr\/actualite-nba\/lebron-james-bronny-duo-historique\/#breadcrumb\",\"itemListElement\":[{\"@type\":\"ListItem\",\"position\":1,\"name\":\"Accueil\",\"item\":\"https:\/\/theplayoffs.news\/fr\/\"},{\"@type\":\"ListItem\",\"position\":2,\"name\":\"LeBron James &#038; Bronny, duo historique.\"}]},{\"@type\":\"WebSite\",\"@id\":\"https:\/\/theplayoffs.news\/fr\/#website\",\"url\":\"https:\/\/theplayoffs.news\/fr\/\",\"name\":\"The Playoffs FR\",\"description\":\"NBA-NFL-NHL-MLB\",\"potentialAction\":[{\"@type\":\"SearchAction\",\"target\":{\"@type\":\"EntryPoint\",\"urlTemplate\":\"https:\/\/theplayoffs.news\/fr\/?s={search_term_string}\"},\"query-input\":{\"@type\":\"PropertyValueSpecification\",\"valueRequired\":true,\"valueName\":\"search_term_string\"}}],\"inLanguage\":\"fr-FR\"},{\"@type\":\"Person\",\"@id\":\"https:\/\/theplayoffs.news\/fr\/#\/schema\/person\/863ce84969b07bfc09ef81750720e42a\",\"name\":\"Christopher Marrec-Top\",\"image\":{\"@type\":\"ImageObject\",\"inLanguage\":\"fr-FR\",\"@id\":\"https:\/\/theplayoffs.news\/fr\/#\/schema\/person\/image\/\",\"url\":\"https:\/\/secure.gravatar.com\/avatar\/3102192a417211661aecac9ec415c973058438e49145f224d4e3273853f80021?s=96&d=mm&r=g\",\"contentUrl\":\"https:\/\/secure.gravatar.com\/avatar\/3102192a417211661aecac9ec415c973058438e49145f224d4e3273853f80021?s=96&d=mm&r=g\",\"caption\":\"Christopher Marrec-Top\"},\"description\":\"Christopher, 37 ans et biberonn\u00e9 au cidre et aux cr\u00eapes (rien de plus normal pour un breton). Animateur du podcast \\\\\\\"And One\\\\\\\", d\u00e9di\u00e9 \u00e0 l\u2019univers du basket (NBA, WNBA, Draft), et r\u00e9dacteur pour le site ThePlayoffs. Je suis entr\u00e9 dans le monde des m\u00e9dias il y a quelques ann\u00e9es en tant que novice, mais ma passion pour le sport m\u2019anime au quotidien. Admirateur inconditionnel d\\\\'un certain \\\\\\\"Chosen One\\\\\\\", je l\\\\'ai particuli\u00e8rement suivi avec un maillot noir orn\u00e9 d\\\\'un grand C (avec le maillot \\\\\\\"purple and gold\\\\\\\" il se d\u00e9brouille toujours pas trop mal). Amoureux du sport am\u00e9ricain dans son ensemble, je reste fid\u00e8le \u00e0 la discipline fond\u00e9e par James Naismith. ENJOY !! Et longue vie \u00e0 ThePlayoffs !\",\"url\":\"https:\/\/theplayoffs.news\/fr\/author\/christophertop\/\"}]}<\/script>\n<!-- \/ Yoast SEO plugin. -->","yoast_head_json":{"title":"LeBron James &amp; Bronny, duo historique. - The Playoffs FR","robots":{"index":"index","follow":"follow","max-snippet":"max-snippet:-1","max-image-preview":"max-image-preview:large","max-video-preview":"max-video-preview:-1"},"canonical":"https:\/\/theplayoffs.news\/fr\/actualite-nba\/lebron-james-bronny-duo-historique\/","og_locale":"fr_FR","og_type":"article","og_title":"LeBron James &amp; Bronny, duo historique. - The Playoffs FR","og_url":"https:\/\/theplayoffs.news\/fr\/actualite-nba\/lebron-james-bronny-duo-historique\/","og_site_name":"The Playoffs FR","article_publisher":"https:\/\/www.facebook.com\/TheFreeAgentFR\/","og_image":[{"width":1920,"height":1280,"url":"https:\/\/theplayoffs.news\/fr\/wp-content\/uploads\/2024\/10\/USATSI_24369657_168402440_lowres.jpg","type":"image\/jpeg"}],"author":"Christopher Marrec-Top","twitter_card":"summary_large_image","twitter_creator":"@TheFreeAgentFR","twitter_site":"@TheFreeAgentFR","twitter_misc":{"\u00c9crit par":"Christopher Marrec-Top","Dur\u00e9e de lecture estim\u00e9e":"3 minutes"},"schema":{"@context":"https:\/\/schema.org","@graph":[{"@type":"WebPage","@id":"https:\/\/theplayoffs.news\/fr\/actualite-nba\/lebron-james-bronny-duo-historique\/","url":"https:\/\/theplayoffs.news\/fr\/actualite-nba\/lebron-james-bronny-duo-historique\/","name":"LeBron James & Bronny, duo historique. - The Playoffs FR","isPartOf":{"@id":"https:\/\/theplayoffs.news\/fr\/#website"},"primaryImageOfPage":{"@id":"https:\/\/theplayoffs.news\/fr\/actualite-nba\/lebron-james-bronny-duo-historique\/#primaryimage"},"image":{"@id":"https:\/\/theplayoffs.news\/fr\/actualite-nba\/lebron-james-bronny-duo-historique\/#primaryimage"},"thumbnailUrl":"https:\/\/theplayoffs.news\/fr\/wp-content\/uploads\/2024\/10\/USATSI_24369657_168402440_lowres.jpg","datePublished":"2024-10-09T14:53:31+00:00","dateModified":"2024-10-09T14:53:31+00:00","author":{"@id":"https:\/\/theplayoffs.news\/fr\/#\/schema\/person\/863ce84969b07bfc09ef81750720e42a"},"breadcrumb":{"@id":"https:\/\/theplayoffs.news\/fr\/actualite-nba\/lebron-james-bronny-duo-historique\/#breadcrumb"},"inLanguage":"fr-FR","potentialAction":[{"@type":"ReadAction","target":["https:\/\/theplayoffs.news\/fr\/actualite-nba\/lebron-james-bronny-duo-historique\/"]}]},{"@type":"ImageObject","inLanguage":"fr-FR","@id":"https:\/\/theplayoffs.news\/fr\/actualite-nba\/lebron-james-bronny-duo-historique\/#primaryimage","url":"https:\/\/theplayoffs.news\/fr\/wp-content\/uploads\/2024\/10\/USATSI_24369657_168402440_lowres.jpg","contentUrl":"https:\/\/theplayoffs.news\/fr\/wp-content\/uploads\/2024\/10\/USATSI_24369657_168402440_lowres.jpg","width":1920,"height":1280,"caption":"Sep 30, 2024; El Segundo, CA, USA; Los Angeles Lakers forward LeBron James (23) with son Bronny James (9) during media day at the UCLA Health Training Center. Mandatory Credit: Kirby Lee-Imagn Images"},{"@type":"BreadcrumbList","@id":"https:\/\/theplayoffs.news\/fr\/actualite-nba\/lebron-james-bronny-duo-historique\/#breadcrumb","itemListElement":[{"@type":"ListItem","position":1,"name":"Accueil","item":"https:\/\/theplayoffs.news\/fr\/"},{"@type":"ListItem","position":2,"name":"LeBron James &#038; Bronny, duo historique."}]},{"@type":"WebSite","@id":"https:\/\/theplayoffs.news\/fr\/#website","url":"https:\/\/theplayoffs.news\/fr\/","name":"The Playoffs FR","description":"NBA-NFL-NHL-MLB","potentialAction":[{"@type":"SearchAction","target":{"@type":"EntryPoint","urlTemplate":"https:\/\/theplayoffs.news\/fr\/?s={search_term_string}"},"query-input":{"@type":"PropertyValueSpecification","valueRequired":true,"valueName":"search_term_string"}}],"inLanguage":"fr-FR"},{"@type":"Person","@id":"https:\/\/theplayoffs.news\/fr\/#\/schema\/person\/863ce84969b07bfc09ef81750720e42a","name":"Christopher Marrec-Top","image":{"@type":"ImageObject","inLanguage":"fr-FR","@id":"https:\/\/theplayoffs.news\/fr\/#\/schema\/person\/image\/","url":"https:\/\/secure.gravatar.com\/avatar\/3102192a417211661aecac9ec415c973058438e49145f224d4e3273853f80021?s=96&d=mm&r=g","contentUrl":"https:\/\/secure.gravatar.com\/avatar\/3102192a417211661aecac9ec415c973058438e49145f224d4e3273853f80021?s=96&d=mm&r=g","caption":"Christopher Marrec-Top"},"description":"Christopher, 37 ans et biberonn\u00e9 au cidre et aux cr\u00eapes (rien de plus normal pour un breton). Animateur du podcast \\\"And One\\\", d\u00e9di\u00e9 \u00e0 l\u2019univers du basket (NBA, WNBA, Draft), et r\u00e9dacteur pour le site ThePlayoffs. Je suis entr\u00e9 dans le monde des m\u00e9dias il y a quelques ann\u00e9es en tant que novice, mais ma passion pour le sport m\u2019anime au quotidien. Admirateur inconditionnel d\\'un certain \\\"Chosen One\\\", je l\\'ai particuli\u00e8rement suivi avec un maillot noir orn\u00e9 d\\'un grand C (avec le maillot \\\"purple and gold\\\" il se d\u00e9brouille toujours pas trop mal). Amoureux du sport am\u00e9ricain dans son ensemble, je reste fid\u00e8le \u00e0 la discipline fond\u00e9e par James Naismith. ENJOY !! Et longue vie \u00e0 ThePlayoffs !","url":"https:\/\/theplayoffs.news\/fr\/author\/christophertop\/"}]}},"_links":{"self":[{"href":"https:\/\/theplayoffs.news\/fr\/wp-json\/wp\/v2\/posts\/1462210","targetHints":{"allow":["GET"]}}],"collection":[{"href":"https:\/\/theplayoffs.news\/fr\/wp-json\/wp\/v2\/posts"}],"about":[{"href":"https:\/\/theplayoffs.news\/fr\/wp-json\/wp\/v2\/types\/post"}],"author":[{"embeddable":true,"href":"https:\/\/theplayoffs.news\/fr\/wp-json\/wp\/v2\/users\/180310001"}],"replies":[{"embeddable":true,"href":"https:\/\/theplayoffs.news\/fr\/wp-json\/wp\/v2\/comments?post=1462210"}],"version-history":[{"count":6,"href":"https:\/\/theplayoffs.news\/fr\/wp-json\/wp\/v2\/posts\/1462210\/revisions"}],"predecessor-version":[{"id":1462220,"href":"https:\/\/theplayoffs.news\/fr\/wp-json\/wp\/v2\/posts\/1462210\/revisions\/1462220"}],"wp:featuredmedia":[{"embeddable":true,"href":"https:\/\/theplayoffs.news\/fr\/wp-json\/wp\/v2\/media\/1462211"}],"wp:attachment":[{"href":"https:\/\/theplayoffs.news\/fr\/wp-json\/wp\/v2\/media?parent=1462210"}],"wp:term":[{"taxonomy":"category","embeddable":true,"href":"https:\/\/theplayoffs.news\/fr\/wp-json\/wp\/v2\/categories?post=1462210"},{"taxonomy":"post_tag","embeddable":true,"href":"https:\/\/theplayoffs.news\/fr\/wp-json\/wp\/v2\/tags?post=1462210"},{"taxonomy":"sport","embeddable":true,"href":"https:\/\/theplayoffs.news\/fr\/wp-json\/wp\/v2\/sport?post=1462210"},{"taxonomy":"saison","embeddable":true,"href":"https:\/\/theplayoffs.news\/fr\/wp-json\/wp\/v2\/saison?post=1462210"}],"curies":[{"name":"wp","href":"https:\/\/api.w.org\/{rel}","templated":true}]}}