{"id":1461395,"date":"2024-10-04T12:20:20","date_gmt":"2024-10-04T10:20:20","guid":{"rendered":"https:\/\/theplayoffs.news\/fr\/?p=1461395"},"modified":"2024-10-04T11:14:03","modified_gmt":"2024-10-04T09:14:03","slug":"san-francisco-49ers-kittle-warner-incertain","status":"publish","type":"post","link":"https:\/\/theplayoffs.news\/fr\/actualite-nfl\/san-francisco-49ers-kittle-warner-incertain\/","title":{"rendered":"San Francisco 49ers: George Kittle et Fred Warner incertains pour dimanche"},"content":{"rendered":"<h2>NFL &ndash; Les San Francisco 49ers n&rsquo;en ont visiblement pas encore termin&eacute; cette saison avec les nombreuses blessures.<\/h2><p>Cela commence &agrave; devenir une habitude chez les San Francisco 49ers. Mais une habitude dont la franchise californienne se serait sans doute bien pass&eacute;e. Comme depuis le d&eacute;but de cette saison NFL 2024, les 49ers ne seront encore pas au complet ce dimanche pour la r&eacute;ception des Cardinals de l&rsquo;Arizona. En plus des bless&eacute;s &laquo;&nbsp;habituels&nbsp;&raquo; des noms importants comme ceux de George Kittle ou de <a href=\"https:\/\/theplayoffs.news\/fr\/joueur\/fred-warner-san-francisco-49ers-nfl\/\" class=\"trk-cta-link\" data-cta-trk='{\"ctaType\":\"Link\",\"ctaSubType\":\"main\"}'>Fred Warner<\/a> pourrait aussi manquer &agrave; l&rsquo;appel.<\/p><p>Pour rappel, George Kittle est bless&eacute; aux c&ocirc;tes depuis la week 3 mais le tight end avait pu participer &agrave; la rencontre de la semaine derni&egrave;re face aux New England Patriots. Un match pendant lequel Fred Warner s&rsquo;&eacute;tait bless&eacute; &agrave; la cheville. Depuis ce match, les deux joueurs ne sont pas r&eacute;apparus aux entra&icirc;nements pr&eacute;vus en ce d&eacute;but de semaine. Cependant, selon Kyle Shanahan, ces absences &agrave; l&rsquo;entra&icirc;nement ne sont pas r&eacute;dhibitoires pour la participation des deux joueurs au prochain match des San Francisco 49ers:<\/p><blockquote><p>&laquo;&nbsp;Avec ces deux joueurs, m&ecirc;me s&rsquo;ils ne participent pas aux entra&icirc;nements, il est possible qu&rsquo;ils puissent jouer dimanche. Nous esp&eacute;rons tous qu&rsquo;ils seront pr&eacute;sents&nbsp;&raquo; a <a href=\"https:\/\/www.nbcsports.com\/nfl\/profootballtalk\/rumor-mill\/news\/george-kittle-fred-warner-remain-out-of-practice-uncertain-for-sunday\" class=\"trk-cta-link\" data-cta-trk='{\"ctaType\":\"Link\",\"ctaSubType\":\"main\"}'>affirm&eacute; Kyle Shanahan<\/a>.<\/p><\/blockquote><p>Une pr&eacute;sence de joueurs majeurs en attaque et en d&eacute;fense qui pourrait &ecirc;tre d&eacute;cisive dans un match qui ne sera pas gagn&eacute; d&rsquo;avance face &agrave; des Cardinals de l&rsquo;Arizona qui poss&egrave;dent un bilan de 3 d&eacute;faites pour une seule victoire depuis le d&eacute;but de la saison.<\/p><p><em>Cr&eacute;dit photo: Sergio Estrada-Imagn Images<\/em><\/p>\n","protected":false},"excerpt":{"rendered":"","protected":false},"author":180309964,"featured_media":1461396,"comment_status":"open","ping_status":"closed","sticky":false,"template":"","format":"standard","meta":{"inline_featured_image":false,"kia_subtitle":"","_mux_skip_reasons":[],"proofreadBy":0,"footnotes":""},"categories":[118,40],"tags":[5372,829,939],"sport":[2785],"saison":[6111],"class_list":["post-1461395","post","type-post","status-publish","format-standard","has-post-thumbnail","hentry","category-actualite-nfl","category-nfl","tag-fred-warner","tag-george-kittle","tag-san-francisco-49ers","sport-nfl","saison-6111"],"acf":[],"yoast_head":"<!-- This site is optimized with the Yoast SEO plugin v24.2 - https:\/\/yoast.com\/wordpress\/plugins\/seo\/ -->\n<title>San Francisco 49ers: George Kittle et Fred Warner incertains pour dimanche - The Playoffs FR<\/title>\n<meta name=\"robots\" content=\"index, follow, max-snippet:-1, max-image-preview:large, max-video-preview:-1\" \/>\n<link rel=\"canonical\" href=\"https:\/\/theplayoffs.news\/fr\/actualite-nfl\/san-francisco-49ers-kittle-warner-incertain\/\" \/>\n<meta property=\"og:locale\" content=\"fr_FR\" \/>\n<meta property=\"og:type\" content=\"article\" \/>\n<meta property=\"og:title\" content=\"San Francisco 49ers: George Kittle et Fred Warner incertains pour dimanche - The Playoffs FR\" \/>\n<meta property=\"og:url\" content=\"https:\/\/theplayoffs.news\/fr\/actualite-nfl\/san-francisco-49ers-kittle-warner-incertain\/\" \/>\n<meta property=\"og:site_name\" content=\"The Playoffs FR\" \/>\n<meta property=\"article:publisher\" content=\"https:\/\/www.facebook.com\/TheFreeAgentFR\/\" \/>\n<meta property=\"article:modified_time\" content=\"2024-10-04T12:20:20+02:00\" \/>\n<meta property=\"og:image\" content=\"https:\/\/theplayoffs.news\/fr\/wp-content\/uploads\/2024\/10\/USATSI_24358702.jpg\" \/>\n\t<meta property=\"og:image:width\" content=\"1920\" \/>\n\t<meta property=\"og:image:height\" content=\"1280\" \/>\n\t<meta property=\"og:image:type\" content=\"image\/jpeg\" \/>\n<meta name=\"author\" content=\"Flavien Jumeau\" \/>\n<meta name=\"twitter:card\" content=\"summary_large_image\" \/>\n<meta name=\"twitter:creator\" content=\"@TheFreeAgentFR\" \/>\n<meta name=\"twitter:site\" content=\"@TheFreeAgentFR\" \/>\n<meta name=\"twitter:label1\" content=\"\u00c9crit par\" \/>\n\t<meta name=\"twitter:data1\" content=\"Flavien Jumeau\" \/>\n\t<meta name=\"twitter:label2\" content=\"Dur\u00e9e de lecture estim\u00e9e\" \/>\n\t<meta name=\"twitter:data2\" content=\"1 minute\" \/>\n<script type=\"application\/ld+json\" class=\"yoast-schema-graph\">{\"@context\":\"https:\/\/schema.org\",\"@graph\":[{\"@type\":\"WebPage\",\"@id\":\"https:\/\/theplayoffs.news\/fr\/actualite-nfl\/san-francisco-49ers-kittle-warner-incertain\/\",\"url\":\"https:\/\/theplayoffs.news\/fr\/actualite-nfl\/san-francisco-49ers-kittle-warner-incertain\/\",\"name\":\"San Francisco 49ers: George Kittle et Fred Warner incertains pour dimanche - The Playoffs FR\",\"isPartOf\":{\"@id\":\"https:\/\/theplayoffs.news\/fr\/#website\"},\"primaryImageOfPage\":{\"@id\":\"https:\/\/theplayoffs.news\/fr\/actualite-nfl\/san-francisco-49ers-kittle-warner-incertain\/#primaryimage\"},\"image\":{\"@id\":\"https:\/\/theplayoffs.news\/fr\/actualite-nfl\/san-francisco-49ers-kittle-warner-incertain\/#primaryimage\"},\"thumbnailUrl\":\"https:\/\/theplayoffs.news\/fr\/wp-content\/uploads\/2024\/10\/USATSI_24358702.jpg\",\"datePublished\":\"2024-10-04T10:20:20+00:00\",\"dateModified\":\"2024-10-04T12:20:20+02:00\",\"author\":{\"@id\":\"https:\/\/theplayoffs.news\/fr\/#\/schema\/person\/def63bc6746dc5957469b75feb99e66d\"},\"breadcrumb\":{\"@id\":\"https:\/\/theplayoffs.news\/fr\/actualite-nfl\/san-francisco-49ers-kittle-warner-incertain\/#breadcrumb\"},\"inLanguage\":\"fr-FR\",\"potentialAction\":[{\"@type\":\"ReadAction\",\"target\":[\"https:\/\/theplayoffs.news\/fr\/actualite-nfl\/san-francisco-49ers-kittle-warner-incertain\/\"]}]},{\"@type\":\"ImageObject\",\"inLanguage\":\"fr-FR\",\"@id\":\"https:\/\/theplayoffs.news\/fr\/actualite-nfl\/san-francisco-49ers-kittle-warner-incertain\/#primaryimage\",\"url\":\"https:\/\/theplayoffs.news\/fr\/wp-content\/uploads\/2024\/10\/USATSI_24358702.jpg\",\"contentUrl\":\"https:\/\/theplayoffs.news\/fr\/wp-content\/uploads\/2024\/10\/USATSI_24358702.jpg\",\"width\":1920,\"height\":1280,\"caption\":\"Sep 29, 2024; Santa Clara, California, USA; San Francisco 49ers linebacker Fred Warner (54) warms up before the game against the New England Patriots at Levi\\\\'s Stadium. Mandatory Credit: Sergio Estrada-Imagn Images\"},{\"@type\":\"BreadcrumbList\",\"@id\":\"https:\/\/theplayoffs.news\/fr\/actualite-nfl\/san-francisco-49ers-kittle-warner-incertain\/#breadcrumb\",\"itemListElement\":[{\"@type\":\"ListItem\",\"position\":1,\"name\":\"Accueil\",\"item\":\"https:\/\/theplayoffs.news\/fr\/\"},{\"@type\":\"ListItem\",\"position\":2,\"name\":\"San Francisco 49ers: George Kittle et Fred Warner incertains pour dimanche\"}]},{\"@type\":\"WebSite\",\"@id\":\"https:\/\/theplayoffs.news\/fr\/#website\",\"url\":\"https:\/\/theplayoffs.news\/fr\/\",\"name\":\"The Playoffs FR\",\"description\":\"NBA-NFL-NHL-MLB\",\"potentialAction\":[{\"@type\":\"SearchAction\",\"target\":{\"@type\":\"EntryPoint\",\"urlTemplate\":\"https:\/\/theplayoffs.news\/fr\/?s={search_term_string}\"},\"query-input\":{\"@type\":\"PropertyValueSpecification\",\"valueRequired\":true,\"valueName\":\"search_term_string\"}}],\"inLanguage\":\"fr-FR\"},{\"@type\":\"Person\",\"@id\":\"https:\/\/theplayoffs.news\/fr\/#\/schema\/person\/def63bc6746dc5957469b75feb99e66d\",\"name\":\"Flavien Jumeau\",\"image\":{\"@type\":\"ImageObject\",\"inLanguage\":\"fr-FR\",\"@id\":\"https:\/\/theplayoffs.news\/fr\/#\/schema\/person\/image\/\",\"url\":\"https:\/\/secure.gravatar.com\/avatar\/e7fa8ba5a4b7e4ce35fe152f083f352db28ad0acce692004ed88a7a7d78893f7?s=96&d=mm&r=g\",\"contentUrl\":\"https:\/\/secure.gravatar.com\/avatar\/e7fa8ba5a4b7e4ce35fe152f083f352db28ad0acce692004ed88a7a7d78893f7?s=96&d=mm&r=g\",\"caption\":\"Flavien Jumeau\"},\"description\":\"Amoureux du sport (et de vraiment tous les sports) depuis mon plus jeune \u00e2ge, j\u2019ai longtemps h\u00e9site entre le snooker et le curling. Finalement c\u2019est le foot US que j\u2019ai d\u00e9cid\u00e9 de choisir! Responsable foot US sur TPO et animateur du podcast Tailgate j\u2019ai pour mission de vous faire d\u00e9couvrir ce sport passionnant si ce n\u2019est pas encore fait et de vous donner les derni\u00e8res actus. Le tout dans la bonne humeur et avec toujours un jeu de mots ou deux savamment distill\u00e9s! Fan des Saints, pour moi Drew Brees est le vrai GOAT!\",\"url\":\"https:\/\/theplayoffs.news\/fr\/author\/flavien-jumeaugmail-com\/\"}]}<\/script>\n<!-- \/ Yoast SEO plugin. -->","yoast_head_json":{"title":"San Francisco 49ers: George Kittle et Fred Warner incertains pour dimanche - The Playoffs FR","robots":{"index":"index","follow":"follow","max-snippet":"max-snippet:-1","max-image-preview":"max-image-preview:large","max-video-preview":"max-video-preview:-1"},"canonical":"https:\/\/theplayoffs.news\/fr\/actualite-nfl\/san-francisco-49ers-kittle-warner-incertain\/","og_locale":"fr_FR","og_type":"article","og_title":"San Francisco 49ers: George Kittle et Fred Warner incertains pour dimanche - The Playoffs FR","og_url":"https:\/\/theplayoffs.news\/fr\/actualite-nfl\/san-francisco-49ers-kittle-warner-incertain\/","og_site_name":"The Playoffs FR","article_publisher":"https:\/\/www.facebook.com\/TheFreeAgentFR\/","article_modified_time":"2024-10-04T09:14:03+00:00","og_image":[{"width":1920,"height":1280,"url":"https:\/\/theplayoffs.news\/fr\/wp-content\/uploads\/2024\/10\/USATSI_24358702.jpg","type":"image\/jpeg"}],"author":"Flavien Jumeau","twitter_card":"summary_large_image","twitter_creator":"@TheFreeAgentFR","twitter_site":"@TheFreeAgentFR","twitter_misc":{"\u00c9crit par":"Flavien Jumeau","Dur\u00e9e de lecture estim\u00e9e":"1 minute"},"schema":{"@context":"https:\/\/schema.org","@graph":[{"@type":"WebPage","@id":"https:\/\/theplayoffs.news\/fr\/actualite-nfl\/san-francisco-49ers-kittle-warner-incertain\/","url":"https:\/\/theplayoffs.news\/fr\/actualite-nfl\/san-francisco-49ers-kittle-warner-incertain\/","name":"San Francisco 49ers: George Kittle et Fred Warner incertains pour dimanche - The Playoffs FR","isPartOf":{"@id":"https:\/\/theplayoffs.news\/fr\/#website"},"primaryImageOfPage":{"@id":"https:\/\/theplayoffs.news\/fr\/actualite-nfl\/san-francisco-49ers-kittle-warner-incertain\/#primaryimage"},"image":{"@id":"https:\/\/theplayoffs.news\/fr\/actualite-nfl\/san-francisco-49ers-kittle-warner-incertain\/#primaryimage"},"thumbnailUrl":"https:\/\/theplayoffs.news\/fr\/wp-content\/uploads\/2024\/10\/USATSI_24358702.jpg","datePublished":"2024-10-04T10:20:20+00:00","dateModified":"2024-10-04T12:20:20+02:00","author":{"@id":"https:\/\/theplayoffs.news\/fr\/#\/schema\/person\/def63bc6746dc5957469b75feb99e66d"},"breadcrumb":{"@id":"https:\/\/theplayoffs.news\/fr\/actualite-nfl\/san-francisco-49ers-kittle-warner-incertain\/#breadcrumb"},"inLanguage":"fr-FR","potentialAction":[{"@type":"ReadAction","target":["https:\/\/theplayoffs.news\/fr\/actualite-nfl\/san-francisco-49ers-kittle-warner-incertain\/"]}]},{"@type":"ImageObject","inLanguage":"fr-FR","@id":"https:\/\/theplayoffs.news\/fr\/actualite-nfl\/san-francisco-49ers-kittle-warner-incertain\/#primaryimage","url":"https:\/\/theplayoffs.news\/fr\/wp-content\/uploads\/2024\/10\/USATSI_24358702.jpg","contentUrl":"https:\/\/theplayoffs.news\/fr\/wp-content\/uploads\/2024\/10\/USATSI_24358702.jpg","width":1920,"height":1280,"caption":"Sep 29, 2024; Santa Clara, California, USA; San Francisco 49ers linebacker Fred Warner (54) warms up before the game against the New England Patriots at Levi\\'s Stadium. Mandatory Credit: Sergio Estrada-Imagn Images"},{"@type":"BreadcrumbList","@id":"https:\/\/theplayoffs.news\/fr\/actualite-nfl\/san-francisco-49ers-kittle-warner-incertain\/#breadcrumb","itemListElement":[{"@type":"ListItem","position":1,"name":"Accueil","item":"https:\/\/theplayoffs.news\/fr\/"},{"@type":"ListItem","position":2,"name":"San Francisco 49ers: George Kittle et Fred Warner incertains pour dimanche"}]},{"@type":"WebSite","@id":"https:\/\/theplayoffs.news\/fr\/#website","url":"https:\/\/theplayoffs.news\/fr\/","name":"The Playoffs FR","description":"NBA-NFL-NHL-MLB","potentialAction":[{"@type":"SearchAction","target":{"@type":"EntryPoint","urlTemplate":"https:\/\/theplayoffs.news\/fr\/?s={search_term_string}"},"query-input":{"@type":"PropertyValueSpecification","valueRequired":true,"valueName":"search_term_string"}}],"inLanguage":"fr-FR"},{"@type":"Person","@id":"https:\/\/theplayoffs.news\/fr\/#\/schema\/person\/def63bc6746dc5957469b75feb99e66d","name":"Flavien Jumeau","image":{"@type":"ImageObject","inLanguage":"fr-FR","@id":"https:\/\/theplayoffs.news\/fr\/#\/schema\/person\/image\/","url":"https:\/\/secure.gravatar.com\/avatar\/e7fa8ba5a4b7e4ce35fe152f083f352db28ad0acce692004ed88a7a7d78893f7?s=96&d=mm&r=g","contentUrl":"https:\/\/secure.gravatar.com\/avatar\/e7fa8ba5a4b7e4ce35fe152f083f352db28ad0acce692004ed88a7a7d78893f7?s=96&d=mm&r=g","caption":"Flavien Jumeau"},"description":"Amoureux du sport (et de vraiment tous les sports) depuis mon plus jeune \u00e2ge, j\u2019ai longtemps h\u00e9site entre le snooker et le curling. Finalement c\u2019est le foot US que j\u2019ai d\u00e9cid\u00e9 de choisir! Responsable foot US sur TPO et animateur du podcast Tailgate j\u2019ai pour mission de vous faire d\u00e9couvrir ce sport passionnant si ce n\u2019est pas encore fait et de vous donner les derni\u00e8res actus. Le tout dans la bonne humeur et avec toujours un jeu de mots ou deux savamment distill\u00e9s! Fan des Saints, pour moi Drew Brees est le vrai GOAT!","url":"https:\/\/theplayoffs.news\/fr\/author\/flavien-jumeaugmail-com\/"}]}},"_links":{"self":[{"href":"https:\/\/theplayoffs.news\/fr\/wp-json\/wp\/v2\/posts\/1461395","targetHints":{"allow":["GET"]}}],"collection":[{"href":"https:\/\/theplayoffs.news\/fr\/wp-json\/wp\/v2\/posts"}],"about":[{"href":"https:\/\/theplayoffs.news\/fr\/wp-json\/wp\/v2\/types\/post"}],"author":[{"embeddable":true,"href":"https:\/\/theplayoffs.news\/fr\/wp-json\/wp\/v2\/users\/180309964"}],"replies":[{"embeddable":true,"href":"https:\/\/theplayoffs.news\/fr\/wp-json\/wp\/v2\/comments?post=1461395"}],"version-history":[{"count":3,"href":"https:\/\/theplayoffs.news\/fr\/wp-json\/wp\/v2\/posts\/1461395\/revisions"}],"predecessor-version":[{"id":1461399,"href":"https:\/\/theplayoffs.news\/fr\/wp-json\/wp\/v2\/posts\/1461395\/revisions\/1461399"}],"wp:featuredmedia":[{"embeddable":true,"href":"https:\/\/theplayoffs.news\/fr\/wp-json\/wp\/v2\/media\/1461396"}],"wp:attachment":[{"href":"https:\/\/theplayoffs.news\/fr\/wp-json\/wp\/v2\/media?parent=1461395"}],"wp:term":[{"taxonomy":"category","embeddable":true,"href":"https:\/\/theplayoffs.news\/fr\/wp-json\/wp\/v2\/categories?post=1461395"},{"taxonomy":"post_tag","embeddable":true,"href":"https:\/\/theplayoffs.news\/fr\/wp-json\/wp\/v2\/tags?post=1461395"},{"taxonomy":"sport","embeddable":true,"href":"https:\/\/theplayoffs.news\/fr\/wp-json\/wp\/v2\/sport?post=1461395"},{"taxonomy":"saison","embeddable":true,"href":"https:\/\/theplayoffs.news\/fr\/wp-json\/wp\/v2\/saison?post=1461395"}],"curies":[{"name":"wp","href":"https:\/\/api.w.org\/{rel}","templated":true}]}}