{"id":1461380,"date":"2024-10-04T11:16:49","date_gmt":"2024-10-04T09:16:49","guid":{"rendered":"https:\/\/theplayoffs.news\/fr\/?p=1461380"},"modified":"2024-10-04T11:38:24","modified_gmt":"2024-10-04T09:38:24","slug":"derek-carr-saints-serais-ravi-rejouer-adams","status":"publish","type":"post","link":"https:\/\/theplayoffs.news\/fr\/actualite-nfl\/derek-carr-saints-serais-ravi-rejouer-adams\/","title":{"rendered":"Derek Carr (Saints): &lsquo;Je serais ravi de pouvoir rejouer avec Davante Adams&rsquo;"},"content":{"rendered":"<h2>NFL &ndash; Le quarterback des New Orleans Saints, Derek Carr, a fait part de son envie de rejouer avec son ami Davante Adams.<\/h2><p><a href=\"https:\/\/theplayoffs.news\/fr\/nfl\/davante-adams-jouer-saints-ou-jets\/\" class=\"trk-cta-link\" data-cta-trk='{\"ctaType\":\"Link\",\"ctaSubType\":\"main\"}'>Davante Adams veut jouer avec Derek Carr<\/a> (ou Aaron Rodgers) et visiblement le quarterback des Saints verrait d&rsquo;un tr&egrave;s bon oeil le fait de jouer de nouveau avec le receveur qui est actuellement chez les Las Vegas Raiders. Alors qu&rsquo;Adams a indiqu&eacute; &agrave; son &eacute;quipe actuelle qu&rsquo;il pr&eacute;f&eacute;rait chercher un trade pour la suite de la saison, Derek Carr semble &ecirc;tre dispos&eacute; &agrave; lui faire une place au sein du vestiaire de la Nouvelle-Orl&eacute;ans. Interrog&eacute; au sujet du trade de son ami, <a href=\"https:\/\/www.espn.com\/nfl\/story\/_\/id\/41593008\/saints-derek-carr-welcome-reunion-davante-adams\" class=\"trk-cta-link\" data-cta-trk='{\"ctaType\":\"Link\",\"ctaSubType\":\"main\"}'>Derek Carr a r&eacute;pondu simplement<\/a>:<\/p><blockquote><p>&laquo;&nbsp;Tous les quarterbacks ont envie de jouer avec Davante&nbsp;&raquo; a d&rsquo;abord indiqu&eacute; Derek Carr. &laquo;&nbsp;Nous aussi nous en serions ravis. Je pense que tout le monde le sait&hellip; Oui j&rsquo;ai tr&egrave;s envie de rejouer avec Davante si l&rsquo;occasion se pr&eacute;sente pendant nos carri&egrave;res respectives.&nbsp;&raquo;<\/p><\/blockquote><p>Ce n&rsquo;est plus un secret pour personne, Davante Adams et Derek Carr sont tr&egrave;s proches l&rsquo;un de l&rsquo;autre et sont de v&eacute;ritables amis en dehors du terrain. Une amiti&eacute; qui date de leur collaboration dans les rangs universitaires de Fresno State et qui les conduit aujourd&rsquo;hui &agrave; s&rsquo;appeler plusieurs fois par semaine au t&eacute;l&eacute;phone et &agrave; se voir r&eacute;guli&egrave;rement. Une amiti&eacute; qui a aussi pouss&eacute; Davante Adams &agrave; venir rejoindre Carr &agrave; Las Vegas avant que ce dernier ne prenne la direction des Saints au d&eacute;but de la saison 2023.<\/p><p>Cette amiti&eacute; entre les deux hommes peut-elle faire pencher la balance dans le cadre du trade de Davante Adams? Ce n&rsquo;est vraiment pas certain! A cette heure, les Jets de New York semble vraiment avoir un coup d&rsquo;avance sur la concurrence avec un cap space qui pourrait permettre d&rsquo;absorber le contrat du receveur des Raiders, de possibles compensations int&eacute;ressantes pour les Raiders et un quarterback, Aaron Rodgers, qui est ami lui aussi avec Davante Adams.<\/p><p>Mais tant que rien n&rsquo;est fait, Derek Carr et les Saints peuvent toujours esp&eacute;rer!<\/p><p><em>Cr&eacute;dit photo: Kirby Lee-Imagn Images<\/em><\/p>\n","protected":false},"excerpt":{"rendered":"","protected":false},"author":180309964,"featured_media":1461385,"comment_status":"open","ping_status":"closed","sticky":false,"template":"","format":"standard","meta":{"inline_featured_image":false,"kia_subtitle":"","_mux_skip_reasons":[],"proofreadBy":0,"footnotes":""},"categories":[118,40],"tags":[956,994],"sport":[2785],"saison":[6111],"class_list":["post-1461380","post","type-post","status-publish","format-standard","has-post-thumbnail","hentry","category-actualite-nfl","category-nfl","tag-derek-carr","tag-new-orleans-saints","sport-nfl","saison-6111"],"acf":[],"yoast_head":"<!-- This site is optimized with the Yoast SEO plugin v24.2 - https:\/\/yoast.com\/wordpress\/plugins\/seo\/ -->\n<title>Derek Carr (Saints): &#039;Je serais ravi de pouvoir rejouer avec Davante Adams&#039; - The Playoffs FR<\/title>\n<meta name=\"robots\" content=\"index, follow, max-snippet:-1, max-image-preview:large, max-video-preview:-1\" \/>\n<link rel=\"canonical\" href=\"https:\/\/theplayoffs.news\/fr\/actualite-nfl\/derek-carr-saints-serais-ravi-rejouer-adams\/\" \/>\n<meta property=\"og:locale\" content=\"fr_FR\" \/>\n<meta property=\"og:type\" content=\"article\" \/>\n<meta property=\"og:title\" content=\"Derek Carr (Saints): &#039;Je serais ravi de pouvoir rejouer avec Davante Adams&#039; - The Playoffs FR\" \/>\n<meta property=\"og:url\" content=\"https:\/\/theplayoffs.news\/fr\/actualite-nfl\/derek-carr-saints-serais-ravi-rejouer-adams\/\" \/>\n<meta property=\"og:site_name\" content=\"The Playoffs FR\" \/>\n<meta property=\"article:publisher\" content=\"https:\/\/www.facebook.com\/TheFreeAgentFR\/\" \/>\n<meta property=\"article:modified_time\" content=\"2024-10-04T11:38:24+02:00\" \/>\n<meta property=\"og:image\" content=\"https:\/\/theplayoffs.news\/fr\/wp-content\/uploads\/2024\/10\/USATSI_19565705.jpg\" \/>\n\t<meta property=\"og:image:width\" content=\"1920\" \/>\n\t<meta property=\"og:image:height\" content=\"1280\" \/>\n\t<meta property=\"og:image:type\" content=\"image\/jpeg\" \/>\n<meta name=\"author\" content=\"Flavien Jumeau\" \/>\n<meta name=\"twitter:card\" content=\"summary_large_image\" \/>\n<meta name=\"twitter:creator\" content=\"@TheFreeAgentFR\" \/>\n<meta name=\"twitter:site\" content=\"@TheFreeAgentFR\" \/>\n<meta name=\"twitter:label1\" content=\"\u00c9crit par\" \/>\n\t<meta name=\"twitter:data1\" content=\"Flavien Jumeau\" \/>\n\t<meta name=\"twitter:label2\" content=\"Dur\u00e9e de lecture estim\u00e9e\" \/>\n\t<meta name=\"twitter:data2\" content=\"2 minutes\" \/>\n<script type=\"application\/ld+json\" class=\"yoast-schema-graph\">{\"@context\":\"https:\/\/schema.org\",\"@graph\":[{\"@type\":\"WebPage\",\"@id\":\"https:\/\/theplayoffs.news\/fr\/actualite-nfl\/derek-carr-saints-serais-ravi-rejouer-adams\/\",\"url\":\"https:\/\/theplayoffs.news\/fr\/actualite-nfl\/derek-carr-saints-serais-ravi-rejouer-adams\/\",\"name\":\"Derek Carr (Saints): \\\\'Je serais ravi de pouvoir rejouer avec Davante Adams\\\\' - The Playoffs FR\",\"isPartOf\":{\"@id\":\"https:\/\/theplayoffs.news\/fr\/#website\"},\"primaryImageOfPage\":{\"@id\":\"https:\/\/theplayoffs.news\/fr\/actualite-nfl\/derek-carr-saints-serais-ravi-rejouer-adams\/#primaryimage\"},\"image\":{\"@id\":\"https:\/\/theplayoffs.news\/fr\/actualite-nfl\/derek-carr-saints-serais-ravi-rejouer-adams\/#primaryimage\"},\"thumbnailUrl\":\"https:\/\/theplayoffs.news\/fr\/wp-content\/uploads\/2024\/10\/USATSI_19565705.jpg\",\"datePublished\":\"2024-10-04T09:16:49+00:00\",\"dateModified\":\"2024-10-04T09:38:24+00:00\",\"author\":{\"@id\":\"https:\/\/theplayoffs.news\/fr\/#\/schema\/person\/def63bc6746dc5957469b75feb99e66d\"},\"breadcrumb\":{\"@id\":\"https:\/\/theplayoffs.news\/fr\/actualite-nfl\/derek-carr-saints-serais-ravi-rejouer-adams\/#breadcrumb\"},\"inLanguage\":\"fr-FR\",\"potentialAction\":[{\"@type\":\"ReadAction\",\"target\":[\"https:\/\/theplayoffs.news\/fr\/actualite-nfl\/derek-carr-saints-serais-ravi-rejouer-adams\/\"]}]},{\"@type\":\"ImageObject\",\"inLanguage\":\"fr-FR\",\"@id\":\"https:\/\/theplayoffs.news\/fr\/actualite-nfl\/derek-carr-saints-serais-ravi-rejouer-adams\/#primaryimage\",\"url\":\"https:\/\/theplayoffs.news\/fr\/wp-content\/uploads\/2024\/10\/USATSI_19565705.jpg\",\"contentUrl\":\"https:\/\/theplayoffs.news\/fr\/wp-content\/uploads\/2024\/10\/USATSI_19565705.jpg\",\"width\":1920,\"height\":1280,\"caption\":\"Dec 4, 2022; Paradise, Nevada, USA; Las Vegas Raiders wide receiver Davante Adams (17) celebrates with quarterback Derek Carr (4) after scoring on a 45-yard touchdown reception against Los Angeles Chargers in the second half at Allegiant Stadium. The Raiders defeated the Chargers 27-20. Mandatory Credit: Kirby Lee-USA TODAY Sports\"},{\"@type\":\"BreadcrumbList\",\"@id\":\"https:\/\/theplayoffs.news\/fr\/actualite-nfl\/derek-carr-saints-serais-ravi-rejouer-adams\/#breadcrumb\",\"itemListElement\":[{\"@type\":\"ListItem\",\"position\":1,\"name\":\"Accueil\",\"item\":\"https:\/\/theplayoffs.news\/fr\/\"},{\"@type\":\"ListItem\",\"position\":2,\"name\":\"Derek Carr (Saints): &lsquo;Je serais ravi de pouvoir rejouer avec Davante Adams&rsquo;\"}]},{\"@type\":\"WebSite\",\"@id\":\"https:\/\/theplayoffs.news\/fr\/#website\",\"url\":\"https:\/\/theplayoffs.news\/fr\/\",\"name\":\"The Playoffs FR\",\"description\":\"NBA-NFL-NHL-MLB\",\"potentialAction\":[{\"@type\":\"SearchAction\",\"target\":{\"@type\":\"EntryPoint\",\"urlTemplate\":\"https:\/\/theplayoffs.news\/fr\/?s={search_term_string}\"},\"query-input\":{\"@type\":\"PropertyValueSpecification\",\"valueRequired\":true,\"valueName\":\"search_term_string\"}}],\"inLanguage\":\"fr-FR\"},{\"@type\":\"Person\",\"@id\":\"https:\/\/theplayoffs.news\/fr\/#\/schema\/person\/def63bc6746dc5957469b75feb99e66d\",\"name\":\"Flavien Jumeau\",\"image\":{\"@type\":\"ImageObject\",\"inLanguage\":\"fr-FR\",\"@id\":\"https:\/\/theplayoffs.news\/fr\/#\/schema\/person\/image\/\",\"url\":\"https:\/\/secure.gravatar.com\/avatar\/e7fa8ba5a4b7e4ce35fe152f083f352db28ad0acce692004ed88a7a7d78893f7?s=96&d=mm&r=g\",\"contentUrl\":\"https:\/\/secure.gravatar.com\/avatar\/e7fa8ba5a4b7e4ce35fe152f083f352db28ad0acce692004ed88a7a7d78893f7?s=96&d=mm&r=g\",\"caption\":\"Flavien Jumeau\"},\"description\":\"Amoureux du sport (et de vraiment tous les sports) depuis mon plus jeune \u00e2ge, j\u2019ai longtemps h\u00e9site entre le snooker et le curling. Finalement c\u2019est le foot US que j\u2019ai d\u00e9cid\u00e9 de choisir! Responsable foot US sur TPO et animateur du podcast Tailgate j\u2019ai pour mission de vous faire d\u00e9couvrir ce sport passionnant si ce n\u2019est pas encore fait et de vous donner les derni\u00e8res actus. Le tout dans la bonne humeur et avec toujours un jeu de mots ou deux savamment distill\u00e9s! Fan des Saints, pour moi Drew Brees est le vrai GOAT!\",\"url\":\"https:\/\/theplayoffs.news\/fr\/author\/flavien-jumeaugmail-com\/\"}]}<\/script>\n<!-- \/ Yoast SEO plugin. -->","yoast_head_json":{"title":"Derek Carr (Saints): &#039;Je serais ravi de pouvoir rejouer avec Davante Adams&#039; - The Playoffs FR","robots":{"index":"index","follow":"follow","max-snippet":"max-snippet:-1","max-image-preview":"max-image-preview:large","max-video-preview":"max-video-preview:-1"},"canonical":"https:\/\/theplayoffs.news\/fr\/actualite-nfl\/derek-carr-saints-serais-ravi-rejouer-adams\/","og_locale":"fr_FR","og_type":"article","og_title":"Derek Carr (Saints): &#039;Je serais ravi de pouvoir rejouer avec Davante Adams&#039; - The Playoffs FR","og_url":"https:\/\/theplayoffs.news\/fr\/actualite-nfl\/derek-carr-saints-serais-ravi-rejouer-adams\/","og_site_name":"The Playoffs FR","article_publisher":"https:\/\/www.facebook.com\/TheFreeAgentFR\/","article_modified_time":"2024-10-04T09:38:24+00:00","og_image":[{"width":1920,"height":1280,"url":"https:\/\/theplayoffs.news\/fr\/wp-content\/uploads\/2024\/10\/USATSI_19565705.jpg","type":"image\/jpeg"}],"author":"Flavien Jumeau","twitter_card":"summary_large_image","twitter_creator":"@TheFreeAgentFR","twitter_site":"@TheFreeAgentFR","twitter_misc":{"\u00c9crit par":"Flavien Jumeau","Dur\u00e9e de lecture estim\u00e9e":"2 minutes"},"schema":{"@context":"https:\/\/schema.org","@graph":[{"@type":"WebPage","@id":"https:\/\/theplayoffs.news\/fr\/actualite-nfl\/derek-carr-saints-serais-ravi-rejouer-adams\/","url":"https:\/\/theplayoffs.news\/fr\/actualite-nfl\/derek-carr-saints-serais-ravi-rejouer-adams\/","name":"Derek Carr (Saints): \\'Je serais ravi de pouvoir rejouer avec Davante Adams\\' - The Playoffs FR","isPartOf":{"@id":"https:\/\/theplayoffs.news\/fr\/#website"},"primaryImageOfPage":{"@id":"https:\/\/theplayoffs.news\/fr\/actualite-nfl\/derek-carr-saints-serais-ravi-rejouer-adams\/#primaryimage"},"image":{"@id":"https:\/\/theplayoffs.news\/fr\/actualite-nfl\/derek-carr-saints-serais-ravi-rejouer-adams\/#primaryimage"},"thumbnailUrl":"https:\/\/theplayoffs.news\/fr\/wp-content\/uploads\/2024\/10\/USATSI_19565705.jpg","datePublished":"2024-10-04T09:16:49+00:00","dateModified":"2024-10-04T09:38:24+00:00","author":{"@id":"https:\/\/theplayoffs.news\/fr\/#\/schema\/person\/def63bc6746dc5957469b75feb99e66d"},"breadcrumb":{"@id":"https:\/\/theplayoffs.news\/fr\/actualite-nfl\/derek-carr-saints-serais-ravi-rejouer-adams\/#breadcrumb"},"inLanguage":"fr-FR","potentialAction":[{"@type":"ReadAction","target":["https:\/\/theplayoffs.news\/fr\/actualite-nfl\/derek-carr-saints-serais-ravi-rejouer-adams\/"]}]},{"@type":"ImageObject","inLanguage":"fr-FR","@id":"https:\/\/theplayoffs.news\/fr\/actualite-nfl\/derek-carr-saints-serais-ravi-rejouer-adams\/#primaryimage","url":"https:\/\/theplayoffs.news\/fr\/wp-content\/uploads\/2024\/10\/USATSI_19565705.jpg","contentUrl":"https:\/\/theplayoffs.news\/fr\/wp-content\/uploads\/2024\/10\/USATSI_19565705.jpg","width":1920,"height":1280,"caption":"Dec 4, 2022; Paradise, Nevada, USA; Las Vegas Raiders wide receiver Davante Adams (17) celebrates with quarterback Derek Carr (4) after scoring on a 45-yard touchdown reception against Los Angeles Chargers in the second half at Allegiant Stadium. The Raiders defeated the Chargers 27-20. Mandatory Credit: Kirby Lee-USA TODAY Sports"},{"@type":"BreadcrumbList","@id":"https:\/\/theplayoffs.news\/fr\/actualite-nfl\/derek-carr-saints-serais-ravi-rejouer-adams\/#breadcrumb","itemListElement":[{"@type":"ListItem","position":1,"name":"Accueil","item":"https:\/\/theplayoffs.news\/fr\/"},{"@type":"ListItem","position":2,"name":"Derek Carr (Saints): &lsquo;Je serais ravi de pouvoir rejouer avec Davante Adams&rsquo;"}]},{"@type":"WebSite","@id":"https:\/\/theplayoffs.news\/fr\/#website","url":"https:\/\/theplayoffs.news\/fr\/","name":"The Playoffs FR","description":"NBA-NFL-NHL-MLB","potentialAction":[{"@type":"SearchAction","target":{"@type":"EntryPoint","urlTemplate":"https:\/\/theplayoffs.news\/fr\/?s={search_term_string}"},"query-input":{"@type":"PropertyValueSpecification","valueRequired":true,"valueName":"search_term_string"}}],"inLanguage":"fr-FR"},{"@type":"Person","@id":"https:\/\/theplayoffs.news\/fr\/#\/schema\/person\/def63bc6746dc5957469b75feb99e66d","name":"Flavien Jumeau","image":{"@type":"ImageObject","inLanguage":"fr-FR","@id":"https:\/\/theplayoffs.news\/fr\/#\/schema\/person\/image\/","url":"https:\/\/secure.gravatar.com\/avatar\/e7fa8ba5a4b7e4ce35fe152f083f352db28ad0acce692004ed88a7a7d78893f7?s=96&d=mm&r=g","contentUrl":"https:\/\/secure.gravatar.com\/avatar\/e7fa8ba5a4b7e4ce35fe152f083f352db28ad0acce692004ed88a7a7d78893f7?s=96&d=mm&r=g","caption":"Flavien Jumeau"},"description":"Amoureux du sport (et de vraiment tous les sports) depuis mon plus jeune \u00e2ge, j\u2019ai longtemps h\u00e9site entre le snooker et le curling. Finalement c\u2019est le foot US que j\u2019ai d\u00e9cid\u00e9 de choisir! Responsable foot US sur TPO et animateur du podcast Tailgate j\u2019ai pour mission de vous faire d\u00e9couvrir ce sport passionnant si ce n\u2019est pas encore fait et de vous donner les derni\u00e8res actus. Le tout dans la bonne humeur et avec toujours un jeu de mots ou deux savamment distill\u00e9s! Fan des Saints, pour moi Drew Brees est le vrai GOAT!","url":"https:\/\/theplayoffs.news\/fr\/author\/flavien-jumeaugmail-com\/"}]}},"_links":{"self":[{"href":"https:\/\/theplayoffs.news\/fr\/wp-json\/wp\/v2\/posts\/1461380","targetHints":{"allow":["GET"]}}],"collection":[{"href":"https:\/\/theplayoffs.news\/fr\/wp-json\/wp\/v2\/posts"}],"about":[{"href":"https:\/\/theplayoffs.news\/fr\/wp-json\/wp\/v2\/types\/post"}],"author":[{"embeddable":true,"href":"https:\/\/theplayoffs.news\/fr\/wp-json\/wp\/v2\/users\/180309964"}],"replies":[{"embeddable":true,"href":"https:\/\/theplayoffs.news\/fr\/wp-json\/wp\/v2\/comments?post=1461380"}],"version-history":[{"count":2,"href":"https:\/\/theplayoffs.news\/fr\/wp-json\/wp\/v2\/posts\/1461380\/revisions"}],"predecessor-version":[{"id":1461388,"href":"https:\/\/theplayoffs.news\/fr\/wp-json\/wp\/v2\/posts\/1461380\/revisions\/1461388"}],"wp:featuredmedia":[{"embeddable":true,"href":"https:\/\/theplayoffs.news\/fr\/wp-json\/wp\/v2\/media\/1461385"}],"wp:attachment":[{"href":"https:\/\/theplayoffs.news\/fr\/wp-json\/wp\/v2\/media?parent=1461380"}],"wp:term":[{"taxonomy":"category","embeddable":true,"href":"https:\/\/theplayoffs.news\/fr\/wp-json\/wp\/v2\/categories?post=1461380"},{"taxonomy":"post_tag","embeddable":true,"href":"https:\/\/theplayoffs.news\/fr\/wp-json\/wp\/v2\/tags?post=1461380"},{"taxonomy":"sport","embeddable":true,"href":"https:\/\/theplayoffs.news\/fr\/wp-json\/wp\/v2\/sport?post=1461380"},{"taxonomy":"saison","embeddable":true,"href":"https:\/\/theplayoffs.news\/fr\/wp-json\/wp\/v2\/saison?post=1461380"}],"curies":[{"name":"wp","href":"https:\/\/api.w.org\/{rel}","templated":true}]}}