{"id":1461250,"date":"2024-10-03T19:27:06","date_gmt":"2024-10-03T17:27:06","guid":{"rendered":"https:\/\/theplayoffs.news\/fr\/?p=1461250"},"modified":"2024-10-03T19:27:06","modified_gmt":"2024-10-03T17:27:06","slug":"bellemare-ne-jouera-pas-au-colorado","status":"publish","type":"post","link":"https:\/\/theplayoffs.news\/fr\/actualite-nhl\/bellemare-ne-jouera-pas-au-colorado\/","title":{"rendered":"Bellemare ne jouera pas au Colorado."},"content":{"rendered":"<h2>Apr&egrave;s s&rsquo;&ecirc;tre vu offrir un contrat d&rsquo;essai pour le camp d&rsquo;entra&icirc;nement, <a href=\"https:\/\/x.com\/evanrawal\/status\/1841882484033692045\" class=\"trk-cta-link\" data-cta-trk='{\"ctaType\":\"Link\",\"ctaSubType\":\"main\"}'>le joueur fran&ccedil;ais n&rsquo;est pas conserv&eacute; au sein de l&rsquo;effectif pour cette saison.<\/a><\/h2><blockquote class=\"twitter-tweet\" data-width=\"500\" data-dnt=\"true\">\n<p lang=\"en\" dir=\"ltr\">We have announced today that forward Pierre-Edouard Bellemare has been released from his PTO.<\/p>\n<p>&mdash; Colorado Avalanche (@Avalanche) <a href=\"https:\/\/twitter.com\/Avalanche\/status\/1841882235361804490?ref_src=twsrc%5Etfw\" class=\"trk-cta-link\" data-cta-trk='{\"ctaType\":\"Link\",\"ctaSubType\":\"main\"}'>October 3, 2024<\/a><\/p><\/blockquote><p><script async src=\"https:\/\/platform.twitter.com\/widgets.js\" charset=\"utf-8\"><\/script><\/p><p>Alors que l&rsquo;Avalanche cherche un joueur offensif pour la quatri&egrave;me ligne, Bellemare &eacute;tait en comp&eacute;tition avec d&rsquo;autres joueurs comme <a href=\"https:\/\/theplayoffs.news\/fr\/joueur\/ivan-ivan-nhl-10207428\/\" class=\"trk-cta-link\" data-cta-trk='{\"ctaType\":\"Link\",\"ctaSubType\":\"main\"}'>Ivan Ivan<\/a> ou en encore <a href=\"https:\/\/theplayoffs.news\/fr\/joueur\/calum-ritchie-nhl-10298420\/\" class=\"trk-cta-link\" data-cta-trk='{\"ctaType\":\"Link\",\"ctaSubType\":\"main\"}'>Calum Ritchie<\/a>.<\/p><p>Apr&egrave;s avoir quitt&eacute; Seattle car aucun contrat ne lui &eacute;tait propos&eacute;, le joueur fran&ccedil;ais de 39 ans s&rsquo;&eacute;tait vu proposer un contrat d&rsquo;essai professionnel par son ancien club, le Colorado Avalanche. Pour rappel, Bellemare avait jou&eacute; 122 rencontres pour 33 points au Colorado de 2019 &agrave; 2021.<\/p><p>Les fans sont assez surpris et d&eacute;&ccedil;u par cette d&eacute;cision de ne pas le conserver, mais c&rsquo;est aussi sa bonne humeur au sein du vestiaire qui manquera cette saison.<\/p><p>Pour l&rsquo;instant, l&rsquo;Avalanche doit donc trouver un joueur de quatri&egrave;me ligne et pourra chercher parmi les joueurs mis au ballotage par leur &eacute;quipe.<\/p><p>Cr&eacute;dit photo : Steven Bisig-USA TODAY Sports<\/p>\n","protected":false},"excerpt":{"rendered":"","protected":false},"author":180310223,"featured_media":1461254,"comment_status":"open","ping_status":"closed","sticky":false,"template":"","format":"standard","meta":{"inline_featured_image":false,"kia_subtitle":"","_mux_skip_reasons":[],"proofreadBy":0,"footnotes":""},"categories":[187,26],"tags":[1785,735,91,1786,24],"sport":[],"saison":[],"class_list":["post-1461250","post","type-post","status-publish","format-standard","has-post-thumbnail","hentry","category-actualite-nhl","category-nhl","tag-bellemare","tag-colorado","tag-colorado-avalanche","tag-france","tag-nhl"],"acf":[],"yoast_head":"<!-- This site is optimized with the Yoast SEO plugin v24.2 - https:\/\/yoast.com\/wordpress\/plugins\/seo\/ -->\n<title>Bellemare ne jouera pas au Colorado. - The Playoffs FR<\/title>\n<meta name=\"robots\" content=\"index, follow, max-snippet:-1, max-image-preview:large, max-video-preview:-1\" \/>\n<link rel=\"canonical\" href=\"https:\/\/theplayoffs.news\/fr\/actualite-nhl\/bellemare-ne-jouera-pas-au-colorado\/\" \/>\n<meta property=\"og:locale\" content=\"fr_FR\" \/>\n<meta property=\"og:type\" content=\"article\" \/>\n<meta property=\"og:title\" content=\"Bellemare ne jouera pas au Colorado. - The Playoffs FR\" \/>\n<meta property=\"og:url\" content=\"https:\/\/theplayoffs.news\/fr\/actualite-nhl\/bellemare-ne-jouera-pas-au-colorado\/\" \/>\n<meta property=\"og:site_name\" content=\"The Playoffs FR\" \/>\n<meta property=\"article:publisher\" content=\"https:\/\/www.facebook.com\/TheFreeAgentFR\/\" \/>\n<meta property=\"article:modified_time\" content=\"2024-10-03T19:27:06+02:00\" \/>\n<meta property=\"og:image\" content=\"https:\/\/theplayoffs.news\/fr\/wp-content\/uploads\/2024\/10\/USATSI_21709461.jpg\" \/>\n\t<meta property=\"og:image:width\" content=\"1920\" \/>\n\t<meta property=\"og:image:height\" content=\"1280\" \/>\n\t<meta property=\"og:image:type\" content=\"image\/jpeg\" \/>\n<meta name=\"author\" content=\"Lilian Himmelberger\" \/>\n<meta name=\"twitter:card\" content=\"summary_large_image\" \/>\n<meta name=\"twitter:creator\" content=\"@Colorado_FR_AVS\" \/>\n<meta name=\"twitter:site\" content=\"@TheFreeAgentFR\" \/>\n<meta name=\"twitter:label1\" content=\"\u00c9crit par\" \/>\n\t<meta name=\"twitter:data1\" content=\"Lilian Himmelberger\" \/>\n\t<meta name=\"twitter:label2\" content=\"Dur\u00e9e de lecture estim\u00e9e\" \/>\n\t<meta name=\"twitter:data2\" content=\"1 minute\" \/>\n<script type=\"application\/ld+json\" class=\"yoast-schema-graph\">{\"@context\":\"https:\/\/schema.org\",\"@graph\":[{\"@type\":\"WebPage\",\"@id\":\"https:\/\/theplayoffs.news\/fr\/actualite-nhl\/bellemare-ne-jouera-pas-au-colorado\/\",\"url\":\"https:\/\/theplayoffs.news\/fr\/actualite-nhl\/bellemare-ne-jouera-pas-au-colorado\/\",\"name\":\"Bellemare ne jouera pas au Colorado. - The Playoffs FR\",\"isPartOf\":{\"@id\":\"https:\/\/theplayoffs.news\/fr\/#website\"},\"primaryImageOfPage\":{\"@id\":\"https:\/\/theplayoffs.news\/fr\/actualite-nhl\/bellemare-ne-jouera-pas-au-colorado\/#primaryimage\"},\"image\":{\"@id\":\"https:\/\/theplayoffs.news\/fr\/actualite-nhl\/bellemare-ne-jouera-pas-au-colorado\/#primaryimage\"},\"thumbnailUrl\":\"https:\/\/theplayoffs.news\/fr\/wp-content\/uploads\/2024\/10\/USATSI_21709461.jpg\",\"datePublished\":\"2024-10-03T17:27:06+00:00\",\"dateModified\":\"2024-10-03T17:27:06+00:00\",\"author\":{\"@id\":\"https:\/\/theplayoffs.news\/fr\/#\/schema\/person\/0931b4a2fbcb1e3ec76de45cc3952a9b\"},\"breadcrumb\":{\"@id\":\"https:\/\/theplayoffs.news\/fr\/actualite-nhl\/bellemare-ne-jouera-pas-au-colorado\/#breadcrumb\"},\"inLanguage\":\"fr-FR\",\"potentialAction\":[{\"@type\":\"ReadAction\",\"target\":[\"https:\/\/theplayoffs.news\/fr\/actualite-nhl\/bellemare-ne-jouera-pas-au-colorado\/\"]}]},{\"@type\":\"ImageObject\",\"inLanguage\":\"fr-FR\",\"@id\":\"https:\/\/theplayoffs.news\/fr\/actualite-nhl\/bellemare-ne-jouera-pas-au-colorado\/#primaryimage\",\"url\":\"https:\/\/theplayoffs.news\/fr\/wp-content\/uploads\/2024\/10\/USATSI_21709461.jpg\",\"contentUrl\":\"https:\/\/theplayoffs.news\/fr\/wp-content\/uploads\/2024\/10\/USATSI_21709461.jpg\",\"width\":1920,\"height\":1280,\"caption\":\"Oct 21, 2023; Seattle, Washington, USA; Seattle Kraken left wing Pierre-Edouard Bellemare (41) plays the puck against the New York Rangers during the third period at Climate Pledge Arena. Mandatory Credit: Steven Bisig-USA TODAY Sports\"},{\"@type\":\"BreadcrumbList\",\"@id\":\"https:\/\/theplayoffs.news\/fr\/actualite-nhl\/bellemare-ne-jouera-pas-au-colorado\/#breadcrumb\",\"itemListElement\":[{\"@type\":\"ListItem\",\"position\":1,\"name\":\"Accueil\",\"item\":\"https:\/\/theplayoffs.news\/fr\/\"},{\"@type\":\"ListItem\",\"position\":2,\"name\":\"Bellemare ne jouera pas au Colorado.\"}]},{\"@type\":\"WebSite\",\"@id\":\"https:\/\/theplayoffs.news\/fr\/#website\",\"url\":\"https:\/\/theplayoffs.news\/fr\/\",\"name\":\"The Playoffs FR\",\"description\":\"NBA-NFL-NHL-MLB\",\"potentialAction\":[{\"@type\":\"SearchAction\",\"target\":{\"@type\":\"EntryPoint\",\"urlTemplate\":\"https:\/\/theplayoffs.news\/fr\/?s={search_term_string}\"},\"query-input\":{\"@type\":\"PropertyValueSpecification\",\"valueRequired\":true,\"valueName\":\"search_term_string\"}}],\"inLanguage\":\"fr-FR\"},{\"@type\":\"Person\",\"@id\":\"https:\/\/theplayoffs.news\/fr\/#\/schema\/person\/0931b4a2fbcb1e3ec76de45cc3952a9b\",\"name\":\"Lilian Himmelberger\",\"image\":{\"@type\":\"ImageObject\",\"inLanguage\":\"fr-FR\",\"@id\":\"https:\/\/theplayoffs.news\/fr\/#\/schema\/person\/image\/\",\"url\":\"https:\/\/secure.gravatar.com\/avatar\/f4ac659ea2cbd43c2b77e8f751667a8f5b8015dadf9db3f3942f26588c2262af?s=96&d=mm&r=g\",\"contentUrl\":\"https:\/\/secure.gravatar.com\/avatar\/f4ac659ea2cbd43c2b77e8f751667a8f5b8015dadf9db3f3942f26588c2262af?s=96&d=mm&r=g\",\"caption\":\"Lilian Himmelberger\"},\"description\":\"Pour TPO, j\u2019\u00e9cris sur la NHL et la Ligue Magnus ou le hockey fran\u00e7ais en g\u00e9n\u00e9ral. J\u2019ai commenc\u00e9 un compte Twitter\/X sur l\u2019actu du Colorado Avalanche en fran\u00e7ais en 2020 et j\u2019ai commenc\u00e9 \u00e0 \u00e9crire des articles sur la NHL pour un site perso. C\u2019est en novembre 2023 que j\u2019ai ensuite rejoint TPO pour \u00e9crire sur la NHL et le hockey fran\u00e7ais. J\u2019adore pouvoir parler de ma passion et surtout de pouvoir parler du hockey qui est un sport encore trop peu connu en France. N\u2019oubliez pas que Nathan MacKinnon est le meilleur joueur du monde.\",\"sameAs\":[\"https:\/\/x.com\/Colorado_FR_AVS\"],\"url\":\"https:\/\/theplayoffs.news\/fr\/author\/lilianhimmelbergergmail-com\/\"}]}<\/script>\n<!-- \/ Yoast SEO plugin. -->","yoast_head_json":{"title":"Bellemare ne jouera pas au Colorado. - The Playoffs FR","robots":{"index":"index","follow":"follow","max-snippet":"max-snippet:-1","max-image-preview":"max-image-preview:large","max-video-preview":"max-video-preview:-1"},"canonical":"https:\/\/theplayoffs.news\/fr\/actualite-nhl\/bellemare-ne-jouera-pas-au-colorado\/","og_locale":"fr_FR","og_type":"article","og_title":"Bellemare ne jouera pas au Colorado. - The Playoffs FR","og_url":"https:\/\/theplayoffs.news\/fr\/actualite-nhl\/bellemare-ne-jouera-pas-au-colorado\/","og_site_name":"The Playoffs FR","article_publisher":"https:\/\/www.facebook.com\/TheFreeAgentFR\/","og_image":[{"width":1920,"height":1280,"url":"https:\/\/theplayoffs.news\/fr\/wp-content\/uploads\/2024\/10\/USATSI_21709461.jpg","type":"image\/jpeg"}],"author":"Lilian Himmelberger","twitter_card":"summary_large_image","twitter_creator":"@Colorado_FR_AVS","twitter_site":"@TheFreeAgentFR","twitter_misc":{"\u00c9crit par":"Lilian Himmelberger","Dur\u00e9e de lecture estim\u00e9e":"1 minute"},"schema":{"@context":"https:\/\/schema.org","@graph":[{"@type":"WebPage","@id":"https:\/\/theplayoffs.news\/fr\/actualite-nhl\/bellemare-ne-jouera-pas-au-colorado\/","url":"https:\/\/theplayoffs.news\/fr\/actualite-nhl\/bellemare-ne-jouera-pas-au-colorado\/","name":"Bellemare ne jouera pas au Colorado. - The Playoffs FR","isPartOf":{"@id":"https:\/\/theplayoffs.news\/fr\/#website"},"primaryImageOfPage":{"@id":"https:\/\/theplayoffs.news\/fr\/actualite-nhl\/bellemare-ne-jouera-pas-au-colorado\/#primaryimage"},"image":{"@id":"https:\/\/theplayoffs.news\/fr\/actualite-nhl\/bellemare-ne-jouera-pas-au-colorado\/#primaryimage"},"thumbnailUrl":"https:\/\/theplayoffs.news\/fr\/wp-content\/uploads\/2024\/10\/USATSI_21709461.jpg","datePublished":"2024-10-03T17:27:06+00:00","dateModified":"2024-10-03T17:27:06+00:00","author":{"@id":"https:\/\/theplayoffs.news\/fr\/#\/schema\/person\/0931b4a2fbcb1e3ec76de45cc3952a9b"},"breadcrumb":{"@id":"https:\/\/theplayoffs.news\/fr\/actualite-nhl\/bellemare-ne-jouera-pas-au-colorado\/#breadcrumb"},"inLanguage":"fr-FR","potentialAction":[{"@type":"ReadAction","target":["https:\/\/theplayoffs.news\/fr\/actualite-nhl\/bellemare-ne-jouera-pas-au-colorado\/"]}]},{"@type":"ImageObject","inLanguage":"fr-FR","@id":"https:\/\/theplayoffs.news\/fr\/actualite-nhl\/bellemare-ne-jouera-pas-au-colorado\/#primaryimage","url":"https:\/\/theplayoffs.news\/fr\/wp-content\/uploads\/2024\/10\/USATSI_21709461.jpg","contentUrl":"https:\/\/theplayoffs.news\/fr\/wp-content\/uploads\/2024\/10\/USATSI_21709461.jpg","width":1920,"height":1280,"caption":"Oct 21, 2023; Seattle, Washington, USA; Seattle Kraken left wing Pierre-Edouard Bellemare (41) plays the puck against the New York Rangers during the third period at Climate Pledge Arena. Mandatory Credit: Steven Bisig-USA TODAY Sports"},{"@type":"BreadcrumbList","@id":"https:\/\/theplayoffs.news\/fr\/actualite-nhl\/bellemare-ne-jouera-pas-au-colorado\/#breadcrumb","itemListElement":[{"@type":"ListItem","position":1,"name":"Accueil","item":"https:\/\/theplayoffs.news\/fr\/"},{"@type":"ListItem","position":2,"name":"Bellemare ne jouera pas au Colorado."}]},{"@type":"WebSite","@id":"https:\/\/theplayoffs.news\/fr\/#website","url":"https:\/\/theplayoffs.news\/fr\/","name":"The Playoffs FR","description":"NBA-NFL-NHL-MLB","potentialAction":[{"@type":"SearchAction","target":{"@type":"EntryPoint","urlTemplate":"https:\/\/theplayoffs.news\/fr\/?s={search_term_string}"},"query-input":{"@type":"PropertyValueSpecification","valueRequired":true,"valueName":"search_term_string"}}],"inLanguage":"fr-FR"},{"@type":"Person","@id":"https:\/\/theplayoffs.news\/fr\/#\/schema\/person\/0931b4a2fbcb1e3ec76de45cc3952a9b","name":"Lilian Himmelberger","image":{"@type":"ImageObject","inLanguage":"fr-FR","@id":"https:\/\/theplayoffs.news\/fr\/#\/schema\/person\/image\/","url":"https:\/\/secure.gravatar.com\/avatar\/f4ac659ea2cbd43c2b77e8f751667a8f5b8015dadf9db3f3942f26588c2262af?s=96&d=mm&r=g","contentUrl":"https:\/\/secure.gravatar.com\/avatar\/f4ac659ea2cbd43c2b77e8f751667a8f5b8015dadf9db3f3942f26588c2262af?s=96&d=mm&r=g","caption":"Lilian Himmelberger"},"description":"Pour TPO, j\u2019\u00e9cris sur la NHL et la Ligue Magnus ou le hockey fran\u00e7ais en g\u00e9n\u00e9ral. J\u2019ai commenc\u00e9 un compte Twitter\/X sur l\u2019actu du Colorado Avalanche en fran\u00e7ais en 2020 et j\u2019ai commenc\u00e9 \u00e0 \u00e9crire des articles sur la NHL pour un site perso. C\u2019est en novembre 2023 que j\u2019ai ensuite rejoint TPO pour \u00e9crire sur la NHL et le hockey fran\u00e7ais. J\u2019adore pouvoir parler de ma passion et surtout de pouvoir parler du hockey qui est un sport encore trop peu connu en France. N\u2019oubliez pas que Nathan MacKinnon est le meilleur joueur du monde.","sameAs":["https:\/\/x.com\/Colorado_FR_AVS"],"url":"https:\/\/theplayoffs.news\/fr\/author\/lilianhimmelbergergmail-com\/"}]}},"_links":{"self":[{"href":"https:\/\/theplayoffs.news\/fr\/wp-json\/wp\/v2\/posts\/1461250","targetHints":{"allow":["GET"]}}],"collection":[{"href":"https:\/\/theplayoffs.news\/fr\/wp-json\/wp\/v2\/posts"}],"about":[{"href":"https:\/\/theplayoffs.news\/fr\/wp-json\/wp\/v2\/types\/post"}],"author":[{"embeddable":true,"href":"https:\/\/theplayoffs.news\/fr\/wp-json\/wp\/v2\/users\/180310223"}],"replies":[{"embeddable":true,"href":"https:\/\/theplayoffs.news\/fr\/wp-json\/wp\/v2\/comments?post=1461250"}],"version-history":[{"count":4,"href":"https:\/\/theplayoffs.news\/fr\/wp-json\/wp\/v2\/posts\/1461250\/revisions"}],"predecessor-version":[{"id":1461260,"href":"https:\/\/theplayoffs.news\/fr\/wp-json\/wp\/v2\/posts\/1461250\/revisions\/1461260"}],"wp:featuredmedia":[{"embeddable":true,"href":"https:\/\/theplayoffs.news\/fr\/wp-json\/wp\/v2\/media\/1461254"}],"wp:attachment":[{"href":"https:\/\/theplayoffs.news\/fr\/wp-json\/wp\/v2\/media?parent=1461250"}],"wp:term":[{"taxonomy":"category","embeddable":true,"href":"https:\/\/theplayoffs.news\/fr\/wp-json\/wp\/v2\/categories?post=1461250"},{"taxonomy":"post_tag","embeddable":true,"href":"https:\/\/theplayoffs.news\/fr\/wp-json\/wp\/v2\/tags?post=1461250"},{"taxonomy":"sport","embeddable":true,"href":"https:\/\/theplayoffs.news\/fr\/wp-json\/wp\/v2\/sport?post=1461250"},{"taxonomy":"saison","embeddable":true,"href":"https:\/\/theplayoffs.news\/fr\/wp-json\/wp\/v2\/saison?post=1461250"}],"curies":[{"name":"wp","href":"https:\/\/api.w.org\/{rel}","templated":true}]}}