{"id":1461116,"date":"2024-10-02T17:35:16","date_gmt":"2024-10-02T15:35:16","guid":{"rendered":"https:\/\/theplayoffs.news\/fr\/?p=1461116"},"modified":"2024-10-02T17:35:16","modified_gmt":"2024-10-02T15:35:16","slug":"buster-posey-revient-chez-les-giants","status":"publish","type":"post","link":"https:\/\/theplayoffs.news\/fr\/actualite-mlb\/buster-posey-revient-chez-les-giants\/","title":{"rendered":"Buster Posey revient chez les Giants !"},"content":{"rendered":"<p style=\"text-align: justify\">La l&eacute;gende <a href=\"https:\/\/www.baseball-reference.com\/players\/p\/poseybu01.shtml\" class=\"trk-cta-link\" data-cta-trk='{\"ctaType\":\"Link\",\"ctaSubType\":\"main\"}'>Buster Posey<\/a> va faire son retour au sein de l&rsquo;organisation des <a href=\"https:\/\/theplayoffs.news\/fr\/equipe\/san-francisco-giants-mlb\/\" class=\"trk-cta-link\" data-cta-trk='{\"ctaType\":\"Link\",\"ctaSubType\":\"main\"}'>San Francisco Giants<\/a>. Cette fois-ci ce sera en tant que directeur des op&eacute;rations baseball.<\/p><blockquote class=\"twitter-tweet\" data-width=\"500\" data-dnt=\"true\">\n<p lang=\"en\" dir=\"ltr\">Now entering: President of Baseball Operations, Buster Posey &#128064; <a href=\"https:\/\/t.co\/fnyjtClvNa\" class=\"trk-cta-link\" data-cta-trk='{\"ctaType\":\"Link\",\"ctaSubType\":\"main\"}'>pic.twitter.com\/fnyjtClvNa<\/a><\/p>\n<p>&mdash; SFGiants (@SFGiants) <a href=\"https:\/\/twitter.com\/SFGiants\/status\/1841164089680400655?ref_src=twsrc%5Etfw\" class=\"trk-cta-link\" data-cta-trk='{\"ctaType\":\"Link\",\"ctaSubType\":\"main\"}'>October 1, 2024<\/a><\/p><\/blockquote><p><script async src=\"https:\/\/platform.twitter.com\/widgets.js\" charset=\"utf-8\"><\/script><\/p><h3 style=\"text-align: justify\">&laquo;&nbsp;L&rsquo;organisation des Giants, c&rsquo;est tout ce que j&rsquo;ai toujours connu&nbsp;&raquo;<\/h3><p style=\"text-align: justify\">Il y a 3 ans de cela, <a href=\"https:\/\/theplayoffs.news\/fr\/mlb\/breaking-news-buster-posey-va-annoncer-sa-retraite\/\" class=\"trk-cta-link\" data-cta-trk='{\"ctaType\":\"Link\",\"ctaSubType\":\"main\"}'>Buster Posey annon&ccedil;ait sa retraite<\/a> apr&egrave;s avoir pass&eacute; douze saisons du c&ocirc;t&eacute; de la Baie. Un choix motiv&eacute; par son envie de profiter un peu plus de sa famille.<\/p><p style=\"text-align: justify\">Finalement, il n&rsquo;aura pas fallu attendre longtemps pour voir Buster Posey revenir aux affaires dans le monde du baseball. L&rsquo;ancien chouchou du AT&amp;T Park a re&ccedil;u une offre pour devenir le prochain directeur des op&eacute;rations baseball des San Francisco Giants pour les trois prochaines ann&eacute;es.<\/p><blockquote>\n<p style=\"text-align: justify\">&laquo;&nbsp;Je suis excit&eacute; d&rsquo;avoir une opportunit&eacute; d&rsquo;endosser un tel r&ocirc;le. Je suis excit&eacute; de faire partie de cette organisation encore une fois. L&rsquo;organisation des Giants, c&rsquo;est tout ce que j&rsquo;ai toujours connu.&nbsp;&raquo; dit Buster Posey tout sourire pour sa premi&egrave;re conf&eacute;rence de presse en tant que directeur des op&eacute;rations baseball.<\/p>\n<\/blockquote><p style=\"text-align: justify\">Les r&eacute;cents r&eacute;sultats d&eacute;cevant des San Francisco Giant, ont forc&eacute; les dirigeants &agrave; prendre des d&eacute;cision afin de b&acirc;tir une nouvelle fois une &eacute;quipe capable de retrouver les sommets. Malheureusement, c&rsquo;est <a href=\"https:\/\/fr.wikipedia.org\/wiki\/Farhan_Zaidi\" class=\"trk-cta-link\" data-cta-trk='{\"ctaType\":\"Link\",\"ctaSubType\":\"main\"}'>Farhan Zaidi<\/a> qui fait les frais de ce changement d&rsquo;organigramme.<\/p><blockquote>\n<p style=\"text-align: justify\">&laquo;&nbsp; Nous avons pris la d&eacute;cision de nous s&eacute;parer de Farhan Zaidi.&nbsp;&raquo; annonce le pr&eacute;sident des San Francisco Giants, Greg Johnson, dans un communiqu&eacute; sorti ce lundi.&nbsp;&raquo;Nous appr&eacute;cions l&rsquo;engagement de Farhan et sa passion afin d&rsquo;avoir un impact dans notre communaut&eacute; au cours de ces six ann&eacute;es.&nbsp;&raquo;<\/p>\n<\/blockquote><p style=\"text-align: justify\">Toutefois, Fahran Zaidi touchera ses indemnit&eacute;s, lui qui avait encore une ann&eacute;e garantie dans son contrat.<\/p><blockquote class=\"twitter-tweet\" data-width=\"500\" data-dnt=\"true\">\n<p lang=\"zxx\" dir=\"ltr\"><a href=\"https:\/\/t.co\/HhuBNNL3f2\" class=\"trk-cta-link\" data-cta-trk='{\"ctaType\":\"Link\",\"ctaSubType\":\"main\"}'>pic.twitter.com\/HhuBNNL3f2<\/a><\/p>\n<p>&mdash; SFGiants (@SFGiants) <a href=\"https:\/\/twitter.com\/SFGiants\/status\/1840800969732604247?ref_src=twsrc%5Etfw\" class=\"trk-cta-link\" data-cta-trk='{\"ctaType\":\"Link\",\"ctaSubType\":\"main\"}'>September 30, 2024<\/a><\/p><\/blockquote><p><script async src=\"https:\/\/platform.twitter.com\/widgets.js\" charset=\"utf-8\"><\/script><\/p><h3 style=\"text-align: justify\">Une nomination salu&eacute;e par tous&nbsp;!<\/h3><p style=\"text-align: justify\">Le retour de Buster Posey au sein de l&rsquo;organisation des San Francisco Giants a &eacute;t&eacute; grandement approuv&eacute;e par des membre de la franchise. A commenc&eacute; par le manager g&eacute;n&eacute;ral <a href=\"https:\/\/www.mlb.com\/player\/bob-melvin-118942\" class=\"trk-cta-link\" data-cta-trk='{\"ctaType\":\"Link\",\"ctaSubType\":\"main\"}'>Bob Melvin<\/a> qui sait ce qu&rsquo;il repr&eacute;sente pour les gens dans la baie.<\/p><blockquote>\n<p style=\"text-align: justify\">&laquo;&nbsp;Lorsque quelqu&rsquo;un comme Buster Posey vous demande la balle, vous lui donnez. Il repr&eacute;sente beaucoup pour la communaut&eacute;, l&rsquo;&eacute;quipe, l&rsquo;organisation, la ville. Tout ceci.&nbsp;&raquo; Bob Melvin<\/p>\n<\/blockquote><p style=\"text-align: justify\">Logan Webb, le lanceur vedette des Giants y est all&eacute; aussi de son petit mot, &agrave; la suite de la nomination de Buster Posey.<\/p><blockquote>\n<p style=\"text-align: justify\">&laquo;&nbsp;Je suis vraiment excit&eacute; pour Buster et je suis aussi excit&eacute; de voir ce qu&rsquo;il va apporter avec ce nouveau r&ocirc;le. Buster est un esprit brillant du baseball et je suis impatient de faire partie de ceci.&nbsp;&raquo; Logan Webb<\/p>\n<\/blockquote><p>La carri&egrave;re de Buster Posey sera toujours associ&eacute;s &agrave; un certain Bruce Bochy. Ce dernier a d&rsquo;ailleurs eu quelques mots &agrave; l&rsquo;&eacute;gard de son ancien prot&eacute;g&eacute;, confiant sur la r&eacute;ussite de Buster Posey dans ses nouvelles fonctions.<\/p><blockquote><p>Buster &eacute;tait un leader dans notre &eacute;quipe en 2010. En tant que receveur il a vraiment chang&eacute; le club, la fa&ccedil;on dont il a g&eacute;r&eacute; ses co&eacute;quipiers et il nous a men&eacute; &agrave; trois titres. Il va assurer le m&ecirc;me leadership et le m&ecirc;me r&ocirc;le maintenant&hellip;Je ne suis pas surpris de savoir o&ugrave; il en est maintenant.&nbsp;&raquo; Bruce Bochy<\/p><\/blockquote><h3 style=\"text-align: justify\">Buster Posey : La suite logique !<\/h3><p style=\"text-align: justify\">Pour Buster Posey, la d&eacute;cision de prendre le relais de Farhan Zaidi a &eacute;t&eacute; facile &agrave; prendre. Il montre ainsi tout son attachement &agrave; la seule franchise qu&rsquo;il a connu durant sa carri&egrave;re.<\/p><p style=\"text-align: justify\">Ce choix d&rsquo;occuper ce nouveau r&ocirc;le intervient seulement quelques jours apr&egrave;s que les dirigeants des San Francisco Giants aient annonc&eacute; l&rsquo;arriv&eacute;e de Buster Posey au sein du groupe des actionnaires. Il est devenu ainsi l&rsquo;un des 31 actionnaires de la Franchise.<\/p><blockquote>\n<p style=\"text-align: justify\">&laquo;&nbsp;L&rsquo;organisation et la base de fans repr&eacute;sentent beaucoup pour moi et ma famille depuis longtemps. Je ne pourrais &ecirc;tre plus heureux de me joindre au groupe des propri&eacute;taires. Je pense que ce sera pour moi l&rsquo;occasion d&rsquo;apprendre des propri&eacute;taires qui sont l&agrave; depuis longtemps et qui sont au sommet de leur art. Je pourrais aussi apport&eacute; ma perspective en tant que r&eacute;cent retrait&eacute;&nbsp;&raquo; a d&eacute;clar&eacute; Buster Posey durant une Visio la semaine derni&egrave;re<\/p>\n<\/blockquote><p style=\"text-align: justify\">Cette nomination est donc la suite logique pour l&rsquo;enfant de la franchise, prouvant ainsi encore plus son attachement &agrave; l&rsquo;organisation<\/p><p style=\"text-align: justify\">Pour rappel, Buster Posey a &eacute;volu&eacute; durant 12 saisons du c&ocirc;t&eacute; de San Francisco, sous l&rsquo;&egrave;re <a href=\"https:\/\/theplayoffs.news\/fr\/mlb\/bruce-bochy-entretien-avec-legende\/\" class=\"trk-cta-link\" data-cta-trk='{\"ctaType\":\"Link\",\"ctaSubType\":\"main\"}'>Bruce Bochy<\/a>. Une p&eacute;riode durant laquelle l&rsquo;ancien receveur se verra aur&eacute;oler d&rsquo;un titre de MVP de la National League (2012) et de sept s&eacute;lections au match des &eacute;toiles. Mais surtout, le passage de Buster Posey au sein de la franchise californienne sera toujours associ&eacute; aux trois titres remport&eacute;s (2010,2012 et 2014).<\/p><p style=\"text-align: justify\">Le chantier peut enfin commencer pour les San Francisco Giants, avec pour objectif&nbsp;: un retour au premier plan. Buster Posey n&rsquo;aura pas le temps de se reposer tant il y aura &agrave; faire pour construire une nouvelle &egrave;re de succ&egrave;s dans la Baie.<\/p><p><iframe loading=\"lazy\" title=\"Buster Posey Career Highlights (Giants all-time great catcher retires)\" width=\"500\" height=\"281\" src=\"https:\/\/www.youtube.com\/embed\/NgJ8KpIArOk?feature=oembed\" frameborder=\"0\" allow=\"accelerometer; autoplay; clipboard-write; encrypted-media; gyroscope; picture-in-picture; web-share\" referrerpolicy=\"strict-origin-when-cross-origin\" allowfullscreen><\/iframe><\/p><p>&nbsp;<\/p><p>Cr&eacute;dit Photo : Robert Edwards : Imagn-Images<\/p>\n","protected":false},"excerpt":{"rendered":"","protected":false},"author":180309823,"featured_media":1461118,"comment_status":"open","ping_status":"closed","sticky":false,"template":"","format":"standard","meta":{"inline_featured_image":false,"kia_subtitle":"","_mux_skip_reasons":[],"proofreadBy":0,"footnotes":""},"categories":[188,9],"tags":[2693,466],"sport":[2786],"saison":[6111],"class_list":["post-1461116","post","type-post","status-publish","format-standard","has-post-thumbnail","hentry","category-actualite-mlb","category-mlb","tag-buster-posey","tag-san-francisco-giants","sport-mlb","saison-6111"],"acf":[],"yoast_head":"<!-- This site is optimized with the Yoast SEO plugin v24.2 - https:\/\/yoast.com\/wordpress\/plugins\/seo\/ -->\n<title>Buster Posey revient chez les Giants ! - The Playoffs FR<\/title>\n<meta name=\"robots\" content=\"index, follow, max-snippet:-1, max-image-preview:large, max-video-preview:-1\" \/>\n<link rel=\"canonical\" href=\"https:\/\/theplayoffs.news\/fr\/actualite-mlb\/buster-posey-revient-chez-les-giants\/\" \/>\n<meta property=\"og:locale\" content=\"fr_FR\" \/>\n<meta property=\"og:type\" content=\"article\" \/>\n<meta property=\"og:title\" content=\"Buster Posey revient chez les Giants ! - The Playoffs FR\" \/>\n<meta property=\"og:url\" content=\"https:\/\/theplayoffs.news\/fr\/actualite-mlb\/buster-posey-revient-chez-les-giants\/\" \/>\n<meta property=\"og:site_name\" content=\"The Playoffs FR\" \/>\n<meta property=\"article:publisher\" content=\"https:\/\/www.facebook.com\/TheFreeAgentFR\/\" \/>\n<meta property=\"article:modified_time\" content=\"2024-10-02T17:35:16+02:00\" \/>\n<meta property=\"og:image\" content=\"https:\/\/theplayoffs.news\/fr\/wp-content\/uploads\/2024\/10\/USATSI_24375418.jpg\" \/>\n\t<meta property=\"og:image:width\" content=\"1920\" \/>\n\t<meta property=\"og:image:height\" content=\"1280\" \/>\n\t<meta property=\"og:image:type\" content=\"image\/jpeg\" \/>\n<meta name=\"author\" content=\"Nicolas Blanchard\" \/>\n<meta name=\"twitter:card\" content=\"summary_large_image\" \/>\n<meta name=\"twitter:creator\" content=\"@TheFreeAgentFR\" \/>\n<meta name=\"twitter:site\" content=\"@TheFreeAgentFR\" \/>\n<meta name=\"twitter:label1\" content=\"\u00c9crit par\" \/>\n\t<meta name=\"twitter:data1\" content=\"Nicolas Blanchard\" \/>\n\t<meta name=\"twitter:label2\" content=\"Dur\u00e9e de lecture estim\u00e9e\" \/>\n\t<meta name=\"twitter:data2\" content=\"4 minutes\" \/>\n<script type=\"application\/ld+json\" class=\"yoast-schema-graph\">{\"@context\":\"https:\/\/schema.org\",\"@graph\":[{\"@type\":\"WebPage\",\"@id\":\"https:\/\/theplayoffs.news\/fr\/actualite-mlb\/buster-posey-revient-chez-les-giants\/\",\"url\":\"https:\/\/theplayoffs.news\/fr\/actualite-mlb\/buster-posey-revient-chez-les-giants\/\",\"name\":\"Buster Posey revient chez les Giants ! - The Playoffs FR\",\"isPartOf\":{\"@id\":\"https:\/\/theplayoffs.news\/fr\/#website\"},\"primaryImageOfPage\":{\"@id\":\"https:\/\/theplayoffs.news\/fr\/actualite-mlb\/buster-posey-revient-chez-les-giants\/#primaryimage\"},\"image\":{\"@id\":\"https:\/\/theplayoffs.news\/fr\/actualite-mlb\/buster-posey-revient-chez-les-giants\/#primaryimage\"},\"thumbnailUrl\":\"https:\/\/theplayoffs.news\/fr\/wp-content\/uploads\/2024\/10\/USATSI_24375418.jpg\",\"datePublished\":\"2024-10-02T15:35:16+00:00\",\"dateModified\":\"2024-10-02T15:35:16+00:00\",\"author\":{\"@id\":\"https:\/\/theplayoffs.news\/fr\/#\/schema\/person\/940879031feb6d5e27cf3c6b69917900\"},\"breadcrumb\":{\"@id\":\"https:\/\/theplayoffs.news\/fr\/actualite-mlb\/buster-posey-revient-chez-les-giants\/#breadcrumb\"},\"inLanguage\":\"fr-FR\",\"potentialAction\":[{\"@type\":\"ReadAction\",\"target\":[\"https:\/\/theplayoffs.news\/fr\/actualite-mlb\/buster-posey-revient-chez-les-giants\/\"]}]},{\"@type\":\"ImageObject\",\"inLanguage\":\"fr-FR\",\"@id\":\"https:\/\/theplayoffs.news\/fr\/actualite-mlb\/buster-posey-revient-chez-les-giants\/#primaryimage\",\"url\":\"https:\/\/theplayoffs.news\/fr\/wp-content\/uploads\/2024\/10\/USATSI_24375418.jpg\",\"contentUrl\":\"https:\/\/theplayoffs.news\/fr\/wp-content\/uploads\/2024\/10\/USATSI_24375418.jpg\",\"width\":1920,\"height\":1280,\"caption\":\"Oct 1, 2024; San Francisco, CA, USA; San Francisco Giants president of baseball operations Buster Posey reacts during an introductory press conference at Oracle Park. Mandatory Credit: Robert Edwards-Imagn Images\"},{\"@type\":\"BreadcrumbList\",\"@id\":\"https:\/\/theplayoffs.news\/fr\/actualite-mlb\/buster-posey-revient-chez-les-giants\/#breadcrumb\",\"itemListElement\":[{\"@type\":\"ListItem\",\"position\":1,\"name\":\"Accueil\",\"item\":\"https:\/\/theplayoffs.news\/fr\/\"},{\"@type\":\"ListItem\",\"position\":2,\"name\":\"Buster Posey revient chez les Giants !\"}]},{\"@type\":\"WebSite\",\"@id\":\"https:\/\/theplayoffs.news\/fr\/#website\",\"url\":\"https:\/\/theplayoffs.news\/fr\/\",\"name\":\"The Playoffs FR\",\"description\":\"NBA-NFL-NHL-MLB\",\"potentialAction\":[{\"@type\":\"SearchAction\",\"target\":{\"@type\":\"EntryPoint\",\"urlTemplate\":\"https:\/\/theplayoffs.news\/fr\/?s={search_term_string}\"},\"query-input\":{\"@type\":\"PropertyValueSpecification\",\"valueRequired\":true,\"valueName\":\"search_term_string\"}}],\"inLanguage\":\"fr-FR\"},{\"@type\":\"Person\",\"@id\":\"https:\/\/theplayoffs.news\/fr\/#\/schema\/person\/940879031feb6d5e27cf3c6b69917900\",\"name\":\"Nicolas Blanchard\",\"image\":{\"@type\":\"ImageObject\",\"inLanguage\":\"fr-FR\",\"@id\":\"https:\/\/theplayoffs.news\/fr\/#\/schema\/person\/image\/\",\"url\":\"https:\/\/secure.gravatar.com\/avatar\/98953498460526f9290cb098aaa573c5e0a48837b1ca5807dd22cace83810899?s=96&d=mm&r=g\",\"contentUrl\":\"https:\/\/secure.gravatar.com\/avatar\/98953498460526f9290cb098aaa573c5e0a48837b1ca5807dd22cace83810899?s=96&d=mm&r=g\",\"caption\":\"Nicolas Blanchard\"},\"description\":\"Fan de MLB depuis une dizaine d\u2019ann\u00e9es, je suis tomb\u00e9 amoureux des Chicago Cubs lorsque j\u2019ai vu Bill Murray c\u00e9l\u00e9brer ce premier sacre depuis 108 ans. Mon premier contact avec le Sport US s\u2019est fait lorsque je suis tomb\u00e9 sur une VHS d\u2019Allen Iverson et se fut la r\u00e9v\u00e9lation. Je suis devenu r\u00e9dacteur depuis maintenant 4 ans et cela m\u2019apporte une nouvelle vision du Sport US \u00e0 la fois analytique et bien plus globale (et oui il faut couvrir toutes les \u00e9quipes m\u00eame les chaussettes rouges de Boston).\",\"url\":\"https:\/\/theplayoffs.news\/fr\/author\/nico4017\/\"}]}<\/script>\n<!-- \/ Yoast SEO plugin. -->","yoast_head_json":{"title":"Buster Posey revient chez les Giants ! - The Playoffs FR","robots":{"index":"index","follow":"follow","max-snippet":"max-snippet:-1","max-image-preview":"max-image-preview:large","max-video-preview":"max-video-preview:-1"},"canonical":"https:\/\/theplayoffs.news\/fr\/actualite-mlb\/buster-posey-revient-chez-les-giants\/","og_locale":"fr_FR","og_type":"article","og_title":"Buster Posey revient chez les Giants ! - The Playoffs FR","og_url":"https:\/\/theplayoffs.news\/fr\/actualite-mlb\/buster-posey-revient-chez-les-giants\/","og_site_name":"The Playoffs FR","article_publisher":"https:\/\/www.facebook.com\/TheFreeAgentFR\/","og_image":[{"width":1920,"height":1280,"url":"https:\/\/theplayoffs.news\/fr\/wp-content\/uploads\/2024\/10\/USATSI_24375418.jpg","type":"image\/jpeg"}],"author":"Nicolas Blanchard","twitter_card":"summary_large_image","twitter_creator":"@TheFreeAgentFR","twitter_site":"@TheFreeAgentFR","twitter_misc":{"\u00c9crit par":"Nicolas Blanchard","Dur\u00e9e de lecture estim\u00e9e":"4 minutes"},"schema":{"@context":"https:\/\/schema.org","@graph":[{"@type":"WebPage","@id":"https:\/\/theplayoffs.news\/fr\/actualite-mlb\/buster-posey-revient-chez-les-giants\/","url":"https:\/\/theplayoffs.news\/fr\/actualite-mlb\/buster-posey-revient-chez-les-giants\/","name":"Buster Posey revient chez les Giants ! - The Playoffs FR","isPartOf":{"@id":"https:\/\/theplayoffs.news\/fr\/#website"},"primaryImageOfPage":{"@id":"https:\/\/theplayoffs.news\/fr\/actualite-mlb\/buster-posey-revient-chez-les-giants\/#primaryimage"},"image":{"@id":"https:\/\/theplayoffs.news\/fr\/actualite-mlb\/buster-posey-revient-chez-les-giants\/#primaryimage"},"thumbnailUrl":"https:\/\/theplayoffs.news\/fr\/wp-content\/uploads\/2024\/10\/USATSI_24375418.jpg","datePublished":"2024-10-02T15:35:16+00:00","dateModified":"2024-10-02T15:35:16+00:00","author":{"@id":"https:\/\/theplayoffs.news\/fr\/#\/schema\/person\/940879031feb6d5e27cf3c6b69917900"},"breadcrumb":{"@id":"https:\/\/theplayoffs.news\/fr\/actualite-mlb\/buster-posey-revient-chez-les-giants\/#breadcrumb"},"inLanguage":"fr-FR","potentialAction":[{"@type":"ReadAction","target":["https:\/\/theplayoffs.news\/fr\/actualite-mlb\/buster-posey-revient-chez-les-giants\/"]}]},{"@type":"ImageObject","inLanguage":"fr-FR","@id":"https:\/\/theplayoffs.news\/fr\/actualite-mlb\/buster-posey-revient-chez-les-giants\/#primaryimage","url":"https:\/\/theplayoffs.news\/fr\/wp-content\/uploads\/2024\/10\/USATSI_24375418.jpg","contentUrl":"https:\/\/theplayoffs.news\/fr\/wp-content\/uploads\/2024\/10\/USATSI_24375418.jpg","width":1920,"height":1280,"caption":"Oct 1, 2024; San Francisco, CA, USA; San Francisco Giants president of baseball operations Buster Posey reacts during an introductory press conference at Oracle Park. Mandatory Credit: Robert Edwards-Imagn Images"},{"@type":"BreadcrumbList","@id":"https:\/\/theplayoffs.news\/fr\/actualite-mlb\/buster-posey-revient-chez-les-giants\/#breadcrumb","itemListElement":[{"@type":"ListItem","position":1,"name":"Accueil","item":"https:\/\/theplayoffs.news\/fr\/"},{"@type":"ListItem","position":2,"name":"Buster Posey revient chez les Giants !"}]},{"@type":"WebSite","@id":"https:\/\/theplayoffs.news\/fr\/#website","url":"https:\/\/theplayoffs.news\/fr\/","name":"The Playoffs FR","description":"NBA-NFL-NHL-MLB","potentialAction":[{"@type":"SearchAction","target":{"@type":"EntryPoint","urlTemplate":"https:\/\/theplayoffs.news\/fr\/?s={search_term_string}"},"query-input":{"@type":"PropertyValueSpecification","valueRequired":true,"valueName":"search_term_string"}}],"inLanguage":"fr-FR"},{"@type":"Person","@id":"https:\/\/theplayoffs.news\/fr\/#\/schema\/person\/940879031feb6d5e27cf3c6b69917900","name":"Nicolas Blanchard","image":{"@type":"ImageObject","inLanguage":"fr-FR","@id":"https:\/\/theplayoffs.news\/fr\/#\/schema\/person\/image\/","url":"https:\/\/secure.gravatar.com\/avatar\/98953498460526f9290cb098aaa573c5e0a48837b1ca5807dd22cace83810899?s=96&d=mm&r=g","contentUrl":"https:\/\/secure.gravatar.com\/avatar\/98953498460526f9290cb098aaa573c5e0a48837b1ca5807dd22cace83810899?s=96&d=mm&r=g","caption":"Nicolas Blanchard"},"description":"Fan de MLB depuis une dizaine d\u2019ann\u00e9es, je suis tomb\u00e9 amoureux des Chicago Cubs lorsque j\u2019ai vu Bill Murray c\u00e9l\u00e9brer ce premier sacre depuis 108 ans. Mon premier contact avec le Sport US s\u2019est fait lorsque je suis tomb\u00e9 sur une VHS d\u2019Allen Iverson et se fut la r\u00e9v\u00e9lation. Je suis devenu r\u00e9dacteur depuis maintenant 4 ans et cela m\u2019apporte une nouvelle vision du Sport US \u00e0 la fois analytique et bien plus globale (et oui il faut couvrir toutes les \u00e9quipes m\u00eame les chaussettes rouges de Boston).","url":"https:\/\/theplayoffs.news\/fr\/author\/nico4017\/"}]}},"_links":{"self":[{"href":"https:\/\/theplayoffs.news\/fr\/wp-json\/wp\/v2\/posts\/1461116","targetHints":{"allow":["GET"]}}],"collection":[{"href":"https:\/\/theplayoffs.news\/fr\/wp-json\/wp\/v2\/posts"}],"about":[{"href":"https:\/\/theplayoffs.news\/fr\/wp-json\/wp\/v2\/types\/post"}],"author":[{"embeddable":true,"href":"https:\/\/theplayoffs.news\/fr\/wp-json\/wp\/v2\/users\/180309823"}],"replies":[{"embeddable":true,"href":"https:\/\/theplayoffs.news\/fr\/wp-json\/wp\/v2\/comments?post=1461116"}],"version-history":[{"count":5,"href":"https:\/\/theplayoffs.news\/fr\/wp-json\/wp\/v2\/posts\/1461116\/revisions"}],"predecessor-version":[{"id":1461126,"href":"https:\/\/theplayoffs.news\/fr\/wp-json\/wp\/v2\/posts\/1461116\/revisions\/1461126"}],"wp:featuredmedia":[{"embeddable":true,"href":"https:\/\/theplayoffs.news\/fr\/wp-json\/wp\/v2\/media\/1461118"}],"wp:attachment":[{"href":"https:\/\/theplayoffs.news\/fr\/wp-json\/wp\/v2\/media?parent=1461116"}],"wp:term":[{"taxonomy":"category","embeddable":true,"href":"https:\/\/theplayoffs.news\/fr\/wp-json\/wp\/v2\/categories?post=1461116"},{"taxonomy":"post_tag","embeddable":true,"href":"https:\/\/theplayoffs.news\/fr\/wp-json\/wp\/v2\/tags?post=1461116"},{"taxonomy":"sport","embeddable":true,"href":"https:\/\/theplayoffs.news\/fr\/wp-json\/wp\/v2\/sport?post=1461116"},{"taxonomy":"saison","embeddable":true,"href":"https:\/\/theplayoffs.news\/fr\/wp-json\/wp\/v2\/saison?post=1461116"}],"curies":[{"name":"wp","href":"https:\/\/api.w.org\/{rel}","templated":true}]}}