{"id":1460818,"date":"2024-10-01T12:37:35","date_gmt":"2024-10-01T10:37:35","guid":{"rendered":"https:\/\/theplayoffs.news\/fr\/?p=1460818"},"modified":"2024-10-01T12:37:35","modified_gmt":"2024-10-01T10:37:35","slug":"nba-media-day-2024","status":"publish","type":"post","link":"https:\/\/theplayoffs.news\/fr\/actualite-nba\/nba-media-day-2024\/","title":{"rendered":"NBA Media Day 2024 : D\u00e9clarations et Ambitions des \u00c9quipes"},"content":{"rendered":"<h2 class=\"p1\">Le <i>NBA Media Day<\/i> est un &eacute;v&eacute;nement incontournable chaque ann&eacute;e, marquant officiellement le coup d&rsquo;envoi de la saison NBA.<\/h2><p class=\"p1\">C&rsquo;est un moment crucial o&ugrave; les entra&icirc;neurs, managers et joueurs se pr&ecirc;tent &agrave; l&rsquo;exercice des conf&eacute;rences de presse, partageant leurs ambitions et r&eacute;pondant aux questions des m&eacute;dias. Chaque &eacute;quipe de la ligue profite de cette occasion pour se d&eacute;voiler sous diff&eacute;rents angles.<\/p><h3 class=\"p3\"><b>Les ambitions des entra&icirc;neurs et managers<\/b><\/h3><p class=\"p1\">Lors du <i>NBA Media Day<\/i>, les entra&icirc;neurs prennent la parole pour exposer leur vision et les objectifs pour la saison &agrave; venir. Erik Spoelstra, coach du Miami Heat, a ainsi r&eacute;it&eacute;r&eacute; les ambitions &eacute;lev&eacute;es de son &eacute;quipe, fid&egrave;le &agrave; l&rsquo;exigence de cette franchise habitu&eacute;e &agrave; viser les sommets. De la m&ecirc;me mani&egrave;re, chaque franchise utilise cet &eacute;v&eacute;nement pour afficher ses ambitions, que ce soit la conqu&ecirc;te du titre ou la reconstruction.<\/p><blockquote class=\"twitter-tweet\" data-width=\"500\" data-dnt=\"true\">\n<p lang=\"en\" dir=\"ltr\">We're 24 hours away from Media Day 2024!<\/p>\n<p>Watch Coach Spo and the player's press conferences Monday starting at 10am on our Youtube live stream. Be prepared to drop your questions in the chat&hellip; they just might get asked &#128064;<a href=\"https:\/\/t.co\/OMmd5RCIhD\" class=\"trk-cta-link\" data-cta-trk='{\"ctaType\":\"Link\",\"ctaSubType\":\"main\"}'>https:\/\/t.co\/OMmd5RCIhD<\/a> <a href=\"https:\/\/t.co\/K5XtDCIrEB\" class=\"trk-cta-link\" data-cta-trk='{\"ctaType\":\"Link\",\"ctaSubType\":\"main\"}'>pic.twitter.com\/K5XtDCIrEB<\/a><\/p>\n<p>&mdash; Miami HEAT (@MiamiHEAT) <a href=\"https:\/\/twitter.com\/MiamiHEAT\/status\/1840391084624498812?ref_src=twsrc%5Etfw\" class=\"trk-cta-link\" data-cta-trk='{\"ctaType\":\"Link\",\"ctaSubType\":\"main\"}'>September 29, 2024<\/a><\/p><\/blockquote><p><script async src=\"https:\/\/platform.twitter.com\/widgets.js\" charset=\"utf-8\"><\/script><\/p><p class=\"p1\">Pour certaines &eacute;quipes, comme les Los Angeles Lakers, le <i>Media Day NBA<\/i> a &eacute;t&eacute; l&rsquo;occasion pour le manager g&eacute;n&eacute;ral, Rob Pelinka, de pr&eacute;senter officiellement leur nouvel entra&icirc;neur, JJ Redick. Ancien joueur reconverti en consultant t&eacute;l&eacute;vis&eacute; apr&egrave;s sa retraite en 2021, Redick fait ses d&eacute;buts &agrave; la t&ecirc;te d&rsquo;une &eacute;quipe qui vise un retour en playoffs. Pelinka en a profit&eacute; pour revenir sur la s&eacute;lection de Bronny James, fils de LeBron, au second tour de la Draft, renfor&ccedil;ant ainsi la dynamique familiale des Lakers.<\/p><h3 class=\"p3\"><b>Les joueurs au centre des attentions<\/b><\/h3><p class=\"p1\">Le <i>NBA Media Day<\/i> est &eacute;galement l&rsquo;occasion pour les joueurs de s&rsquo;exprimer sur leurs objectifs personnels. <a href=\"https:\/\/theplayoffs.news\/fr\/nba-basketball\/une-carte-signee-de-lebron-james-vendue-576-000-aux-encheres-holy-grails\/\" class=\"trk-cta-link\" data-cta-trk='{\"ctaType\":\"Link\",\"ctaSubType\":\"main\"}'><strong>LeBron James<\/strong><\/a>, par exemple, a &eacute;voqu&eacute; sa joie de pouvoir jouer aux c&ocirc;t&eacute;s de son fils Bronny lors de cette nouvelle saison. Ce moment fort a marqu&eacute; les esprits et a donn&eacute; un aper&ccedil;u des &eacute;motions qui traversent cette &eacute;quipe embl&eacute;matique.<\/p><blockquote class=\"twitter-tweet\" data-width=\"500\" data-dnt=\"true\">\n<p lang=\"en\" dir=\"ltr\">The joy of making history. <a href=\"https:\/\/twitter.com\/hashtag\/LakersMediaDay?src=hash&amp;ref_src=twsrc%5Etfw\" class=\"trk-cta-link\" data-cta-trk='{\"ctaType\":\"Link\",\"ctaSubType\":\"main\"}'>#LakersMediaDay<\/a> x <a href=\"https:\/\/twitter.com\/bibigoUSA?ref_src=twsrc%5Etfw\" class=\"trk-cta-link\" data-cta-trk='{\"ctaType\":\"Link\",\"ctaSubType\":\"main\"}'>@bibigoUSA<\/a> <a href=\"https:\/\/t.co\/bDVcuodjA7\" class=\"trk-cta-link\" data-cta-trk='{\"ctaType\":\"Link\",\"ctaSubType\":\"main\"}'>pic.twitter.com\/bDVcuodjA7<\/a><\/p>\n<p>&mdash; Los Angeles Lakers (@Lakers) <a href=\"https:\/\/twitter.com\/Lakers\/status\/1840839182731919851?ref_src=twsrc%5Etfw\" class=\"trk-cta-link\" data-cta-trk='{\"ctaType\":\"Link\",\"ctaSubType\":\"main\"}'>September 30, 2024<\/a><\/p><\/blockquote><p><script async src=\"https:\/\/platform.twitter.com\/widgets.js\" charset=\"utf-8\"><\/script><\/p><p class=\"p1\">Chaque <i>NBA Media Day<\/i> permet aux joueurs de reconnecter avec leurs fans &agrave; travers la presse, tout en abordant des sujets vari&eacute;s, allant de leur condition physique aux attentes pour la saison. Que ce soit des stars &eacute;tablies ou des jeunes rookies, tous profitent de cet espace pour se pr&eacute;senter sous un nouveau jour.<\/p><h3 class=\"p3\"><b>L&rsquo;importance strat&eacute;gique du NBA Media Day<\/b><\/h3><p class=\"p1\">Le <i>NBA Media Day<\/i> n&rsquo;est pas seulement un exercice de communication, il permet aussi aux franchises de b&acirc;tir un pont entre les m&eacute;dias locaux et les fans. En organisant les conf&eacute;rences de presse de toutes les &eacute;quipes le m&ecirc;me jour, la NBA assure une couverture globale et uniforme, maximisant ainsi l&rsquo;impact m&eacute;diatique.<\/p><p class=\"p1\">Cet &eacute;v&eacute;nement est &eacute;galement scrut&eacute; par les journalistes qui cherchent &agrave; obtenir des informations exclusives. Ainsi, le retour de Ja Morant avec les Memphis Grizzlies apr&egrave;s ses soucis extra-sportifs sera certainement un des points chauds de cette &eacute;dition. De plus, les rookies, notamment les joueurs internationaux comme les Fran&ccedil;ais, attirent une attention particuli&egrave;re apr&egrave;s leurs performances en Summer League.<\/p><p class=\"p3\">\n<\/p><blockquote class=\"twitter-tweet\" data-width=\"500\" data-dnt=\"true\">\n<p lang=\"en\" dir=\"ltr\">Photos: Memphis Grizzlies hold Media Day for upcoming 24-25 Season <a href=\"https:\/\/t.co\/dwee0xKAQP\" class=\"trk-cta-link\" data-cta-trk='{\"ctaType\":\"Link\",\"ctaSubType\":\"main\"}'>https:\/\/t.co\/dwee0xKAQP<\/a><\/p>\n<p>&mdash; Commercial Appeal (@memphisnews) <a href=\"https:\/\/twitter.com\/memphisnews\/status\/1840919601015562390?ref_src=twsrc%5Etfw\" class=\"trk-cta-link\" data-cta-trk='{\"ctaType\":\"Link\",\"ctaSubType\":\"main\"}'>October 1, 2024<\/a><\/p><\/blockquote><p><script async src=\"https:\/\/platform.twitter.com\/widgets.js\" charset=\"utf-8\"><\/script><\/p><h3 class=\"p3\"><b>Le NBA Media Day d&rsquo;Adam Silver<\/b><\/h3><p class=\"p1\">Le <i>NBA Media Day<\/i> est aussi l&rsquo;occasion pour le commissaire de la ligue, Adam Silver, de s&rsquo;adresser &agrave; la communaut&eacute; NBA.<\/p><p class=\"p1\">Avant un match de pr&eacute;saison tr&egrave;s attendu &agrave; Abu Dhabi, opposant les derniers champions NBA, les Boston Celtics et les Denver Nuggets, Silver d&eacute;voilera les nouveaut&eacute;s de la saison &agrave; venir. Ce sera l&rsquo;occasion pour lui de revenir sur le bilan de l&rsquo;ann&eacute;e &eacute;coul&eacute;e et de pr&eacute;senter les orientations futures de la ligue.<\/p><p class=\"p3\"><img loading=\"lazy\" decoding=\"async\" class=\"alignnone size-large wp-image-697693\" src=\"https:\/\/theplayoffs.news\/fr\/wp-content\/uploads\/2023\/07\/Adam-Silver-3-1030x687.jpg\" alt=\"Adam Silver NBA R&egrave;gles\" width=\"1030\" height=\"687\" srcset=\"https:\/\/theplayoffs.news\/fr\/wp-content\/uploads\/2023\/07\/Adam-Silver-3-1030x687.jpg 1030w, https:\/\/theplayoffs.news\/fr\/wp-content\/uploads\/2023\/07\/Adam-Silver-3-300x200.jpg 300w, https:\/\/theplayoffs.news\/fr\/wp-content\/uploads\/2023\/07\/Adam-Silver-3-768x512.jpg 768w, https:\/\/theplayoffs.news\/fr\/wp-content\/uploads\/2023\/07\/Adam-Silver-3-1536x1024.jpg 1536w, https:\/\/theplayoffs.news\/fr\/wp-content\/uploads\/2023\/07\/Adam-Silver-3-1500x1000.jpg 1500w, https:\/\/theplayoffs.news\/fr\/wp-content\/uploads\/2023\/07\/Adam-Silver-3-705x470.jpg 705w, https:\/\/theplayoffs.news\/fr\/wp-content\/uploads\/2023\/07\/Adam-Silver-3-1320x880.jpg 1320w, https:\/\/theplayoffs.news\/fr\/wp-content\/uploads\/2023\/07\/Adam-Silver-3.jpg 1920w\" sizes=\"auto, (max-width: 1030px) 100vw, 1030px\" \/><\/p><p class=\"p1\">Le <i>NBA Media Day<\/i> est un moment cl&eacute; de la saison NBA, r&eacute;unissant joueurs, entra&icirc;neurs, managers et fans autour d&rsquo;une s&eacute;rie de d&eacute;clarations ambitieuses.<\/p><p class=\"p1\">Que vous soyez fan des champions en titre, les Boston Celtics, ou que vous suiviez de pr&egrave;s des &eacute;quipes en pleine reconstruction comme les Detroit Pistons, cet &eacute;v&eacute;nement offre un aper&ccedil;u unique des enjeux et des ambitions qui marqueront la saison 2024-2025.<\/p><p>&nbsp;<\/p>\n","protected":false},"excerpt":{"rendered":"","protected":false},"author":180309821,"featured_media":1460819,"comment_status":"open","ping_status":"closed","sticky":false,"template":"","format":"standard","meta":{"inline_featured_image":false,"kia_subtitle":"","_mux_skip_reasons":[],"proofreadBy":0,"footnotes":""},"categories":[110,10],"tags":[950,116,117],"sport":[2783],"saison":[6111],"class_list":["post-1460818","post","type-post","status-publish","format-standard","has-post-thumbnail","hentry","category-actualite-nba","category-nba","tag-erik-spoelstra","tag-lebron-james","tag-los-angeles-lakers","sport-nba","saison-6111"],"acf":[],"yoast_head":"<!-- This site is optimized with the Yoast SEO plugin v24.2 - https:\/\/yoast.com\/wordpress\/plugins\/seo\/ -->\n<title>NBA Media Day 2024 : D&eacute;clarations et Ambitions des &Eacute;quipes - The Playoffs FR<\/title>\n<meta name=\"robots\" content=\"index, follow, max-snippet:-1, max-image-preview:large, max-video-preview:-1\" \/>\n<link rel=\"canonical\" href=\"https:\/\/theplayoffs.news\/fr\/actualite-nba\/nba-media-day-2024\/\" \/>\n<meta property=\"og:locale\" content=\"fr_FR\" \/>\n<meta property=\"og:type\" content=\"article\" \/>\n<meta property=\"og:title\" content=\"NBA Media Day 2024 : D&eacute;clarations et Ambitions des &Eacute;quipes - The Playoffs FR\" \/>\n<meta property=\"og:url\" content=\"https:\/\/theplayoffs.news\/fr\/actualite-nba\/nba-media-day-2024\/\" \/>\n<meta property=\"og:site_name\" content=\"The Playoffs FR\" \/>\n<meta property=\"article:publisher\" content=\"https:\/\/www.facebook.com\/TheFreeAgentFR\/\" \/>\n<meta property=\"article:modified_time\" content=\"2024-10-01T12:37:35+02:00\" \/>\n<meta property=\"og:image\" content=\"https:\/\/theplayoffs.news\/fr\/wp-content\/uploads\/2024\/10\/USATSI_24324645_168402440_lowres.jpg\" \/>\n\t<meta property=\"og:image:width\" content=\"1920\" \/>\n\t<meta property=\"og:image:height\" content=\"1280\" \/>\n\t<meta property=\"og:image:type\" content=\"image\/jpeg\" \/>\n<meta name=\"author\" content=\"Maxime Le Gorjus\" \/>\n<meta name=\"twitter:card\" content=\"summary_large_image\" \/>\n<meta name=\"twitter:creator\" content=\"@TheFreeAgentFR\" \/>\n<meta name=\"twitter:site\" content=\"@TheFreeAgentFR\" \/>\n<meta name=\"twitter:label1\" content=\"\u00c9crit par\" \/>\n\t<meta name=\"twitter:data1\" content=\"Maxime Le Gorjus\" \/>\n\t<meta name=\"twitter:label2\" content=\"Dur\u00e9e de lecture estim\u00e9e\" \/>\n\t<meta name=\"twitter:data2\" content=\"3 minutes\" \/>\n<script type=\"application\/ld+json\" class=\"yoast-schema-graph\">{\"@context\":\"https:\/\/schema.org\",\"@graph\":[{\"@type\":\"WebPage\",\"@id\":\"https:\/\/theplayoffs.news\/fr\/actualite-nba\/nba-media-day-2024\/\",\"url\":\"https:\/\/theplayoffs.news\/fr\/actualite-nba\/nba-media-day-2024\/\",\"name\":\"NBA Media Day 2024 : D\u00e9clarations et Ambitions des \u00c9quipes - The Playoffs FR\",\"isPartOf\":{\"@id\":\"https:\/\/theplayoffs.news\/fr\/#website\"},\"primaryImageOfPage\":{\"@id\":\"https:\/\/theplayoffs.news\/fr\/actualite-nba\/nba-media-day-2024\/#primaryimage\"},\"image\":{\"@id\":\"https:\/\/theplayoffs.news\/fr\/actualite-nba\/nba-media-day-2024\/#primaryimage\"},\"thumbnailUrl\":\"https:\/\/theplayoffs.news\/fr\/wp-content\/uploads\/2024\/10\/USATSI_24324645_168402440_lowres.jpg\",\"datePublished\":\"2024-10-01T10:37:35+00:00\",\"dateModified\":\"2024-10-01T10:37:35+00:00\",\"author\":{\"@id\":\"https:\/\/theplayoffs.news\/fr\/#\/schema\/person\/e71dc12410195fc77183dda929d3a10c\"},\"breadcrumb\":{\"@id\":\"https:\/\/theplayoffs.news\/fr\/actualite-nba\/nba-media-day-2024\/#breadcrumb\"},\"inLanguage\":\"fr-FR\",\"potentialAction\":[{\"@type\":\"ReadAction\",\"target\":[\"https:\/\/theplayoffs.news\/fr\/actualite-nba\/nba-media-day-2024\/\"]}]},{\"@type\":\"ImageObject\",\"inLanguage\":\"fr-FR\",\"@id\":\"https:\/\/theplayoffs.news\/fr\/actualite-nba\/nba-media-day-2024\/#primaryimage\",\"url\":\"https:\/\/theplayoffs.news\/fr\/wp-content\/uploads\/2024\/10\/USATSI_24324645_168402440_lowres.jpg\",\"contentUrl\":\"https:\/\/theplayoffs.news\/fr\/wp-content\/uploads\/2024\/10\/USATSI_24324645_168402440_lowres.jpg\",\"width\":1920,\"height\":1280,\"caption\":\"Mandatory Credit: Kirby Lee-Imagn Images\"},{\"@type\":\"BreadcrumbList\",\"@id\":\"https:\/\/theplayoffs.news\/fr\/actualite-nba\/nba-media-day-2024\/#breadcrumb\",\"itemListElement\":[{\"@type\":\"ListItem\",\"position\":1,\"name\":\"Accueil\",\"item\":\"https:\/\/theplayoffs.news\/fr\/\"},{\"@type\":\"ListItem\",\"position\":2,\"name\":\"NBA Media Day 2024 : D\u00e9clarations et Ambitions des \u00c9quipes\"}]},{\"@type\":\"WebSite\",\"@id\":\"https:\/\/theplayoffs.news\/fr\/#website\",\"url\":\"https:\/\/theplayoffs.news\/fr\/\",\"name\":\"The Playoffs FR\",\"description\":\"NBA-NFL-NHL-MLB\",\"potentialAction\":[{\"@type\":\"SearchAction\",\"target\":{\"@type\":\"EntryPoint\",\"urlTemplate\":\"https:\/\/theplayoffs.news\/fr\/?s={search_term_string}\"},\"query-input\":{\"@type\":\"PropertyValueSpecification\",\"valueRequired\":true,\"valueName\":\"search_term_string\"}}],\"inLanguage\":\"fr-FR\"},{\"@type\":\"Person\",\"@id\":\"https:\/\/theplayoffs.news\/fr\/#\/schema\/person\/e71dc12410195fc77183dda929d3a10c\",\"name\":\"Maxime Le Gorjus\",\"image\":{\"@type\":\"ImageObject\",\"inLanguage\":\"fr-FR\",\"@id\":\"https:\/\/theplayoffs.news\/fr\/#\/schema\/person\/image\/\",\"url\":\"https:\/\/secure.gravatar.com\/avatar\/e9d907366de9735d771ce06fa32e62740f99d507b84a46e08ed7e5e05c120b42?s=96&d=mm&r=g\",\"contentUrl\":\"https:\/\/secure.gravatar.com\/avatar\/e9d907366de9735d771ce06fa32e62740f99d507b84a46e08ed7e5e05c120b42?s=96&d=mm&r=g\",\"caption\":\"Maxime Le Gorjus\"},\"url\":\"https:\/\/theplayoffs.news\/fr\/author\/maximelegorjus\/\"}]}<\/script>\n<!-- \/ Yoast SEO plugin. -->","yoast_head_json":{"title":"NBA Media Day 2024 : D&eacute;clarations et Ambitions des &Eacute;quipes - The Playoffs FR","robots":{"index":"index","follow":"follow","max-snippet":"max-snippet:-1","max-image-preview":"max-image-preview:large","max-video-preview":"max-video-preview:-1"},"canonical":"https:\/\/theplayoffs.news\/fr\/actualite-nba\/nba-media-day-2024\/","og_locale":"fr_FR","og_type":"article","og_title":"NBA Media Day 2024 : D&eacute;clarations et Ambitions des &Eacute;quipes - The Playoffs FR","og_url":"https:\/\/theplayoffs.news\/fr\/actualite-nba\/nba-media-day-2024\/","og_site_name":"The Playoffs FR","article_publisher":"https:\/\/www.facebook.com\/TheFreeAgentFR\/","og_image":[{"width":1920,"height":1280,"url":"https:\/\/theplayoffs.news\/fr\/wp-content\/uploads\/2024\/10\/USATSI_24324645_168402440_lowres.jpg","type":"image\/jpeg"}],"author":"Maxime Le Gorjus","twitter_card":"summary_large_image","twitter_creator":"@TheFreeAgentFR","twitter_site":"@TheFreeAgentFR","twitter_misc":{"\u00c9crit par":"Maxime Le Gorjus","Dur\u00e9e de lecture estim\u00e9e":"3 minutes"},"schema":{"@context":"https:\/\/schema.org","@graph":[{"@type":"WebPage","@id":"https:\/\/theplayoffs.news\/fr\/actualite-nba\/nba-media-day-2024\/","url":"https:\/\/theplayoffs.news\/fr\/actualite-nba\/nba-media-day-2024\/","name":"NBA Media Day 2024 : D\u00e9clarations et Ambitions des \u00c9quipes - The Playoffs FR","isPartOf":{"@id":"https:\/\/theplayoffs.news\/fr\/#website"},"primaryImageOfPage":{"@id":"https:\/\/theplayoffs.news\/fr\/actualite-nba\/nba-media-day-2024\/#primaryimage"},"image":{"@id":"https:\/\/theplayoffs.news\/fr\/actualite-nba\/nba-media-day-2024\/#primaryimage"},"thumbnailUrl":"https:\/\/theplayoffs.news\/fr\/wp-content\/uploads\/2024\/10\/USATSI_24324645_168402440_lowres.jpg","datePublished":"2024-10-01T10:37:35+00:00","dateModified":"2024-10-01T10:37:35+00:00","author":{"@id":"https:\/\/theplayoffs.news\/fr\/#\/schema\/person\/e71dc12410195fc77183dda929d3a10c"},"breadcrumb":{"@id":"https:\/\/theplayoffs.news\/fr\/actualite-nba\/nba-media-day-2024\/#breadcrumb"},"inLanguage":"fr-FR","potentialAction":[{"@type":"ReadAction","target":["https:\/\/theplayoffs.news\/fr\/actualite-nba\/nba-media-day-2024\/"]}]},{"@type":"ImageObject","inLanguage":"fr-FR","@id":"https:\/\/theplayoffs.news\/fr\/actualite-nba\/nba-media-day-2024\/#primaryimage","url":"https:\/\/theplayoffs.news\/fr\/wp-content\/uploads\/2024\/10\/USATSI_24324645_168402440_lowres.jpg","contentUrl":"https:\/\/theplayoffs.news\/fr\/wp-content\/uploads\/2024\/10\/USATSI_24324645_168402440_lowres.jpg","width":1920,"height":1280,"caption":"Mandatory Credit: Kirby Lee-Imagn Images"},{"@type":"BreadcrumbList","@id":"https:\/\/theplayoffs.news\/fr\/actualite-nba\/nba-media-day-2024\/#breadcrumb","itemListElement":[{"@type":"ListItem","position":1,"name":"Accueil","item":"https:\/\/theplayoffs.news\/fr\/"},{"@type":"ListItem","position":2,"name":"NBA Media Day 2024 : D\u00e9clarations et Ambitions des \u00c9quipes"}]},{"@type":"WebSite","@id":"https:\/\/theplayoffs.news\/fr\/#website","url":"https:\/\/theplayoffs.news\/fr\/","name":"The Playoffs FR","description":"NBA-NFL-NHL-MLB","potentialAction":[{"@type":"SearchAction","target":{"@type":"EntryPoint","urlTemplate":"https:\/\/theplayoffs.news\/fr\/?s={search_term_string}"},"query-input":{"@type":"PropertyValueSpecification","valueRequired":true,"valueName":"search_term_string"}}],"inLanguage":"fr-FR"},{"@type":"Person","@id":"https:\/\/theplayoffs.news\/fr\/#\/schema\/person\/e71dc12410195fc77183dda929d3a10c","name":"Maxime Le Gorjus","image":{"@type":"ImageObject","inLanguage":"fr-FR","@id":"https:\/\/theplayoffs.news\/fr\/#\/schema\/person\/image\/","url":"https:\/\/secure.gravatar.com\/avatar\/e9d907366de9735d771ce06fa32e62740f99d507b84a46e08ed7e5e05c120b42?s=96&d=mm&r=g","contentUrl":"https:\/\/secure.gravatar.com\/avatar\/e9d907366de9735d771ce06fa32e62740f99d507b84a46e08ed7e5e05c120b42?s=96&d=mm&r=g","caption":"Maxime Le Gorjus"},"url":"https:\/\/theplayoffs.news\/fr\/author\/maximelegorjus\/"}]}},"_links":{"self":[{"href":"https:\/\/theplayoffs.news\/fr\/wp-json\/wp\/v2\/posts\/1460818","targetHints":{"allow":["GET"]}}],"collection":[{"href":"https:\/\/theplayoffs.news\/fr\/wp-json\/wp\/v2\/posts"}],"about":[{"href":"https:\/\/theplayoffs.news\/fr\/wp-json\/wp\/v2\/types\/post"}],"author":[{"embeddable":true,"href":"https:\/\/theplayoffs.news\/fr\/wp-json\/wp\/v2\/users\/180309821"}],"replies":[{"embeddable":true,"href":"https:\/\/theplayoffs.news\/fr\/wp-json\/wp\/v2\/comments?post=1460818"}],"version-history":[{"count":6,"href":"https:\/\/theplayoffs.news\/fr\/wp-json\/wp\/v2\/posts\/1460818\/revisions"}],"predecessor-version":[{"id":1460880,"href":"https:\/\/theplayoffs.news\/fr\/wp-json\/wp\/v2\/posts\/1460818\/revisions\/1460880"}],"wp:featuredmedia":[{"embeddable":true,"href":"https:\/\/theplayoffs.news\/fr\/wp-json\/wp\/v2\/media\/1460819"}],"wp:attachment":[{"href":"https:\/\/theplayoffs.news\/fr\/wp-json\/wp\/v2\/media?parent=1460818"}],"wp:term":[{"taxonomy":"category","embeddable":true,"href":"https:\/\/theplayoffs.news\/fr\/wp-json\/wp\/v2\/categories?post=1460818"},{"taxonomy":"post_tag","embeddable":true,"href":"https:\/\/theplayoffs.news\/fr\/wp-json\/wp\/v2\/tags?post=1460818"},{"taxonomy":"sport","embeddable":true,"href":"https:\/\/theplayoffs.news\/fr\/wp-json\/wp\/v2\/sport?post=1460818"},{"taxonomy":"saison","embeddable":true,"href":"https:\/\/theplayoffs.news\/fr\/wp-json\/wp\/v2\/saison?post=1460818"}],"curies":[{"name":"wp","href":"https:\/\/api.w.org\/{rel}","templated":true}]}}