{"id":1460444,"date":"2024-09-30T20:25:18","date_gmt":"2024-09-30T18:25:18","guid":{"rendered":"https:\/\/theplayoffs.news\/fr\/?p=1460444"},"modified":"2024-09-30T20:25:18","modified_gmt":"2024-09-30T18:25:18","slug":"jose-alvarado-signe-une-extension-de-9-millions-avec-les-pelicans","status":"publish","type":"post","link":"https:\/\/theplayoffs.news\/fr\/actualite-nba\/jose-alvarado-signe-une-extension-de-9-millions-avec-les-pelicans\/","title":{"rendered":"Jos\u00e9 Alvarado signe une extension de 9 millions $ avec les Pelicans"},"content":{"rendered":"<h2>Les Pelicans et Jos&eacute; Alvarado se sont mis d&rsquo;accord sur une prolongation de contrat de 9 millions $.Le meneur de New Orleans avait encore un an de contrat &agrave; 1,9 millions $ avant de signer cette extension. Il touchera 4,5 millions $ pour la saison 2025-26 et cette prolongation est associ&eacute;e d&rsquo;une player option pour la campagne 2026-27.<\/h2><p>C&rsquo;est l&rsquo;agent de <a href=\"https:\/\/theplayoffs.news\/fr\/nba-basketball\/actualite-nba\/record-en-carriere-pour-jose-alvarado\/\" class=\"trk-cta-link\" data-cta-trk='{\"ctaType\":\"Link\",\"ctaSubType\":\"main\"}'>Jos&eacute; Alvarado<\/a> qui a donn&eacute; l&rsquo;information &agrave; Shams Charania samedi.<\/p><blockquote class=\"twitter-tweet\" data-width=\"500\" data-dnt=\"true\">\n<p lang=\"en\" dir=\"ltr\">New Orleans Pelicans guard Jose Alvarado has agreed to a two-year, $9 million contract extension, with a player option for the 2026-27 season, Vice President of Octagon Basketball, Ron Shade, told <a href=\"https:\/\/twitter.com\/TheAthletic?ref_src=twsrc%5Etfw\" class=\"trk-cta-link\" data-cta-trk='{\"ctaType\":\"Link\",\"ctaSubType\":\"main\"}'>@TheAthletic<\/a>. <a href=\"https:\/\/t.co\/32uPG4zFRD\" class=\"trk-cta-link\" data-cta-trk='{\"ctaType\":\"Link\",\"ctaSubType\":\"main\"}'>pic.twitter.com\/32uPG4zFRD<\/a><\/p>\n<p>&mdash; Shams Charania (@ShamsCharania) <a href=\"https:\/\/twitter.com\/ShamsCharania\/status\/1840121203547353232?ref_src=twsrc%5Etfw\" class=\"trk-cta-link\" data-cta-trk='{\"ctaType\":\"Link\",\"ctaSubType\":\"main\"}'>September 28, 2024<\/a><\/p><\/blockquote><p><script async src=\"https:\/\/platform.twitter.com\/widgets.js\" charset=\"utf-8\"><\/script><\/p><p>Bobby Marks d&rsquo;ESPN a ajout&eacute; que son salaire ne change pas pour cette saison (1,9 millions $) seulement celui-ci est maintenant garanti avec les Pelicans.<\/p><blockquote class=\"twitter-tweet\" data-width=\"500\" data-dnt=\"true\">\n<p lang=\"en\" dir=\"ltr\">As part of the two-year $9M Jose Alvarado extension in New Orleans, sources confirm that the $2M non-guaranteed salary for this year will get guaranteed.<\/p>\n<p>The extension starts at $4.5M and contains a player option in 2026-27.<\/p>\n<p>&mdash; Bobby Marks (@BobbyMarks42) <a href=\"https:\/\/twitter.com\/BobbyMarks42\/status\/1840122432935604498?ref_src=twsrc%5Etfw\" class=\"trk-cta-link\" data-cta-trk='{\"ctaType\":\"Link\",\"ctaSubType\":\"main\"}'>September 28, 2024<\/a><\/p><\/blockquote><p><script async src=\"https:\/\/platform.twitter.com\/widgets.js\" charset=\"utf-8\"><\/script><\/p><p><a href=\"https:\/\/www.basketballinsiders.com\/news\/pelicans-jose-alvarado-agree-to-two-year-9m-extension\/\" class=\"trk-cta-link\" data-cta-trk='{\"ctaType\":\"Link\",\"ctaSubType\":\"main\"}'>Le natif de New York<\/a> a cumul&eacute; la saison derni&egrave;re 7,1 points, 2,3 rebonds, 2,1 passes d&eacute;cisives, 1,1 interceptions et 18,4 minutes par match pour les Pelicans.<\/p><p>Il a &eacute;galement tir&eacute; &agrave; 41,2 % de r&eacute;ussite, un career high de 37,7 % &agrave; 3 points et 67,3 % sur la ligne des lancers.<\/p><p>Willie Green, le coach des Pelicans l&rsquo;avait f&eacute;licit&eacute; en mars dernier pour ne pas laisser sa taille le limiter dans son jeu en NBA.<\/p><blockquote class=\"twitter-tweet\" data-width=\"500\" data-dnt=\"true\">\n<p lang=\"en\" dir=\"ltr\">\"Jose has been a big part of our culture,\"<\/p>\n<p>&ndash; Bryson Graham on Jose Alvarado <a href=\"https:\/\/twitter.com\/hashtag\/Pelicans?src=hash&amp;ref_src=twsrc%5Etfw\" class=\"trk-cta-link\" data-cta-trk='{\"ctaType\":\"Link\",\"ctaSubType\":\"main\"}'>#Pelicans<\/a> <a href=\"https:\/\/t.co\/UajQLWVSee\" class=\"trk-cta-link\" data-cta-trk='{\"ctaType\":\"Link\",\"ctaSubType\":\"main\"}'>pic.twitter.com\/UajQLWVSee<\/a><\/p>\n<p>&mdash; New Orleans Pelicans (@PelicansNBA) <a href=\"https:\/\/twitter.com\/PelicansNBA\/status\/1840760382765375566?ref_src=twsrc%5Etfw\" class=\"trk-cta-link\" data-cta-trk='{\"ctaType\":\"Link\",\"ctaSubType\":\"main\"}'>September 30, 2024<\/a><\/p><\/blockquote><p><script async src=\"https:\/\/platform.twitter.com\/widgets.js\" charset=\"utf-8\"><\/script><\/p><blockquote><p>&laquo; &Ccedil;a commence avec son c&oelig;ur, &raquo; a d&eacute;clar&eacute; Green.<\/p>\n<p>&laquo; Il joue avec son coeur et son &acirc;me &agrave; chaque match. C&rsquo;est difficile de le r&eacute;sumer dans les statistiques. Puis vous ajoutez ses instincts.<\/p>\n<p>Il a un instinct de d&eacute;fense formidable sur le terrain. C&rsquo;est pourquoi il a &eacute;t&eacute; nomm&eacute; joueur d&eacute;fensif de l&rsquo;ann&eacute;e de ACC (NCAA Atlantic Coast Conference Men&rsquo;s Basketball).<\/p><\/blockquote><p>&nbsp;<\/p><blockquote><p>&laquo; Avec tout le talent dans cette conf&eacute;rence, c&rsquo;&eacute;tait lui. Il ne sait jouer que d&rsquo;une seule fa&ccedil;on. C&rsquo;est la partie la plus belle de Jose. Il l&rsquo;apporte &agrave; 110 % chaque fois qu&rsquo;il rentre sur le parquet. &raquo;<\/p><\/blockquote><p>&nbsp;<\/p><p>Cr&eacute;dit Photo : Stephen Lew-USA TODAY Sports<\/p><p>&nbsp;<\/p><p>&nbsp;<\/p>\n","protected":false},"excerpt":{"rendered":"","protected":false},"author":180310255,"featured_media":1460445,"comment_status":"open","ping_status":"closed","sticky":false,"template":"","format":"standard","meta":{"inline_featured_image":false,"kia_subtitle":"","_mux_skip_reasons":[],"proofreadBy":0,"footnotes":""},"categories":[110,10],"tags":[],"sport":[],"saison":[],"class_list":["post-1460444","post","type-post","status-publish","format-standard","has-post-thumbnail","hentry","category-actualite-nba","category-nba"],"acf":[],"yoast_head":"<!-- This site is optimized with the Yoast SEO plugin v24.2 - https:\/\/yoast.com\/wordpress\/plugins\/seo\/ -->\n<title>Jos&eacute; Alvarado signe une extension de 9 millions $ avec les Pelicans - The Playoffs FR<\/title>\n<meta name=\"robots\" content=\"index, follow, max-snippet:-1, max-image-preview:large, max-video-preview:-1\" \/>\n<link rel=\"canonical\" href=\"https:\/\/theplayoffs.news\/fr\/actualite-nba\/jose-alvarado-signe-une-extension-de-9-millions-avec-les-pelicans\/\" \/>\n<meta property=\"og:locale\" content=\"fr_FR\" \/>\n<meta property=\"og:type\" content=\"article\" \/>\n<meta property=\"og:title\" content=\"Jos&eacute; Alvarado signe une extension de 9 millions $ avec les Pelicans - The Playoffs FR\" \/>\n<meta property=\"og:url\" content=\"https:\/\/theplayoffs.news\/fr\/actualite-nba\/jose-alvarado-signe-une-extension-de-9-millions-avec-les-pelicans\/\" \/>\n<meta property=\"og:site_name\" content=\"The Playoffs FR\" \/>\n<meta property=\"article:publisher\" content=\"https:\/\/www.facebook.com\/TheFreeAgentFR\/\" \/>\n<meta property=\"article:modified_time\" content=\"2024-09-30T20:25:18+02:00\" \/>\n<meta property=\"og:image\" content=\"https:\/\/theplayoffs.news\/fr\/wp-content\/uploads\/2024\/09\/USATSI_23068344.jpg\" \/>\n\t<meta property=\"og:image:width\" content=\"1920\" \/>\n\t<meta property=\"og:image:height\" content=\"1280\" \/>\n\t<meta property=\"og:image:type\" content=\"image\/jpeg\" \/>\n<meta name=\"author\" content=\"Elouan Girard\" \/>\n<meta name=\"twitter:card\" content=\"summary_large_image\" \/>\n<meta name=\"twitter:creator\" content=\"@TheFreeAgentFR\" \/>\n<meta name=\"twitter:site\" content=\"@TheFreeAgentFR\" \/>\n<meta name=\"twitter:label1\" content=\"\u00c9crit par\" \/>\n\t<meta name=\"twitter:data1\" content=\"Elouan Girard\" \/>\n\t<meta name=\"twitter:label2\" content=\"Dur\u00e9e de lecture estim\u00e9e\" \/>\n\t<meta name=\"twitter:data2\" content=\"2 minutes\" \/>\n<script type=\"application\/ld+json\" class=\"yoast-schema-graph\">{\"@context\":\"https:\/\/schema.org\",\"@graph\":[{\"@type\":\"WebPage\",\"@id\":\"https:\/\/theplayoffs.news\/fr\/actualite-nba\/jose-alvarado-signe-une-extension-de-9-millions-avec-les-pelicans\/\",\"url\":\"https:\/\/theplayoffs.news\/fr\/actualite-nba\/jose-alvarado-signe-une-extension-de-9-millions-avec-les-pelicans\/\",\"name\":\"Jos\u00e9 Alvarado signe une extension de 9 millions $ avec les Pelicans - The Playoffs FR\",\"isPartOf\":{\"@id\":\"https:\/\/theplayoffs.news\/fr\/#website\"},\"primaryImageOfPage\":{\"@id\":\"https:\/\/theplayoffs.news\/fr\/actualite-nba\/jose-alvarado-signe-une-extension-de-9-millions-avec-les-pelicans\/#primaryimage\"},\"image\":{\"@id\":\"https:\/\/theplayoffs.news\/fr\/actualite-nba\/jose-alvarado-signe-une-extension-de-9-millions-avec-les-pelicans\/#primaryimage\"},\"thumbnailUrl\":\"https:\/\/theplayoffs.news\/fr\/wp-content\/uploads\/2024\/09\/USATSI_23068344.jpg\",\"datePublished\":\"2024-09-30T18:25:18+00:00\",\"dateModified\":\"2024-09-30T18:25:18+00:00\",\"author\":{\"@id\":\"https:\/\/theplayoffs.news\/fr\/#\/schema\/person\/6c4db0b49aa9ade4e6a3ddef3b2842a8\"},\"breadcrumb\":{\"@id\":\"https:\/\/theplayoffs.news\/fr\/actualite-nba\/jose-alvarado-signe-une-extension-de-9-millions-avec-les-pelicans\/#breadcrumb\"},\"inLanguage\":\"fr-FR\",\"potentialAction\":[{\"@type\":\"ReadAction\",\"target\":[\"https:\/\/theplayoffs.news\/fr\/actualite-nba\/jose-alvarado-signe-une-extension-de-9-millions-avec-les-pelicans\/\"]}]},{\"@type\":\"ImageObject\",\"inLanguage\":\"fr-FR\",\"@id\":\"https:\/\/theplayoffs.news\/fr\/actualite-nba\/jose-alvarado-signe-une-extension-de-9-millions-avec-les-pelicans\/#primaryimage\",\"url\":\"https:\/\/theplayoffs.news\/fr\/wp-content\/uploads\/2024\/09\/USATSI_23068344.jpg\",\"contentUrl\":\"https:\/\/theplayoffs.news\/fr\/wp-content\/uploads\/2024\/09\/USATSI_23068344.jpg\",\"width\":1920,\"height\":1280,\"caption\":\"Apr 19, 2024; New Orleans, Louisiana, USA; New Orleans Pelicans guard Jose Alvarado (15) reacts to making a three point basket against the Sacramento Kings in the second half during a play-in game of the 2024 NBA playoffs at Smoothie King Center. Mandatory Credit: Stephen Lew-USA TODAY Sports\"},{\"@type\":\"BreadcrumbList\",\"@id\":\"https:\/\/theplayoffs.news\/fr\/actualite-nba\/jose-alvarado-signe-une-extension-de-9-millions-avec-les-pelicans\/#breadcrumb\",\"itemListElement\":[{\"@type\":\"ListItem\",\"position\":1,\"name\":\"Accueil\",\"item\":\"https:\/\/theplayoffs.news\/fr\/\"},{\"@type\":\"ListItem\",\"position\":2,\"name\":\"Jos\u00e9 Alvarado signe une extension de 9 millions $ avec les Pelicans\"}]},{\"@type\":\"WebSite\",\"@id\":\"https:\/\/theplayoffs.news\/fr\/#website\",\"url\":\"https:\/\/theplayoffs.news\/fr\/\",\"name\":\"The Playoffs FR\",\"description\":\"NBA-NFL-NHL-MLB\",\"potentialAction\":[{\"@type\":\"SearchAction\",\"target\":{\"@type\":\"EntryPoint\",\"urlTemplate\":\"https:\/\/theplayoffs.news\/fr\/?s={search_term_string}\"},\"query-input\":{\"@type\":\"PropertyValueSpecification\",\"valueRequired\":true,\"valueName\":\"search_term_string\"}}],\"inLanguage\":\"fr-FR\"},{\"@type\":\"Person\",\"@id\":\"https:\/\/theplayoffs.news\/fr\/#\/schema\/person\/6c4db0b49aa9ade4e6a3ddef3b2842a8\",\"name\":\"Elouan Girard\",\"image\":{\"@type\":\"ImageObject\",\"inLanguage\":\"fr-FR\",\"@id\":\"https:\/\/theplayoffs.news\/fr\/#\/schema\/person\/image\/\",\"url\":\"https:\/\/secure.gravatar.com\/avatar\/230f939104da8456d40e879fa1d9fc19f13fb1470c5c2b6b1cb611f0f579870b?s=96&d=mm&r=g\",\"contentUrl\":\"https:\/\/secure.gravatar.com\/avatar\/230f939104da8456d40e879fa1d9fc19f13fb1470c5c2b6b1cb611f0f579870b?s=96&d=mm&r=g\",\"caption\":\"Elouan Girard\"},\"url\":\"https:\/\/theplayoffs.news\/fr\/author\/elou-girard59gmail-com\/\"}]}<\/script>\n<!-- \/ Yoast SEO plugin. -->","yoast_head_json":{"title":"Jos&eacute; Alvarado signe une extension de 9 millions $ avec les Pelicans - The Playoffs FR","robots":{"index":"index","follow":"follow","max-snippet":"max-snippet:-1","max-image-preview":"max-image-preview:large","max-video-preview":"max-video-preview:-1"},"canonical":"https:\/\/theplayoffs.news\/fr\/actualite-nba\/jose-alvarado-signe-une-extension-de-9-millions-avec-les-pelicans\/","og_locale":"fr_FR","og_type":"article","og_title":"Jos&eacute; Alvarado signe une extension de 9 millions $ avec les Pelicans - The Playoffs FR","og_url":"https:\/\/theplayoffs.news\/fr\/actualite-nba\/jose-alvarado-signe-une-extension-de-9-millions-avec-les-pelicans\/","og_site_name":"The Playoffs FR","article_publisher":"https:\/\/www.facebook.com\/TheFreeAgentFR\/","og_image":[{"width":1920,"height":1280,"url":"https:\/\/theplayoffs.news\/fr\/wp-content\/uploads\/2024\/09\/USATSI_23068344.jpg","type":"image\/jpeg"}],"author":"Elouan Girard","twitter_card":"summary_large_image","twitter_creator":"@TheFreeAgentFR","twitter_site":"@TheFreeAgentFR","twitter_misc":{"\u00c9crit par":"Elouan Girard","Dur\u00e9e de lecture estim\u00e9e":"2 minutes"},"schema":{"@context":"https:\/\/schema.org","@graph":[{"@type":"WebPage","@id":"https:\/\/theplayoffs.news\/fr\/actualite-nba\/jose-alvarado-signe-une-extension-de-9-millions-avec-les-pelicans\/","url":"https:\/\/theplayoffs.news\/fr\/actualite-nba\/jose-alvarado-signe-une-extension-de-9-millions-avec-les-pelicans\/","name":"Jos\u00e9 Alvarado signe une extension de 9 millions $ avec les Pelicans - The Playoffs FR","isPartOf":{"@id":"https:\/\/theplayoffs.news\/fr\/#website"},"primaryImageOfPage":{"@id":"https:\/\/theplayoffs.news\/fr\/actualite-nba\/jose-alvarado-signe-une-extension-de-9-millions-avec-les-pelicans\/#primaryimage"},"image":{"@id":"https:\/\/theplayoffs.news\/fr\/actualite-nba\/jose-alvarado-signe-une-extension-de-9-millions-avec-les-pelicans\/#primaryimage"},"thumbnailUrl":"https:\/\/theplayoffs.news\/fr\/wp-content\/uploads\/2024\/09\/USATSI_23068344.jpg","datePublished":"2024-09-30T18:25:18+00:00","dateModified":"2024-09-30T18:25:18+00:00","author":{"@id":"https:\/\/theplayoffs.news\/fr\/#\/schema\/person\/6c4db0b49aa9ade4e6a3ddef3b2842a8"},"breadcrumb":{"@id":"https:\/\/theplayoffs.news\/fr\/actualite-nba\/jose-alvarado-signe-une-extension-de-9-millions-avec-les-pelicans\/#breadcrumb"},"inLanguage":"fr-FR","potentialAction":[{"@type":"ReadAction","target":["https:\/\/theplayoffs.news\/fr\/actualite-nba\/jose-alvarado-signe-une-extension-de-9-millions-avec-les-pelicans\/"]}]},{"@type":"ImageObject","inLanguage":"fr-FR","@id":"https:\/\/theplayoffs.news\/fr\/actualite-nba\/jose-alvarado-signe-une-extension-de-9-millions-avec-les-pelicans\/#primaryimage","url":"https:\/\/theplayoffs.news\/fr\/wp-content\/uploads\/2024\/09\/USATSI_23068344.jpg","contentUrl":"https:\/\/theplayoffs.news\/fr\/wp-content\/uploads\/2024\/09\/USATSI_23068344.jpg","width":1920,"height":1280,"caption":"Apr 19, 2024; New Orleans, Louisiana, USA; New Orleans Pelicans guard Jose Alvarado (15) reacts to making a three point basket against the Sacramento Kings in the second half during a play-in game of the 2024 NBA playoffs at Smoothie King Center. Mandatory Credit: Stephen Lew-USA TODAY Sports"},{"@type":"BreadcrumbList","@id":"https:\/\/theplayoffs.news\/fr\/actualite-nba\/jose-alvarado-signe-une-extension-de-9-millions-avec-les-pelicans\/#breadcrumb","itemListElement":[{"@type":"ListItem","position":1,"name":"Accueil","item":"https:\/\/theplayoffs.news\/fr\/"},{"@type":"ListItem","position":2,"name":"Jos\u00e9 Alvarado signe une extension de 9 millions $ avec les Pelicans"}]},{"@type":"WebSite","@id":"https:\/\/theplayoffs.news\/fr\/#website","url":"https:\/\/theplayoffs.news\/fr\/","name":"The Playoffs FR","description":"NBA-NFL-NHL-MLB","potentialAction":[{"@type":"SearchAction","target":{"@type":"EntryPoint","urlTemplate":"https:\/\/theplayoffs.news\/fr\/?s={search_term_string}"},"query-input":{"@type":"PropertyValueSpecification","valueRequired":true,"valueName":"search_term_string"}}],"inLanguage":"fr-FR"},{"@type":"Person","@id":"https:\/\/theplayoffs.news\/fr\/#\/schema\/person\/6c4db0b49aa9ade4e6a3ddef3b2842a8","name":"Elouan Girard","image":{"@type":"ImageObject","inLanguage":"fr-FR","@id":"https:\/\/theplayoffs.news\/fr\/#\/schema\/person\/image\/","url":"https:\/\/secure.gravatar.com\/avatar\/230f939104da8456d40e879fa1d9fc19f13fb1470c5c2b6b1cb611f0f579870b?s=96&d=mm&r=g","contentUrl":"https:\/\/secure.gravatar.com\/avatar\/230f939104da8456d40e879fa1d9fc19f13fb1470c5c2b6b1cb611f0f579870b?s=96&d=mm&r=g","caption":"Elouan Girard"},"url":"https:\/\/theplayoffs.news\/fr\/author\/elou-girard59gmail-com\/"}]}},"_links":{"self":[{"href":"https:\/\/theplayoffs.news\/fr\/wp-json\/wp\/v2\/posts\/1460444","targetHints":{"allow":["GET"]}}],"collection":[{"href":"https:\/\/theplayoffs.news\/fr\/wp-json\/wp\/v2\/posts"}],"about":[{"href":"https:\/\/theplayoffs.news\/fr\/wp-json\/wp\/v2\/types\/post"}],"author":[{"embeddable":true,"href":"https:\/\/theplayoffs.news\/fr\/wp-json\/wp\/v2\/users\/180310255"}],"replies":[{"embeddable":true,"href":"https:\/\/theplayoffs.news\/fr\/wp-json\/wp\/v2\/comments?post=1460444"}],"version-history":[{"count":3,"href":"https:\/\/theplayoffs.news\/fr\/wp-json\/wp\/v2\/posts\/1460444\/revisions"}],"predecessor-version":[{"id":1460451,"href":"https:\/\/theplayoffs.news\/fr\/wp-json\/wp\/v2\/posts\/1460444\/revisions\/1460451"}],"wp:featuredmedia":[{"embeddable":true,"href":"https:\/\/theplayoffs.news\/fr\/wp-json\/wp\/v2\/media\/1460445"}],"wp:attachment":[{"href":"https:\/\/theplayoffs.news\/fr\/wp-json\/wp\/v2\/media?parent=1460444"}],"wp:term":[{"taxonomy":"category","embeddable":true,"href":"https:\/\/theplayoffs.news\/fr\/wp-json\/wp\/v2\/categories?post=1460444"},{"taxonomy":"post_tag","embeddable":true,"href":"https:\/\/theplayoffs.news\/fr\/wp-json\/wp\/v2\/tags?post=1460444"},{"taxonomy":"sport","embeddable":true,"href":"https:\/\/theplayoffs.news\/fr\/wp-json\/wp\/v2\/sport?post=1460444"},{"taxonomy":"saison","embeddable":true,"href":"https:\/\/theplayoffs.news\/fr\/wp-json\/wp\/v2\/saison?post=1460444"}],"curies":[{"name":"wp","href":"https:\/\/api.w.org\/{rel}","templated":true}]}}