{"id":1459863,"date":"2024-09-28T08:04:21","date_gmt":"2024-09-28T06:04:21","guid":{"rendered":"https:\/\/theplayoffs.news\/fr\/?p=1459863"},"modified":"2024-09-27T14:53:03","modified_gmt":"2024-09-27T12:53:03","slug":"von-miller-dans-lelite-des-veterans","status":"publish","type":"post","link":"https:\/\/theplayoffs.news\/fr\/actualite-nfl\/von-miller-dans-lelite-des-veterans\/","title":{"rendered":"Von Miller dans l\u2019\u00e9lite des v\u00e9t\u00e9rans"},"content":{"rendered":"<h2><strong>NFL &ndash; &Acirc;g&eacute; de 35 ans, Von Miller continue d&rsquo;&eacute;voluer &agrave; tr&egrave;s haut niveau en NFL. Avec sa franchise des Bills, il esp&egrave;re d&eacute;crocher un nouveau titre de champion cette saison.<\/strong><\/h2><p><strong>&nbsp;<\/strong><\/p><p>Que veut l&rsquo;expression&nbsp;? Ah oui, que le bon vin devient meilleur avec le temps. Il faut donc croire que le linebacker des Bills depuis 2022, <a href=\"https:\/\/theplayoffs.news\/fr\/nfl\/bills-sean-mcdermott-clame-limportance-de-von-miller\/\" class=\"trk-cta-link\" data-cta-trk='{\"ctaType\":\"Link\",\"ctaSubType\":\"main\"}'>Von Miller<\/a>, a pris tr&egrave;s au s&eacute;rieux l&rsquo;expression. Si la question de savoir s&rsquo;il est meilleur dans sa vieillesse que dans sa jeunesse se pose, le maintien d&rsquo;un haut niveau de performance malgr&eacute; son &acirc;ge lui, ne fait aucune contestation.<\/p><h3><\/h3><h3><strong>Un sack dimanche soir pour entrer dans l&rsquo;histoire<\/strong><\/h3><p><strong>&nbsp;<\/strong><\/p><p>En effet, &agrave; l&rsquo;image de toute la d&eacute;fense de Buffalo, Miller est partout en ce d&eacute;but de saison. Si cette d&eacute;fense s&rsquo;est fait une frayeur en ouverture face aux Cardinals, elle a su limiter les Dolphins et les Jaguars &agrave; 10 points chacun. Von Miller n&rsquo;est pas &eacute;tranger &agrave; cela.<\/p><p>Effectivement, le MVP du Super Bowl LVI a pour le moment enregistr&eacute; au moins un sack dans chacun de ces trois matchs. Mieux, s&rsquo;il parvenait &agrave; en faire un autre dimanche soir &agrave; Baltimore, il pourrait alors faire son entr&eacute;e au panth&eacute;on des joueurs d&eacute;fensifs &acirc;g&eacute;s.<\/p><p>Avec un petit sack seulement dimanche soir, Miller int&egrave;grerait un club ferm&eacute; de six joueurs parvenus &agrave; effectuer un sack sur au moins quatre matchs cons&eacute;cutifs pour des joueurs &acirc;g&eacute;s d&rsquo;au moins 35 ans depuis 1982 (date &agrave; laquelle le sack est devenue une statistique officielle).<\/p><p>Il viendrait ainsi s&rsquo;installer aux c&ocirc;t&eacute;s de l&eacute;gendes telles que Terrell Suggs, John Abraham, Chris Doleman, Rickey Jackson et Kevin Greene, recordman absolu avec 6 matchs cons&eacute;cutifs.<\/p><p>Il ne deviendrait par ailleurs que le troisi&egrave;me joueur d&rsquo;au moins 35 ans &agrave; parvenir &agrave; une telle performance depuis le d&eacute;but du mill&eacute;naire.<\/p><p>Des chiffres qui situent clairement la dimension historique qu&rsquo;incarne la carri&egrave;re de Von Miller, lui qui a d&eacute;j&agrave; int&eacute;gr&eacute; le top 25 historique des joueurs ayant r&eacute;alis&eacute;s le plus de sacks en carri&egrave;re (126.5). Il pourrait de plus viser l&rsquo;int&eacute;gration du top 10 d&rsquo;ici la fin de sa carri&egrave;re (15 sacks d&rsquo;&eacute;cart).<\/p><blockquote class=\"twitter-tweet\" data-width=\"500\" data-dnt=\"true\">\n<p lang=\"en\" dir=\"ltr\">Where does <a href=\"https:\/\/twitter.com\/VonMiller?ref_src=twsrc%5Etfw\" class=\"trk-cta-link\" data-cta-trk='{\"ctaType\":\"Link\",\"ctaSubType\":\"main\"}'>@VonMiller<\/a>'s Super Bowl MVP rank in all-time Denver championship performances? &#128064;&#127942; <a href=\"https:\/\/t.co\/4IgC1it3UL\" class=\"trk-cta-link\" data-cta-trk='{\"ctaType\":\"Link\",\"ctaSubType\":\"main\"}'>pic.twitter.com\/4IgC1it3UL<\/a><\/p>\n<p>&mdash; NFL (@NFL) <a href=\"https:\/\/twitter.com\/NFL\/status\/1669478641615646721?ref_src=twsrc%5Etfw\" class=\"trk-cta-link\" data-cta-trk='{\"ctaType\":\"Link\",\"ctaSubType\":\"main\"}'>June 15, 2023<\/a><\/p><\/blockquote><p><script async src=\"https:\/\/platform.twitter.com\/widgets.js\" charset=\"utf-8\"><\/script><\/p><p>&nbsp;<\/p><p>Des chiffres exceptionnels qui viennent s&rsquo;ajouter aux c&ocirc;t&eacute;s des 8 s&eacute;lections au Pro Bowl, aux 3 nominations All-Pro, aux 2 bagues de champion et &agrave; une 2<sup>&egrave;me<\/sup> place &agrave; la Draft 2011.<\/p><p>&nbsp;<\/p><p>Les Ravens sont donc pr&eacute;venus ce dimanche face &agrave; une &eacute;quipe d&eacute;j&agrave; en feu&nbsp;: Von Miller est en forme et n&rsquo;a rien perdu de sa puissance et continuera de courir derri&egrave;re l&rsquo;histoire et l&rsquo;h&eacute;ritage qu&rsquo;il laissera en NFL. Le coup d&rsquo;envoi de la rencontre entre <a href=\"https:\/\/www.espn.com\/nfl\/game\/_\/gameId\/401671783\/bills-ravens\" class=\"trk-cta-link\" data-cta-trk='{\"ctaType\":\"Link\",\"ctaSubType\":\"main\"}'>Bills et Ravens<\/a> aura lieu dans la nuit de dimanche &agrave; lundi &agrave; 2h20 (heure fran&ccedil;aise).<\/p><p>&copy; Mark Konezny-Imagn Images<\/p>\n","protected":false},"excerpt":{"rendered":"","protected":false},"author":180310210,"featured_media":1459868,"comment_status":"open","ping_status":"closed","sticky":false,"template":"","format":"standard","meta":{"inline_featured_image":false,"kia_subtitle":"","_mux_skip_reasons":[],"proofreadBy":0,"footnotes":""},"categories":[118,40],"tags":[165],"sport":[2785],"saison":[6111],"class_list":["post-1459863","post","type-post","status-publish","format-standard","has-post-thumbnail","hentry","category-actualite-nfl","category-nfl","tag-von-miller","sport-nfl","saison-6111"],"acf":[],"yoast_head":"<!-- This site is optimized with the Yoast SEO plugin v24.2 - https:\/\/yoast.com\/wordpress\/plugins\/seo\/ -->\n<title>Von Miller dans l&rsquo;&eacute;lite des v&eacute;t&eacute;rans - The Playoffs FR<\/title>\n<meta name=\"robots\" content=\"index, follow, max-snippet:-1, max-image-preview:large, max-video-preview:-1\" \/>\n<link rel=\"canonical\" href=\"https:\/\/theplayoffs.news\/fr\/actualite-nfl\/von-miller-dans-lelite-des-veterans\/\" \/>\n<meta property=\"og:locale\" content=\"fr_FR\" \/>\n<meta property=\"og:type\" content=\"article\" \/>\n<meta property=\"og:title\" content=\"Von Miller dans l&rsquo;&eacute;lite des v&eacute;t&eacute;rans - The Playoffs FR\" \/>\n<meta property=\"og:url\" content=\"https:\/\/theplayoffs.news\/fr\/actualite-nfl\/von-miller-dans-lelite-des-veterans\/\" \/>\n<meta property=\"og:site_name\" content=\"The Playoffs FR\" \/>\n<meta property=\"article:publisher\" content=\"https:\/\/www.facebook.com\/TheFreeAgentFR\/\" \/>\n<meta property=\"article:modified_time\" content=\"2024-09-28T08:04:21+02:00\" \/>\n<meta property=\"og:image\" content=\"https:\/\/theplayoffs.news\/fr\/wp-content\/uploads\/2024\/09\/USATSI_24068544.jpg\" \/>\n\t<meta property=\"og:image:width\" content=\"1920\" \/>\n\t<meta property=\"og:image:height\" content=\"1280\" \/>\n\t<meta property=\"og:image:type\" content=\"image\/jpeg\" \/>\n<meta name=\"author\" content=\"Romain Balle\" \/>\n<meta name=\"twitter:card\" content=\"summary_large_image\" \/>\n<meta name=\"twitter:creator\" content=\"@TheFreeAgentFR\" \/>\n<meta name=\"twitter:site\" content=\"@TheFreeAgentFR\" \/>\n<meta name=\"twitter:label1\" content=\"\u00c9crit par\" \/>\n\t<meta name=\"twitter:data1\" content=\"Romain Balle\" \/>\n\t<meta name=\"twitter:label2\" content=\"Dur\u00e9e de lecture estim\u00e9e\" \/>\n\t<meta name=\"twitter:data2\" content=\"2 minutes\" \/>\n<script type=\"application\/ld+json\" class=\"yoast-schema-graph\">{\"@context\":\"https:\/\/schema.org\",\"@graph\":[{\"@type\":\"WebPage\",\"@id\":\"https:\/\/theplayoffs.news\/fr\/actualite-nfl\/von-miller-dans-lelite-des-veterans\/\",\"url\":\"https:\/\/theplayoffs.news\/fr\/actualite-nfl\/von-miller-dans-lelite-des-veterans\/\",\"name\":\"Von Miller dans l\u2019\u00e9lite des v\u00e9t\u00e9rans - The Playoffs FR\",\"isPartOf\":{\"@id\":\"https:\/\/theplayoffs.news\/fr\/#website\"},\"primaryImageOfPage\":{\"@id\":\"https:\/\/theplayoffs.news\/fr\/actualite-nfl\/von-miller-dans-lelite-des-veterans\/#primaryimage\"},\"image\":{\"@id\":\"https:\/\/theplayoffs.news\/fr\/actualite-nfl\/von-miller-dans-lelite-des-veterans\/#primaryimage\"},\"thumbnailUrl\":\"https:\/\/theplayoffs.news\/fr\/wp-content\/uploads\/2024\/09\/USATSI_24068544.jpg\",\"datePublished\":\"2024-09-28T06:04:21+00:00\",\"dateModified\":\"2024-09-28T08:04:21+02:00\",\"author\":{\"@id\":\"https:\/\/theplayoffs.news\/fr\/#\/schema\/person\/6d5286c8c5dec1bbd3e6341f17a41111\"},\"breadcrumb\":{\"@id\":\"https:\/\/theplayoffs.news\/fr\/actualite-nfl\/von-miller-dans-lelite-des-veterans\/#breadcrumb\"},\"inLanguage\":\"fr-FR\",\"potentialAction\":[{\"@type\":\"ReadAction\",\"target\":[\"https:\/\/theplayoffs.news\/fr\/actualite-nfl\/von-miller-dans-lelite-des-veterans\/\"]}]},{\"@type\":\"ImageObject\",\"inLanguage\":\"fr-FR\",\"@id\":\"https:\/\/theplayoffs.news\/fr\/actualite-nfl\/von-miller-dans-lelite-des-veterans\/#primaryimage\",\"url\":\"https:\/\/theplayoffs.news\/fr\/wp-content\/uploads\/2024\/09\/USATSI_24068544.jpg\",\"contentUrl\":\"https:\/\/theplayoffs.news\/fr\/wp-content\/uploads\/2024\/09\/USATSI_24068544.jpg\",\"width\":1920,\"height\":1280,\"caption\":\"Aug 24, 2024; Orchard Park, New York, USA; Buffalo Bills linebacker Von Miller enters the field before a pre-season game against the Carolina Panthers at Highmark Stadium. Mandatory Credit: Mark Konezny-USA TODAY Sports\"},{\"@type\":\"BreadcrumbList\",\"@id\":\"https:\/\/theplayoffs.news\/fr\/actualite-nfl\/von-miller-dans-lelite-des-veterans\/#breadcrumb\",\"itemListElement\":[{\"@type\":\"ListItem\",\"position\":1,\"name\":\"Accueil\",\"item\":\"https:\/\/theplayoffs.news\/fr\/\"},{\"@type\":\"ListItem\",\"position\":2,\"name\":\"Von Miller dans l\u2019\u00e9lite des v\u00e9t\u00e9rans\"}]},{\"@type\":\"WebSite\",\"@id\":\"https:\/\/theplayoffs.news\/fr\/#website\",\"url\":\"https:\/\/theplayoffs.news\/fr\/\",\"name\":\"The Playoffs FR\",\"description\":\"NBA-NFL-NHL-MLB\",\"potentialAction\":[{\"@type\":\"SearchAction\",\"target\":{\"@type\":\"EntryPoint\",\"urlTemplate\":\"https:\/\/theplayoffs.news\/fr\/?s={search_term_string}\"},\"query-input\":{\"@type\":\"PropertyValueSpecification\",\"valueRequired\":true,\"valueName\":\"search_term_string\"}}],\"inLanguage\":\"fr-FR\"},{\"@type\":\"Person\",\"@id\":\"https:\/\/theplayoffs.news\/fr\/#\/schema\/person\/6d5286c8c5dec1bbd3e6341f17a41111\",\"name\":\"Romain Balle\",\"image\":{\"@type\":\"ImageObject\",\"inLanguage\":\"fr-FR\",\"@id\":\"https:\/\/theplayoffs.news\/fr\/#\/schema\/person\/image\/\",\"url\":\"https:\/\/secure.gravatar.com\/avatar\/05ddb849264c48c5ab2084b8927e8da5ec4ccb05c2bd91acb1c3d4c2785ce057?s=96&d=mm&r=g\",\"contentUrl\":\"https:\/\/secure.gravatar.com\/avatar\/05ddb849264c48c5ab2084b8927e8da5ec4ccb05c2bd91acb1c3d4c2785ce057?s=96&d=mm&r=g\",\"caption\":\"Romain Balle\"},\"url\":\"https:\/\/theplayoffs.news\/fr\/author\/romainballe02gmail-com\/\"}]}<\/script>\n<!-- \/ Yoast SEO plugin. -->","yoast_head_json":{"title":"Von Miller dans l&rsquo;&eacute;lite des v&eacute;t&eacute;rans - The Playoffs FR","robots":{"index":"index","follow":"follow","max-snippet":"max-snippet:-1","max-image-preview":"max-image-preview:large","max-video-preview":"max-video-preview:-1"},"canonical":"https:\/\/theplayoffs.news\/fr\/actualite-nfl\/von-miller-dans-lelite-des-veterans\/","og_locale":"fr_FR","og_type":"article","og_title":"Von Miller dans l&rsquo;&eacute;lite des v&eacute;t&eacute;rans - The Playoffs FR","og_url":"https:\/\/theplayoffs.news\/fr\/actualite-nfl\/von-miller-dans-lelite-des-veterans\/","og_site_name":"The Playoffs FR","article_publisher":"https:\/\/www.facebook.com\/TheFreeAgentFR\/","article_modified_time":"2024-09-27T12:53:03+00:00","og_image":[{"width":1920,"height":1280,"url":"https:\/\/theplayoffs.news\/fr\/wp-content\/uploads\/2024\/09\/USATSI_24068544.jpg","type":"image\/jpeg"}],"author":"Romain Balle","twitter_card":"summary_large_image","twitter_creator":"@TheFreeAgentFR","twitter_site":"@TheFreeAgentFR","twitter_misc":{"\u00c9crit par":"Romain Balle","Dur\u00e9e de lecture estim\u00e9e":"2 minutes"},"schema":{"@context":"https:\/\/schema.org","@graph":[{"@type":"WebPage","@id":"https:\/\/theplayoffs.news\/fr\/actualite-nfl\/von-miller-dans-lelite-des-veterans\/","url":"https:\/\/theplayoffs.news\/fr\/actualite-nfl\/von-miller-dans-lelite-des-veterans\/","name":"Von Miller dans l\u2019\u00e9lite des v\u00e9t\u00e9rans - The Playoffs FR","isPartOf":{"@id":"https:\/\/theplayoffs.news\/fr\/#website"},"primaryImageOfPage":{"@id":"https:\/\/theplayoffs.news\/fr\/actualite-nfl\/von-miller-dans-lelite-des-veterans\/#primaryimage"},"image":{"@id":"https:\/\/theplayoffs.news\/fr\/actualite-nfl\/von-miller-dans-lelite-des-veterans\/#primaryimage"},"thumbnailUrl":"https:\/\/theplayoffs.news\/fr\/wp-content\/uploads\/2024\/09\/USATSI_24068544.jpg","datePublished":"2024-09-28T06:04:21+00:00","dateModified":"2024-09-28T08:04:21+02:00","author":{"@id":"https:\/\/theplayoffs.news\/fr\/#\/schema\/person\/6d5286c8c5dec1bbd3e6341f17a41111"},"breadcrumb":{"@id":"https:\/\/theplayoffs.news\/fr\/actualite-nfl\/von-miller-dans-lelite-des-veterans\/#breadcrumb"},"inLanguage":"fr-FR","potentialAction":[{"@type":"ReadAction","target":["https:\/\/theplayoffs.news\/fr\/actualite-nfl\/von-miller-dans-lelite-des-veterans\/"]}]},{"@type":"ImageObject","inLanguage":"fr-FR","@id":"https:\/\/theplayoffs.news\/fr\/actualite-nfl\/von-miller-dans-lelite-des-veterans\/#primaryimage","url":"https:\/\/theplayoffs.news\/fr\/wp-content\/uploads\/2024\/09\/USATSI_24068544.jpg","contentUrl":"https:\/\/theplayoffs.news\/fr\/wp-content\/uploads\/2024\/09\/USATSI_24068544.jpg","width":1920,"height":1280,"caption":"Aug 24, 2024; Orchard Park, New York, USA; Buffalo Bills linebacker Von Miller enters the field before a pre-season game against the Carolina Panthers at Highmark Stadium. Mandatory Credit: Mark Konezny-USA TODAY Sports"},{"@type":"BreadcrumbList","@id":"https:\/\/theplayoffs.news\/fr\/actualite-nfl\/von-miller-dans-lelite-des-veterans\/#breadcrumb","itemListElement":[{"@type":"ListItem","position":1,"name":"Accueil","item":"https:\/\/theplayoffs.news\/fr\/"},{"@type":"ListItem","position":2,"name":"Von Miller dans l\u2019\u00e9lite des v\u00e9t\u00e9rans"}]},{"@type":"WebSite","@id":"https:\/\/theplayoffs.news\/fr\/#website","url":"https:\/\/theplayoffs.news\/fr\/","name":"The Playoffs FR","description":"NBA-NFL-NHL-MLB","potentialAction":[{"@type":"SearchAction","target":{"@type":"EntryPoint","urlTemplate":"https:\/\/theplayoffs.news\/fr\/?s={search_term_string}"},"query-input":{"@type":"PropertyValueSpecification","valueRequired":true,"valueName":"search_term_string"}}],"inLanguage":"fr-FR"},{"@type":"Person","@id":"https:\/\/theplayoffs.news\/fr\/#\/schema\/person\/6d5286c8c5dec1bbd3e6341f17a41111","name":"Romain Balle","image":{"@type":"ImageObject","inLanguage":"fr-FR","@id":"https:\/\/theplayoffs.news\/fr\/#\/schema\/person\/image\/","url":"https:\/\/secure.gravatar.com\/avatar\/05ddb849264c48c5ab2084b8927e8da5ec4ccb05c2bd91acb1c3d4c2785ce057?s=96&d=mm&r=g","contentUrl":"https:\/\/secure.gravatar.com\/avatar\/05ddb849264c48c5ab2084b8927e8da5ec4ccb05c2bd91acb1c3d4c2785ce057?s=96&d=mm&r=g","caption":"Romain Balle"},"url":"https:\/\/theplayoffs.news\/fr\/author\/romainballe02gmail-com\/"}]}},"_links":{"self":[{"href":"https:\/\/theplayoffs.news\/fr\/wp-json\/wp\/v2\/posts\/1459863","targetHints":{"allow":["GET"]}}],"collection":[{"href":"https:\/\/theplayoffs.news\/fr\/wp-json\/wp\/v2\/posts"}],"about":[{"href":"https:\/\/theplayoffs.news\/fr\/wp-json\/wp\/v2\/types\/post"}],"author":[{"embeddable":true,"href":"https:\/\/theplayoffs.news\/fr\/wp-json\/wp\/v2\/users\/180310210"}],"replies":[{"embeddable":true,"href":"https:\/\/theplayoffs.news\/fr\/wp-json\/wp\/v2\/comments?post=1459863"}],"version-history":[{"count":3,"href":"https:\/\/theplayoffs.news\/fr\/wp-json\/wp\/v2\/posts\/1459863\/revisions"}],"predecessor-version":[{"id":1459872,"href":"https:\/\/theplayoffs.news\/fr\/wp-json\/wp\/v2\/posts\/1459863\/revisions\/1459872"}],"wp:featuredmedia":[{"embeddable":true,"href":"https:\/\/theplayoffs.news\/fr\/wp-json\/wp\/v2\/media\/1459868"}],"wp:attachment":[{"href":"https:\/\/theplayoffs.news\/fr\/wp-json\/wp\/v2\/media?parent=1459863"}],"wp:term":[{"taxonomy":"category","embeddable":true,"href":"https:\/\/theplayoffs.news\/fr\/wp-json\/wp\/v2\/categories?post=1459863"},{"taxonomy":"post_tag","embeddable":true,"href":"https:\/\/theplayoffs.news\/fr\/wp-json\/wp\/v2\/tags?post=1459863"},{"taxonomy":"sport","embeddable":true,"href":"https:\/\/theplayoffs.news\/fr\/wp-json\/wp\/v2\/sport?post=1459863"},{"taxonomy":"saison","embeddable":true,"href":"https:\/\/theplayoffs.news\/fr\/wp-json\/wp\/v2\/saison?post=1459863"}],"curies":[{"name":"wp","href":"https:\/\/api.w.org\/{rel}","templated":true}]}}