{"id":1459337,"date":"2024-09-24T20:52:08","date_gmt":"2024-09-24T18:52:08","guid":{"rendered":"https:\/\/theplayoffs.news\/fr\/?p=1459337"},"modified":"2024-09-24T20:52:08","modified_gmt":"2024-09-24T18:52:08","slug":"charlie-blackmon-retraite-saison-2024","status":"publish","type":"post","link":"https:\/\/theplayoffs.news\/fr\/actualite-mlb\/charlie-blackmon-retraite-saison-2024\/","title":{"rendered":"Charlie Blackmon : Annonce sa retraite pour la fin de saison 2024"},"content":{"rendered":"<h3>Si l&rsquo;on pouvait d&eacute;crire en un seul mot <a href=\"https:\/\/theplayoffs.news\/fr\/joueur\/charlie-blackmon-mlb-62168\/\" class=\"trk-cta-link\" data-cta-trk='{\"ctaType\":\"Link\",\"ctaSubType\":\"main\"}'>Charlie Blackmon<\/a>, la plupart d&rsquo;entre nous utiliserait le mot &laquo;&nbsp;Barbe&nbsp;&raquo;, oui c&rsquo;est vrai que cela saute aux yeux. Mais en terme sportif &laquo;&nbsp;Franchise player&nbsp;&raquo; serait plus appropri&eacute;, le joueur des Rockies &agrave; d&eacute;cider de mettre un terme &agrave; sa carri&egrave;re &agrave; la fin de la saison 2024.<\/h3><p>&nbsp;<\/p><p>Le voltigeur de 38 ans originaire du Texas, aura pass&eacute; 16 ann&eacute;es dans le Colorado dont 14 en MLB, ce sont plus de 1600 matchs jou&eacute;s. Pour la derni&egrave;re s&eacute;rie se jouant au Coors field cette semaine l&rsquo;&eacute;motion sera au rendez-vous. Les &laquo;&nbsp;franchise player&nbsp;&raquo; sont de plus en plus rare de nos jours et Blackmon en fait partie, si l&rsquo;on vous demande quel joueur pour vous repr&eacute;sente les Rockies des 10 derni&egrave;res ann&eacute;es Charlie Blackmon fait partie des r&eacute;ponses.<\/p><blockquote class=\"twitter-tweet\" data-width=\"500\" data-dnt=\"true\">\n<p lang=\"zxx\" dir=\"ltr\"><a href=\"https:\/\/t.co\/nfQuuG1NlJ\" class=\"trk-cta-link\" data-cta-trk='{\"ctaType\":\"Link\",\"ctaSubType\":\"main\"}'>pic.twitter.com\/nfQuuG1NlJ<\/a><\/p>\n<p>&mdash; Colorado Rockies (@Rockies) <a href=\"https:\/\/twitter.com\/Rockies\/status\/1838362148067565828?ref_src=twsrc%5Etfw\" class=\"trk-cta-link\" data-cta-trk='{\"ctaType\":\"Link\",\"ctaSubType\":\"main\"}'>September 23, 2024<\/a><\/p><\/blockquote><p><script async src=\"https:\/\/platform.twitter.com\/widgets.js\" charset=\"utf-8\"><\/script><\/p><p>&nbsp;<\/p><p>Il a &eacute;crit une lettre partag&eacute;e sur les r&eacute;seaux sociaux annon&ccedil;ant sa retraite sportive, rien de plus touchant et poignant qu&rsquo;un joueur qui se livre &agrave; ses fans de Denver, du Colorado, des USA et &agrave; travers le monde.<\/p><blockquote><p>&nbsp;Comme enfant, on pratique ce sport parce qu&rsquo;on l&rsquo;aime, rien d&rsquo;autre n&rsquo;a d&rsquo;importance. Je joue encore &agrave; ce sport de cette mani&egrave;re, mais je ne suis plus un enfant. Ma vision a chang&eacute;. J&rsquo;ai &eacute;t&eacute; assez chanceux pour appeler la ville de Denver et les Rockies du Colorado ma maison du baseball pour toute ma carri&egrave;re.<\/p><\/blockquote><p>&nbsp;<\/p><p>D&rsquo;un point de vue carri&egrave;re et statistiques Charlie Blackmon aura effectu&eacute; une moyenne au b&acirc;ton de .292 en 6146 apparitions au b&acirc;ton. Blackmon a frapp&eacute; 226 circuits en plus de produire 797 points et de croiser la plaque 991 fois. Participant aux All Star Game &agrave; quatre reprises (2014\/ 17\/ 18 \/ 19), il a remport&eacute; le &laquo; Silver Slugger &raquo; deux fois (2016 et 2017), terminant &eacute;galement dans le TOP 5 MVP en 2017 qui est l&rsquo;apog&eacute;e de sa carri&egrave;re.<\/p><p>&nbsp;<\/p><p>Dans l&rsquo;histoire de la franchise, il a &eacute;t&eacute; pris au second tour de draft en 2008 et provient de l&rsquo;universit&eacute; de Georgia Tech. Il est num&eacute;ro un de la franchise pour les triples (67), et au deuxi&egrave;me rang pour les matchs jou&eacute;s (1618), les points marqu&eacute;s (991), les coups s&ucirc;rs (1797) et les doubles (333). Blackmon a port&eacute; deux num&eacute;ros le 8 pendant les deux ann&eacute;es rookie et le 19 pour le restant de sa carri&egrave;re.<\/p><p>&nbsp;<\/p><p>Nul doute que ce dernier sera retir&eacute; pour un des rares joueurs jouant pour une seule franchise dans sa carri&egrave;re, nous lui souhaitons une belle fin de saison et une retraite sportive bien m&eacute;rit&eacute;, &agrave; bient&ocirc;t le barbu !<\/p><p>&nbsp;<\/p><blockquote class=\"twitter-tweet\" data-width=\"500\" data-dnt=\"true\">\n<p lang=\"en\" dir=\"ltr\">CHUCK NAZTY &#8252;&#65039; <a href=\"https:\/\/t.co\/6GYOdsdkE2\" class=\"trk-cta-link\" data-cta-trk='{\"ctaType\":\"Link\",\"ctaSubType\":\"main\"}'>pic.twitter.com\/6GYOdsdkE2<\/a><\/p>\n<p>&mdash; Colorado Rockies (@Rockies) <a href=\"https:\/\/twitter.com\/Rockies\/status\/1837331153348374671?ref_src=twsrc%5Etfw\" class=\"trk-cta-link\" data-cta-trk='{\"ctaType\":\"Link\",\"ctaSubType\":\"main\"}'>September 21, 2024<\/a><\/p><\/blockquote><p><script async src=\"https:\/\/platform.twitter.com\/widgets.js\" charset=\"utf-8\"><\/script><\/p><p>&nbsp;<\/p><p><label>Credit:<\/label><\/p><p class=\"ng-binding\">&copy; Jonathan Hui-Imagn Images<\/p>\n","protected":false},"excerpt":{"rendered":"","protected":false},"author":180310059,"featured_media":1459342,"comment_status":"open","ping_status":"closed","sticky":false,"template":"","format":"standard","meta":{"inline_featured_image":false,"kia_subtitle":"","_mux_skip_reasons":[],"proofreadBy":0,"footnotes":""},"categories":[188,9],"tags":[5643,463],"sport":[2786],"saison":[6111],"class_list":["post-1459337","post","type-post","status-publish","format-standard","has-post-thumbnail","hentry","category-actualite-mlb","category-mlb","tag-charlie-blackmon","tag-colorado-rockies","sport-mlb","saison-6111"],"acf":[],"yoast_head":"<!-- This site is optimized with the Yoast SEO plugin v24.2 - https:\/\/yoast.com\/wordpress\/plugins\/seo\/ -->\n<title>Charlie Blackmon : Annonce sa retraite pour la fin de saison 2024 - The Playoffs FR<\/title>\n<meta name=\"robots\" content=\"index, follow, max-snippet:-1, max-image-preview:large, max-video-preview:-1\" \/>\n<link rel=\"canonical\" href=\"https:\/\/theplayoffs.news\/fr\/actualite-mlb\/charlie-blackmon-retraite-saison-2024\/\" \/>\n<meta property=\"og:locale\" content=\"fr_FR\" \/>\n<meta property=\"og:type\" content=\"article\" \/>\n<meta property=\"og:title\" content=\"Charlie Blackmon : Annonce sa retraite pour la fin de saison 2024 - The Playoffs FR\" \/>\n<meta property=\"og:url\" content=\"https:\/\/theplayoffs.news\/fr\/actualite-mlb\/charlie-blackmon-retraite-saison-2024\/\" \/>\n<meta property=\"og:site_name\" content=\"The Playoffs FR\" \/>\n<meta property=\"article:publisher\" content=\"https:\/\/www.facebook.com\/TheFreeAgentFR\/\" \/>\n<meta property=\"article:modified_time\" content=\"2024-09-24T20:52:08+02:00\" \/>\n<meta property=\"og:image\" content=\"https:\/\/theplayoffs.news\/fr\/wp-content\/uploads\/2024\/09\/USATSI_24298926_168402440_lowres.jpg\" \/>\n\t<meta property=\"og:image:width\" content=\"1920\" \/>\n\t<meta property=\"og:image:height\" content=\"1280\" \/>\n\t<meta property=\"og:image:type\" content=\"image\/jpeg\" \/>\n<meta name=\"author\" content=\"J\u00e9r\u00e9my Richaud\" \/>\n<meta name=\"twitter:card\" content=\"summary_large_image\" \/>\n<meta name=\"twitter:creator\" content=\"@x.com\/jeremy_redsox\" \/>\n<meta name=\"twitter:site\" content=\"@TheFreeAgentFR\" \/>\n<meta name=\"twitter:label1\" content=\"\u00c9crit par\" \/>\n\t<meta name=\"twitter:data1\" content=\"J\u00e9r\u00e9my Richaud\" \/>\n\t<meta name=\"twitter:label2\" content=\"Dur\u00e9e de lecture estim\u00e9e\" \/>\n\t<meta name=\"twitter:data2\" content=\"2 minutes\" \/>\n<script type=\"application\/ld+json\" class=\"yoast-schema-graph\">{\"@context\":\"https:\/\/schema.org\",\"@graph\":[{\"@type\":\"WebPage\",\"@id\":\"https:\/\/theplayoffs.news\/fr\/actualite-mlb\/charlie-blackmon-retraite-saison-2024\/\",\"url\":\"https:\/\/theplayoffs.news\/fr\/actualite-mlb\/charlie-blackmon-retraite-saison-2024\/\",\"name\":\"Charlie Blackmon : Annonce sa retraite pour la fin de saison 2024 - The Playoffs FR\",\"isPartOf\":{\"@id\":\"https:\/\/theplayoffs.news\/fr\/#website\"},\"primaryImageOfPage\":{\"@id\":\"https:\/\/theplayoffs.news\/fr\/actualite-mlb\/charlie-blackmon-retraite-saison-2024\/#primaryimage\"},\"image\":{\"@id\":\"https:\/\/theplayoffs.news\/fr\/actualite-mlb\/charlie-blackmon-retraite-saison-2024\/#primaryimage\"},\"thumbnailUrl\":\"https:\/\/theplayoffs.news\/fr\/wp-content\/uploads\/2024\/09\/USATSI_24298926_168402440_lowres.jpg\",\"datePublished\":\"2024-09-24T18:52:08+00:00\",\"dateModified\":\"2024-09-24T18:52:08+00:00\",\"author\":{\"@id\":\"https:\/\/theplayoffs.news\/fr\/#\/schema\/person\/a6d214b885a76103078818ccc94124c9\"},\"breadcrumb\":{\"@id\":\"https:\/\/theplayoffs.news\/fr\/actualite-mlb\/charlie-blackmon-retraite-saison-2024\/#breadcrumb\"},\"inLanguage\":\"fr-FR\",\"potentialAction\":[{\"@type\":\"ReadAction\",\"target\":[\"https:\/\/theplayoffs.news\/fr\/actualite-mlb\/charlie-blackmon-retraite-saison-2024\/\"]}]},{\"@type\":\"ImageObject\",\"inLanguage\":\"fr-FR\",\"@id\":\"https:\/\/theplayoffs.news\/fr\/actualite-mlb\/charlie-blackmon-retraite-saison-2024\/#primaryimage\",\"url\":\"https:\/\/theplayoffs.news\/fr\/wp-content\/uploads\/2024\/09\/USATSI_24298926_168402440_lowres.jpg\",\"contentUrl\":\"https:\/\/theplayoffs.news\/fr\/wp-content\/uploads\/2024\/09\/USATSI_24298926_168402440_lowres.jpg\",\"width\":1920,\"height\":1280,\"caption\":\"Sep 21, 2024; Los Angeles, California, USA; Colorado Rockies designated hitter Charlie Blackmon (19) celebrates with teammates after hitting a two-run home run against the Los Angeles Dodgers during the ninth inning at Dodger Stadium. Mandatory Credit: Jonathan Hui-Imagn Images\"},{\"@type\":\"BreadcrumbList\",\"@id\":\"https:\/\/theplayoffs.news\/fr\/actualite-mlb\/charlie-blackmon-retraite-saison-2024\/#breadcrumb\",\"itemListElement\":[{\"@type\":\"ListItem\",\"position\":1,\"name\":\"Accueil\",\"item\":\"https:\/\/theplayoffs.news\/fr\/\"},{\"@type\":\"ListItem\",\"position\":2,\"name\":\"Charlie Blackmon : Annonce sa retraite pour la fin de saison 2024\"}]},{\"@type\":\"WebSite\",\"@id\":\"https:\/\/theplayoffs.news\/fr\/#website\",\"url\":\"https:\/\/theplayoffs.news\/fr\/\",\"name\":\"The Playoffs FR\",\"description\":\"NBA-NFL-NHL-MLB\",\"potentialAction\":[{\"@type\":\"SearchAction\",\"target\":{\"@type\":\"EntryPoint\",\"urlTemplate\":\"https:\/\/theplayoffs.news\/fr\/?s={search_term_string}\"},\"query-input\":{\"@type\":\"PropertyValueSpecification\",\"valueRequired\":true,\"valueName\":\"search_term_string\"}}],\"inLanguage\":\"fr-FR\"},{\"@type\":\"Person\",\"@id\":\"https:\/\/theplayoffs.news\/fr\/#\/schema\/person\/a6d214b885a76103078818ccc94124c9\",\"name\":\"J\u00e9r\u00e9my Richaud\",\"image\":{\"@type\":\"ImageObject\",\"inLanguage\":\"fr-FR\",\"@id\":\"https:\/\/theplayoffs.news\/fr\/#\/schema\/person\/image\/\",\"url\":\"https:\/\/secure.gravatar.com\/avatar\/80bc8135baf3a71cdd975994ee4fb05ca7e1fcf9591469241804457e0cd105a9?s=96&d=mm&r=g\",\"contentUrl\":\"https:\/\/secure.gravatar.com\/avatar\/80bc8135baf3a71cdd975994ee4fb05ca7e1fcf9591469241804457e0cd105a9?s=96&d=mm&r=g\",\"caption\":\"J\u00e9r\u00e9my Richaud\"},\"description\":\"Je suis dans la fonction publique territoriale. Pour TPO je traite uniquement la MLB (bien que secr\u00e8tement je r\u00eave d\u2019une section NASCAR). Une passion inexpliqu\u00e9e pour le baseball, j\u2019\u00e9tais surement am\u00e9ricain dans une autre vie ! Convaincu aussi que Boston est la ville o\u00f9 tout a commenc\u00e9, oui j\u2019adore les C\u2019s et les Bruins mais pas les Patriots et alors ? XD C\u2019est avec plaisir de vous faire partager, articles, podcast sur le plus beau des quatre sports US !\",\"sameAs\":[\"https:\/\/x.com\/x.com\/jeremy_redsox\"],\"url\":\"https:\/\/theplayoffs.news\/fr\/author\/jeremy83440yahoo-fr\/\"}]}<\/script>\n<!-- \/ Yoast SEO plugin. -->","yoast_head_json":{"title":"Charlie Blackmon : Annonce sa retraite pour la fin de saison 2024 - The Playoffs FR","robots":{"index":"index","follow":"follow","max-snippet":"max-snippet:-1","max-image-preview":"max-image-preview:large","max-video-preview":"max-video-preview:-1"},"canonical":"https:\/\/theplayoffs.news\/fr\/actualite-mlb\/charlie-blackmon-retraite-saison-2024\/","og_locale":"fr_FR","og_type":"article","og_title":"Charlie Blackmon : Annonce sa retraite pour la fin de saison 2024 - The Playoffs FR","og_url":"https:\/\/theplayoffs.news\/fr\/actualite-mlb\/charlie-blackmon-retraite-saison-2024\/","og_site_name":"The Playoffs FR","article_publisher":"https:\/\/www.facebook.com\/TheFreeAgentFR\/","og_image":[{"width":1920,"height":1280,"url":"https:\/\/theplayoffs.news\/fr\/wp-content\/uploads\/2024\/09\/USATSI_24298926_168402440_lowres.jpg","type":"image\/jpeg"}],"author":"J\u00e9r\u00e9my Richaud","twitter_card":"summary_large_image","twitter_creator":"@x.com\/jeremy_redsox","twitter_site":"@TheFreeAgentFR","twitter_misc":{"\u00c9crit par":"J\u00e9r\u00e9my Richaud","Dur\u00e9e de lecture estim\u00e9e":"2 minutes"},"schema":{"@context":"https:\/\/schema.org","@graph":[{"@type":"WebPage","@id":"https:\/\/theplayoffs.news\/fr\/actualite-mlb\/charlie-blackmon-retraite-saison-2024\/","url":"https:\/\/theplayoffs.news\/fr\/actualite-mlb\/charlie-blackmon-retraite-saison-2024\/","name":"Charlie Blackmon : Annonce sa retraite pour la fin de saison 2024 - The Playoffs FR","isPartOf":{"@id":"https:\/\/theplayoffs.news\/fr\/#website"},"primaryImageOfPage":{"@id":"https:\/\/theplayoffs.news\/fr\/actualite-mlb\/charlie-blackmon-retraite-saison-2024\/#primaryimage"},"image":{"@id":"https:\/\/theplayoffs.news\/fr\/actualite-mlb\/charlie-blackmon-retraite-saison-2024\/#primaryimage"},"thumbnailUrl":"https:\/\/theplayoffs.news\/fr\/wp-content\/uploads\/2024\/09\/USATSI_24298926_168402440_lowres.jpg","datePublished":"2024-09-24T18:52:08+00:00","dateModified":"2024-09-24T18:52:08+00:00","author":{"@id":"https:\/\/theplayoffs.news\/fr\/#\/schema\/person\/a6d214b885a76103078818ccc94124c9"},"breadcrumb":{"@id":"https:\/\/theplayoffs.news\/fr\/actualite-mlb\/charlie-blackmon-retraite-saison-2024\/#breadcrumb"},"inLanguage":"fr-FR","potentialAction":[{"@type":"ReadAction","target":["https:\/\/theplayoffs.news\/fr\/actualite-mlb\/charlie-blackmon-retraite-saison-2024\/"]}]},{"@type":"ImageObject","inLanguage":"fr-FR","@id":"https:\/\/theplayoffs.news\/fr\/actualite-mlb\/charlie-blackmon-retraite-saison-2024\/#primaryimage","url":"https:\/\/theplayoffs.news\/fr\/wp-content\/uploads\/2024\/09\/USATSI_24298926_168402440_lowres.jpg","contentUrl":"https:\/\/theplayoffs.news\/fr\/wp-content\/uploads\/2024\/09\/USATSI_24298926_168402440_lowres.jpg","width":1920,"height":1280,"caption":"Sep 21, 2024; Los Angeles, California, USA; Colorado Rockies designated hitter Charlie Blackmon (19) celebrates with teammates after hitting a two-run home run against the Los Angeles Dodgers during the ninth inning at Dodger Stadium. Mandatory Credit: Jonathan Hui-Imagn Images"},{"@type":"BreadcrumbList","@id":"https:\/\/theplayoffs.news\/fr\/actualite-mlb\/charlie-blackmon-retraite-saison-2024\/#breadcrumb","itemListElement":[{"@type":"ListItem","position":1,"name":"Accueil","item":"https:\/\/theplayoffs.news\/fr\/"},{"@type":"ListItem","position":2,"name":"Charlie Blackmon : Annonce sa retraite pour la fin de saison 2024"}]},{"@type":"WebSite","@id":"https:\/\/theplayoffs.news\/fr\/#website","url":"https:\/\/theplayoffs.news\/fr\/","name":"The Playoffs FR","description":"NBA-NFL-NHL-MLB","potentialAction":[{"@type":"SearchAction","target":{"@type":"EntryPoint","urlTemplate":"https:\/\/theplayoffs.news\/fr\/?s={search_term_string}"},"query-input":{"@type":"PropertyValueSpecification","valueRequired":true,"valueName":"search_term_string"}}],"inLanguage":"fr-FR"},{"@type":"Person","@id":"https:\/\/theplayoffs.news\/fr\/#\/schema\/person\/a6d214b885a76103078818ccc94124c9","name":"J\u00e9r\u00e9my Richaud","image":{"@type":"ImageObject","inLanguage":"fr-FR","@id":"https:\/\/theplayoffs.news\/fr\/#\/schema\/person\/image\/","url":"https:\/\/secure.gravatar.com\/avatar\/80bc8135baf3a71cdd975994ee4fb05ca7e1fcf9591469241804457e0cd105a9?s=96&d=mm&r=g","contentUrl":"https:\/\/secure.gravatar.com\/avatar\/80bc8135baf3a71cdd975994ee4fb05ca7e1fcf9591469241804457e0cd105a9?s=96&d=mm&r=g","caption":"J\u00e9r\u00e9my Richaud"},"description":"Je suis dans la fonction publique territoriale. Pour TPO je traite uniquement la MLB (bien que secr\u00e8tement je r\u00eave d\u2019une section NASCAR). Une passion inexpliqu\u00e9e pour le baseball, j\u2019\u00e9tais surement am\u00e9ricain dans une autre vie ! Convaincu aussi que Boston est la ville o\u00f9 tout a commenc\u00e9, oui j\u2019adore les C\u2019s et les Bruins mais pas les Patriots et alors ? XD C\u2019est avec plaisir de vous faire partager, articles, podcast sur le plus beau des quatre sports US !","sameAs":["https:\/\/x.com\/x.com\/jeremy_redsox"],"url":"https:\/\/theplayoffs.news\/fr\/author\/jeremy83440yahoo-fr\/"}]}},"_links":{"self":[{"href":"https:\/\/theplayoffs.news\/fr\/wp-json\/wp\/v2\/posts\/1459337","targetHints":{"allow":["GET"]}}],"collection":[{"href":"https:\/\/theplayoffs.news\/fr\/wp-json\/wp\/v2\/posts"}],"about":[{"href":"https:\/\/theplayoffs.news\/fr\/wp-json\/wp\/v2\/types\/post"}],"author":[{"embeddable":true,"href":"https:\/\/theplayoffs.news\/fr\/wp-json\/wp\/v2\/users\/180310059"}],"replies":[{"embeddable":true,"href":"https:\/\/theplayoffs.news\/fr\/wp-json\/wp\/v2\/comments?post=1459337"}],"version-history":[{"count":4,"href":"https:\/\/theplayoffs.news\/fr\/wp-json\/wp\/v2\/posts\/1459337\/revisions"}],"predecessor-version":[{"id":1459344,"href":"https:\/\/theplayoffs.news\/fr\/wp-json\/wp\/v2\/posts\/1459337\/revisions\/1459344"}],"wp:featuredmedia":[{"embeddable":true,"href":"https:\/\/theplayoffs.news\/fr\/wp-json\/wp\/v2\/media\/1459342"}],"wp:attachment":[{"href":"https:\/\/theplayoffs.news\/fr\/wp-json\/wp\/v2\/media?parent=1459337"}],"wp:term":[{"taxonomy":"category","embeddable":true,"href":"https:\/\/theplayoffs.news\/fr\/wp-json\/wp\/v2\/categories?post=1459337"},{"taxonomy":"post_tag","embeddable":true,"href":"https:\/\/theplayoffs.news\/fr\/wp-json\/wp\/v2\/tags?post=1459337"},{"taxonomy":"sport","embeddable":true,"href":"https:\/\/theplayoffs.news\/fr\/wp-json\/wp\/v2\/sport?post=1459337"},{"taxonomy":"saison","embeddable":true,"href":"https:\/\/theplayoffs.news\/fr\/wp-json\/wp\/v2\/saison?post=1459337"}],"curies":[{"name":"wp","href":"https:\/\/api.w.org\/{rel}","templated":true}]}}