{"id":1459267,"date":"2024-09-24T14:40:22","date_gmt":"2024-09-24T12:40:22","guid":{"rendered":"https:\/\/theplayoffs.news\/fr\/?p=1459267"},"modified":"2024-09-24T14:40:22","modified_gmt":"2024-09-24T12:40:22","slug":"49ers-mccaffrey-allemagne-biceps-hargrave","status":"publish","type":"post","link":"https:\/\/theplayoffs.news\/fr\/actualite-nfl\/49ers-mccaffrey-allemagne-biceps-hargrave\/","title":{"rendered":"49ers : Christian McCaffrey a consult\u00e9 en Allemagne pour sa blessure, d\u00e9chirure du biceps pour Hargrave"},"content":{"rendered":"<h2><strong>NFL &ndash; Embarqu&eacute;s dans un d&eacute;but de saison gal&egrave;re min&eacute; par les blessures, les San Francisco 49ers ont annonc&eacute;s hier que leur star Christian McCaffrey ira consulter en Allemagne alors que Javon Hargrave s&rsquo;ajoute &agrave; la liste des bless&eacute;s. <\/strong><\/h2><p><strong>&nbsp;<\/strong><\/p><p>Les 49ers feront-ils mieux que les 22 bless&eacute;s lors de la difficile saison 2020&nbsp;? Impossible de le pr&eacute;dire, mais le chemin prit en ce d&eacute;but de saison laisse ressurgir les pires craintes (blessure de McCaffrey, Samuel, <a href=\"https:\/\/theplayoffs.news\/fr\/nfl\/49ers-george-kittle-indisponible-week-3\/\" class=\"trk-cta-link\" data-cta-trk='{\"ctaType\":\"Link\",\"ctaSubType\":\"main\"}'>Kittle<\/a>&hellip;) pour la franchise californienne, alors qu&rsquo;elle est l&rsquo;&eacute;quipe qui a subi le plus de blessures en NFL sur les 20 derni&egrave;res ann&eacute;es.<\/p><p>&nbsp;<\/p><h3><strong>McCaffrey est all&eacute; consulter un m&eacute;decin sp&eacute;cialiste des tendinites au tendon d&rsquo;Achille<\/strong><\/h3><p><strong>&nbsp;<\/strong><\/p><p>C&rsquo;est donc une information assez surprenante qui nous est parvenue hier, le running back star de San Francisco, joueur en couverture de Madden 25, Christian McCaffrey a effectu&eacute; un voyage express en Allemagne ce week-end pour y rencontrer un docteur sp&eacute;cialiste des tendinites au talon d&rsquo;Achille, o&ugrave; McCaffrey est touch&eacute;.<\/p><p>Une pratique de plus en plus en vue dans le sport am&eacute;ricain, que des l&eacute;gendes comme Kobe Bryant ou Tiger Woods ont effectu&eacute; dans le pass&eacute; comme le rappelait <a href=\"https:\/\/www.espn.com\/nfl\/story\/_\/id\/41406642\/49ers-dt-javon-hargrave-partially-torn-right-triceps\" class=\"trk-cta-link\" data-cta-trk='{\"ctaType\":\"Link\",\"ctaSubType\":\"main\"}'><em>ESPN. <\/em><\/a><\/p><p>&laquo;&nbsp;Je ne sais pas vraiment quel docteur c&rsquo;est. Je sais qu&rsquo;il [McCaffrey] va voir un sp&eacute;cialiste dont il pense qu&rsquo;il l&rsquo;aidera avec ses probl&egrave;mes au tendon d&rsquo;Achille. [&hellip;]&nbsp;J&rsquo;esp&egrave;re que &ccedil;a aidera.&nbsp;&raquo; livrait Kyle Shanahan avant cette escapade europ&eacute;enne de &laquo;&nbsp;CMC&nbsp;&raquo; la semaine derni&egrave;re.<\/p><p>Concernant un potentiel retour du meilleur running back de la ligue l&rsquo;an pass&eacute;, le flou continue de r&eacute;gner autour d&rsquo;une blessure sombre mais n&eacute;cessitant beaucoup de pr&eacute;vention.<\/p><p>Rappelons simplement que les 49ers l&rsquo;ont plac&eacute; il y a dix jours sur &laquo;&nbsp;l&rsquo;injury report&nbsp;&raquo; ce qui stipule que McCaffrey ne pourra &ecirc;tre de retour sur les terrains que le 10 Octobre face aux Seahawks, au mieux, et qu&rsquo;il devra donc manquer &agrave; minima encore deux matchs.<\/p><p>Shanahan de son c&ocirc;t&eacute; s&rsquo;est content&eacute; d&rsquo;un &laquo;&nbsp;personne ne sait&nbsp;&raquo; au sujet du retour de son joueur phare.<\/p><p>&nbsp;<\/p><h3><strong>Hargrave ne reviendrait que pour &laquo;&nbsp;la fin des Playoffs&nbsp;&raquo; au mieux<\/strong><\/h3><p><strong>&nbsp;<\/strong><\/p><p>Dans le rayon toujours des mauvaises nouvelles m&eacute;dicales, le dossier Javon Hargrave s&rsquo;y est ajout&eacute; apr&egrave;s la rencontre dominicale &agrave; Los Angeles. En effet, le tackle d&eacute;fensif de 31 ans double Pro Bowler s&rsquo;est partiellement d&eacute;chir&eacute; le biceps droit au SoFi Stadium dimanche dernier selon San Francisco.<\/p><p>Cela explique notamment pourquoi le joueur a &eacute;t&eacute; aper&ccedil;u tr&egrave;s peu combatif sur de nombreuses s&eacute;quences ce qui avait agac&eacute; certains supporters de la franchise rouge et dor&eacute;e.<\/p><blockquote class=\"twitter-tweet\" data-width=\"500\" data-dnt=\"true\">\n<p lang=\"en\" dir=\"ltr\">TRENDING: <a href=\"https:\/\/twitter.com\/hashtag\/49ers?src=hash&amp;ref_src=twsrc%5Etfw\" class=\"trk-cta-link\" data-cta-trk='{\"ctaType\":\"Link\",\"ctaSubType\":\"main\"}'>#49ers<\/a> DT Javon Hargrave showed ZERO EFFORT on multiple plays during San Francisco&rsquo;s loss today.<\/p>\n<p>Hargrave is getting paid $20 million a year. <a href=\"https:\/\/t.co\/b8cmI83PEb\" class=\"trk-cta-link\" data-cta-trk='{\"ctaType\":\"Link\",\"ctaSubType\":\"main\"}'>pic.twitter.com\/b8cmI83PEb<\/a><\/p>\n<p>&mdash; MLFootball (@_MLFootball) <a href=\"https:\/\/twitter.com\/_MLFootball\/status\/1838069359723360514?ref_src=twsrc%5Etfw\" class=\"trk-cta-link\" data-cta-trk='{\"ctaType\":\"Link\",\"ctaSubType\":\"main\"}'>September 23, 2024<\/a><\/p><\/blockquote><p><script async src=\"https:\/\/platform.twitter.com\/widgets.js\" charset=\"utf-8\"><\/script><\/p><p>&nbsp;<\/p><p>Une grave blessure, contrairement &agrave; la majorit&eacute; des autres subies chez les 49ers, qui devrait selon toute vraisemblance acter la fin de sa saison. Shanahan toujours s&rsquo;est exprim&eacute; sur cette blessure qu&rsquo;il a qualifi&eacute;e de &laquo;&nbsp;grande perte&nbsp;&raquo;, avant d&rsquo;abonder.<\/p><p>&laquo;&nbsp;Je pense qu&rsquo;il a fait son meilleur match hier [avant-hier]. Je pense qu&rsquo;il a jou&eacute; un grand r&ocirc;le, en affectant vraiment le quarterback [adverse] dans ce match. Il est l&rsquo;un de nos meilleurs joueurs. Il allait assur&eacute;ment dans la bonne direction et il allait faire une grosse saison.&nbsp;&raquo;<\/p><p>L&agrave;-encore, la question de la dur&eacute;e pr&eacute;cise de la blessure a &eacute;t&eacute; pos&eacute;e au chef des San Francisco 49ers qui a expliqu&eacute; que &laquo;&nbsp;lorsque vous subissez une op&eacute;ration, c&rsquo;est en g&eacute;n&eacute;ral quelques mois au moins [d&rsquo;absence]&nbsp;&raquo; et que &laquo;&nbsp;s&rsquo;il y avait une chance, ce serait tard dans les Playoffs.&nbsp;&raquo;<\/p><p>Les 49ers peuvent donc d&eacute;j&agrave; pr&eacute;voir qu&rsquo;il faudra recruter &agrave; ce poste, ou faire appel &agrave; l&rsquo;&eacute;quipe d&rsquo;entra&icirc;nement pour le reste de la saison, alors qu&rsquo;un match capital face aux Patriots les attend ce dimanche o&ugrave; la d&eacute;faite sera interdite.<\/p><p>&nbsp;<\/p><p>Pour finir sur une note positive du c&ocirc;t&eacute; de l&rsquo;Ouest de la Californie, la blessure de Purdy subie en fin de match face aux Rams n&rsquo;a rien de s&eacute;rieux, alors que George Kittle devrait &ecirc;tre de retour &agrave; l&rsquo;entra&icirc;nement et que le cornerback Charvarius Ward &laquo;&nbsp;est pr&ecirc;t&nbsp;&raquo; pour dimanche selon les mots de Kyle Shanahan.<\/p><p>&nbsp;<\/p><p>Il y a urgence de gagner pour les finalistes en titre.<\/p><div class=\"modal-image-setImageMetadata\">\n<p class=\"ng-binding\">&copy; Gary A. Vasquez-Imagn Images<\/p>\n<\/div>\n","protected":false},"excerpt":{"rendered":"","protected":false},"author":180310210,"featured_media":1459268,"comment_status":"open","ping_status":"closed","sticky":false,"template":"","format":"standard","meta":{"inline_featured_image":false,"kia_subtitle":"","_mux_skip_reasons":[],"proofreadBy":0,"footnotes":""},"categories":[118,40],"tags":[923,7736,939],"sport":[2785],"saison":[6111],"class_list":["post-1459267","post","type-post","status-publish","format-standard","has-post-thumbnail","hentry","category-actualite-nfl","category-nfl","tag-christian-mccaffrey","tag-javon-hargrave","tag-san-francisco-49ers","sport-nfl","saison-6111"],"acf":[],"yoast_head":"<!-- This site is optimized with the Yoast SEO plugin v24.2 - https:\/\/yoast.com\/wordpress\/plugins\/seo\/ -->\n<title>49ers : Christian McCaffrey a consult&eacute; en Allemagne pour sa blessure, d&eacute;chirure du biceps pour Hargrave - The Playoffs FR<\/title>\n<meta name=\"robots\" content=\"index, follow, max-snippet:-1, max-image-preview:large, max-video-preview:-1\" \/>\n<link rel=\"canonical\" href=\"https:\/\/theplayoffs.news\/fr\/actualite-nfl\/49ers-mccaffrey-allemagne-biceps-hargrave\/\" \/>\n<meta property=\"og:locale\" content=\"fr_FR\" \/>\n<meta property=\"og:type\" content=\"article\" \/>\n<meta property=\"og:title\" content=\"49ers : Christian McCaffrey a consult&eacute; en Allemagne pour sa blessure, d&eacute;chirure du biceps pour Hargrave - The Playoffs FR\" \/>\n<meta property=\"og:url\" content=\"https:\/\/theplayoffs.news\/fr\/actualite-nfl\/49ers-mccaffrey-allemagne-biceps-hargrave\/\" \/>\n<meta property=\"og:site_name\" content=\"The Playoffs FR\" \/>\n<meta property=\"article:publisher\" content=\"https:\/\/www.facebook.com\/TheFreeAgentFR\/\" \/>\n<meta property=\"article:modified_time\" content=\"2024-09-24T14:40:22+02:00\" \/>\n<meta property=\"og:image\" content=\"https:\/\/theplayoffs.news\/fr\/wp-content\/uploads\/2024\/09\/USATSI_21444322.jpg\" \/>\n\t<meta property=\"og:image:width\" content=\"1920\" \/>\n\t<meta property=\"og:image:height\" content=\"1280\" \/>\n\t<meta property=\"og:image:type\" content=\"image\/jpeg\" \/>\n<meta name=\"author\" content=\"Romain Balle\" \/>\n<meta name=\"twitter:card\" content=\"summary_large_image\" \/>\n<meta name=\"twitter:creator\" content=\"@TheFreeAgentFR\" \/>\n<meta name=\"twitter:site\" content=\"@TheFreeAgentFR\" \/>\n<meta name=\"twitter:label1\" content=\"\u00c9crit par\" \/>\n\t<meta name=\"twitter:data1\" content=\"Romain Balle\" \/>\n\t<meta name=\"twitter:label2\" content=\"Dur\u00e9e de lecture estim\u00e9e\" \/>\n\t<meta name=\"twitter:data2\" content=\"4 minutes\" \/>\n<script type=\"application\/ld+json\" class=\"yoast-schema-graph\">{\"@context\":\"https:\/\/schema.org\",\"@graph\":[{\"@type\":\"WebPage\",\"@id\":\"https:\/\/theplayoffs.news\/fr\/actualite-nfl\/49ers-mccaffrey-allemagne-biceps-hargrave\/\",\"url\":\"https:\/\/theplayoffs.news\/fr\/actualite-nfl\/49ers-mccaffrey-allemagne-biceps-hargrave\/\",\"name\":\"49ers : Christian McCaffrey a consult\u00e9 en Allemagne pour sa blessure, d\u00e9chirure du biceps pour Hargrave - The Playoffs FR\",\"isPartOf\":{\"@id\":\"https:\/\/theplayoffs.news\/fr\/#website\"},\"primaryImageOfPage\":{\"@id\":\"https:\/\/theplayoffs.news\/fr\/actualite-nfl\/49ers-mccaffrey-allemagne-biceps-hargrave\/#primaryimage\"},\"image\":{\"@id\":\"https:\/\/theplayoffs.news\/fr\/actualite-nfl\/49ers-mccaffrey-allemagne-biceps-hargrave\/#primaryimage\"},\"thumbnailUrl\":\"https:\/\/theplayoffs.news\/fr\/wp-content\/uploads\/2024\/09\/USATSI_21444322.jpg\",\"datePublished\":\"2024-09-24T12:40:22+00:00\",\"dateModified\":\"2024-09-24T12:40:22+00:00\",\"author\":{\"@id\":\"https:\/\/theplayoffs.news\/fr\/#\/schema\/person\/6d5286c8c5dec1bbd3e6341f17a41111\"},\"breadcrumb\":{\"@id\":\"https:\/\/theplayoffs.news\/fr\/actualite-nfl\/49ers-mccaffrey-allemagne-biceps-hargrave\/#breadcrumb\"},\"inLanguage\":\"fr-FR\",\"potentialAction\":[{\"@type\":\"ReadAction\",\"target\":[\"https:\/\/theplayoffs.news\/fr\/actualite-nfl\/49ers-mccaffrey-allemagne-biceps-hargrave\/\"]}]},{\"@type\":\"ImageObject\",\"inLanguage\":\"fr-FR\",\"@id\":\"https:\/\/theplayoffs.news\/fr\/actualite-nfl\/49ers-mccaffrey-allemagne-biceps-hargrave\/#primaryimage\",\"url\":\"https:\/\/theplayoffs.news\/fr\/wp-content\/uploads\/2024\/09\/USATSI_21444322.jpg\",\"contentUrl\":\"https:\/\/theplayoffs.news\/fr\/wp-content\/uploads\/2024\/09\/USATSI_21444322.jpg\",\"width\":1920,\"height\":1280,\"caption\":\"Sep 17, 2023; Inglewood, California, USA; San Francisco 49ers running back Christian McCaffrey (23) celebrates his touchdown scored against the Los Angeles Rams during the first half at SoFi Stadium. Mandatory Credit: Gary A. Vasquez-USA TODAY Sports\"},{\"@type\":\"BreadcrumbList\",\"@id\":\"https:\/\/theplayoffs.news\/fr\/actualite-nfl\/49ers-mccaffrey-allemagne-biceps-hargrave\/#breadcrumb\",\"itemListElement\":[{\"@type\":\"ListItem\",\"position\":1,\"name\":\"Accueil\",\"item\":\"https:\/\/theplayoffs.news\/fr\/\"},{\"@type\":\"ListItem\",\"position\":2,\"name\":\"49ers : Christian McCaffrey a consult\u00e9 en Allemagne pour sa blessure, d\u00e9chirure du biceps pour Hargrave\"}]},{\"@type\":\"WebSite\",\"@id\":\"https:\/\/theplayoffs.news\/fr\/#website\",\"url\":\"https:\/\/theplayoffs.news\/fr\/\",\"name\":\"The Playoffs FR\",\"description\":\"NBA-NFL-NHL-MLB\",\"potentialAction\":[{\"@type\":\"SearchAction\",\"target\":{\"@type\":\"EntryPoint\",\"urlTemplate\":\"https:\/\/theplayoffs.news\/fr\/?s={search_term_string}\"},\"query-input\":{\"@type\":\"PropertyValueSpecification\",\"valueRequired\":true,\"valueName\":\"search_term_string\"}}],\"inLanguage\":\"fr-FR\"},{\"@type\":\"Person\",\"@id\":\"https:\/\/theplayoffs.news\/fr\/#\/schema\/person\/6d5286c8c5dec1bbd3e6341f17a41111\",\"name\":\"Romain Balle\",\"image\":{\"@type\":\"ImageObject\",\"inLanguage\":\"fr-FR\",\"@id\":\"https:\/\/theplayoffs.news\/fr\/#\/schema\/person\/image\/\",\"url\":\"https:\/\/secure.gravatar.com\/avatar\/05ddb849264c48c5ab2084b8927e8da5ec4ccb05c2bd91acb1c3d4c2785ce057?s=96&d=mm&r=g\",\"contentUrl\":\"https:\/\/secure.gravatar.com\/avatar\/05ddb849264c48c5ab2084b8927e8da5ec4ccb05c2bd91acb1c3d4c2785ce057?s=96&d=mm&r=g\",\"caption\":\"Romain Balle\"},\"url\":\"https:\/\/theplayoffs.news\/fr\/author\/romainballe02gmail-com\/\"}]}<\/script>\n<!-- \/ Yoast SEO plugin. -->","yoast_head_json":{"title":"49ers : Christian McCaffrey a consult&eacute; en Allemagne pour sa blessure, d&eacute;chirure du biceps pour Hargrave - The Playoffs FR","robots":{"index":"index","follow":"follow","max-snippet":"max-snippet:-1","max-image-preview":"max-image-preview:large","max-video-preview":"max-video-preview:-1"},"canonical":"https:\/\/theplayoffs.news\/fr\/actualite-nfl\/49ers-mccaffrey-allemagne-biceps-hargrave\/","og_locale":"fr_FR","og_type":"article","og_title":"49ers : Christian McCaffrey a consult&eacute; en Allemagne pour sa blessure, d&eacute;chirure du biceps pour Hargrave - The Playoffs FR","og_url":"https:\/\/theplayoffs.news\/fr\/actualite-nfl\/49ers-mccaffrey-allemagne-biceps-hargrave\/","og_site_name":"The Playoffs FR","article_publisher":"https:\/\/www.facebook.com\/TheFreeAgentFR\/","og_image":[{"width":1920,"height":1280,"url":"https:\/\/theplayoffs.news\/fr\/wp-content\/uploads\/2024\/09\/USATSI_21444322.jpg","type":"image\/jpeg"}],"author":"Romain Balle","twitter_card":"summary_large_image","twitter_creator":"@TheFreeAgentFR","twitter_site":"@TheFreeAgentFR","twitter_misc":{"\u00c9crit par":"Romain Balle","Dur\u00e9e de lecture estim\u00e9e":"4 minutes"},"schema":{"@context":"https:\/\/schema.org","@graph":[{"@type":"WebPage","@id":"https:\/\/theplayoffs.news\/fr\/actualite-nfl\/49ers-mccaffrey-allemagne-biceps-hargrave\/","url":"https:\/\/theplayoffs.news\/fr\/actualite-nfl\/49ers-mccaffrey-allemagne-biceps-hargrave\/","name":"49ers : Christian McCaffrey a consult\u00e9 en Allemagne pour sa blessure, d\u00e9chirure du biceps pour Hargrave - The Playoffs FR","isPartOf":{"@id":"https:\/\/theplayoffs.news\/fr\/#website"},"primaryImageOfPage":{"@id":"https:\/\/theplayoffs.news\/fr\/actualite-nfl\/49ers-mccaffrey-allemagne-biceps-hargrave\/#primaryimage"},"image":{"@id":"https:\/\/theplayoffs.news\/fr\/actualite-nfl\/49ers-mccaffrey-allemagne-biceps-hargrave\/#primaryimage"},"thumbnailUrl":"https:\/\/theplayoffs.news\/fr\/wp-content\/uploads\/2024\/09\/USATSI_21444322.jpg","datePublished":"2024-09-24T12:40:22+00:00","dateModified":"2024-09-24T12:40:22+00:00","author":{"@id":"https:\/\/theplayoffs.news\/fr\/#\/schema\/person\/6d5286c8c5dec1bbd3e6341f17a41111"},"breadcrumb":{"@id":"https:\/\/theplayoffs.news\/fr\/actualite-nfl\/49ers-mccaffrey-allemagne-biceps-hargrave\/#breadcrumb"},"inLanguage":"fr-FR","potentialAction":[{"@type":"ReadAction","target":["https:\/\/theplayoffs.news\/fr\/actualite-nfl\/49ers-mccaffrey-allemagne-biceps-hargrave\/"]}]},{"@type":"ImageObject","inLanguage":"fr-FR","@id":"https:\/\/theplayoffs.news\/fr\/actualite-nfl\/49ers-mccaffrey-allemagne-biceps-hargrave\/#primaryimage","url":"https:\/\/theplayoffs.news\/fr\/wp-content\/uploads\/2024\/09\/USATSI_21444322.jpg","contentUrl":"https:\/\/theplayoffs.news\/fr\/wp-content\/uploads\/2024\/09\/USATSI_21444322.jpg","width":1920,"height":1280,"caption":"Sep 17, 2023; Inglewood, California, USA; San Francisco 49ers running back Christian McCaffrey (23) celebrates his touchdown scored against the Los Angeles Rams during the first half at SoFi Stadium. Mandatory Credit: Gary A. Vasquez-USA TODAY Sports"},{"@type":"BreadcrumbList","@id":"https:\/\/theplayoffs.news\/fr\/actualite-nfl\/49ers-mccaffrey-allemagne-biceps-hargrave\/#breadcrumb","itemListElement":[{"@type":"ListItem","position":1,"name":"Accueil","item":"https:\/\/theplayoffs.news\/fr\/"},{"@type":"ListItem","position":2,"name":"49ers : Christian McCaffrey a consult\u00e9 en Allemagne pour sa blessure, d\u00e9chirure du biceps pour Hargrave"}]},{"@type":"WebSite","@id":"https:\/\/theplayoffs.news\/fr\/#website","url":"https:\/\/theplayoffs.news\/fr\/","name":"The Playoffs FR","description":"NBA-NFL-NHL-MLB","potentialAction":[{"@type":"SearchAction","target":{"@type":"EntryPoint","urlTemplate":"https:\/\/theplayoffs.news\/fr\/?s={search_term_string}"},"query-input":{"@type":"PropertyValueSpecification","valueRequired":true,"valueName":"search_term_string"}}],"inLanguage":"fr-FR"},{"@type":"Person","@id":"https:\/\/theplayoffs.news\/fr\/#\/schema\/person\/6d5286c8c5dec1bbd3e6341f17a41111","name":"Romain Balle","image":{"@type":"ImageObject","inLanguage":"fr-FR","@id":"https:\/\/theplayoffs.news\/fr\/#\/schema\/person\/image\/","url":"https:\/\/secure.gravatar.com\/avatar\/05ddb849264c48c5ab2084b8927e8da5ec4ccb05c2bd91acb1c3d4c2785ce057?s=96&d=mm&r=g","contentUrl":"https:\/\/secure.gravatar.com\/avatar\/05ddb849264c48c5ab2084b8927e8da5ec4ccb05c2bd91acb1c3d4c2785ce057?s=96&d=mm&r=g","caption":"Romain Balle"},"url":"https:\/\/theplayoffs.news\/fr\/author\/romainballe02gmail-com\/"}]}},"_links":{"self":[{"href":"https:\/\/theplayoffs.news\/fr\/wp-json\/wp\/v2\/posts\/1459267","targetHints":{"allow":["GET"]}}],"collection":[{"href":"https:\/\/theplayoffs.news\/fr\/wp-json\/wp\/v2\/posts"}],"about":[{"href":"https:\/\/theplayoffs.news\/fr\/wp-json\/wp\/v2\/types\/post"}],"author":[{"embeddable":true,"href":"https:\/\/theplayoffs.news\/fr\/wp-json\/wp\/v2\/users\/180310210"}],"replies":[{"embeddable":true,"href":"https:\/\/theplayoffs.news\/fr\/wp-json\/wp\/v2\/comments?post=1459267"}],"version-history":[{"count":2,"href":"https:\/\/theplayoffs.news\/fr\/wp-json\/wp\/v2\/posts\/1459267\/revisions"}],"predecessor-version":[{"id":1459271,"href":"https:\/\/theplayoffs.news\/fr\/wp-json\/wp\/v2\/posts\/1459267\/revisions\/1459271"}],"wp:featuredmedia":[{"embeddable":true,"href":"https:\/\/theplayoffs.news\/fr\/wp-json\/wp\/v2\/media\/1459268"}],"wp:attachment":[{"href":"https:\/\/theplayoffs.news\/fr\/wp-json\/wp\/v2\/media?parent=1459267"}],"wp:term":[{"taxonomy":"category","embeddable":true,"href":"https:\/\/theplayoffs.news\/fr\/wp-json\/wp\/v2\/categories?post=1459267"},{"taxonomy":"post_tag","embeddable":true,"href":"https:\/\/theplayoffs.news\/fr\/wp-json\/wp\/v2\/tags?post=1459267"},{"taxonomy":"sport","embeddable":true,"href":"https:\/\/theplayoffs.news\/fr\/wp-json\/wp\/v2\/sport?post=1459267"},{"taxonomy":"saison","embeddable":true,"href":"https:\/\/theplayoffs.news\/fr\/wp-json\/wp\/v2\/saison?post=1459267"}],"curies":[{"name":"wp","href":"https:\/\/api.w.org\/{rel}","templated":true}]}}