{"id":1459131,"date":"2024-09-23T16:25:52","date_gmt":"2024-09-23T14:25:52","guid":{"rendered":"https:\/\/theplayoffs.news\/fr\/?p=1459131"},"modified":"2024-09-23T16:25:52","modified_gmt":"2024-09-23T14:25:52","slug":"antonio-pierce-remonte-apres-la-defaite-face-aux-panthers","status":"publish","type":"post","link":"https:\/\/theplayoffs.news\/fr\/actualite-nfl\/antonio-pierce-remonte-apres-la-defaite-face-aux-panthers\/","title":{"rendered":"Antonio Pierce remont\u00e9 apr\u00e8s la d\u00e9faite face aux Panthers"},"content":{"rendered":"<h2>Antonio Pierce et les Raiders de Las Vegas ont perdu face aux Panthers de Caroline. Un r&eacute;sultat inattendu au vu du faible niveau de jeu des Panthers depuis le d&eacute;but de saison. Le head coach des Raiders pointe du doigt ses joueurs, et explique que des d&eacute;cisions seront prises.<\/h2><p>Antonio Pierce &eacute;tait tr&egrave;s remont&eacute; apr&egrave;s la d&eacute;faite de dimanche. Face aux Panthers, les Raiders &eacute;taient m&eacute;connaissables. Men&eacute; 21 &agrave; 7 &agrave; la mi-temps, puis 33 &agrave; 7 au d&eacute;but du quatri&egrave;me quart-temps, ils ont finalement r&eacute;ussi &agrave; r&eacute;duire le score en fin de match, mais sans jamais inqui&eacute;ter les Panthers. Une performance compliqu&eacute;e &agrave; dig&eacute;rer pour le head coach de Las Vegas.<\/p><p>Apr&egrave;s une d&eacute;faite 47 &agrave; 10 lors du premier match, puis 26 &agrave; 3 lors du deuxi&egrave;me match, les Panthers &eacute;taient loin d&rsquo;&ecirc;tre favoris ce dimanche. Ils ont d&rsquo;ailleurs d&eacute;cid&eacute; de bencher leur quarterback <a href=\"https:\/\/theplayoffs.news\/fr\/joueur\/bryce-young-nfl-9371440\/\" class=\"trk-cta-link\" data-cta-trk='{\"ctaType\":\"Link\",\"ctaSubType\":\"main\"}'>Bryce Young<\/a>, au profit d&rsquo;un joueur plus exp&eacute;riment&eacute; en la personne d&rsquo;<a href=\"https:\/\/theplayoffs.news\/fr\/joueur\/andy-dalton-nfl-28024\/\" class=\"trk-cta-link\" data-cta-trk='{\"ctaType\":\"Link\",\"ctaSubType\":\"main\"}'>Andy Dalton<\/a>. De leurs c&ocirc;t&eacute;s, les hommes d&rsquo;Antonio Pierce restaient sur une victoire face aux Ravens de Baltimore. Ils &eacute;taient donc en totale confiance avant ce match.<\/p><blockquote><p>Apr&egrave;s le match, Antonio Pierce s&rsquo;est montr&eacute; tr&egrave;s &eacute;nerv&eacute; en conf&eacute;rence de presse.<a href=\"https:\/\/www.cbssports.com\/nfl\/news\/antonio-pierce-says-some-raiders-players-made-business-decisions-in-week-3-loss-to-panthers\/\" class=\"trk-cta-link\" data-cta-trk='{\"ctaType\":\"Link\",\"ctaSubType\":\"main\"}'> Il a d&eacute;clar&eacute;<\/a> : &nbsp;&raquo; Je pense qu&rsquo;il y avait certainement des personnes qui ont pris des d&eacute;cisions commerciales, et nous prendrons &eacute;galement des d&eacute;cisions commerciales &agrave; l&rsquo;avenir.&nbsp;&raquo; Par la suite, lorsque les journalistes lui ont demand&eacute; ce qu&rsquo;il pouvait retenir de positif de ce match, il a r&eacute;pondu : &laquo;&nbsp;rien&nbsp;&raquo;.<\/p><\/blockquote><p>Les Raiders vont devoir se remettre rapidement au travail, afin de pr&eacute;parer au mieux la rencontre face aux Browns de Cleveland dimanche. Avec une seule victoire en trois matchs, Las Vegas doit l&rsquo;emporter dimanche afin de ne pas douter et de lancer sa saison.<\/p><p>&nbsp;<\/p><p>Cr&eacute;dit photo : Reggie Hildred-Imagn Images<\/p>\n","protected":false},"excerpt":{"rendered":"","protected":false},"author":180310258,"featured_media":1459137,"comment_status":"open","ping_status":"closed","sticky":false,"template":"","format":"standard","meta":{"inline_featured_image":false,"kia_subtitle":"","_mux_skip_reasons":[],"proofreadBy":0,"footnotes":""},"categories":[118,40],"tags":[6840,796],"sport":[2785],"saison":[],"class_list":["post-1459131","post","type-post","status-publish","format-standard","has-post-thumbnail","hentry","category-actualite-nfl","category-nfl","tag-antonio-pierce","tag-las-vegas-raiders","sport-nfl"],"acf":[],"yoast_head":"<!-- This site is optimized with the Yoast SEO plugin v24.2 - https:\/\/yoast.com\/wordpress\/plugins\/seo\/ -->\n<title>Antonio Pierce remont&eacute; apr&egrave;s la d&eacute;faite face aux Panthers - The Playoffs FR<\/title>\n<meta name=\"robots\" content=\"index, follow, max-snippet:-1, max-image-preview:large, max-video-preview:-1\" \/>\n<link rel=\"canonical\" href=\"https:\/\/theplayoffs.news\/fr\/actualite-nfl\/antonio-pierce-remonte-apres-la-defaite-face-aux-panthers\/\" \/>\n<meta property=\"og:locale\" content=\"fr_FR\" \/>\n<meta property=\"og:type\" content=\"article\" \/>\n<meta property=\"og:title\" content=\"Antonio Pierce remont&eacute; apr&egrave;s la d&eacute;faite face aux Panthers - The Playoffs FR\" \/>\n<meta property=\"og:url\" content=\"https:\/\/theplayoffs.news\/fr\/actualite-nfl\/antonio-pierce-remonte-apres-la-defaite-face-aux-panthers\/\" \/>\n<meta property=\"og:site_name\" content=\"The Playoffs FR\" \/>\n<meta property=\"article:publisher\" content=\"https:\/\/www.facebook.com\/TheFreeAgentFR\/\" \/>\n<meta property=\"article:modified_time\" content=\"2024-09-23T16:25:52+02:00\" \/>\n<meta property=\"og:image\" content=\"https:\/\/theplayoffs.news\/fr\/wp-content\/uploads\/2024\/09\/USATSI_24244139-1.jpg\" \/>\n\t<meta property=\"og:image:width\" content=\"1920\" \/>\n\t<meta property=\"og:image:height\" content=\"1280\" \/>\n\t<meta property=\"og:image:type\" content=\"image\/jpeg\" \/>\n<meta name=\"author\" content=\"Raphael Pascal\" \/>\n<meta name=\"twitter:card\" content=\"summary_large_image\" \/>\n<meta name=\"twitter:creator\" content=\"@raph_psc\" \/>\n<meta name=\"twitter:site\" content=\"@TheFreeAgentFR\" \/>\n<meta name=\"twitter:label1\" content=\"\u00c9crit par\" \/>\n\t<meta name=\"twitter:data1\" content=\"Raphael Pascal\" \/>\n\t<meta name=\"twitter:label2\" content=\"Dur\u00e9e de lecture estim\u00e9e\" \/>\n\t<meta name=\"twitter:data2\" content=\"2 minutes\" \/>\n<script type=\"application\/ld+json\" class=\"yoast-schema-graph\">{\"@context\":\"https:\/\/schema.org\",\"@graph\":[{\"@type\":\"WebPage\",\"@id\":\"https:\/\/theplayoffs.news\/fr\/actualite-nfl\/antonio-pierce-remonte-apres-la-defaite-face-aux-panthers\/\",\"url\":\"https:\/\/theplayoffs.news\/fr\/actualite-nfl\/antonio-pierce-remonte-apres-la-defaite-face-aux-panthers\/\",\"name\":\"Antonio Pierce remont\u00e9 apr\u00e8s la d\u00e9faite face aux Panthers - The Playoffs FR\",\"isPartOf\":{\"@id\":\"https:\/\/theplayoffs.news\/fr\/#website\"},\"primaryImageOfPage\":{\"@id\":\"https:\/\/theplayoffs.news\/fr\/actualite-nfl\/antonio-pierce-remonte-apres-la-defaite-face-aux-panthers\/#primaryimage\"},\"image\":{\"@id\":\"https:\/\/theplayoffs.news\/fr\/actualite-nfl\/antonio-pierce-remonte-apres-la-defaite-face-aux-panthers\/#primaryimage\"},\"thumbnailUrl\":\"https:\/\/theplayoffs.news\/fr\/wp-content\/uploads\/2024\/09\/USATSI_24244139-1.jpg\",\"datePublished\":\"2024-09-23T14:25:52+00:00\",\"dateModified\":\"2024-09-23T14:25:52+00:00\",\"author\":{\"@id\":\"https:\/\/theplayoffs.news\/fr\/#\/schema\/person\/485c897926bddfb30c4c48ac6ef84900\"},\"breadcrumb\":{\"@id\":\"https:\/\/theplayoffs.news\/fr\/actualite-nfl\/antonio-pierce-remonte-apres-la-defaite-face-aux-panthers\/#breadcrumb\"},\"inLanguage\":\"fr-FR\",\"potentialAction\":[{\"@type\":\"ReadAction\",\"target\":[\"https:\/\/theplayoffs.news\/fr\/actualite-nfl\/antonio-pierce-remonte-apres-la-defaite-face-aux-panthers\/\"]}]},{\"@type\":\"ImageObject\",\"inLanguage\":\"fr-FR\",\"@id\":\"https:\/\/theplayoffs.news\/fr\/actualite-nfl\/antonio-pierce-remonte-apres-la-defaite-face-aux-panthers\/#primaryimage\",\"url\":\"https:\/\/theplayoffs.news\/fr\/wp-content\/uploads\/2024\/09\/USATSI_24244139-1.jpg\",\"contentUrl\":\"https:\/\/theplayoffs.news\/fr\/wp-content\/uploads\/2024\/09\/USATSI_24244139-1.jpg\",\"width\":1920,\"height\":1280,\"caption\":\"Sep 15, 2024; Baltimore, Maryland, USA; Las Vegas Raiders head coach Antonio Pierce calls a time out during the second half against the Baltimore Ravens at M&amp;T Bank Stadium. Mandatory Credit: Reggie Hildred-Imagn Images\"},{\"@type\":\"BreadcrumbList\",\"@id\":\"https:\/\/theplayoffs.news\/fr\/actualite-nfl\/antonio-pierce-remonte-apres-la-defaite-face-aux-panthers\/#breadcrumb\",\"itemListElement\":[{\"@type\":\"ListItem\",\"position\":1,\"name\":\"Accueil\",\"item\":\"https:\/\/theplayoffs.news\/fr\/\"},{\"@type\":\"ListItem\",\"position\":2,\"name\":\"Antonio Pierce remont\u00e9 apr\u00e8s la d\u00e9faite face aux Panthers\"}]},{\"@type\":\"WebSite\",\"@id\":\"https:\/\/theplayoffs.news\/fr\/#website\",\"url\":\"https:\/\/theplayoffs.news\/fr\/\",\"name\":\"The Playoffs FR\",\"description\":\"NBA-NFL-NHL-MLB\",\"potentialAction\":[{\"@type\":\"SearchAction\",\"target\":{\"@type\":\"EntryPoint\",\"urlTemplate\":\"https:\/\/theplayoffs.news\/fr\/?s={search_term_string}\"},\"query-input\":{\"@type\":\"PropertyValueSpecification\",\"valueRequired\":true,\"valueName\":\"search_term_string\"}}],\"inLanguage\":\"fr-FR\"},{\"@type\":\"Person\",\"@id\":\"https:\/\/theplayoffs.news\/fr\/#\/schema\/person\/485c897926bddfb30c4c48ac6ef84900\",\"name\":\"Raphael Pascal\",\"image\":{\"@type\":\"ImageObject\",\"inLanguage\":\"fr-FR\",\"@id\":\"https:\/\/theplayoffs.news\/fr\/#\/schema\/person\/image\/\",\"url\":\"https:\/\/secure.gravatar.com\/avatar\/121ff11187bbf8567a6a8b88a345550217899606196c19205b2337f770b1af55?s=96&d=mm&r=g\",\"contentUrl\":\"https:\/\/secure.gravatar.com\/avatar\/121ff11187bbf8567a6a8b88a345550217899606196c19205b2337f770b1af55?s=96&d=mm&r=g\",\"caption\":\"Raphael Pascal\"},\"description\":\"Podcasteur, commentateur et r\u00e9dacteur NBA et NFL. Depuis toujours fan de sport, j\\\\'ai d\u00e9couvert la NBA et la NFL a 18 ans et \u00e7a a \u00e9t\u00e9 un coup de c\u0153ur. Les Bucks et les Spurs m\\\\'ont fait d\u00e9couvrir la NBA et m\\\\'ont donn\u00e9 cet amour pour ce sport. Et pour la NFL, c\\\\'est le Superbowl perdu par les Chiefs face \u00e0 Tempa Bay qui m\\\\'a fait d\u00e9couvrir ce sport. Depuis, je suis fan de KC. Ce que j\\\\'aime le plus c\\\\'est les \u00e9missions \/ podcadts, car c\\\\'est un moment convivial o\u00f9 l\\\\'on peut donner des informations, mais cela permet aussi de pouvoir \u00e9changer et d\u00e9battre et c\\\\'est toujours passionnant. Rejoignez nous les jeudis \u00e0 19h chaque semaine pour une \u00e9mission NBA en direct sur Twitch, on sera ravi de pouvoir partager ces moments avec vous, et pouvoir r\u00e9pondre \u00e0 vos questions.\",\"sameAs\":[\"https:\/\/www.instagram.com\/raph_psc\/\",\"https:\/\/x.com\/raph_psc\"],\"url\":\"https:\/\/theplayoffs.news\/fr\/author\/rpascal-newsgmail-com\/\"}]}<\/script>\n<!-- \/ Yoast SEO plugin. -->","yoast_head_json":{"title":"Antonio Pierce remont&eacute; apr&egrave;s la d&eacute;faite face aux Panthers - The Playoffs FR","robots":{"index":"index","follow":"follow","max-snippet":"max-snippet:-1","max-image-preview":"max-image-preview:large","max-video-preview":"max-video-preview:-1"},"canonical":"https:\/\/theplayoffs.news\/fr\/actualite-nfl\/antonio-pierce-remonte-apres-la-defaite-face-aux-panthers\/","og_locale":"fr_FR","og_type":"article","og_title":"Antonio Pierce remont&eacute; apr&egrave;s la d&eacute;faite face aux Panthers - The Playoffs FR","og_url":"https:\/\/theplayoffs.news\/fr\/actualite-nfl\/antonio-pierce-remonte-apres-la-defaite-face-aux-panthers\/","og_site_name":"The Playoffs FR","article_publisher":"https:\/\/www.facebook.com\/TheFreeAgentFR\/","og_image":[{"width":1920,"height":1280,"url":"https:\/\/theplayoffs.news\/fr\/wp-content\/uploads\/2024\/09\/USATSI_24244139-1.jpg","type":"image\/jpeg"}],"author":"Raphael Pascal","twitter_card":"summary_large_image","twitter_creator":"@raph_psc","twitter_site":"@TheFreeAgentFR","twitter_misc":{"\u00c9crit par":"Raphael Pascal","Dur\u00e9e de lecture estim\u00e9e":"2 minutes"},"schema":{"@context":"https:\/\/schema.org","@graph":[{"@type":"WebPage","@id":"https:\/\/theplayoffs.news\/fr\/actualite-nfl\/antonio-pierce-remonte-apres-la-defaite-face-aux-panthers\/","url":"https:\/\/theplayoffs.news\/fr\/actualite-nfl\/antonio-pierce-remonte-apres-la-defaite-face-aux-panthers\/","name":"Antonio Pierce remont\u00e9 apr\u00e8s la d\u00e9faite face aux Panthers - The Playoffs FR","isPartOf":{"@id":"https:\/\/theplayoffs.news\/fr\/#website"},"primaryImageOfPage":{"@id":"https:\/\/theplayoffs.news\/fr\/actualite-nfl\/antonio-pierce-remonte-apres-la-defaite-face-aux-panthers\/#primaryimage"},"image":{"@id":"https:\/\/theplayoffs.news\/fr\/actualite-nfl\/antonio-pierce-remonte-apres-la-defaite-face-aux-panthers\/#primaryimage"},"thumbnailUrl":"https:\/\/theplayoffs.news\/fr\/wp-content\/uploads\/2024\/09\/USATSI_24244139-1.jpg","datePublished":"2024-09-23T14:25:52+00:00","dateModified":"2024-09-23T14:25:52+00:00","author":{"@id":"https:\/\/theplayoffs.news\/fr\/#\/schema\/person\/485c897926bddfb30c4c48ac6ef84900"},"breadcrumb":{"@id":"https:\/\/theplayoffs.news\/fr\/actualite-nfl\/antonio-pierce-remonte-apres-la-defaite-face-aux-panthers\/#breadcrumb"},"inLanguage":"fr-FR","potentialAction":[{"@type":"ReadAction","target":["https:\/\/theplayoffs.news\/fr\/actualite-nfl\/antonio-pierce-remonte-apres-la-defaite-face-aux-panthers\/"]}]},{"@type":"ImageObject","inLanguage":"fr-FR","@id":"https:\/\/theplayoffs.news\/fr\/actualite-nfl\/antonio-pierce-remonte-apres-la-defaite-face-aux-panthers\/#primaryimage","url":"https:\/\/theplayoffs.news\/fr\/wp-content\/uploads\/2024\/09\/USATSI_24244139-1.jpg","contentUrl":"https:\/\/theplayoffs.news\/fr\/wp-content\/uploads\/2024\/09\/USATSI_24244139-1.jpg","width":1920,"height":1280,"caption":"Sep 15, 2024; Baltimore, Maryland, USA; Las Vegas Raiders head coach Antonio Pierce calls a time out during the second half against the Baltimore Ravens at M&amp;T Bank Stadium. Mandatory Credit: Reggie Hildred-Imagn Images"},{"@type":"BreadcrumbList","@id":"https:\/\/theplayoffs.news\/fr\/actualite-nfl\/antonio-pierce-remonte-apres-la-defaite-face-aux-panthers\/#breadcrumb","itemListElement":[{"@type":"ListItem","position":1,"name":"Accueil","item":"https:\/\/theplayoffs.news\/fr\/"},{"@type":"ListItem","position":2,"name":"Antonio Pierce remont\u00e9 apr\u00e8s la d\u00e9faite face aux Panthers"}]},{"@type":"WebSite","@id":"https:\/\/theplayoffs.news\/fr\/#website","url":"https:\/\/theplayoffs.news\/fr\/","name":"The Playoffs FR","description":"NBA-NFL-NHL-MLB","potentialAction":[{"@type":"SearchAction","target":{"@type":"EntryPoint","urlTemplate":"https:\/\/theplayoffs.news\/fr\/?s={search_term_string}"},"query-input":{"@type":"PropertyValueSpecification","valueRequired":true,"valueName":"search_term_string"}}],"inLanguage":"fr-FR"},{"@type":"Person","@id":"https:\/\/theplayoffs.news\/fr\/#\/schema\/person\/485c897926bddfb30c4c48ac6ef84900","name":"Raphael Pascal","image":{"@type":"ImageObject","inLanguage":"fr-FR","@id":"https:\/\/theplayoffs.news\/fr\/#\/schema\/person\/image\/","url":"https:\/\/secure.gravatar.com\/avatar\/121ff11187bbf8567a6a8b88a345550217899606196c19205b2337f770b1af55?s=96&d=mm&r=g","contentUrl":"https:\/\/secure.gravatar.com\/avatar\/121ff11187bbf8567a6a8b88a345550217899606196c19205b2337f770b1af55?s=96&d=mm&r=g","caption":"Raphael Pascal"},"description":"Podcasteur, commentateur et r\u00e9dacteur NBA et NFL. Depuis toujours fan de sport, j\\'ai d\u00e9couvert la NBA et la NFL a 18 ans et \u00e7a a \u00e9t\u00e9 un coup de c\u0153ur. Les Bucks et les Spurs m\\'ont fait d\u00e9couvrir la NBA et m\\'ont donn\u00e9 cet amour pour ce sport. Et pour la NFL, c\\'est le Superbowl perdu par les Chiefs face \u00e0 Tempa Bay qui m\\'a fait d\u00e9couvrir ce sport. Depuis, je suis fan de KC. Ce que j\\'aime le plus c\\'est les \u00e9missions \/ podcadts, car c\\'est un moment convivial o\u00f9 l\\'on peut donner des informations, mais cela permet aussi de pouvoir \u00e9changer et d\u00e9battre et c\\'est toujours passionnant. Rejoignez nous les jeudis \u00e0 19h chaque semaine pour une \u00e9mission NBA en direct sur Twitch, on sera ravi de pouvoir partager ces moments avec vous, et pouvoir r\u00e9pondre \u00e0 vos questions.","sameAs":["https:\/\/www.instagram.com\/raph_psc\/","https:\/\/x.com\/raph_psc"],"url":"https:\/\/theplayoffs.news\/fr\/author\/rpascal-newsgmail-com\/"}]}},"_links":{"self":[{"href":"https:\/\/theplayoffs.news\/fr\/wp-json\/wp\/v2\/posts\/1459131","targetHints":{"allow":["GET"]}}],"collection":[{"href":"https:\/\/theplayoffs.news\/fr\/wp-json\/wp\/v2\/posts"}],"about":[{"href":"https:\/\/theplayoffs.news\/fr\/wp-json\/wp\/v2\/types\/post"}],"author":[{"embeddable":true,"href":"https:\/\/theplayoffs.news\/fr\/wp-json\/wp\/v2\/users\/180310258"}],"replies":[{"embeddable":true,"href":"https:\/\/theplayoffs.news\/fr\/wp-json\/wp\/v2\/comments?post=1459131"}],"version-history":[{"count":3,"href":"https:\/\/theplayoffs.news\/fr\/wp-json\/wp\/v2\/posts\/1459131\/revisions"}],"predecessor-version":[{"id":1459140,"href":"https:\/\/theplayoffs.news\/fr\/wp-json\/wp\/v2\/posts\/1459131\/revisions\/1459140"}],"wp:featuredmedia":[{"embeddable":true,"href":"https:\/\/theplayoffs.news\/fr\/wp-json\/wp\/v2\/media\/1459137"}],"wp:attachment":[{"href":"https:\/\/theplayoffs.news\/fr\/wp-json\/wp\/v2\/media?parent=1459131"}],"wp:term":[{"taxonomy":"category","embeddable":true,"href":"https:\/\/theplayoffs.news\/fr\/wp-json\/wp\/v2\/categories?post=1459131"},{"taxonomy":"post_tag","embeddable":true,"href":"https:\/\/theplayoffs.news\/fr\/wp-json\/wp\/v2\/tags?post=1459131"},{"taxonomy":"sport","embeddable":true,"href":"https:\/\/theplayoffs.news\/fr\/wp-json\/wp\/v2\/sport?post=1459131"},{"taxonomy":"saison","embeddable":true,"href":"https:\/\/theplayoffs.news\/fr\/wp-json\/wp\/v2\/saison?post=1459131"}],"curies":[{"name":"wp","href":"https:\/\/api.w.org\/{rel}","templated":true}]}}