{"id":1458644,"date":"2024-09-20T18:45:53","date_gmt":"2024-09-20T16:45:53","guid":{"rendered":"https:\/\/theplayoffs.news\/fr\/?p=1458644"},"modified":"2024-09-20T18:45:53","modified_gmt":"2024-09-20T16:45:53","slug":"equipe-de-france-selection-ligue-nations","status":"publish","type":"post","link":"https:\/\/theplayoffs.news\/fr\/d1\/equipe-de-france-selection-ligue-nations\/","title":{"rendered":"Equipe de France Foot US: La s\u00e9lection annonc\u00e9e pour les deux matchs d&rsquo;octobre!"},"content":{"rendered":"<h2>Equipe de France &ndash; La s&eacute;lection de l&rsquo;&eacute;quipe de France de football am&eacute;ricain fut annonc&eacute;e ce vendredi avec 45 joueurs retenus.<\/h2><p>C&rsquo;est bient&ocirc;t l&rsquo;heure de la rentr&eacute;e pour l&rsquo;Equipe de France de football am&eacute;ricain! Deux semaines apr&egrave;s l&rsquo;&eacute;limination des <a href=\"https:\/\/theplayoffs.news\/fr\/elf\/elf-les-paris-musketeers-elimines-a-vienne-47-31\/\" class=\"trk-cta-link\" data-cta-trk='{\"ctaType\":\"Link\",\"ctaSubType\":\"main\"}'>Paris Musketeers en demi-finale de l&rsquo;ELF<\/a> et deux mois apr&egrave;s le nouveau sacre des Black Panthers de Thonon-les-Bains lors de la finale du championnat de France de D1 Elite, le football am&eacute;ricain reprend ses droits sur le sol fran&ccedil;ais en ce mois d&rsquo;octobre.<\/p><p>Dans le cadre de la Ligue des Nations 2025, sorte de championnat d&rsquo;Europe qui se d&eacute;roule sur deux ann&eacute;es civiles, l&rsquo;Equipe de France de football am&eacute;ricain disputera deux rencontres. Tout d&rsquo;abord, les fran&ccedil;ais recevront la R&eacute;publique Tch&egrave;que au Stadium de Villeneuve d&rsquo;Ascq le 20 octobre (<a href=\"https:\/\/my.weezevent.com\/france-tchequie?_gl=1*183mm2t*_gcl_au*MTEwMTIyNzI3Mi4xNzIxODIzNTIzLjkxNzc5ODUuMTcyMTgyMzUyOC4xNzIxODIzNTMw*_ga*OTAxNzI3ODY1LjE3MjE4MjM1MjM.*_ga_39H9VBFX7G*MTcyMjQxNzk0MC4yLjEuMTcyMjQxODgwMi40MC4wLjA.\" class=\"trk-cta-link\" data-cta-trk='{\"ctaType\":\"Link\",\"ctaSubType\":\"main\"}'>des billets sont encore disponibles<\/a>) avant de se d&eacute;placer la semaine suivante en Finlande! Pour ces deux matchs cruciaux, l&rsquo;entra&icirc;neur principal de l&rsquo;&eacute;quipe de France, Jean-Philippe Dinglor a retenu 45 joueurs.<\/p><p>Une s&eacute;lection de l&rsquo;Equipe de France qui fait la part belle aux joueurs des Paris Musketeers avec pas moins de 11 joueurs de la franchise parisienne s&eacute;lectionn&eacute;s pour ce double rendez-vous. Mais le Flash de la Courneuve (5 joueurs) ou encore les Black Panthers de Thonon les Bains (6 joueurs) seront aussi fi&egrave;rement repr&eacute;sent&eacute;s comme d&rsquo;autres &eacute;quipes du championnat de D1 Elite. A noter notamment les s&eacute;lections de joueurs qui ont &eacute;merg&eacute; dans la derni&egrave;re saison de D1 comme Yanis Polin ou encore Badis Grami.<\/p><p>Rendez-vous est donc pris &agrave; Villeneuve-d&rsquo;Ascq dans tout juste un mois pour encourager l&rsquo;Equipe de France de football am&eacute;ricain dans son d&eacute;but de campagne europ&eacute;enne face &agrave; la R&eacute;publique Tch&egrave;que.<\/p><h3>Les 45 joueurs s&eacute;lectionn&eacute;s pour les matchs de l&rsquo;Equipe de France<\/h3><p><strong>Defensive Line<\/strong><\/p><ul>\n<li><strong>ABANDZOUNOU<\/strong> Anthony (Flash)<\/li>\n<li><strong>ELIO<\/strong> Edwin (Musketeers)<\/li>\n<li><strong>DENDELE<\/strong> Willem (Templiers)<\/li>\n<li><strong>DA VEIGA LOPES<\/strong> Michel (Argonautes)<\/li>\n<li><strong>GNAHOUA<\/strong> Valentin (Musketeers)<\/li>\n<li><strong>LAURENT<\/strong> Th&eacute;o (Argonautes)<\/li>\n<li><strong>SALL<\/strong> Omar (Cougars)<\/li>\n<\/ul><p><strong>Linebacker<\/strong><\/p><ul>\n<li><strong>GRANDJEAN<\/strong> Nicolas (Templiers)<\/li>\n<li><strong>HARASSE<\/strong> Valerian<\/li>\n<li><strong>KOUOH<\/strong> Julien (Black Panthers)<\/li>\n<li><strong>LAROCHELLE<\/strong> Davidson (Musketeers)<\/li>\n<li><strong>LONGHINI<\/strong> Dorian (Ours)<\/li>\n<li><strong>MAGLIA<\/strong> Mateo (Berlin)<\/li>\n<\/ul><p><strong>Defensive Backs<\/strong><\/p><ul>\n<li><strong>ACHIEPI<\/strong> Maeric (Musketeers)<\/li>\n<li><strong>ADJETEY&nbsp;<\/strong>Jordy (Flash)<\/li>\n<li><strong>BAFDILE<\/strong> Adel (Black Panthers)<\/li>\n<li><strong>DEBIEZ<\/strong> Timon (Black Panthers)<\/li>\n<li><strong>FORTES<\/strong> Kevin (Mercenaries)<\/li>\n<li><strong>FLORET<\/strong> Kenny (Musketeers)<\/li>\n<li><strong>KILANI<\/strong> Amir (Musketeers)<\/li>\n<li><strong>JEAN-ALPHONSE<\/strong> Edris (Musketeers)<\/li>\n<li><strong>PERRON<\/strong> Chaska Remy (Black Panthers)<\/li>\n<li><strong>SIMON<\/strong> Tyron<\/li>\n<\/ul><p><strong>Offensive Line<\/strong><\/p><ul>\n<li><strong>BASTA<\/strong> Matthieu<\/li>\n<li><strong>BERTRAND<\/strong> Thomas (Grizzlys)<\/li>\n<li><strong>CAMARA<\/strong> Wally Molla (Musketeers)<\/li>\n<li><strong>GAYE<\/strong> Max (Musketeers)<\/li>\n<li><strong>HAROUNI<\/strong> Malik (Argonautes)<\/li>\n<li><strong>LAFARGUE<\/strong> Angelo (Black Panthers)<\/li>\n<li><strong>MARZOUGUI<\/strong> Nabil (Musketeers)<\/li>\n<li><strong>SAOUI<\/strong> Elyes (Musketeers)<\/li>\n<\/ul><p><strong>Running Backs<\/strong><\/p><ul>\n<li><strong>PION&nbsp;<\/strong>Fran&ccedil;ois-Guilhem (Flash)<\/li>\n<li><strong>POLIN&nbsp;<\/strong>Yanis (Iron Mask)<\/li>\n<li><strong>SOULEROT&nbsp;<\/strong>Armand (Templiers)<\/li>\n<li><strong>OURO BODI&nbsp;<\/strong>Graham (M&eacute;t&eacute;ores)<\/li>\n<\/ul><p><strong>Receveurs<\/strong><\/p><ul>\n<li><strong>BERTELLIN&nbsp;<\/strong>R&eacute;mi (Musketeers)<\/li>\n<li><strong>DAYRES<\/strong> Pierre-Yves (Black Panthers)<\/li>\n<li><strong>DURAND<\/strong> F&eacute;lix (Black Panthers)<\/li>\n<li><strong>MBUKU<\/strong> Blanchard (Molosses)<\/li>\n<li><strong>RAMKY<\/strong> Idriss (Grizzlys)<\/li>\n<li><strong>TEHAM TEHAM<\/strong> Martin (Dauphins)<\/li>\n<li><strong>VAST<\/strong> Julien (Grizzlys)<\/li>\n<\/ul><p><strong>Quarterbacks<\/strong><\/p><ul>\n<li><strong>CREMADES<\/strong> L&eacute;o (Flash)<\/li>\n<li><strong>GRAMI<\/strong> Badis (Diables Rouges)<\/li>\n<\/ul><p><em>Cr&eacute;dit photo: Jack Gruber-Imagn Images<\/em><\/p>\n","protected":false},"excerpt":{"rendered":"","protected":false},"author":180309964,"featured_media":1458652,"comment_status":"open","ping_status":"closed","sticky":false,"template":"","format":"standard","meta":{"inline_featured_image":false,"kia_subtitle":"","_mux_skip_reasons":[],"proofreadBy":0,"footnotes":""},"categories":[3324,10,40],"tags":[],"sport":[2785],"saison":[6111],"class_list":["post-1458644","post","type-post","status-publish","format-standard","has-post-thumbnail","hentry","category-d1","category-nba","category-nfl","sport-nfl","saison-6111"],"acf":[],"yoast_head":"<!-- This site is optimized with the Yoast SEO plugin v24.2 - https:\/\/yoast.com\/wordpress\/plugins\/seo\/ -->\n<title>Equipe de France Foot US: La s&eacute;lection annonc&eacute;e pour les deux matchs d&#039;octobre! - The Playoffs FR<\/title>\n<meta name=\"robots\" content=\"index, follow, max-snippet:-1, max-image-preview:large, max-video-preview:-1\" \/>\n<link rel=\"canonical\" href=\"https:\/\/theplayoffs.news\/fr\/d1\/equipe-de-france-selection-ligue-nations\/\" \/>\n<meta property=\"og:locale\" content=\"fr_FR\" \/>\n<meta property=\"og:type\" content=\"article\" \/>\n<meta property=\"og:title\" content=\"Equipe de France Foot US: La s&eacute;lection annonc&eacute;e pour les deux matchs d&#039;octobre! - The Playoffs FR\" \/>\n<meta property=\"og:url\" content=\"https:\/\/theplayoffs.news\/fr\/d1\/equipe-de-france-selection-ligue-nations\/\" \/>\n<meta property=\"og:site_name\" content=\"The Playoffs FR\" \/>\n<meta property=\"article:publisher\" content=\"https:\/\/www.facebook.com\/TheFreeAgentFR\/\" \/>\n<meta property=\"article:modified_time\" content=\"2024-09-20T18:45:53+02:00\" \/>\n<meta property=\"og:image\" content=\"https:\/\/theplayoffs.news\/fr\/wp-content\/uploads\/2024\/09\/USATSI_23955371.jpg\" \/>\n\t<meta property=\"og:image:width\" content=\"1920\" \/>\n\t<meta property=\"og:image:height\" content=\"1280\" \/>\n\t<meta property=\"og:image:type\" content=\"image\/jpeg\" \/>\n<meta name=\"author\" content=\"Flavien Jumeau\" \/>\n<meta name=\"twitter:card\" content=\"summary_large_image\" \/>\n<meta name=\"twitter:creator\" content=\"@TheFreeAgentFR\" \/>\n<meta name=\"twitter:site\" content=\"@TheFreeAgentFR\" \/>\n<meta name=\"twitter:label1\" content=\"\u00c9crit par\" \/>\n\t<meta name=\"twitter:data1\" content=\"Flavien Jumeau\" \/>\n\t<meta name=\"twitter:label2\" content=\"Dur\u00e9e de lecture estim\u00e9e\" \/>\n\t<meta name=\"twitter:data2\" content=\"2 minutes\" \/>\n<script type=\"application\/ld+json\" class=\"yoast-schema-graph\">{\"@context\":\"https:\/\/schema.org\",\"@graph\":[{\"@type\":\"WebPage\",\"@id\":\"https:\/\/theplayoffs.news\/fr\/d1\/equipe-de-france-selection-ligue-nations\/\",\"url\":\"https:\/\/theplayoffs.news\/fr\/d1\/equipe-de-france-selection-ligue-nations\/\",\"name\":\"Equipe de France Foot US: La s\u00e9lection annonc\u00e9e pour les deux matchs d\\\\'octobre! - The Playoffs FR\",\"isPartOf\":{\"@id\":\"https:\/\/theplayoffs.news\/fr\/#website\"},\"primaryImageOfPage\":{\"@id\":\"https:\/\/theplayoffs.news\/fr\/d1\/equipe-de-france-selection-ligue-nations\/#primaryimage\"},\"image\":{\"@id\":\"https:\/\/theplayoffs.news\/fr\/d1\/equipe-de-france-selection-ligue-nations\/#primaryimage\"},\"thumbnailUrl\":\"https:\/\/theplayoffs.news\/fr\/wp-content\/uploads\/2024\/09\/USATSI_23955371.jpg\",\"datePublished\":\"2024-09-20T16:45:53+00:00\",\"dateModified\":\"2024-09-20T16:45:53+00:00\",\"author\":{\"@id\":\"https:\/\/theplayoffs.news\/fr\/#\/schema\/person\/def63bc6746dc5957469b75feb99e66d\"},\"breadcrumb\":{\"@id\":\"https:\/\/theplayoffs.news\/fr\/d1\/equipe-de-france-selection-ligue-nations\/#breadcrumb\"},\"inLanguage\":\"fr-FR\",\"potentialAction\":[{\"@type\":\"ReadAction\",\"target\":[\"https:\/\/theplayoffs.news\/fr\/d1\/equipe-de-france-selection-ligue-nations\/\"]}]},{\"@type\":\"ImageObject\",\"inLanguage\":\"fr-FR\",\"@id\":\"https:\/\/theplayoffs.news\/fr\/d1\/equipe-de-france-selection-ligue-nations\/#primaryimage\",\"url\":\"https:\/\/theplayoffs.news\/fr\/wp-content\/uploads\/2024\/09\/USATSI_23955371.jpg\",\"contentUrl\":\"https:\/\/theplayoffs.news\/fr\/wp-content\/uploads\/2024\/09\/USATSI_23955371.jpg\",\"width\":1920,\"height\":1280,\"caption\":\"Aug 9, 2024; Paris, France; French fans and a lone Spanish fan wave flags before the men\\\\'s soccer gold medal match during the Paris 2024 Olympic Summer Games at Parc des Princes. Mandatory Credit: Jack Gruber-USA TODAY Sports\"},{\"@type\":\"BreadcrumbList\",\"@id\":\"https:\/\/theplayoffs.news\/fr\/d1\/equipe-de-france-selection-ligue-nations\/#breadcrumb\",\"itemListElement\":[{\"@type\":\"ListItem\",\"position\":1,\"name\":\"Accueil\",\"item\":\"https:\/\/theplayoffs.news\/fr\/\"},{\"@type\":\"ListItem\",\"position\":2,\"name\":\"Equipe de France Foot US: La s\u00e9lection annonc\u00e9e pour les deux matchs d&rsquo;octobre!\"}]},{\"@type\":\"WebSite\",\"@id\":\"https:\/\/theplayoffs.news\/fr\/#website\",\"url\":\"https:\/\/theplayoffs.news\/fr\/\",\"name\":\"The Playoffs FR\",\"description\":\"NBA-NFL-NHL-MLB\",\"potentialAction\":[{\"@type\":\"SearchAction\",\"target\":{\"@type\":\"EntryPoint\",\"urlTemplate\":\"https:\/\/theplayoffs.news\/fr\/?s={search_term_string}\"},\"query-input\":{\"@type\":\"PropertyValueSpecification\",\"valueRequired\":true,\"valueName\":\"search_term_string\"}}],\"inLanguage\":\"fr-FR\"},{\"@type\":\"Person\",\"@id\":\"https:\/\/theplayoffs.news\/fr\/#\/schema\/person\/def63bc6746dc5957469b75feb99e66d\",\"name\":\"Flavien Jumeau\",\"image\":{\"@type\":\"ImageObject\",\"inLanguage\":\"fr-FR\",\"@id\":\"https:\/\/theplayoffs.news\/fr\/#\/schema\/person\/image\/\",\"url\":\"https:\/\/secure.gravatar.com\/avatar\/e7fa8ba5a4b7e4ce35fe152f083f352db28ad0acce692004ed88a7a7d78893f7?s=96&d=mm&r=g\",\"contentUrl\":\"https:\/\/secure.gravatar.com\/avatar\/e7fa8ba5a4b7e4ce35fe152f083f352db28ad0acce692004ed88a7a7d78893f7?s=96&d=mm&r=g\",\"caption\":\"Flavien Jumeau\"},\"description\":\"Amoureux du sport (et de vraiment tous les sports) depuis mon plus jeune \u00e2ge, j\u2019ai longtemps h\u00e9site entre le snooker et le curling. Finalement c\u2019est le foot US que j\u2019ai d\u00e9cid\u00e9 de choisir! Responsable foot US sur TPO et animateur du podcast Tailgate j\u2019ai pour mission de vous faire d\u00e9couvrir ce sport passionnant si ce n\u2019est pas encore fait et de vous donner les derni\u00e8res actus. Le tout dans la bonne humeur et avec toujours un jeu de mots ou deux savamment distill\u00e9s! Fan des Saints, pour moi Drew Brees est le vrai GOAT!\",\"url\":\"https:\/\/theplayoffs.news\/fr\/author\/flavien-jumeaugmail-com\/\"}]}<\/script>\n<!-- \/ Yoast SEO plugin. -->","yoast_head_json":{"title":"Equipe de France Foot US: La s&eacute;lection annonc&eacute;e pour les deux matchs d&#039;octobre! - The Playoffs FR","robots":{"index":"index","follow":"follow","max-snippet":"max-snippet:-1","max-image-preview":"max-image-preview:large","max-video-preview":"max-video-preview:-1"},"canonical":"https:\/\/theplayoffs.news\/fr\/d1\/equipe-de-france-selection-ligue-nations\/","og_locale":"fr_FR","og_type":"article","og_title":"Equipe de France Foot US: La s&eacute;lection annonc&eacute;e pour les deux matchs d&#039;octobre! - The Playoffs FR","og_url":"https:\/\/theplayoffs.news\/fr\/d1\/equipe-de-france-selection-ligue-nations\/","og_site_name":"The Playoffs FR","article_publisher":"https:\/\/www.facebook.com\/TheFreeAgentFR\/","og_image":[{"width":1920,"height":1280,"url":"https:\/\/theplayoffs.news\/fr\/wp-content\/uploads\/2024\/09\/USATSI_23955371.jpg","type":"image\/jpeg"}],"author":"Flavien Jumeau","twitter_card":"summary_large_image","twitter_creator":"@TheFreeAgentFR","twitter_site":"@TheFreeAgentFR","twitter_misc":{"\u00c9crit par":"Flavien Jumeau","Dur\u00e9e de lecture estim\u00e9e":"2 minutes"},"schema":{"@context":"https:\/\/schema.org","@graph":[{"@type":"WebPage","@id":"https:\/\/theplayoffs.news\/fr\/d1\/equipe-de-france-selection-ligue-nations\/","url":"https:\/\/theplayoffs.news\/fr\/d1\/equipe-de-france-selection-ligue-nations\/","name":"Equipe de France Foot US: La s\u00e9lection annonc\u00e9e pour les deux matchs d\\'octobre! - The Playoffs FR","isPartOf":{"@id":"https:\/\/theplayoffs.news\/fr\/#website"},"primaryImageOfPage":{"@id":"https:\/\/theplayoffs.news\/fr\/d1\/equipe-de-france-selection-ligue-nations\/#primaryimage"},"image":{"@id":"https:\/\/theplayoffs.news\/fr\/d1\/equipe-de-france-selection-ligue-nations\/#primaryimage"},"thumbnailUrl":"https:\/\/theplayoffs.news\/fr\/wp-content\/uploads\/2024\/09\/USATSI_23955371.jpg","datePublished":"2024-09-20T16:45:53+00:00","dateModified":"2024-09-20T16:45:53+00:00","author":{"@id":"https:\/\/theplayoffs.news\/fr\/#\/schema\/person\/def63bc6746dc5957469b75feb99e66d"},"breadcrumb":{"@id":"https:\/\/theplayoffs.news\/fr\/d1\/equipe-de-france-selection-ligue-nations\/#breadcrumb"},"inLanguage":"fr-FR","potentialAction":[{"@type":"ReadAction","target":["https:\/\/theplayoffs.news\/fr\/d1\/equipe-de-france-selection-ligue-nations\/"]}]},{"@type":"ImageObject","inLanguage":"fr-FR","@id":"https:\/\/theplayoffs.news\/fr\/d1\/equipe-de-france-selection-ligue-nations\/#primaryimage","url":"https:\/\/theplayoffs.news\/fr\/wp-content\/uploads\/2024\/09\/USATSI_23955371.jpg","contentUrl":"https:\/\/theplayoffs.news\/fr\/wp-content\/uploads\/2024\/09\/USATSI_23955371.jpg","width":1920,"height":1280,"caption":"Aug 9, 2024; Paris, France; French fans and a lone Spanish fan wave flags before the men\\'s soccer gold medal match during the Paris 2024 Olympic Summer Games at Parc des Princes. Mandatory Credit: Jack Gruber-USA TODAY Sports"},{"@type":"BreadcrumbList","@id":"https:\/\/theplayoffs.news\/fr\/d1\/equipe-de-france-selection-ligue-nations\/#breadcrumb","itemListElement":[{"@type":"ListItem","position":1,"name":"Accueil","item":"https:\/\/theplayoffs.news\/fr\/"},{"@type":"ListItem","position":2,"name":"Equipe de France Foot US: La s\u00e9lection annonc\u00e9e pour les deux matchs d&rsquo;octobre!"}]},{"@type":"WebSite","@id":"https:\/\/theplayoffs.news\/fr\/#website","url":"https:\/\/theplayoffs.news\/fr\/","name":"The Playoffs FR","description":"NBA-NFL-NHL-MLB","potentialAction":[{"@type":"SearchAction","target":{"@type":"EntryPoint","urlTemplate":"https:\/\/theplayoffs.news\/fr\/?s={search_term_string}"},"query-input":{"@type":"PropertyValueSpecification","valueRequired":true,"valueName":"search_term_string"}}],"inLanguage":"fr-FR"},{"@type":"Person","@id":"https:\/\/theplayoffs.news\/fr\/#\/schema\/person\/def63bc6746dc5957469b75feb99e66d","name":"Flavien Jumeau","image":{"@type":"ImageObject","inLanguage":"fr-FR","@id":"https:\/\/theplayoffs.news\/fr\/#\/schema\/person\/image\/","url":"https:\/\/secure.gravatar.com\/avatar\/e7fa8ba5a4b7e4ce35fe152f083f352db28ad0acce692004ed88a7a7d78893f7?s=96&d=mm&r=g","contentUrl":"https:\/\/secure.gravatar.com\/avatar\/e7fa8ba5a4b7e4ce35fe152f083f352db28ad0acce692004ed88a7a7d78893f7?s=96&d=mm&r=g","caption":"Flavien Jumeau"},"description":"Amoureux du sport (et de vraiment tous les sports) depuis mon plus jeune \u00e2ge, j\u2019ai longtemps h\u00e9site entre le snooker et le curling. Finalement c\u2019est le foot US que j\u2019ai d\u00e9cid\u00e9 de choisir! Responsable foot US sur TPO et animateur du podcast Tailgate j\u2019ai pour mission de vous faire d\u00e9couvrir ce sport passionnant si ce n\u2019est pas encore fait et de vous donner les derni\u00e8res actus. Le tout dans la bonne humeur et avec toujours un jeu de mots ou deux savamment distill\u00e9s! Fan des Saints, pour moi Drew Brees est le vrai GOAT!","url":"https:\/\/theplayoffs.news\/fr\/author\/flavien-jumeaugmail-com\/"}]}},"_links":{"self":[{"href":"https:\/\/theplayoffs.news\/fr\/wp-json\/wp\/v2\/posts\/1458644","targetHints":{"allow":["GET"]}}],"collection":[{"href":"https:\/\/theplayoffs.news\/fr\/wp-json\/wp\/v2\/posts"}],"about":[{"href":"https:\/\/theplayoffs.news\/fr\/wp-json\/wp\/v2\/types\/post"}],"author":[{"embeddable":true,"href":"https:\/\/theplayoffs.news\/fr\/wp-json\/wp\/v2\/users\/180309964"}],"replies":[{"embeddable":true,"href":"https:\/\/theplayoffs.news\/fr\/wp-json\/wp\/v2\/comments?post=1458644"}],"version-history":[{"count":2,"href":"https:\/\/theplayoffs.news\/fr\/wp-json\/wp\/v2\/posts\/1458644\/revisions"}],"predecessor-version":[{"id":1458654,"href":"https:\/\/theplayoffs.news\/fr\/wp-json\/wp\/v2\/posts\/1458644\/revisions\/1458654"}],"wp:featuredmedia":[{"embeddable":true,"href":"https:\/\/theplayoffs.news\/fr\/wp-json\/wp\/v2\/media\/1458652"}],"wp:attachment":[{"href":"https:\/\/theplayoffs.news\/fr\/wp-json\/wp\/v2\/media?parent=1458644"}],"wp:term":[{"taxonomy":"category","embeddable":true,"href":"https:\/\/theplayoffs.news\/fr\/wp-json\/wp\/v2\/categories?post=1458644"},{"taxonomy":"post_tag","embeddable":true,"href":"https:\/\/theplayoffs.news\/fr\/wp-json\/wp\/v2\/tags?post=1458644"},{"taxonomy":"sport","embeddable":true,"href":"https:\/\/theplayoffs.news\/fr\/wp-json\/wp\/v2\/sport?post=1458644"},{"taxonomy":"saison","embeddable":true,"href":"https:\/\/theplayoffs.news\/fr\/wp-json\/wp\/v2\/saison?post=1458644"}],"curies":[{"name":"wp","href":"https:\/\/api.w.org\/{rel}","templated":true}]}}