{"id":1458585,"date":"2024-09-20T12:55:51","date_gmt":"2024-09-20T10:55:51","guid":{"rendered":"https:\/\/theplayoffs.news\/fr\/?p=1458585"},"modified":"2024-09-20T12:55:51","modified_gmt":"2024-09-20T10:55:51","slug":"michael-jordan-refuse-de-se-placer-au-dessus-de-2-legendes-nba-dans-le-debat-du-goat","status":"publish","type":"post","link":"https:\/\/theplayoffs.news\/fr\/actualite-nba\/michael-jordan-refuse-de-se-placer-au-dessus-de-2-legendes-nba-dans-le-debat-du-goat\/","title":{"rendered":"Michael Jordan refuse de se placer au-dessus de 2 l\u00e9gendes NBA dans le d\u00e9bat du GOAT"},"content":{"rendered":"<h2>Michael Jordan consid&eacute;r&eacute; par beaucoup comme le GOAT pour des raisons plus que concevables, la l&eacute;gende des Bulls aux 6 titres NBA, 14 s&eacute;lections All-Star,10 titres de meilleur scorer de la ligue&hellip; Choisir MJ comme meilleur joueur All-Time de la NBA n&rsquo;est pas une d&eacute;cision irrationnelle.<\/h2><p>Malgr&eacute; ce palmar&egrave;s impressionnant et une carri&egrave;re en NBA plus qu&rsquo;abouti &laquo;&nbsp;The Airness&nbsp;&raquo; ne se sent pas au-dessus de ses comp&egrave;res. L&rsquo;ic&ocirc;ne des Bulls a confirm&eacute; le fait que deux autres l&eacute;gendes sont au m&ecirc;me niveau que lui, ces joueurs sont Larry Bird et Magic Johnson.<\/p><p><a href=\"https:\/\/www.basketballinsiders.com\/news\/michael-jordan-refused-to-place-himself-above-two-nba-legends-in-goat-debate\/\" class=\"trk-cta-link\" data-cta-trk='{\"ctaType\":\"Link\",\"ctaSubType\":\"main\"}'>MJ d&eacute;fend l&rsquo;id&eacute;e que ces deux l&eacute;gendes NBA<\/a> ont r&eacute;alis&eacute; autant que lui pour la NBA pour &ecirc;tre consid&eacute;r&eacute; &agrave; ses c&ocirc;t&eacute;s dans le d&eacute;bat du GOAT, des mots qu&rsquo;il a r&eacute;cemment prononc&eacute; pour SLAM.<\/p><blockquote><p>&laquo; Je ne me mets pas au-dessus d&rsquo;eux. Je pense que nous sommes tous sur un terrain parall&egrave;le&raquo;, a d&eacute;clar&eacute; Michael &agrave; SLAM.<\/p>\n<p>&laquo; Vous savez, ils m&rsquo;ont appris beaucoup de choses sur le jeu, du point de vue d&rsquo;une &eacute;quipe &raquo;, a-t-il poursuivi en expliquant. &laquo; Je ne peux donc pas me mettre au-dessus&hellip; Je veux dire, les gens essaient, mais on jouait &agrave; des &eacute;poques diff&eacute;rentes. J&rsquo;ai eu l&rsquo;occasion de les affronter, au pic de leur carri&egrave;re, alors que j&rsquo;&eacute;tais encore jeune. &raquo;<\/p>\n<p>Jordan se souvient avoir jou&eacute; contre eux au d&eacute;but.<\/p>\n<p>&laquo; Et je me suis battu contre eux, quand j&rsquo;&eacute;tais &agrave; mon apog&eacute;e, quand ils &eacute;taient de l&rsquo;autre c&ocirc;t&eacute; &raquo;, se souvient-il. &laquo; Il y avait donc un passage de flambeau, et nous n&rsquo;avons jamais eu l&rsquo;occasion de jouer les uns contre les autres dans les ann&eacute;es au sommet de nos carri&egrave;res.<\/p>\n<p>Vous savez, il est donc difficile de dire que je suis au-dessus d&rsquo;eux, loin de l&agrave;. J&rsquo;aime me consid&eacute;rer comme un parall&egrave;le &agrave; eux. &raquo;<\/p><\/blockquote><p>Les deux qu&rsquo;ils consid&egrave;rent comme ces semblables dans <a href=\"https:\/\/theplayoffs.news\/fr\/nba-basketball\/une-carte-signee-par-michael-jordan-et-julius-erving-evaluee-a-1-million-bientot-aux-encheres\/\" class=\"trk-cta-link\" data-cta-trk='{\"ctaType\":\"Link\",\"ctaSubType\":\"main\"}'>la discussion du GOAT<\/a> ont par le pass&eacute; eux aussi ont &eacute;t&eacute; &eacute;logieux envers Jordan.<\/p><blockquote><p>&laquo; Michael est le plus grand joueur contre qui j&rsquo;ai jamais jou&eacute; &raquo;, a d&eacute;clar&eacute; Magic il y a quelque temps au Jennifer Hudson Show.<\/p>\n<p>&laquo; Je pense qu&rsquo;il est Dieu d&eacute;guis&eacute; en Michael Jordan. C&rsquo;est le joueur le plus fantastique de la NBA &raquo;, a d&eacute;clar&eacute; Bird une fois. &laquo; Aujourd&rsquo;hui, au Garden de Boston, &agrave; la t&eacute;l&eacute;vision nationale, en playoffs, il a pr&eacute;sent&eacute; l&rsquo;un des plus grands spectacles de tous les temps. Je ne pouvais pas croire que quelqu&rsquo;un puisse faire &ccedil;a contre les Boston Celtics. &raquo;<\/p><\/blockquote><p>&nbsp;<\/p><p>Cr&eacute;dit Photo : Kyle Terada-USA TODAY Sports<\/p><p>&nbsp;<\/p><p>&nbsp;<\/p><p>&nbsp;<\/p><p>&nbsp;<\/p><p>&nbsp;<\/p>\n","protected":false},"excerpt":{"rendered":"","protected":false},"author":180310255,"featured_media":1458595,"comment_status":"open","ping_status":"closed","sticky":false,"template":"","format":"standard","meta":{"inline_featured_image":false,"kia_subtitle":"","_mux_skip_reasons":[],"proofreadBy":0,"footnotes":""},"categories":[110,10],"tags":[],"sport":[],"saison":[],"class_list":["post-1458585","post","type-post","status-publish","format-standard","has-post-thumbnail","hentry","category-actualite-nba","category-nba"],"acf":[],"yoast_head":"<!-- This site is optimized with the Yoast SEO plugin v24.2 - https:\/\/yoast.com\/wordpress\/plugins\/seo\/ -->\n<title>Michael Jordan refuse de se placer au-dessus de 2 l&eacute;gendes NBA dans le d&eacute;bat du GOAT - The Playoffs FR<\/title>\n<meta name=\"robots\" content=\"index, follow, max-snippet:-1, max-image-preview:large, max-video-preview:-1\" \/>\n<link rel=\"canonical\" href=\"https:\/\/theplayoffs.news\/fr\/actualite-nba\/michael-jordan-refuse-de-se-placer-au-dessus-de-2-legendes-nba-dans-le-debat-du-goat\/\" \/>\n<meta property=\"og:locale\" content=\"fr_FR\" \/>\n<meta property=\"og:type\" content=\"article\" \/>\n<meta property=\"og:title\" content=\"Michael Jordan refuse de se placer au-dessus de 2 l&eacute;gendes NBA dans le d&eacute;bat du GOAT - The Playoffs FR\" \/>\n<meta property=\"og:url\" content=\"https:\/\/theplayoffs.news\/fr\/actualite-nba\/michael-jordan-refuse-de-se-placer-au-dessus-de-2-legendes-nba-dans-le-debat-du-goat\/\" \/>\n<meta property=\"og:site_name\" content=\"The Playoffs FR\" \/>\n<meta property=\"article:publisher\" content=\"https:\/\/www.facebook.com\/TheFreeAgentFR\/\" \/>\n<meta property=\"article:modified_time\" content=\"2024-09-20T12:55:51+02:00\" \/>\n<meta property=\"og:image\" content=\"https:\/\/theplayoffs.news\/fr\/wp-content\/uploads\/2024\/09\/USATSI_18150340.jpg\" \/>\n\t<meta property=\"og:image:width\" content=\"1920\" \/>\n\t<meta property=\"og:image:height\" content=\"1280\" \/>\n\t<meta property=\"og:image:type\" content=\"image\/jpeg\" \/>\n<meta name=\"author\" content=\"Elouan Girard\" \/>\n<meta name=\"twitter:card\" content=\"summary_large_image\" \/>\n<meta name=\"twitter:creator\" content=\"@TheFreeAgentFR\" \/>\n<meta name=\"twitter:site\" content=\"@TheFreeAgentFR\" \/>\n<meta name=\"twitter:label1\" content=\"\u00c9crit par\" \/>\n\t<meta name=\"twitter:data1\" content=\"Elouan Girard\" \/>\n\t<meta name=\"twitter:label2\" content=\"Dur\u00e9e de lecture estim\u00e9e\" \/>\n\t<meta name=\"twitter:data2\" content=\"2 minutes\" \/>\n<script type=\"application\/ld+json\" class=\"yoast-schema-graph\">{\"@context\":\"https:\/\/schema.org\",\"@graph\":[{\"@type\":\"WebPage\",\"@id\":\"https:\/\/theplayoffs.news\/fr\/actualite-nba\/michael-jordan-refuse-de-se-placer-au-dessus-de-2-legendes-nba-dans-le-debat-du-goat\/\",\"url\":\"https:\/\/theplayoffs.news\/fr\/actualite-nba\/michael-jordan-refuse-de-se-placer-au-dessus-de-2-legendes-nba-dans-le-debat-du-goat\/\",\"name\":\"Michael Jordan refuse de se placer au-dessus de 2 l\u00e9gendes NBA dans le d\u00e9bat du GOAT - The Playoffs FR\",\"isPartOf\":{\"@id\":\"https:\/\/theplayoffs.news\/fr\/#website\"},\"primaryImageOfPage\":{\"@id\":\"https:\/\/theplayoffs.news\/fr\/actualite-nba\/michael-jordan-refuse-de-se-placer-au-dessus-de-2-legendes-nba-dans-le-debat-du-goat\/#primaryimage\"},\"image\":{\"@id\":\"https:\/\/theplayoffs.news\/fr\/actualite-nba\/michael-jordan-refuse-de-se-placer-au-dessus-de-2-legendes-nba-dans-le-debat-du-goat\/#primaryimage\"},\"thumbnailUrl\":\"https:\/\/theplayoffs.news\/fr\/wp-content\/uploads\/2024\/09\/USATSI_18150340.jpg\",\"datePublished\":\"2024-09-20T10:55:51+00:00\",\"dateModified\":\"2024-09-20T10:55:51+00:00\",\"author\":{\"@id\":\"https:\/\/theplayoffs.news\/fr\/#\/schema\/person\/6c4db0b49aa9ade4e6a3ddef3b2842a8\"},\"breadcrumb\":{\"@id\":\"https:\/\/theplayoffs.news\/fr\/actualite-nba\/michael-jordan-refuse-de-se-placer-au-dessus-de-2-legendes-nba-dans-le-debat-du-goat\/#breadcrumb\"},\"inLanguage\":\"fr-FR\",\"potentialAction\":[{\"@type\":\"ReadAction\",\"target\":[\"https:\/\/theplayoffs.news\/fr\/actualite-nba\/michael-jordan-refuse-de-se-placer-au-dessus-de-2-legendes-nba-dans-le-debat-du-goat\/\"]}]},{\"@type\":\"ImageObject\",\"inLanguage\":\"fr-FR\",\"@id\":\"https:\/\/theplayoffs.news\/fr\/actualite-nba\/michael-jordan-refuse-de-se-placer-au-dessus-de-2-legendes-nba-dans-le-debat-du-goat\/#primaryimage\",\"url\":\"https:\/\/theplayoffs.news\/fr\/wp-content\/uploads\/2024\/09\/USATSI_18150340.jpg\",\"contentUrl\":\"https:\/\/theplayoffs.news\/fr\/wp-content\/uploads\/2024\/09\/USATSI_18150340.jpg\",\"width\":1920,\"height\":1280,\"caption\":\"February 20, 2022; Cleveland, Ohio, USA; NBA great Michael Jordan is honored for being selected to the NBA 75th Anniversary Team during halftime in the 2022 NBA All-Star Game at Rocket Mortgage FieldHouse. Mandatory Credit: Kyle Terada-USA TODAY Sports\"},{\"@type\":\"BreadcrumbList\",\"@id\":\"https:\/\/theplayoffs.news\/fr\/actualite-nba\/michael-jordan-refuse-de-se-placer-au-dessus-de-2-legendes-nba-dans-le-debat-du-goat\/#breadcrumb\",\"itemListElement\":[{\"@type\":\"ListItem\",\"position\":1,\"name\":\"Accueil\",\"item\":\"https:\/\/theplayoffs.news\/fr\/\"},{\"@type\":\"ListItem\",\"position\":2,\"name\":\"Michael Jordan refuse de se placer au-dessus de 2 l\u00e9gendes NBA dans le d\u00e9bat du GOAT\"}]},{\"@type\":\"WebSite\",\"@id\":\"https:\/\/theplayoffs.news\/fr\/#website\",\"url\":\"https:\/\/theplayoffs.news\/fr\/\",\"name\":\"The Playoffs FR\",\"description\":\"NBA-NFL-NHL-MLB\",\"potentialAction\":[{\"@type\":\"SearchAction\",\"target\":{\"@type\":\"EntryPoint\",\"urlTemplate\":\"https:\/\/theplayoffs.news\/fr\/?s={search_term_string}\"},\"query-input\":{\"@type\":\"PropertyValueSpecification\",\"valueRequired\":true,\"valueName\":\"search_term_string\"}}],\"inLanguage\":\"fr-FR\"},{\"@type\":\"Person\",\"@id\":\"https:\/\/theplayoffs.news\/fr\/#\/schema\/person\/6c4db0b49aa9ade4e6a3ddef3b2842a8\",\"name\":\"Elouan Girard\",\"image\":{\"@type\":\"ImageObject\",\"inLanguage\":\"fr-FR\",\"@id\":\"https:\/\/theplayoffs.news\/fr\/#\/schema\/person\/image\/\",\"url\":\"https:\/\/secure.gravatar.com\/avatar\/230f939104da8456d40e879fa1d9fc19f13fb1470c5c2b6b1cb611f0f579870b?s=96&d=mm&r=g\",\"contentUrl\":\"https:\/\/secure.gravatar.com\/avatar\/230f939104da8456d40e879fa1d9fc19f13fb1470c5c2b6b1cb611f0f579870b?s=96&d=mm&r=g\",\"caption\":\"Elouan Girard\"},\"url\":\"https:\/\/theplayoffs.news\/fr\/author\/elou-girard59gmail-com\/\"}]}<\/script>\n<!-- \/ Yoast SEO plugin. -->","yoast_head_json":{"title":"Michael Jordan refuse de se placer au-dessus de 2 l&eacute;gendes NBA dans le d&eacute;bat du GOAT - The Playoffs FR","robots":{"index":"index","follow":"follow","max-snippet":"max-snippet:-1","max-image-preview":"max-image-preview:large","max-video-preview":"max-video-preview:-1"},"canonical":"https:\/\/theplayoffs.news\/fr\/actualite-nba\/michael-jordan-refuse-de-se-placer-au-dessus-de-2-legendes-nba-dans-le-debat-du-goat\/","og_locale":"fr_FR","og_type":"article","og_title":"Michael Jordan refuse de se placer au-dessus de 2 l&eacute;gendes NBA dans le d&eacute;bat du GOAT - The Playoffs FR","og_url":"https:\/\/theplayoffs.news\/fr\/actualite-nba\/michael-jordan-refuse-de-se-placer-au-dessus-de-2-legendes-nba-dans-le-debat-du-goat\/","og_site_name":"The Playoffs FR","article_publisher":"https:\/\/www.facebook.com\/TheFreeAgentFR\/","og_image":[{"width":1920,"height":1280,"url":"https:\/\/theplayoffs.news\/fr\/wp-content\/uploads\/2024\/09\/USATSI_18150340.jpg","type":"image\/jpeg"}],"author":"Elouan Girard","twitter_card":"summary_large_image","twitter_creator":"@TheFreeAgentFR","twitter_site":"@TheFreeAgentFR","twitter_misc":{"\u00c9crit par":"Elouan Girard","Dur\u00e9e de lecture estim\u00e9e":"2 minutes"},"schema":{"@context":"https:\/\/schema.org","@graph":[{"@type":"WebPage","@id":"https:\/\/theplayoffs.news\/fr\/actualite-nba\/michael-jordan-refuse-de-se-placer-au-dessus-de-2-legendes-nba-dans-le-debat-du-goat\/","url":"https:\/\/theplayoffs.news\/fr\/actualite-nba\/michael-jordan-refuse-de-se-placer-au-dessus-de-2-legendes-nba-dans-le-debat-du-goat\/","name":"Michael Jordan refuse de se placer au-dessus de 2 l\u00e9gendes NBA dans le d\u00e9bat du GOAT - The Playoffs FR","isPartOf":{"@id":"https:\/\/theplayoffs.news\/fr\/#website"},"primaryImageOfPage":{"@id":"https:\/\/theplayoffs.news\/fr\/actualite-nba\/michael-jordan-refuse-de-se-placer-au-dessus-de-2-legendes-nba-dans-le-debat-du-goat\/#primaryimage"},"image":{"@id":"https:\/\/theplayoffs.news\/fr\/actualite-nba\/michael-jordan-refuse-de-se-placer-au-dessus-de-2-legendes-nba-dans-le-debat-du-goat\/#primaryimage"},"thumbnailUrl":"https:\/\/theplayoffs.news\/fr\/wp-content\/uploads\/2024\/09\/USATSI_18150340.jpg","datePublished":"2024-09-20T10:55:51+00:00","dateModified":"2024-09-20T10:55:51+00:00","author":{"@id":"https:\/\/theplayoffs.news\/fr\/#\/schema\/person\/6c4db0b49aa9ade4e6a3ddef3b2842a8"},"breadcrumb":{"@id":"https:\/\/theplayoffs.news\/fr\/actualite-nba\/michael-jordan-refuse-de-se-placer-au-dessus-de-2-legendes-nba-dans-le-debat-du-goat\/#breadcrumb"},"inLanguage":"fr-FR","potentialAction":[{"@type":"ReadAction","target":["https:\/\/theplayoffs.news\/fr\/actualite-nba\/michael-jordan-refuse-de-se-placer-au-dessus-de-2-legendes-nba-dans-le-debat-du-goat\/"]}]},{"@type":"ImageObject","inLanguage":"fr-FR","@id":"https:\/\/theplayoffs.news\/fr\/actualite-nba\/michael-jordan-refuse-de-se-placer-au-dessus-de-2-legendes-nba-dans-le-debat-du-goat\/#primaryimage","url":"https:\/\/theplayoffs.news\/fr\/wp-content\/uploads\/2024\/09\/USATSI_18150340.jpg","contentUrl":"https:\/\/theplayoffs.news\/fr\/wp-content\/uploads\/2024\/09\/USATSI_18150340.jpg","width":1920,"height":1280,"caption":"February 20, 2022; Cleveland, Ohio, USA; NBA great Michael Jordan is honored for being selected to the NBA 75th Anniversary Team during halftime in the 2022 NBA All-Star Game at Rocket Mortgage FieldHouse. Mandatory Credit: Kyle Terada-USA TODAY Sports"},{"@type":"BreadcrumbList","@id":"https:\/\/theplayoffs.news\/fr\/actualite-nba\/michael-jordan-refuse-de-se-placer-au-dessus-de-2-legendes-nba-dans-le-debat-du-goat\/#breadcrumb","itemListElement":[{"@type":"ListItem","position":1,"name":"Accueil","item":"https:\/\/theplayoffs.news\/fr\/"},{"@type":"ListItem","position":2,"name":"Michael Jordan refuse de se placer au-dessus de 2 l\u00e9gendes NBA dans le d\u00e9bat du GOAT"}]},{"@type":"WebSite","@id":"https:\/\/theplayoffs.news\/fr\/#website","url":"https:\/\/theplayoffs.news\/fr\/","name":"The Playoffs FR","description":"NBA-NFL-NHL-MLB","potentialAction":[{"@type":"SearchAction","target":{"@type":"EntryPoint","urlTemplate":"https:\/\/theplayoffs.news\/fr\/?s={search_term_string}"},"query-input":{"@type":"PropertyValueSpecification","valueRequired":true,"valueName":"search_term_string"}}],"inLanguage":"fr-FR"},{"@type":"Person","@id":"https:\/\/theplayoffs.news\/fr\/#\/schema\/person\/6c4db0b49aa9ade4e6a3ddef3b2842a8","name":"Elouan Girard","image":{"@type":"ImageObject","inLanguage":"fr-FR","@id":"https:\/\/theplayoffs.news\/fr\/#\/schema\/person\/image\/","url":"https:\/\/secure.gravatar.com\/avatar\/230f939104da8456d40e879fa1d9fc19f13fb1470c5c2b6b1cb611f0f579870b?s=96&d=mm&r=g","contentUrl":"https:\/\/secure.gravatar.com\/avatar\/230f939104da8456d40e879fa1d9fc19f13fb1470c5c2b6b1cb611f0f579870b?s=96&d=mm&r=g","caption":"Elouan Girard"},"url":"https:\/\/theplayoffs.news\/fr\/author\/elou-girard59gmail-com\/"}]}},"_links":{"self":[{"href":"https:\/\/theplayoffs.news\/fr\/wp-json\/wp\/v2\/posts\/1458585","targetHints":{"allow":["GET"]}}],"collection":[{"href":"https:\/\/theplayoffs.news\/fr\/wp-json\/wp\/v2\/posts"}],"about":[{"href":"https:\/\/theplayoffs.news\/fr\/wp-json\/wp\/v2\/types\/post"}],"author":[{"embeddable":true,"href":"https:\/\/theplayoffs.news\/fr\/wp-json\/wp\/v2\/users\/180310255"}],"replies":[{"embeddable":true,"href":"https:\/\/theplayoffs.news\/fr\/wp-json\/wp\/v2\/comments?post=1458585"}],"version-history":[{"count":3,"href":"https:\/\/theplayoffs.news\/fr\/wp-json\/wp\/v2\/posts\/1458585\/revisions"}],"predecessor-version":[{"id":1458599,"href":"https:\/\/theplayoffs.news\/fr\/wp-json\/wp\/v2\/posts\/1458585\/revisions\/1458599"}],"wp:featuredmedia":[{"embeddable":true,"href":"https:\/\/theplayoffs.news\/fr\/wp-json\/wp\/v2\/media\/1458595"}],"wp:attachment":[{"href":"https:\/\/theplayoffs.news\/fr\/wp-json\/wp\/v2\/media?parent=1458585"}],"wp:term":[{"taxonomy":"category","embeddable":true,"href":"https:\/\/theplayoffs.news\/fr\/wp-json\/wp\/v2\/categories?post=1458585"},{"taxonomy":"post_tag","embeddable":true,"href":"https:\/\/theplayoffs.news\/fr\/wp-json\/wp\/v2\/tags?post=1458585"},{"taxonomy":"sport","embeddable":true,"href":"https:\/\/theplayoffs.news\/fr\/wp-json\/wp\/v2\/sport?post=1458585"},{"taxonomy":"saison","embeddable":true,"href":"https:\/\/theplayoffs.news\/fr\/wp-json\/wp\/v2\/saison?post=1458585"}],"curies":[{"name":"wp","href":"https:\/\/api.w.org\/{rel}","templated":true}]}}