{"id":1458551,"date":"2024-09-20T10:45:08","date_gmt":"2024-09-20T08:45:08","guid":{"rendered":"https:\/\/theplayoffs.news\/fr\/?p=1458551"},"modified":"2024-09-20T10:45:08","modified_gmt":"2024-09-20T08:45:08","slug":"les-nets-vont-retirer-le-numero-15-de-vince-carter-le-25-janvier","status":"publish","type":"post","link":"https:\/\/theplayoffs.news\/fr\/actualite-nba\/les-nets-vont-retirer-le-numero-15-de-vince-carter-le-25-janvier\/","title":{"rendered":"Les Nets vont retirer le num\u00e9ro 15 de Vince Carter le 25 janvier"},"content":{"rendered":"<h2>Les Brooklyn Nets vont retirer le no 15 de la l&eacute;gende NBA Vince Carter. Cet &eacute;v&egrave;nement aura lieu le 25 janvier 2025 lors d&rsquo;un match &agrave; domicile face au Heat.<\/h2><p>Le maillot de Vince Carter sera le 7&egrave;me maillot retir&eacute; par les Nets dans leur histoire apr&egrave;s avoir hiss&eacute; dans les trav&eacute;es du Barclay Center le maillot de son ancien co&eacute;quipier Jason Kidd ou encore celui de Julius Erving.<\/p><p>Carter est l&rsquo;un des trois joueurs dans l&rsquo;histoire des Nets &agrave; avoir &eacute;t&eacute; s&eacute;lectionn&eacute; au All-Star Game pendant sa p&eacute;riode new-yorkaise.<\/p><blockquote class=\"twitter-tweet\" data-width=\"500\" data-dnt=\"true\">\n<p lang=\"en\" dir=\"ltr\">Come fly with us.<\/p>\n<p>The date has been set for <a href=\"https:\/\/twitter.com\/mrvincecarter15?ref_src=twsrc%5Etfw\" class=\"trk-cta-link\" data-cta-trk='{\"ctaType\":\"Link\",\"ctaSubType\":\"main\"}'>@mrvincecarter15<\/a>&rsquo;s big night! <a href=\"https:\/\/t.co\/sAJd2eY8wD\" class=\"trk-cta-link\" data-cta-trk='{\"ctaType\":\"Link\",\"ctaSubType\":\"main\"}'>pic.twitter.com\/sAJd2eY8wD<\/a><\/p>\n<p>&mdash; Brooklyn Nets (@BrooklynNets) <a href=\"https:\/\/twitter.com\/BrooklynNets\/status\/1836767212067340571?ref_src=twsrc%5Etfw\" class=\"trk-cta-link\" data-cta-trk='{\"ctaType\":\"Link\",\"ctaSubType\":\"main\"}'>September 19, 2024<\/a><\/p><\/blockquote><p><script async src=\"https:\/\/platform.twitter.com\/widgets.js\" charset=\"utf-8\"><\/script><\/p><p><a href=\"https:\/\/theplayoffs.news\/fr\/nba-basketball\/hall-of-fame-2024-vince-carter-en-tete-daffiche\/\" class=\"trk-cta-link\" data-cta-trk='{\"ctaType\":\"Link\",\"ctaSubType\":\"main\"}'>&laquo;&nbsp;Vinsanity&nbsp;&raquo; a particip&eacute; &agrave; 374 rencontres NBA avec les Nets<\/a> au cours desquelles il a inscrit en moyenne 23,6 points, 5,8 rebonds, 4,7 passes d&eacute;cisives et 1,2 interceptions par match en tirant &agrave; 44,7 % de r&eacute;ussite, dont 37 % &agrave; 3 points et 80,9 % sur la ligne des lancers francs.<\/p><p><a href=\"https:\/\/www.basketballinsiders.com\/news\/nets-to-retire-vince-carters-no-15-jersey-on-jan-25\/\" class=\"trk-cta-link\" data-cta-trk='{\"ctaType\":\"Link\",\"ctaSubType\":\"main\"}'>Carter a &eacute;galement &eacute;tabli un record de franchise<\/a> en une saison avec un total de 2070 points lors de la campagne 2006-2007.<\/p><p>Il se classe &eacute;galement troisi&egrave;me derri&egrave;re Brook Lopez et Buck Williams pour le plus grand nombre de points inscrits All-Time pour les Nets avec 8834 points en carri&egrave;re en saison r&eacute;guli&egrave;re.<\/p><p>Le martyriseur de cercle ayant particip&eacute; &agrave; 27 matchs de playoffs pour les Nets a le deuxi&egrave;me meilleur nombre de points en postseason en moyenne (26) et le quatri&egrave;me plus grand nombre de points (701) dans l&rsquo;histoire de la franchise.<\/p><p>Son CV en playoffs ne s&rsquo;arr&ecirc;te pas l&agrave;, avec ses 26 points de moyenne en playoffs pour les Nets, il se classe juste derri&egrave;re Kevin Durant.<\/p><blockquote class=\"twitter-tweet\" data-width=\"500\" data-dnt=\"true\">\n<p lang=\"en\" dir=\"ltr\">From the man himself.<\/p>\n<p>Be there &#10142; <a href=\"https:\/\/t.co\/Hn18YSjGcR\" class=\"trk-cta-link\" data-cta-trk='{\"ctaType\":\"Link\",\"ctaSubType\":\"main\"}'>https:\/\/t.co\/Hn18YSjGcR<\/a> <a href=\"https:\/\/t.co\/EPemyT68uU\" class=\"trk-cta-link\" data-cta-trk='{\"ctaType\":\"Link\",\"ctaSubType\":\"main\"}'>pic.twitter.com\/EPemyT68uU<\/a><\/p>\n<p>&mdash; Brooklyn Nets (@BrooklynNets) <a href=\"https:\/\/twitter.com\/BrooklynNets\/status\/1836769715269902387?ref_src=twsrc%5Etfw\" class=\"trk-cta-link\" data-cta-trk='{\"ctaType\":\"Link\",\"ctaSubType\":\"main\"}'>September 19, 2024<\/a><\/p><\/blockquote><p><script async src=\"https:\/\/platform.twitter.com\/widgets.js\" charset=\"utf-8\"><\/script><\/p><p>Vince Carter aura jou&eacute; en NBA pendant 22 saisons (1998-2020), une long&eacute;vit&eacute; remarquable qui lui a valu d&rsquo;&ecirc;tre intronis&eacute; au Hall of Fame en ao&ucirc;t dernier.<\/p><p>&nbsp;<\/p><p>Cr&eacute;dit Photo : &copy; Nigel Cook\/News-Journal \/ USA TODAY NETWORK<\/p>\n","protected":false},"excerpt":{"rendered":"","protected":false},"author":180310255,"featured_media":1458557,"comment_status":"open","ping_status":"closed","sticky":false,"template":"","format":"standard","meta":{"inline_featured_image":false,"kia_subtitle":"","_mux_skip_reasons":[],"proofreadBy":0,"footnotes":""},"categories":[110,10],"tags":[],"sport":[],"saison":[],"class_list":["post-1458551","post","type-post","status-publish","format-standard","has-post-thumbnail","hentry","category-actualite-nba","category-nba"],"acf":[],"yoast_head":"<!-- This site is optimized with the Yoast SEO plugin v24.2 - https:\/\/yoast.com\/wordpress\/plugins\/seo\/ -->\n<title>Les Nets vont retirer le num&eacute;ro 15 de Vince Carter le 25 janvier - The Playoffs FR<\/title>\n<meta name=\"robots\" content=\"index, follow, max-snippet:-1, max-image-preview:large, max-video-preview:-1\" \/>\n<link rel=\"canonical\" href=\"https:\/\/theplayoffs.news\/fr\/actualite-nba\/les-nets-vont-retirer-le-numero-15-de-vince-carter-le-25-janvier\/\" \/>\n<meta property=\"og:locale\" content=\"fr_FR\" \/>\n<meta property=\"og:type\" content=\"article\" \/>\n<meta property=\"og:title\" content=\"Les Nets vont retirer le num&eacute;ro 15 de Vince Carter le 25 janvier - The Playoffs FR\" \/>\n<meta property=\"og:url\" content=\"https:\/\/theplayoffs.news\/fr\/actualite-nba\/les-nets-vont-retirer-le-numero-15-de-vince-carter-le-25-janvier\/\" \/>\n<meta property=\"og:site_name\" content=\"The Playoffs FR\" \/>\n<meta property=\"article:publisher\" content=\"https:\/\/www.facebook.com\/TheFreeAgentFR\/\" \/>\n<meta property=\"article:modified_time\" content=\"2024-09-20T10:45:08+02:00\" \/>\n<meta property=\"og:image\" content=\"https:\/\/theplayoffs.news\/fr\/wp-content\/uploads\/2024\/09\/USATSI_21064592.jpg\" \/>\n\t<meta property=\"og:image:width\" content=\"1920\" \/>\n\t<meta property=\"og:image:height\" content=\"1311\" \/>\n\t<meta property=\"og:image:type\" content=\"image\/jpeg\" \/>\n<meta name=\"author\" content=\"Elouan Girard\" \/>\n<meta name=\"twitter:card\" content=\"summary_large_image\" \/>\n<meta name=\"twitter:creator\" content=\"@TheFreeAgentFR\" \/>\n<meta name=\"twitter:site\" content=\"@TheFreeAgentFR\" \/>\n<meta name=\"twitter:label1\" content=\"\u00c9crit par\" \/>\n\t<meta name=\"twitter:data1\" content=\"Elouan Girard\" \/>\n\t<meta name=\"twitter:label2\" content=\"Dur\u00e9e de lecture estim\u00e9e\" \/>\n\t<meta name=\"twitter:data2\" content=\"2 minutes\" \/>\n<script type=\"application\/ld+json\" class=\"yoast-schema-graph\">{\"@context\":\"https:\/\/schema.org\",\"@graph\":[{\"@type\":\"WebPage\",\"@id\":\"https:\/\/theplayoffs.news\/fr\/actualite-nba\/les-nets-vont-retirer-le-numero-15-de-vince-carter-le-25-janvier\/\",\"url\":\"https:\/\/theplayoffs.news\/fr\/actualite-nba\/les-nets-vont-retirer-le-numero-15-de-vince-carter-le-25-janvier\/\",\"name\":\"Les Nets vont retirer le num\u00e9ro 15 de Vince Carter le 25 janvier - The Playoffs FR\",\"isPartOf\":{\"@id\":\"https:\/\/theplayoffs.news\/fr\/#website\"},\"primaryImageOfPage\":{\"@id\":\"https:\/\/theplayoffs.news\/fr\/actualite-nba\/les-nets-vont-retirer-le-numero-15-de-vince-carter-le-25-janvier\/#primaryimage\"},\"image\":{\"@id\":\"https:\/\/theplayoffs.news\/fr\/actualite-nba\/les-nets-vont-retirer-le-numero-15-de-vince-carter-le-25-janvier\/#primaryimage\"},\"thumbnailUrl\":\"https:\/\/theplayoffs.news\/fr\/wp-content\/uploads\/2024\/09\/USATSI_21064592.jpg\",\"datePublished\":\"2024-09-20T08:45:08+00:00\",\"dateModified\":\"2024-09-20T08:45:08+00:00\",\"author\":{\"@id\":\"https:\/\/theplayoffs.news\/fr\/#\/schema\/person\/6c4db0b49aa9ade4e6a3ddef3b2842a8\"},\"breadcrumb\":{\"@id\":\"https:\/\/theplayoffs.news\/fr\/actualite-nba\/les-nets-vont-retirer-le-numero-15-de-vince-carter-le-25-janvier\/#breadcrumb\"},\"inLanguage\":\"fr-FR\",\"potentialAction\":[{\"@type\":\"ReadAction\",\"target\":[\"https:\/\/theplayoffs.news\/fr\/actualite-nba\/les-nets-vont-retirer-le-numero-15-de-vince-carter-le-25-janvier\/\"]}]},{\"@type\":\"ImageObject\",\"inLanguage\":\"fr-FR\",\"@id\":\"https:\/\/theplayoffs.news\/fr\/actualite-nba\/les-nets-vont-retirer-le-numero-15-de-vince-carter-le-25-janvier\/#primaryimage\",\"url\":\"https:\/\/theplayoffs.news\/fr\/wp-content\/uploads\/2024\/09\/USATSI_21064592.jpg\",\"contentUrl\":\"https:\/\/theplayoffs.news\/fr\/wp-content\/uploads\/2024\/09\/USATSI_21064592.jpg\",\"width\":1920,\"height\":1311,\"caption\":\"Vince Carter Youth Basketball Academy at Mainland High School in Daytona Beach, Friday, July 21, 2023.\"},{\"@type\":\"BreadcrumbList\",\"@id\":\"https:\/\/theplayoffs.news\/fr\/actualite-nba\/les-nets-vont-retirer-le-numero-15-de-vince-carter-le-25-janvier\/#breadcrumb\",\"itemListElement\":[{\"@type\":\"ListItem\",\"position\":1,\"name\":\"Accueil\",\"item\":\"https:\/\/theplayoffs.news\/fr\/\"},{\"@type\":\"ListItem\",\"position\":2,\"name\":\"Les Nets vont retirer le num\u00e9ro 15 de Vince Carter le 25 janvier\"}]},{\"@type\":\"WebSite\",\"@id\":\"https:\/\/theplayoffs.news\/fr\/#website\",\"url\":\"https:\/\/theplayoffs.news\/fr\/\",\"name\":\"The Playoffs FR\",\"description\":\"NBA-NFL-NHL-MLB\",\"potentialAction\":[{\"@type\":\"SearchAction\",\"target\":{\"@type\":\"EntryPoint\",\"urlTemplate\":\"https:\/\/theplayoffs.news\/fr\/?s={search_term_string}\"},\"query-input\":{\"@type\":\"PropertyValueSpecification\",\"valueRequired\":true,\"valueName\":\"search_term_string\"}}],\"inLanguage\":\"fr-FR\"},{\"@type\":\"Person\",\"@id\":\"https:\/\/theplayoffs.news\/fr\/#\/schema\/person\/6c4db0b49aa9ade4e6a3ddef3b2842a8\",\"name\":\"Elouan Girard\",\"image\":{\"@type\":\"ImageObject\",\"inLanguage\":\"fr-FR\",\"@id\":\"https:\/\/theplayoffs.news\/fr\/#\/schema\/person\/image\/\",\"url\":\"https:\/\/secure.gravatar.com\/avatar\/230f939104da8456d40e879fa1d9fc19f13fb1470c5c2b6b1cb611f0f579870b?s=96&d=mm&r=g\",\"contentUrl\":\"https:\/\/secure.gravatar.com\/avatar\/230f939104da8456d40e879fa1d9fc19f13fb1470c5c2b6b1cb611f0f579870b?s=96&d=mm&r=g\",\"caption\":\"Elouan Girard\"},\"url\":\"https:\/\/theplayoffs.news\/fr\/author\/elou-girard59gmail-com\/\"}]}<\/script>\n<!-- \/ Yoast SEO plugin. -->","yoast_head_json":{"title":"Les Nets vont retirer le num&eacute;ro 15 de Vince Carter le 25 janvier - The Playoffs FR","robots":{"index":"index","follow":"follow","max-snippet":"max-snippet:-1","max-image-preview":"max-image-preview:large","max-video-preview":"max-video-preview:-1"},"canonical":"https:\/\/theplayoffs.news\/fr\/actualite-nba\/les-nets-vont-retirer-le-numero-15-de-vince-carter-le-25-janvier\/","og_locale":"fr_FR","og_type":"article","og_title":"Les Nets vont retirer le num&eacute;ro 15 de Vince Carter le 25 janvier - The Playoffs FR","og_url":"https:\/\/theplayoffs.news\/fr\/actualite-nba\/les-nets-vont-retirer-le-numero-15-de-vince-carter-le-25-janvier\/","og_site_name":"The Playoffs FR","article_publisher":"https:\/\/www.facebook.com\/TheFreeAgentFR\/","og_image":[{"width":1920,"height":1311,"url":"https:\/\/theplayoffs.news\/fr\/wp-content\/uploads\/2024\/09\/USATSI_21064592.jpg","type":"image\/jpeg"}],"author":"Elouan Girard","twitter_card":"summary_large_image","twitter_creator":"@TheFreeAgentFR","twitter_site":"@TheFreeAgentFR","twitter_misc":{"\u00c9crit par":"Elouan Girard","Dur\u00e9e de lecture estim\u00e9e":"2 minutes"},"schema":{"@context":"https:\/\/schema.org","@graph":[{"@type":"WebPage","@id":"https:\/\/theplayoffs.news\/fr\/actualite-nba\/les-nets-vont-retirer-le-numero-15-de-vince-carter-le-25-janvier\/","url":"https:\/\/theplayoffs.news\/fr\/actualite-nba\/les-nets-vont-retirer-le-numero-15-de-vince-carter-le-25-janvier\/","name":"Les Nets vont retirer le num\u00e9ro 15 de Vince Carter le 25 janvier - The Playoffs FR","isPartOf":{"@id":"https:\/\/theplayoffs.news\/fr\/#website"},"primaryImageOfPage":{"@id":"https:\/\/theplayoffs.news\/fr\/actualite-nba\/les-nets-vont-retirer-le-numero-15-de-vince-carter-le-25-janvier\/#primaryimage"},"image":{"@id":"https:\/\/theplayoffs.news\/fr\/actualite-nba\/les-nets-vont-retirer-le-numero-15-de-vince-carter-le-25-janvier\/#primaryimage"},"thumbnailUrl":"https:\/\/theplayoffs.news\/fr\/wp-content\/uploads\/2024\/09\/USATSI_21064592.jpg","datePublished":"2024-09-20T08:45:08+00:00","dateModified":"2024-09-20T08:45:08+00:00","author":{"@id":"https:\/\/theplayoffs.news\/fr\/#\/schema\/person\/6c4db0b49aa9ade4e6a3ddef3b2842a8"},"breadcrumb":{"@id":"https:\/\/theplayoffs.news\/fr\/actualite-nba\/les-nets-vont-retirer-le-numero-15-de-vince-carter-le-25-janvier\/#breadcrumb"},"inLanguage":"fr-FR","potentialAction":[{"@type":"ReadAction","target":["https:\/\/theplayoffs.news\/fr\/actualite-nba\/les-nets-vont-retirer-le-numero-15-de-vince-carter-le-25-janvier\/"]}]},{"@type":"ImageObject","inLanguage":"fr-FR","@id":"https:\/\/theplayoffs.news\/fr\/actualite-nba\/les-nets-vont-retirer-le-numero-15-de-vince-carter-le-25-janvier\/#primaryimage","url":"https:\/\/theplayoffs.news\/fr\/wp-content\/uploads\/2024\/09\/USATSI_21064592.jpg","contentUrl":"https:\/\/theplayoffs.news\/fr\/wp-content\/uploads\/2024\/09\/USATSI_21064592.jpg","width":1920,"height":1311,"caption":"Vince Carter Youth Basketball Academy at Mainland High School in Daytona Beach, Friday, July 21, 2023."},{"@type":"BreadcrumbList","@id":"https:\/\/theplayoffs.news\/fr\/actualite-nba\/les-nets-vont-retirer-le-numero-15-de-vince-carter-le-25-janvier\/#breadcrumb","itemListElement":[{"@type":"ListItem","position":1,"name":"Accueil","item":"https:\/\/theplayoffs.news\/fr\/"},{"@type":"ListItem","position":2,"name":"Les Nets vont retirer le num\u00e9ro 15 de Vince Carter le 25 janvier"}]},{"@type":"WebSite","@id":"https:\/\/theplayoffs.news\/fr\/#website","url":"https:\/\/theplayoffs.news\/fr\/","name":"The Playoffs FR","description":"NBA-NFL-NHL-MLB","potentialAction":[{"@type":"SearchAction","target":{"@type":"EntryPoint","urlTemplate":"https:\/\/theplayoffs.news\/fr\/?s={search_term_string}"},"query-input":{"@type":"PropertyValueSpecification","valueRequired":true,"valueName":"search_term_string"}}],"inLanguage":"fr-FR"},{"@type":"Person","@id":"https:\/\/theplayoffs.news\/fr\/#\/schema\/person\/6c4db0b49aa9ade4e6a3ddef3b2842a8","name":"Elouan Girard","image":{"@type":"ImageObject","inLanguage":"fr-FR","@id":"https:\/\/theplayoffs.news\/fr\/#\/schema\/person\/image\/","url":"https:\/\/secure.gravatar.com\/avatar\/230f939104da8456d40e879fa1d9fc19f13fb1470c5c2b6b1cb611f0f579870b?s=96&d=mm&r=g","contentUrl":"https:\/\/secure.gravatar.com\/avatar\/230f939104da8456d40e879fa1d9fc19f13fb1470c5c2b6b1cb611f0f579870b?s=96&d=mm&r=g","caption":"Elouan Girard"},"url":"https:\/\/theplayoffs.news\/fr\/author\/elou-girard59gmail-com\/"}]}},"_links":{"self":[{"href":"https:\/\/theplayoffs.news\/fr\/wp-json\/wp\/v2\/posts\/1458551","targetHints":{"allow":["GET"]}}],"collection":[{"href":"https:\/\/theplayoffs.news\/fr\/wp-json\/wp\/v2\/posts"}],"about":[{"href":"https:\/\/theplayoffs.news\/fr\/wp-json\/wp\/v2\/types\/post"}],"author":[{"embeddable":true,"href":"https:\/\/theplayoffs.news\/fr\/wp-json\/wp\/v2\/users\/180310255"}],"replies":[{"embeddable":true,"href":"https:\/\/theplayoffs.news\/fr\/wp-json\/wp\/v2\/comments?post=1458551"}],"version-history":[{"count":1,"href":"https:\/\/theplayoffs.news\/fr\/wp-json\/wp\/v2\/posts\/1458551\/revisions"}],"predecessor-version":[{"id":1458558,"href":"https:\/\/theplayoffs.news\/fr\/wp-json\/wp\/v2\/posts\/1458551\/revisions\/1458558"}],"wp:featuredmedia":[{"embeddable":true,"href":"https:\/\/theplayoffs.news\/fr\/wp-json\/wp\/v2\/media\/1458557"}],"wp:attachment":[{"href":"https:\/\/theplayoffs.news\/fr\/wp-json\/wp\/v2\/media?parent=1458551"}],"wp:term":[{"taxonomy":"category","embeddable":true,"href":"https:\/\/theplayoffs.news\/fr\/wp-json\/wp\/v2\/categories?post=1458551"},{"taxonomy":"post_tag","embeddable":true,"href":"https:\/\/theplayoffs.news\/fr\/wp-json\/wp\/v2\/tags?post=1458551"},{"taxonomy":"sport","embeddable":true,"href":"https:\/\/theplayoffs.news\/fr\/wp-json\/wp\/v2\/sport?post=1458551"},{"taxonomy":"saison","embeddable":true,"href":"https:\/\/theplayoffs.news\/fr\/wp-json\/wp\/v2\/saison?post=1458551"}],"curies":[{"name":"wp","href":"https:\/\/api.w.org\/{rel}","templated":true}]}}