{"id":1458550,"date":"2024-09-20T10:26:45","date_gmt":"2024-09-20T08:26:45","guid":{"rendered":"https:\/\/theplayoffs.news\/fr\/?p=1458550"},"modified":"2024-09-20T10:26:45","modified_gmt":"2024-09-20T08:26:45","slug":"derek-carr-amende-michael-jackson","status":"publish","type":"post","link":"https:\/\/theplayoffs.news\/fr\/actualite-nfl\/derek-carr-amende-michael-jackson\/","title":{"rendered":"Derek Carr sanctionn\u00e9 financi\u00e8rement pour sa c\u00e9l\u00e9bration &lsquo;Michael Jackson&rsquo;"},"content":{"rendered":"<h2>NFL &ndash; Le quarterback des New Orleans Saints, Derek Carr, a re&ccedil;u une amende pour avoir c&eacute;l&eacute;br&eacute; son touchdown de mani&egrave;re non ad&eacute;quate aux yeux de la NFL.<\/h2><p>La NFL n&rsquo;aime pas la danse! Ou en tout cas, elle n&rsquo;aime pas la danse pratiqu&eacute;e par Derek Carr lors de la victoire des Saints de la Nouvelle-Orl&eacute;ans sur le terrain des Dallas Cowboys (<a href=\"https:\/\/theplayoffs.news\/fr\/nfl\/nfl-week-2-la-confirmation-pour-les-saints-de-la-nouvelle-orleans-44-19\/\" class=\"trk-cta-link\" data-cta-trk='{\"ctaType\":\"Link\",\"ctaSubType\":\"main\"}'>44-19<\/a>). D&rsquo;apr&egrave;s des sources proches de la franchise de la Nouvelle-Orl&eacute;ans, le quarterback devra s&rsquo;acquitter d&rsquo;une amende de 14 000 dollars pour une c&eacute;l&eacute;bration imitant Michael Jackson jug&eacute;e excessive et inappropri&eacute;e pour les instances de la NFL. Un comble lorsque l&rsquo;on sait que cette m&ecirc;me NFL avait programm&eacute; Michael Jackson en show de la mi-temps du Super Bowl XXVII. Un autre temps&hellip;<\/p><p>Repla&ccedil;ons quelque peu cette &laquo;&nbsp;affaire&nbsp;&raquo; Derek Carr dans le contexte! Les Saints de la Nouvelle-Orl&eacute;ans &eacute;taient en plein milieu d&rsquo;un v&eacute;ritable r&eacute;cital offensif lorsque Carr d&eacute;cide d&rsquo;aller inscrire lui-m&ecirc;me son propre touchdown pour permettre aux Saints de mener 35-16 &agrave; la mi-temps. Le quarterback de la franchise de Louisiane se rel&egrave;ve et danse quelques secondes notamment en effectuant <a href=\"https:\/\/twitter.com\/NFL_DovKleiman\/status\/1836816941530698162\" class=\"trk-cta-link\" data-cta-trk='{\"ctaType\":\"Link\",\"ctaSubType\":\"main\"}'>l&rsquo;un des gestes iconiques de Michael Jackson<\/a> que l&rsquo;on vous laisse appr&eacute;cier en vid&eacute;o. Un geste qui n&rsquo;aura donc pas plu &agrave; la NFL!<\/p><blockquote class=\"twitter-tweet\" data-width=\"500\" data-dnt=\"true\">\n<p lang=\"en\" dir=\"ltr\">The <a href=\"https:\/\/twitter.com\/hashtag\/NFL?src=hash&amp;ref_src=twsrc%5Etfw\" class=\"trk-cta-link\" data-cta-trk='{\"ctaType\":\"Link\",\"ctaSubType\":\"main\"}'>#NFL<\/a> has fined <a href=\"https:\/\/twitter.com\/hashtag\/Saints?src=hash&amp;ref_src=twsrc%5Etfw\" class=\"trk-cta-link\" data-cta-trk='{\"ctaType\":\"Link\",\"ctaSubType\":\"main\"}'>#Saints<\/a> QB Derek Carr $14,000 for his touchdown celebration imitating Michael Jackson's iconic crotch grab.<\/p>\n<p>No Fun League&hellip; <a href=\"https:\/\/t.co\/Qm3flRgvMC\" class=\"trk-cta-link\" data-cta-trk='{\"ctaType\":\"Link\",\"ctaSubType\":\"main\"}'>pic.twitter.com\/Qm3flRgvMC<\/a><\/p>\n<p>&mdash; Dov Kleiman (@NFL_DovKleiman) <a href=\"https:\/\/twitter.com\/NFL_DovKleiman\/status\/1836816941530698162?ref_src=twsrc%5Etfw\" class=\"trk-cta-link\" data-cta-trk='{\"ctaType\":\"Link\",\"ctaSubType\":\"main\"}'>September 19, 2024<\/a><\/p><\/blockquote><p><script async src=\"https:\/\/platform.twitter.com\/widgets.js\" charset=\"utf-8\"><\/script><\/p><p>Si jamais Derek Carr souhaite n&eacute;anmoins continuer &agrave; danser du Michael Jackson pendant des matchs de football am&eacute;ricain, nous ne pouvons que lui sugg&eacute;rer de rejoindre les Paris Musketeers pour un duo enflamm&eacute; dans la endzone avec Florian Larose, le sp&eacute;cialiste parisien de la c&eacute;l&eacute;bration &laquo;&nbsp;Michael Jackson&nbsp;&raquo;!<\/p><p><em>Cr&eacute;dit photo: Kevin Jairaj-Imagn Images<\/em><\/p>\n","protected":false},"excerpt":{"rendered":"","protected":false},"author":180309964,"featured_media":1458552,"comment_status":"open","ping_status":"closed","sticky":false,"template":"","format":"standard","meta":{"inline_featured_image":false,"kia_subtitle":"","_mux_skip_reasons":[],"proofreadBy":0,"footnotes":""},"categories":[118,40],"tags":[956,994],"sport":[2785],"saison":[6111],"class_list":["post-1458550","post","type-post","status-publish","format-standard","has-post-thumbnail","hentry","category-actualite-nfl","category-nfl","tag-derek-carr","tag-new-orleans-saints","sport-nfl","saison-6111"],"acf":[],"yoast_head":"<!-- This site is optimized with the Yoast SEO plugin v24.2 - https:\/\/yoast.com\/wordpress\/plugins\/seo\/ -->\n<title>Derek Carr sanctionn&eacute; financi&egrave;rement pour sa c&eacute;l&eacute;bration &#039;Michael Jackson&#039; - The Playoffs FR<\/title>\n<meta name=\"robots\" content=\"index, follow, max-snippet:-1, max-image-preview:large, max-video-preview:-1\" \/>\n<link rel=\"canonical\" href=\"https:\/\/theplayoffs.news\/fr\/actualite-nfl\/derek-carr-amende-michael-jackson\/\" \/>\n<meta property=\"og:locale\" content=\"fr_FR\" \/>\n<meta property=\"og:type\" content=\"article\" \/>\n<meta property=\"og:title\" content=\"Derek Carr sanctionn&eacute; financi&egrave;rement pour sa c&eacute;l&eacute;bration &#039;Michael Jackson&#039; - The Playoffs FR\" \/>\n<meta property=\"og:url\" content=\"https:\/\/theplayoffs.news\/fr\/actualite-nfl\/derek-carr-amende-michael-jackson\/\" \/>\n<meta property=\"og:site_name\" content=\"The Playoffs FR\" \/>\n<meta property=\"article:publisher\" content=\"https:\/\/www.facebook.com\/TheFreeAgentFR\/\" \/>\n<meta property=\"article:modified_time\" content=\"2024-09-20T10:26:45+02:00\" \/>\n<meta property=\"og:image\" content=\"https:\/\/theplayoffs.news\/fr\/wp-content\/uploads\/2024\/09\/USATSI_24242831.jpg\" \/>\n\t<meta property=\"og:image:width\" content=\"1920\" \/>\n\t<meta property=\"og:image:height\" content=\"1243\" \/>\n\t<meta property=\"og:image:type\" content=\"image\/jpeg\" \/>\n<meta name=\"author\" content=\"Flavien Jumeau\" \/>\n<meta name=\"twitter:card\" content=\"summary_large_image\" \/>\n<meta name=\"twitter:creator\" content=\"@TheFreeAgentFR\" \/>\n<meta name=\"twitter:site\" content=\"@TheFreeAgentFR\" \/>\n<meta name=\"twitter:label1\" content=\"\u00c9crit par\" \/>\n\t<meta name=\"twitter:data1\" content=\"Flavien Jumeau\" \/>\n\t<meta name=\"twitter:label2\" content=\"Dur\u00e9e de lecture estim\u00e9e\" \/>\n\t<meta name=\"twitter:data2\" content=\"1 minute\" \/>\n<script type=\"application\/ld+json\" class=\"yoast-schema-graph\">{\"@context\":\"https:\/\/schema.org\",\"@graph\":[{\"@type\":\"WebPage\",\"@id\":\"https:\/\/theplayoffs.news\/fr\/actualite-nfl\/derek-carr-amende-michael-jackson\/\",\"url\":\"https:\/\/theplayoffs.news\/fr\/actualite-nfl\/derek-carr-amende-michael-jackson\/\",\"name\":\"Derek Carr sanctionn\u00e9 financi\u00e8rement pour sa c\u00e9l\u00e9bration \\\\'Michael Jackson\\\\' - The Playoffs FR\",\"isPartOf\":{\"@id\":\"https:\/\/theplayoffs.news\/fr\/#website\"},\"primaryImageOfPage\":{\"@id\":\"https:\/\/theplayoffs.news\/fr\/actualite-nfl\/derek-carr-amende-michael-jackson\/#primaryimage\"},\"image\":{\"@id\":\"https:\/\/theplayoffs.news\/fr\/actualite-nfl\/derek-carr-amende-michael-jackson\/#primaryimage\"},\"thumbnailUrl\":\"https:\/\/theplayoffs.news\/fr\/wp-content\/uploads\/2024\/09\/USATSI_24242831.jpg\",\"datePublished\":\"2024-09-20T08:26:45+00:00\",\"dateModified\":\"2024-09-20T08:26:45+00:00\",\"author\":{\"@id\":\"https:\/\/theplayoffs.news\/fr\/#\/schema\/person\/def63bc6746dc5957469b75feb99e66d\"},\"breadcrumb\":{\"@id\":\"https:\/\/theplayoffs.news\/fr\/actualite-nfl\/derek-carr-amende-michael-jackson\/#breadcrumb\"},\"inLanguage\":\"fr-FR\",\"potentialAction\":[{\"@type\":\"ReadAction\",\"target\":[\"https:\/\/theplayoffs.news\/fr\/actualite-nfl\/derek-carr-amende-michael-jackson\/\"]}]},{\"@type\":\"ImageObject\",\"inLanguage\":\"fr-FR\",\"@id\":\"https:\/\/theplayoffs.news\/fr\/actualite-nfl\/derek-carr-amende-michael-jackson\/#primaryimage\",\"url\":\"https:\/\/theplayoffs.news\/fr\/wp-content\/uploads\/2024\/09\/USATSI_24242831.jpg\",\"contentUrl\":\"https:\/\/theplayoffs.news\/fr\/wp-content\/uploads\/2024\/09\/USATSI_24242831.jpg\",\"width\":1920,\"height\":1243,\"caption\":\"Sep 15, 2024; Arlington, Texas, USA; New Orleans Saints quarterback Derek Carr (4) celebrates after scoring a touchdown during the first half against the Dallas Cowboys at AT&amp;T Stadium. Mandatory Credit: Kevin Jairaj-Imagn Images\"},{\"@type\":\"BreadcrumbList\",\"@id\":\"https:\/\/theplayoffs.news\/fr\/actualite-nfl\/derek-carr-amende-michael-jackson\/#breadcrumb\",\"itemListElement\":[{\"@type\":\"ListItem\",\"position\":1,\"name\":\"Accueil\",\"item\":\"https:\/\/theplayoffs.news\/fr\/\"},{\"@type\":\"ListItem\",\"position\":2,\"name\":\"Derek Carr sanctionn\u00e9 financi\u00e8rement pour sa c\u00e9l\u00e9bration &lsquo;Michael Jackson&rsquo;\"}]},{\"@type\":\"WebSite\",\"@id\":\"https:\/\/theplayoffs.news\/fr\/#website\",\"url\":\"https:\/\/theplayoffs.news\/fr\/\",\"name\":\"The Playoffs FR\",\"description\":\"NBA-NFL-NHL-MLB\",\"potentialAction\":[{\"@type\":\"SearchAction\",\"target\":{\"@type\":\"EntryPoint\",\"urlTemplate\":\"https:\/\/theplayoffs.news\/fr\/?s={search_term_string}\"},\"query-input\":{\"@type\":\"PropertyValueSpecification\",\"valueRequired\":true,\"valueName\":\"search_term_string\"}}],\"inLanguage\":\"fr-FR\"},{\"@type\":\"Person\",\"@id\":\"https:\/\/theplayoffs.news\/fr\/#\/schema\/person\/def63bc6746dc5957469b75feb99e66d\",\"name\":\"Flavien Jumeau\",\"image\":{\"@type\":\"ImageObject\",\"inLanguage\":\"fr-FR\",\"@id\":\"https:\/\/theplayoffs.news\/fr\/#\/schema\/person\/image\/\",\"url\":\"https:\/\/secure.gravatar.com\/avatar\/e7fa8ba5a4b7e4ce35fe152f083f352db28ad0acce692004ed88a7a7d78893f7?s=96&d=mm&r=g\",\"contentUrl\":\"https:\/\/secure.gravatar.com\/avatar\/e7fa8ba5a4b7e4ce35fe152f083f352db28ad0acce692004ed88a7a7d78893f7?s=96&d=mm&r=g\",\"caption\":\"Flavien Jumeau\"},\"description\":\"Amoureux du sport (et de vraiment tous les sports) depuis mon plus jeune \u00e2ge, j\u2019ai longtemps h\u00e9site entre le snooker et le curling. Finalement c\u2019est le foot US que j\u2019ai d\u00e9cid\u00e9 de choisir! Responsable foot US sur TPO et animateur du podcast Tailgate j\u2019ai pour mission de vous faire d\u00e9couvrir ce sport passionnant si ce n\u2019est pas encore fait et de vous donner les derni\u00e8res actus. Le tout dans la bonne humeur et avec toujours un jeu de mots ou deux savamment distill\u00e9s! Fan des Saints, pour moi Drew Brees est le vrai GOAT!\",\"url\":\"https:\/\/theplayoffs.news\/fr\/author\/flavien-jumeaugmail-com\/\"}]}<\/script>\n<!-- \/ Yoast SEO plugin. -->","yoast_head_json":{"title":"Derek Carr sanctionn&eacute; financi&egrave;rement pour sa c&eacute;l&eacute;bration &#039;Michael Jackson&#039; - The Playoffs FR","robots":{"index":"index","follow":"follow","max-snippet":"max-snippet:-1","max-image-preview":"max-image-preview:large","max-video-preview":"max-video-preview:-1"},"canonical":"https:\/\/theplayoffs.news\/fr\/actualite-nfl\/derek-carr-amende-michael-jackson\/","og_locale":"fr_FR","og_type":"article","og_title":"Derek Carr sanctionn&eacute; financi&egrave;rement pour sa c&eacute;l&eacute;bration &#039;Michael Jackson&#039; - The Playoffs FR","og_url":"https:\/\/theplayoffs.news\/fr\/actualite-nfl\/derek-carr-amende-michael-jackson\/","og_site_name":"The Playoffs FR","article_publisher":"https:\/\/www.facebook.com\/TheFreeAgentFR\/","og_image":[{"width":1920,"height":1243,"url":"https:\/\/theplayoffs.news\/fr\/wp-content\/uploads\/2024\/09\/USATSI_24242831.jpg","type":"image\/jpeg"}],"author":"Flavien Jumeau","twitter_card":"summary_large_image","twitter_creator":"@TheFreeAgentFR","twitter_site":"@TheFreeAgentFR","twitter_misc":{"\u00c9crit par":"Flavien Jumeau","Dur\u00e9e de lecture estim\u00e9e":"1 minute"},"schema":{"@context":"https:\/\/schema.org","@graph":[{"@type":"WebPage","@id":"https:\/\/theplayoffs.news\/fr\/actualite-nfl\/derek-carr-amende-michael-jackson\/","url":"https:\/\/theplayoffs.news\/fr\/actualite-nfl\/derek-carr-amende-michael-jackson\/","name":"Derek Carr sanctionn\u00e9 financi\u00e8rement pour sa c\u00e9l\u00e9bration \\'Michael Jackson\\' - The Playoffs FR","isPartOf":{"@id":"https:\/\/theplayoffs.news\/fr\/#website"},"primaryImageOfPage":{"@id":"https:\/\/theplayoffs.news\/fr\/actualite-nfl\/derek-carr-amende-michael-jackson\/#primaryimage"},"image":{"@id":"https:\/\/theplayoffs.news\/fr\/actualite-nfl\/derek-carr-amende-michael-jackson\/#primaryimage"},"thumbnailUrl":"https:\/\/theplayoffs.news\/fr\/wp-content\/uploads\/2024\/09\/USATSI_24242831.jpg","datePublished":"2024-09-20T08:26:45+00:00","dateModified":"2024-09-20T08:26:45+00:00","author":{"@id":"https:\/\/theplayoffs.news\/fr\/#\/schema\/person\/def63bc6746dc5957469b75feb99e66d"},"breadcrumb":{"@id":"https:\/\/theplayoffs.news\/fr\/actualite-nfl\/derek-carr-amende-michael-jackson\/#breadcrumb"},"inLanguage":"fr-FR","potentialAction":[{"@type":"ReadAction","target":["https:\/\/theplayoffs.news\/fr\/actualite-nfl\/derek-carr-amende-michael-jackson\/"]}]},{"@type":"ImageObject","inLanguage":"fr-FR","@id":"https:\/\/theplayoffs.news\/fr\/actualite-nfl\/derek-carr-amende-michael-jackson\/#primaryimage","url":"https:\/\/theplayoffs.news\/fr\/wp-content\/uploads\/2024\/09\/USATSI_24242831.jpg","contentUrl":"https:\/\/theplayoffs.news\/fr\/wp-content\/uploads\/2024\/09\/USATSI_24242831.jpg","width":1920,"height":1243,"caption":"Sep 15, 2024; Arlington, Texas, USA; New Orleans Saints quarterback Derek Carr (4) celebrates after scoring a touchdown during the first half against the Dallas Cowboys at AT&amp;T Stadium. Mandatory Credit: Kevin Jairaj-Imagn Images"},{"@type":"BreadcrumbList","@id":"https:\/\/theplayoffs.news\/fr\/actualite-nfl\/derek-carr-amende-michael-jackson\/#breadcrumb","itemListElement":[{"@type":"ListItem","position":1,"name":"Accueil","item":"https:\/\/theplayoffs.news\/fr\/"},{"@type":"ListItem","position":2,"name":"Derek Carr sanctionn\u00e9 financi\u00e8rement pour sa c\u00e9l\u00e9bration &lsquo;Michael Jackson&rsquo;"}]},{"@type":"WebSite","@id":"https:\/\/theplayoffs.news\/fr\/#website","url":"https:\/\/theplayoffs.news\/fr\/","name":"The Playoffs FR","description":"NBA-NFL-NHL-MLB","potentialAction":[{"@type":"SearchAction","target":{"@type":"EntryPoint","urlTemplate":"https:\/\/theplayoffs.news\/fr\/?s={search_term_string}"},"query-input":{"@type":"PropertyValueSpecification","valueRequired":true,"valueName":"search_term_string"}}],"inLanguage":"fr-FR"},{"@type":"Person","@id":"https:\/\/theplayoffs.news\/fr\/#\/schema\/person\/def63bc6746dc5957469b75feb99e66d","name":"Flavien Jumeau","image":{"@type":"ImageObject","inLanguage":"fr-FR","@id":"https:\/\/theplayoffs.news\/fr\/#\/schema\/person\/image\/","url":"https:\/\/secure.gravatar.com\/avatar\/e7fa8ba5a4b7e4ce35fe152f083f352db28ad0acce692004ed88a7a7d78893f7?s=96&d=mm&r=g","contentUrl":"https:\/\/secure.gravatar.com\/avatar\/e7fa8ba5a4b7e4ce35fe152f083f352db28ad0acce692004ed88a7a7d78893f7?s=96&d=mm&r=g","caption":"Flavien Jumeau"},"description":"Amoureux du sport (et de vraiment tous les sports) depuis mon plus jeune \u00e2ge, j\u2019ai longtemps h\u00e9site entre le snooker et le curling. Finalement c\u2019est le foot US que j\u2019ai d\u00e9cid\u00e9 de choisir! Responsable foot US sur TPO et animateur du podcast Tailgate j\u2019ai pour mission de vous faire d\u00e9couvrir ce sport passionnant si ce n\u2019est pas encore fait et de vous donner les derni\u00e8res actus. Le tout dans la bonne humeur et avec toujours un jeu de mots ou deux savamment distill\u00e9s! Fan des Saints, pour moi Drew Brees est le vrai GOAT!","url":"https:\/\/theplayoffs.news\/fr\/author\/flavien-jumeaugmail-com\/"}]}},"_links":{"self":[{"href":"https:\/\/theplayoffs.news\/fr\/wp-json\/wp\/v2\/posts\/1458550","targetHints":{"allow":["GET"]}}],"collection":[{"href":"https:\/\/theplayoffs.news\/fr\/wp-json\/wp\/v2\/posts"}],"about":[{"href":"https:\/\/theplayoffs.news\/fr\/wp-json\/wp\/v2\/types\/post"}],"author":[{"embeddable":true,"href":"https:\/\/theplayoffs.news\/fr\/wp-json\/wp\/v2\/users\/180309964"}],"replies":[{"embeddable":true,"href":"https:\/\/theplayoffs.news\/fr\/wp-json\/wp\/v2\/comments?post=1458550"}],"version-history":[{"count":2,"href":"https:\/\/theplayoffs.news\/fr\/wp-json\/wp\/v2\/posts\/1458550\/revisions"}],"predecessor-version":[{"id":1458555,"href":"https:\/\/theplayoffs.news\/fr\/wp-json\/wp\/v2\/posts\/1458550\/revisions\/1458555"}],"wp:featuredmedia":[{"embeddable":true,"href":"https:\/\/theplayoffs.news\/fr\/wp-json\/wp\/v2\/media\/1458552"}],"wp:attachment":[{"href":"https:\/\/theplayoffs.news\/fr\/wp-json\/wp\/v2\/media?parent=1458550"}],"wp:term":[{"taxonomy":"category","embeddable":true,"href":"https:\/\/theplayoffs.news\/fr\/wp-json\/wp\/v2\/categories?post=1458550"},{"taxonomy":"post_tag","embeddable":true,"href":"https:\/\/theplayoffs.news\/fr\/wp-json\/wp\/v2\/tags?post=1458550"},{"taxonomy":"sport","embeddable":true,"href":"https:\/\/theplayoffs.news\/fr\/wp-json\/wp\/v2\/sport?post=1458550"},{"taxonomy":"saison","embeddable":true,"href":"https:\/\/theplayoffs.news\/fr\/wp-json\/wp\/v2\/saison?post=1458550"}],"curies":[{"name":"wp","href":"https:\/\/api.w.org\/{rel}","templated":true}]}}