{"id":1457936,"date":"2024-09-17T16:38:34","date_gmt":"2024-09-17T14:38:34","guid":{"rendered":"https:\/\/theplayoffs.news\/fr\/?p=1457936"},"modified":"2024-09-17T16:38:34","modified_gmt":"2024-09-17T14:38:34","slug":"cooper-kupp-absent-periode-de-temps-etendue","status":"publish","type":"post","link":"https:\/\/theplayoffs.news\/fr\/actualite-nfl\/cooper-kupp-absent-periode-de-temps-etendue\/","title":{"rendered":"Cooper Kupp absent pour \u2018une p\u00e9riode de temps \u00e9tendue\u2019 selon son entra\u00eeneur"},"content":{"rendered":"<h2><strong>NFL &ndash; Au rayon des nombreuses blessures ayant agit&eacute;es cette Week 2, on retrouve celle du receveur star des Los Angeles Rams, Cooper Kupp, qui n&rsquo;appelle pas &agrave; l&rsquo;optimisme selon les propos de son entra&icirc;neur. <\/strong><\/h2><p><strong>&nbsp;<\/strong><\/p><p>Cooper Kupp ne sera donc plus jamais tranquille. Apr&egrave;s avoir d&eacute;j&agrave; manqu&eacute; <a href=\"https:\/\/theplayoffs.news\/fr\/nfl\/cooper-kupp-absent-au-moins-4-semaines-2\/\" class=\"trk-cta-link\" data-cta-trk='{\"ctaType\":\"Link\",\"ctaSubType\":\"main\"}'>13 matchs sur les deux derni&egrave;res saisons<\/a>, le MVP du Super Bowl LVI a de nouveau rechut&eacute; dimanche dernier face aux Cardinals. Si rien ne laissait esp&eacute;rer des nouvelles positives apr&egrave;s la rencontre, le diagnostic pos&eacute; par Sean McVay, son entra&icirc;neur, a affirm&eacute; ce sentiment.<\/p><p>&nbsp;<\/p><h3><strong>Une entorse &agrave; la cheville gauche<\/strong><\/h3><p><strong>&nbsp;<\/strong><\/p><p>Il y avait donc peu de suspens hier lorsque McVay s&rsquo;est approch&eacute; des journalistes pour donner des nouvelles de son receveur de 31 ans et la sentence est tomb&eacute;e&nbsp;: &laquo;&nbsp;Il sera absent pour une p&eacute;riode de temps &eacute;tendue&nbsp;&raquo;.<\/p><blockquote class=\"twitter-tweet\" data-width=\"500\" data-dnt=\"true\">\n<p lang=\"en\" dir=\"ltr\">Assuming the Cooper Kupp injury occurred here. <br>Could be Left high ankle mechanism as the defender rolls through his planted ankle. He limped off, but eventually returned to the game. Something to monitor. <a href=\"https:\/\/t.co\/pigTs9rPlR\" class=\"trk-cta-link\" data-cta-trk='{\"ctaType\":\"Link\",\"ctaSubType\":\"main\"}'>pic.twitter.com\/pigTs9rPlR<\/a><\/p>\n<p>&mdash; Jeff Mueller, PT, DPT (@jmthrivept) <a href=\"https:\/\/twitter.com\/jmthrivept\/status\/1835431193308709335?ref_src=twsrc%5Etfw\" class=\"trk-cta-link\" data-cta-trk='{\"ctaType\":\"Link\",\"ctaSubType\":\"main\"}'>September 15, 2024<\/a><\/p><\/blockquote><p><script async src=\"https:\/\/platform.twitter.com\/widgets.js\" charset=\"utf-8\"><\/script><\/p><p>Si le coach des Rams s&rsquo;est refus&eacute; &agrave; donner une date de retour pr&eacute;cise envisag&eacute;e pour Kupp, probablement en l&rsquo;attente d&rsquo;examen sur cette cheville gauche, on peut supposer que le joueur aux plus de 7&nbsp;200 yards de r&eacute;ception sera inscrit sur l&rsquo;injury report, stipulant qu&rsquo;il sera absent pour au moins 4 semaines.<\/p><p>McVay a en tout cas pr&eacute;cis&eacute; que Kupp &eacute;tait &laquo;&nbsp;candidat&nbsp;&raquo; &agrave; l&rsquo;inscription sur l&rsquo;injury report.<\/p><p>Comme le rappelait <a href=\"https:\/\/www.espn.com\/nfl\/story\/_\/id\/41291660\/rams-cooper-kupp-ankle-expected-extended\" class=\"trk-cta-link\" data-cta-trk='{\"ctaType\":\"Link\",\"ctaSubType\":\"main\"}'><em>ESPN<\/em>,<\/a> le MVP du Super Bowl, leader en yards et en r&eacute;ceptions de la saison 2021, n&rsquo;a toujours pas connu une saison pleine depuis cette m&ecirc;me ann&eacute;e et ce ne sera donc pas pour 2024 non plus alors que les Rams semblent s&rsquo;embarquer dans une nouvelle saison de gal&egrave;res.<\/p><p>Outre les deux d&eacute;faites inaugurales et la claque inattendue subie face &agrave; Arizona (41-10), les blessures s&rsquo;accumulent dans le sud de la Californie.<\/p><p>&nbsp;<\/p><h3><strong>Il n&rsquo;y a presque plus de place sur l&rsquo;injury report<\/strong><\/h3><h3><strong>&nbsp;<\/strong><\/h3><p>Effectivement, Los Angeles a subi un premier coup dur la semaine derni&egrave;re avec la blessure longue dur&eacute;e de l&rsquo;autre receveur star, Puka Nacua, qui devrait manquer entre 6 et 7 semaines de comp&eacute;titions.<\/p><p>De plus, McVay a &eacute;galement expliqu&eacute; qu&rsquo;en plus de Cooper Kupp, Jonah Jackson (ligne offensive) et John Johnson III (safety) sont &eacute;galement bless&eacute;s et qu&rsquo;ils postulent aussi &agrave; l&rsquo;injury report.<\/p><p>Une telle accumulation de blessures a caus&eacute; l&rsquo;inqui&eacute;tude du coach des Rams quant &agrave; la place disponible sur l&rsquo;injury report. &laquo;&nbsp;On est en train de manquer de places sur l&rsquo;injury report et nous ne sommes qu&rsquo;en semaine 3&nbsp;&raquo; relevait-il avec d&eacute;pit, ajoutant des mots de compassion pour ces trois nouveaux bless&eacute;s dans l&rsquo;effectif. &laquo;&nbsp;Et pour ces trois gars, vous d&eacute;testez cela parce que voyez tout le travail qu&rsquo;ils ont fourni.&nbsp;&raquo;.<\/p><p>&nbsp;<\/p><p>\n<div id=\"attachment_1457938\" style=\"width: 870px\" class=\"wp-caption aligncenter\"><img loading=\"lazy\" decoding=\"async\" aria-describedby=\"caption-attachment-1457938\" class=\" wp-image-1457938\" src=\"https:\/\/theplayoffs.news\/fr\/wp-content\/uploads\/2024\/09\/USATSI_24191005-300x200.jpg\" alt=\"\" width=\"860\" height=\"574\" srcset=\"https:\/\/theplayoffs.news\/fr\/wp-content\/uploads\/2024\/09\/USATSI_24191005-300x200.jpg 300w, https:\/\/theplayoffs.news\/fr\/wp-content\/uploads\/2024\/09\/USATSI_24191005-1030x687.jpg 1030w, https:\/\/theplayoffs.news\/fr\/wp-content\/uploads\/2024\/09\/USATSI_24191005-768x512.jpg 768w, https:\/\/theplayoffs.news\/fr\/wp-content\/uploads\/2024\/09\/USATSI_24191005-1320x880.jpg 1320w, https:\/\/theplayoffs.news\/fr\/wp-content\/uploads\/2024\/09\/USATSI_24191005.jpg 1920w\" sizes=\"auto, (max-width: 860px) 100vw, 860px\" \/><p id=\"caption-attachment-1457938\" class=\"wp-caption-text\">John Johnson III (en blanc) sera aussi absent pour une longue p&eacute;riode. Mandatory Credit : &copy; Junfu Han \/ USA TODAY NETWORK<\/p><\/div>\n<\/p><p>&nbsp;<\/p><p>La saison 2024 risque donc d&rsquo;&ecirc;tre longue pour des Rams d&eacute;cim&eacute;s, m&ecirc;me si McVay a tenu a le garantir, &laquo;&nbsp;aucune de ces [blessures] ne le sont pour toute la saison, mais ce sont pour des p&eacute;riodes de temps &eacute;tendues et chaque semaine est pr&eacute;cieuse&nbsp;&raquo;.<\/p><p>Dimanche prochain, les Rams recevront les 49ers (22h05 heure fran&ccedil;aise) dans ce qui s&rsquo;annonce d&eacute;j&agrave; comme un match de la peur alors que Los Angeles dispose du 14<sup>&egrave;me<\/sup> calendrier th&eacute;orique le plus difficile. Ils auront assur&eacute;ment besoin de Kupp.<\/p><div class=\"modal-image-setImageMetadata\">\n<p class=\"ng-binding\">&copy; Matt Kartozian-Imagn Images<\/p>\n<\/div>\n","protected":false},"excerpt":{"rendered":"","protected":false},"author":180310210,"featured_media":1457937,"comment_status":"open","ping_status":"closed","sticky":false,"template":"","format":"standard","meta":{"inline_featured_image":false,"kia_subtitle":"","_mux_skip_reasons":[],"proofreadBy":0,"footnotes":""},"categories":[118,40],"tags":[934,695],"sport":[2785],"saison":[6111],"class_list":["post-1457936","post","type-post","status-publish","format-standard","has-post-thumbnail","hentry","category-actualite-nfl","category-nfl","tag-cooper-kupp","tag-los-angeles-rams","sport-nfl","saison-6111"],"acf":[],"yoast_head":"<!-- This site is optimized with the Yoast SEO plugin v24.2 - https:\/\/yoast.com\/wordpress\/plugins\/seo\/ -->\n<title>Cooper Kupp absent pour &lsquo;une p&eacute;riode de temps &eacute;tendue&rsquo; selon son entra&icirc;neur - The Playoffs FR<\/title>\n<meta name=\"robots\" content=\"index, follow, max-snippet:-1, max-image-preview:large, max-video-preview:-1\" \/>\n<link rel=\"canonical\" href=\"https:\/\/theplayoffs.news\/fr\/actualite-nfl\/cooper-kupp-absent-periode-de-temps-etendue\/\" \/>\n<meta property=\"og:locale\" content=\"fr_FR\" \/>\n<meta property=\"og:type\" content=\"article\" \/>\n<meta property=\"og:title\" content=\"Cooper Kupp absent pour &lsquo;une p&eacute;riode de temps &eacute;tendue&rsquo; selon son entra&icirc;neur - The Playoffs FR\" \/>\n<meta property=\"og:url\" content=\"https:\/\/theplayoffs.news\/fr\/actualite-nfl\/cooper-kupp-absent-periode-de-temps-etendue\/\" \/>\n<meta property=\"og:site_name\" content=\"The Playoffs FR\" \/>\n<meta property=\"article:publisher\" content=\"https:\/\/www.facebook.com\/TheFreeAgentFR\/\" \/>\n<meta property=\"article:modified_time\" content=\"2024-09-17T16:38:34+02:00\" \/>\n<meta property=\"og:image\" content=\"https:\/\/theplayoffs.news\/fr\/wp-content\/uploads\/2024\/09\/USATSI_24243487.jpg\" \/>\n\t<meta property=\"og:image:width\" content=\"1920\" \/>\n\t<meta property=\"og:image:height\" content=\"1280\" \/>\n\t<meta property=\"og:image:type\" content=\"image\/jpeg\" \/>\n<meta name=\"author\" content=\"Romain Balle\" \/>\n<meta name=\"twitter:card\" content=\"summary_large_image\" \/>\n<meta name=\"twitter:creator\" content=\"@TheFreeAgentFR\" \/>\n<meta name=\"twitter:site\" content=\"@TheFreeAgentFR\" \/>\n<meta name=\"twitter:label1\" content=\"\u00c9crit par\" \/>\n\t<meta name=\"twitter:data1\" content=\"Romain Balle\" \/>\n\t<meta name=\"twitter:label2\" content=\"Dur\u00e9e de lecture estim\u00e9e\" \/>\n\t<meta name=\"twitter:data2\" content=\"3 minutes\" \/>\n<script type=\"application\/ld+json\" class=\"yoast-schema-graph\">{\"@context\":\"https:\/\/schema.org\",\"@graph\":[{\"@type\":\"WebPage\",\"@id\":\"https:\/\/theplayoffs.news\/fr\/actualite-nfl\/cooper-kupp-absent-periode-de-temps-etendue\/\",\"url\":\"https:\/\/theplayoffs.news\/fr\/actualite-nfl\/cooper-kupp-absent-periode-de-temps-etendue\/\",\"name\":\"Cooper Kupp absent pour \u2018une p\u00e9riode de temps \u00e9tendue\u2019 selon son entra\u00eeneur - The Playoffs FR\",\"isPartOf\":{\"@id\":\"https:\/\/theplayoffs.news\/fr\/#website\"},\"primaryImageOfPage\":{\"@id\":\"https:\/\/theplayoffs.news\/fr\/actualite-nfl\/cooper-kupp-absent-periode-de-temps-etendue\/#primaryimage\"},\"image\":{\"@id\":\"https:\/\/theplayoffs.news\/fr\/actualite-nfl\/cooper-kupp-absent-periode-de-temps-etendue\/#primaryimage\"},\"thumbnailUrl\":\"https:\/\/theplayoffs.news\/fr\/wp-content\/uploads\/2024\/09\/USATSI_24243487.jpg\",\"datePublished\":\"2024-09-17T14:38:34+00:00\",\"dateModified\":\"2024-09-17T14:38:34+00:00\",\"author\":{\"@id\":\"https:\/\/theplayoffs.news\/fr\/#\/schema\/person\/6d5286c8c5dec1bbd3e6341f17a41111\"},\"breadcrumb\":{\"@id\":\"https:\/\/theplayoffs.news\/fr\/actualite-nfl\/cooper-kupp-absent-periode-de-temps-etendue\/#breadcrumb\"},\"inLanguage\":\"fr-FR\",\"potentialAction\":[{\"@type\":\"ReadAction\",\"target\":[\"https:\/\/theplayoffs.news\/fr\/actualite-nfl\/cooper-kupp-absent-periode-de-temps-etendue\/\"]}]},{\"@type\":\"ImageObject\",\"inLanguage\":\"fr-FR\",\"@id\":\"https:\/\/theplayoffs.news\/fr\/actualite-nfl\/cooper-kupp-absent-periode-de-temps-etendue\/#primaryimage\",\"url\":\"https:\/\/theplayoffs.news\/fr\/wp-content\/uploads\/2024\/09\/USATSI_24243487.jpg\",\"contentUrl\":\"https:\/\/theplayoffs.news\/fr\/wp-content\/uploads\/2024\/09\/USATSI_24243487.jpg\",\"width\":1920,\"height\":1280,\"caption\":\"Sep 15, 2024; Glendale, Arizona, USA; Los Angeles Rams wide receiver Cooper Kupp (10) prior to a game against the Arizona Cardinals at State Farm Stadium. Mandatory Credit: Matt Kartozian-Imagn Images\"},{\"@type\":\"BreadcrumbList\",\"@id\":\"https:\/\/theplayoffs.news\/fr\/actualite-nfl\/cooper-kupp-absent-periode-de-temps-etendue\/#breadcrumb\",\"itemListElement\":[{\"@type\":\"ListItem\",\"position\":1,\"name\":\"Accueil\",\"item\":\"https:\/\/theplayoffs.news\/fr\/\"},{\"@type\":\"ListItem\",\"position\":2,\"name\":\"Cooper Kupp absent pour \u2018une p\u00e9riode de temps \u00e9tendue\u2019 selon son entra\u00eeneur\"}]},{\"@type\":\"WebSite\",\"@id\":\"https:\/\/theplayoffs.news\/fr\/#website\",\"url\":\"https:\/\/theplayoffs.news\/fr\/\",\"name\":\"The Playoffs FR\",\"description\":\"NBA-NFL-NHL-MLB\",\"potentialAction\":[{\"@type\":\"SearchAction\",\"target\":{\"@type\":\"EntryPoint\",\"urlTemplate\":\"https:\/\/theplayoffs.news\/fr\/?s={search_term_string}\"},\"query-input\":{\"@type\":\"PropertyValueSpecification\",\"valueRequired\":true,\"valueName\":\"search_term_string\"}}],\"inLanguage\":\"fr-FR\"},{\"@type\":\"Person\",\"@id\":\"https:\/\/theplayoffs.news\/fr\/#\/schema\/person\/6d5286c8c5dec1bbd3e6341f17a41111\",\"name\":\"Romain Balle\",\"image\":{\"@type\":\"ImageObject\",\"inLanguage\":\"fr-FR\",\"@id\":\"https:\/\/theplayoffs.news\/fr\/#\/schema\/person\/image\/\",\"url\":\"https:\/\/secure.gravatar.com\/avatar\/05ddb849264c48c5ab2084b8927e8da5ec4ccb05c2bd91acb1c3d4c2785ce057?s=96&d=mm&r=g\",\"contentUrl\":\"https:\/\/secure.gravatar.com\/avatar\/05ddb849264c48c5ab2084b8927e8da5ec4ccb05c2bd91acb1c3d4c2785ce057?s=96&d=mm&r=g\",\"caption\":\"Romain Balle\"},\"url\":\"https:\/\/theplayoffs.news\/fr\/author\/romainballe02gmail-com\/\"}]}<\/script>\n<!-- \/ Yoast SEO plugin. -->","yoast_head_json":{"title":"Cooper Kupp absent pour &lsquo;une p&eacute;riode de temps &eacute;tendue&rsquo; selon son entra&icirc;neur - The Playoffs FR","robots":{"index":"index","follow":"follow","max-snippet":"max-snippet:-1","max-image-preview":"max-image-preview:large","max-video-preview":"max-video-preview:-1"},"canonical":"https:\/\/theplayoffs.news\/fr\/actualite-nfl\/cooper-kupp-absent-periode-de-temps-etendue\/","og_locale":"fr_FR","og_type":"article","og_title":"Cooper Kupp absent pour &lsquo;une p&eacute;riode de temps &eacute;tendue&rsquo; selon son entra&icirc;neur - The Playoffs FR","og_url":"https:\/\/theplayoffs.news\/fr\/actualite-nfl\/cooper-kupp-absent-periode-de-temps-etendue\/","og_site_name":"The Playoffs FR","article_publisher":"https:\/\/www.facebook.com\/TheFreeAgentFR\/","og_image":[{"width":1920,"height":1280,"url":"https:\/\/theplayoffs.news\/fr\/wp-content\/uploads\/2024\/09\/USATSI_24243487.jpg","type":"image\/jpeg"}],"author":"Romain Balle","twitter_card":"summary_large_image","twitter_creator":"@TheFreeAgentFR","twitter_site":"@TheFreeAgentFR","twitter_misc":{"\u00c9crit par":"Romain Balle","Dur\u00e9e de lecture estim\u00e9e":"3 minutes"},"schema":{"@context":"https:\/\/schema.org","@graph":[{"@type":"WebPage","@id":"https:\/\/theplayoffs.news\/fr\/actualite-nfl\/cooper-kupp-absent-periode-de-temps-etendue\/","url":"https:\/\/theplayoffs.news\/fr\/actualite-nfl\/cooper-kupp-absent-periode-de-temps-etendue\/","name":"Cooper Kupp absent pour \u2018une p\u00e9riode de temps \u00e9tendue\u2019 selon son entra\u00eeneur - The Playoffs FR","isPartOf":{"@id":"https:\/\/theplayoffs.news\/fr\/#website"},"primaryImageOfPage":{"@id":"https:\/\/theplayoffs.news\/fr\/actualite-nfl\/cooper-kupp-absent-periode-de-temps-etendue\/#primaryimage"},"image":{"@id":"https:\/\/theplayoffs.news\/fr\/actualite-nfl\/cooper-kupp-absent-periode-de-temps-etendue\/#primaryimage"},"thumbnailUrl":"https:\/\/theplayoffs.news\/fr\/wp-content\/uploads\/2024\/09\/USATSI_24243487.jpg","datePublished":"2024-09-17T14:38:34+00:00","dateModified":"2024-09-17T14:38:34+00:00","author":{"@id":"https:\/\/theplayoffs.news\/fr\/#\/schema\/person\/6d5286c8c5dec1bbd3e6341f17a41111"},"breadcrumb":{"@id":"https:\/\/theplayoffs.news\/fr\/actualite-nfl\/cooper-kupp-absent-periode-de-temps-etendue\/#breadcrumb"},"inLanguage":"fr-FR","potentialAction":[{"@type":"ReadAction","target":["https:\/\/theplayoffs.news\/fr\/actualite-nfl\/cooper-kupp-absent-periode-de-temps-etendue\/"]}]},{"@type":"ImageObject","inLanguage":"fr-FR","@id":"https:\/\/theplayoffs.news\/fr\/actualite-nfl\/cooper-kupp-absent-periode-de-temps-etendue\/#primaryimage","url":"https:\/\/theplayoffs.news\/fr\/wp-content\/uploads\/2024\/09\/USATSI_24243487.jpg","contentUrl":"https:\/\/theplayoffs.news\/fr\/wp-content\/uploads\/2024\/09\/USATSI_24243487.jpg","width":1920,"height":1280,"caption":"Sep 15, 2024; Glendale, Arizona, USA; Los Angeles Rams wide receiver Cooper Kupp (10) prior to a game against the Arizona Cardinals at State Farm Stadium. Mandatory Credit: Matt Kartozian-Imagn Images"},{"@type":"BreadcrumbList","@id":"https:\/\/theplayoffs.news\/fr\/actualite-nfl\/cooper-kupp-absent-periode-de-temps-etendue\/#breadcrumb","itemListElement":[{"@type":"ListItem","position":1,"name":"Accueil","item":"https:\/\/theplayoffs.news\/fr\/"},{"@type":"ListItem","position":2,"name":"Cooper Kupp absent pour \u2018une p\u00e9riode de temps \u00e9tendue\u2019 selon son entra\u00eeneur"}]},{"@type":"WebSite","@id":"https:\/\/theplayoffs.news\/fr\/#website","url":"https:\/\/theplayoffs.news\/fr\/","name":"The Playoffs FR","description":"NBA-NFL-NHL-MLB","potentialAction":[{"@type":"SearchAction","target":{"@type":"EntryPoint","urlTemplate":"https:\/\/theplayoffs.news\/fr\/?s={search_term_string}"},"query-input":{"@type":"PropertyValueSpecification","valueRequired":true,"valueName":"search_term_string"}}],"inLanguage":"fr-FR"},{"@type":"Person","@id":"https:\/\/theplayoffs.news\/fr\/#\/schema\/person\/6d5286c8c5dec1bbd3e6341f17a41111","name":"Romain Balle","image":{"@type":"ImageObject","inLanguage":"fr-FR","@id":"https:\/\/theplayoffs.news\/fr\/#\/schema\/person\/image\/","url":"https:\/\/secure.gravatar.com\/avatar\/05ddb849264c48c5ab2084b8927e8da5ec4ccb05c2bd91acb1c3d4c2785ce057?s=96&d=mm&r=g","contentUrl":"https:\/\/secure.gravatar.com\/avatar\/05ddb849264c48c5ab2084b8927e8da5ec4ccb05c2bd91acb1c3d4c2785ce057?s=96&d=mm&r=g","caption":"Romain Balle"},"url":"https:\/\/theplayoffs.news\/fr\/author\/romainballe02gmail-com\/"}]}},"_links":{"self":[{"href":"https:\/\/theplayoffs.news\/fr\/wp-json\/wp\/v2\/posts\/1457936","targetHints":{"allow":["GET"]}}],"collection":[{"href":"https:\/\/theplayoffs.news\/fr\/wp-json\/wp\/v2\/posts"}],"about":[{"href":"https:\/\/theplayoffs.news\/fr\/wp-json\/wp\/v2\/types\/post"}],"author":[{"embeddable":true,"href":"https:\/\/theplayoffs.news\/fr\/wp-json\/wp\/v2\/users\/180310210"}],"replies":[{"embeddable":true,"href":"https:\/\/theplayoffs.news\/fr\/wp-json\/wp\/v2\/comments?post=1457936"}],"version-history":[{"count":2,"href":"https:\/\/theplayoffs.news\/fr\/wp-json\/wp\/v2\/posts\/1457936\/revisions"}],"predecessor-version":[{"id":1457941,"href":"https:\/\/theplayoffs.news\/fr\/wp-json\/wp\/v2\/posts\/1457936\/revisions\/1457941"}],"wp:featuredmedia":[{"embeddable":true,"href":"https:\/\/theplayoffs.news\/fr\/wp-json\/wp\/v2\/media\/1457937"}],"wp:attachment":[{"href":"https:\/\/theplayoffs.news\/fr\/wp-json\/wp\/v2\/media?parent=1457936"}],"wp:term":[{"taxonomy":"category","embeddable":true,"href":"https:\/\/theplayoffs.news\/fr\/wp-json\/wp\/v2\/categories?post=1457936"},{"taxonomy":"post_tag","embeddable":true,"href":"https:\/\/theplayoffs.news\/fr\/wp-json\/wp\/v2\/tags?post=1457936"},{"taxonomy":"sport","embeddable":true,"href":"https:\/\/theplayoffs.news\/fr\/wp-json\/wp\/v2\/sport?post=1457936"},{"taxonomy":"saison","embeddable":true,"href":"https:\/\/theplayoffs.news\/fr\/wp-json\/wp\/v2\/saison?post=1457936"}],"curies":[{"name":"wp","href":"https:\/\/api.w.org\/{rel}","templated":true}]}}