{"id":1457782,"date":"2024-09-16T20:02:36","date_gmt":"2024-09-16T18:02:36","guid":{"rendered":"https:\/\/theplayoffs.news\/fr\/?p=1457782"},"modified":"2024-09-16T20:02:36","modified_gmt":"2024-09-16T18:02:36","slug":"bryce-young-ecarte-titulaire-des-panthers","status":"publish","type":"post","link":"https:\/\/theplayoffs.news\/fr\/actualite-nfl\/bryce-young-ecarte-titulaire-des-panthers\/","title":{"rendered":"Bryce Young \u00e9cart\u00e9 du poste de quarterback titulaire des Panthers!"},"content":{"rendered":"<h2>NFL &ndash; Le quarterback des Carolina Panthers, Bryce Young, sera mis sur le banc lors de la week 3.<\/h2><p>C&rsquo;est une petite surprise qui vient de s&rsquo;abattre sur le monde de la NFL en ce lundi soir: <a href=\"https:\/\/theplayoffs.news\/fr\/joueur\/bryce-young-nfl-9371440\/\" class=\"trk-cta-link\" data-cta-trk='{\"ctaType\":\"Link\",\"ctaSubType\":\"main\"}'>Bryce Young<\/a>, le quarterback titulaire des Carolina Panthers, sera <a href=\"https:\/\/twitter.com\/TomPelissero\/status\/1835736746367005042\" class=\"trk-cta-link\" data-cta-trk='{\"ctaType\":\"Link\",\"ctaSubType\":\"main\"}'>mis sur le banc lors du prochain match<\/a> de son &eacute;quipe. L&rsquo;ancien num&eacute;ro 1 de la draft 2023, que les Panthers sont all&eacute;s chercher en r&eacute;alisant un trade up qui leur a co&ucirc;t&eacute; leur premier tour de draft en 2024, paye les mauvais r&eacute;sultats de son &eacute;quipe depuis le d&eacute;but de cette saison NFL 2024.<\/p><blockquote class=\"twitter-tweet\" data-width=\"500\" data-dnt=\"true\">\n<p lang=\"en\" dir=\"ltr\">Sources: The <a href=\"https:\/\/twitter.com\/hashtag\/Panthers?src=hash&amp;ref_src=twsrc%5Etfw\" class=\"trk-cta-link\" data-cta-trk='{\"ctaType\":\"Link\",\"ctaSubType\":\"main\"}'>#Panthers<\/a> are benching former No. 1 overall pick Bryce Young and starting veteran Andy Dalton beginning this week. <\/p>\n<p>Coach Dave Canales has repeatedly said &ldquo;Bryce is our quarterback.&rdquo; But with the season quickly slipping away, Canales decided to make a change. <a href=\"https:\/\/t.co\/jTYawQCi2C\" class=\"trk-cta-link\" data-cta-trk='{\"ctaType\":\"Link\",\"ctaSubType\":\"main\"}'>pic.twitter.com\/jTYawQCi2C<\/a><\/p>\n<p>&mdash; Tom Pelissero (@TomPelissero) <a href=\"https:\/\/twitter.com\/TomPelissero\/status\/1835736746367005042?ref_src=twsrc%5Etfw\" class=\"trk-cta-link\" data-cta-trk='{\"ctaType\":\"Link\",\"ctaSubType\":\"main\"}'>September 16, 2024<\/a><\/p><\/blockquote><p><script async src=\"https:\/\/platform.twitter.com\/widgets.js\" charset=\"utf-8\"><\/script><\/p><p>En effet, Bryce Young ne parvient pas &agrave; faire avancer son attaque! Depuis le d&eacute;but de cette saison 2024, le quarterback des Panthers n&rsquo;a compl&eacute;t&eacute; que 55% de ses passes pour 245 petits yards gagn&eacute;s. Il n&rsquo;a en outre toujours pas r&eacute;ussi &agrave; lancer le moindre touchdown alors qu&rsquo;il fut d&eacute;j&agrave; intercept&eacute; &agrave; trois reprises dont une fois sur le tout premier lancer de sa saison sur le terrain des Saints de la Nouvelle-Orl&eacute;ans. R&eacute;sultat pour les Panthers: seulement 13 points marqu&eacute;s en deux matchs et deux d&eacute;faites qui ne font que confirmer les difficult&eacute;s attendues dans cette saison.<\/p><p>Dave Canales a donc d&eacute;cid&eacute; de cr&eacute;er un &eacute;lectrochoc en d&eacute;cidant de changer de quarterback titulaire au bout de deux semaines simplement. Exit donc Bryce Young, les Panthers joueront avec Andy Dalton lors du prochain match qui se disputera sur le terrain des Las Vegas Raiders.<\/p><p><em>Cr&eacute;dit photo: Jim Dedmon-Imagn Images<\/em><\/p>\n","protected":false},"excerpt":{"rendered":"","protected":false},"author":180309964,"featured_media":1457784,"comment_status":"open","ping_status":"closed","sticky":false,"template":"","format":"standard","meta":{"inline_featured_image":false,"kia_subtitle":"","_mux_skip_reasons":[],"proofreadBy":0,"footnotes":""},"categories":[118,40],"tags":[218,5191,685],"sport":[2785],"saison":[6111],"class_list":["post-1457782","post","type-post","status-publish","format-standard","has-post-thumbnail","hentry","category-actualite-nfl","category-nfl","tag-andy-dalton","tag-bryce-young","tag-carolina-panthers","sport-nfl","saison-6111"],"acf":[],"yoast_head":"<!-- This site is optimized with the Yoast SEO plugin v24.2 - https:\/\/yoast.com\/wordpress\/plugins\/seo\/ -->\n<title>Bryce Young &eacute;cart&eacute; du poste de quarterback titulaire des Panthers! - The Playoffs FR<\/title>\n<meta name=\"robots\" content=\"index, follow, max-snippet:-1, max-image-preview:large, max-video-preview:-1\" \/>\n<link rel=\"canonical\" href=\"https:\/\/theplayoffs.news\/fr\/actualite-nfl\/bryce-young-ecarte-titulaire-des-panthers\/\" \/>\n<meta property=\"og:locale\" content=\"fr_FR\" \/>\n<meta property=\"og:type\" content=\"article\" \/>\n<meta property=\"og:title\" content=\"Bryce Young &eacute;cart&eacute; du poste de quarterback titulaire des Panthers! - The Playoffs FR\" \/>\n<meta property=\"og:url\" content=\"https:\/\/theplayoffs.news\/fr\/actualite-nfl\/bryce-young-ecarte-titulaire-des-panthers\/\" \/>\n<meta property=\"og:site_name\" content=\"The Playoffs FR\" \/>\n<meta property=\"article:publisher\" content=\"https:\/\/www.facebook.com\/TheFreeAgentFR\/\" \/>\n<meta property=\"article:modified_time\" content=\"2024-09-16T20:02:36+02:00\" \/>\n<meta property=\"og:image\" content=\"https:\/\/theplayoffs.news\/fr\/wp-content\/uploads\/2024\/09\/USATSI_24244122.jpg\" \/>\n\t<meta property=\"og:image:width\" content=\"1920\" \/>\n\t<meta property=\"og:image:height\" content=\"1280\" \/>\n\t<meta property=\"og:image:type\" content=\"image\/jpeg\" \/>\n<meta name=\"author\" content=\"Flavien Jumeau\" \/>\n<meta name=\"twitter:card\" content=\"summary_large_image\" \/>\n<meta name=\"twitter:creator\" content=\"@TheFreeAgentFR\" \/>\n<meta name=\"twitter:site\" content=\"@TheFreeAgentFR\" \/>\n<meta name=\"twitter:label1\" content=\"\u00c9crit par\" \/>\n\t<meta name=\"twitter:data1\" content=\"Flavien Jumeau\" \/>\n\t<meta name=\"twitter:label2\" content=\"Dur\u00e9e de lecture estim\u00e9e\" \/>\n\t<meta name=\"twitter:data2\" content=\"1 minute\" \/>\n<script type=\"application\/ld+json\" class=\"yoast-schema-graph\">{\"@context\":\"https:\/\/schema.org\",\"@graph\":[{\"@type\":\"WebPage\",\"@id\":\"https:\/\/theplayoffs.news\/fr\/actualite-nfl\/bryce-young-ecarte-titulaire-des-panthers\/\",\"url\":\"https:\/\/theplayoffs.news\/fr\/actualite-nfl\/bryce-young-ecarte-titulaire-des-panthers\/\",\"name\":\"Bryce Young \u00e9cart\u00e9 du poste de quarterback titulaire des Panthers! - The Playoffs FR\",\"isPartOf\":{\"@id\":\"https:\/\/theplayoffs.news\/fr\/#website\"},\"primaryImageOfPage\":{\"@id\":\"https:\/\/theplayoffs.news\/fr\/actualite-nfl\/bryce-young-ecarte-titulaire-des-panthers\/#primaryimage\"},\"image\":{\"@id\":\"https:\/\/theplayoffs.news\/fr\/actualite-nfl\/bryce-young-ecarte-titulaire-des-panthers\/#primaryimage\"},\"thumbnailUrl\":\"https:\/\/theplayoffs.news\/fr\/wp-content\/uploads\/2024\/09\/USATSI_24244122.jpg\",\"datePublished\":\"2024-09-16T18:02:36+00:00\",\"dateModified\":\"2024-09-16T18:02:36+00:00\",\"author\":{\"@id\":\"https:\/\/theplayoffs.news\/fr\/#\/schema\/person\/def63bc6746dc5957469b75feb99e66d\"},\"breadcrumb\":{\"@id\":\"https:\/\/theplayoffs.news\/fr\/actualite-nfl\/bryce-young-ecarte-titulaire-des-panthers\/#breadcrumb\"},\"inLanguage\":\"fr-FR\",\"potentialAction\":[{\"@type\":\"ReadAction\",\"target\":[\"https:\/\/theplayoffs.news\/fr\/actualite-nfl\/bryce-young-ecarte-titulaire-des-panthers\/\"]}]},{\"@type\":\"ImageObject\",\"inLanguage\":\"fr-FR\",\"@id\":\"https:\/\/theplayoffs.news\/fr\/actualite-nfl\/bryce-young-ecarte-titulaire-des-panthers\/#primaryimage\",\"url\":\"https:\/\/theplayoffs.news\/fr\/wp-content\/uploads\/2024\/09\/USATSI_24244122.jpg\",\"contentUrl\":\"https:\/\/theplayoffs.news\/fr\/wp-content\/uploads\/2024\/09\/USATSI_24244122.jpg\",\"width\":1920,\"height\":1280,\"caption\":\"Sep 15, 2024; Charlotte, North Carolina, USA; Carolina Panthers quarterback Bryce Young (9) throws against the Los Angeles Chargers during the second half at Bank of America Stadium. Mandatory Credit: Jim Dedmon-Imagn Images\"},{\"@type\":\"BreadcrumbList\",\"@id\":\"https:\/\/theplayoffs.news\/fr\/actualite-nfl\/bryce-young-ecarte-titulaire-des-panthers\/#breadcrumb\",\"itemListElement\":[{\"@type\":\"ListItem\",\"position\":1,\"name\":\"Accueil\",\"item\":\"https:\/\/theplayoffs.news\/fr\/\"},{\"@type\":\"ListItem\",\"position\":2,\"name\":\"Bryce Young \u00e9cart\u00e9 du poste de quarterback titulaire des Panthers!\"}]},{\"@type\":\"WebSite\",\"@id\":\"https:\/\/theplayoffs.news\/fr\/#website\",\"url\":\"https:\/\/theplayoffs.news\/fr\/\",\"name\":\"The Playoffs FR\",\"description\":\"NBA-NFL-NHL-MLB\",\"potentialAction\":[{\"@type\":\"SearchAction\",\"target\":{\"@type\":\"EntryPoint\",\"urlTemplate\":\"https:\/\/theplayoffs.news\/fr\/?s={search_term_string}\"},\"query-input\":{\"@type\":\"PropertyValueSpecification\",\"valueRequired\":true,\"valueName\":\"search_term_string\"}}],\"inLanguage\":\"fr-FR\"},{\"@type\":\"Person\",\"@id\":\"https:\/\/theplayoffs.news\/fr\/#\/schema\/person\/def63bc6746dc5957469b75feb99e66d\",\"name\":\"Flavien Jumeau\",\"image\":{\"@type\":\"ImageObject\",\"inLanguage\":\"fr-FR\",\"@id\":\"https:\/\/theplayoffs.news\/fr\/#\/schema\/person\/image\/\",\"url\":\"https:\/\/secure.gravatar.com\/avatar\/e7fa8ba5a4b7e4ce35fe152f083f352db28ad0acce692004ed88a7a7d78893f7?s=96&d=mm&r=g\",\"contentUrl\":\"https:\/\/secure.gravatar.com\/avatar\/e7fa8ba5a4b7e4ce35fe152f083f352db28ad0acce692004ed88a7a7d78893f7?s=96&d=mm&r=g\",\"caption\":\"Flavien Jumeau\"},\"description\":\"Amoureux du sport (et de vraiment tous les sports) depuis mon plus jeune \u00e2ge, j\u2019ai longtemps h\u00e9site entre le snooker et le curling. Finalement c\u2019est le foot US que j\u2019ai d\u00e9cid\u00e9 de choisir! Responsable foot US sur TPO et animateur du podcast Tailgate j\u2019ai pour mission de vous faire d\u00e9couvrir ce sport passionnant si ce n\u2019est pas encore fait et de vous donner les derni\u00e8res actus. Le tout dans la bonne humeur et avec toujours un jeu de mots ou deux savamment distill\u00e9s! Fan des Saints, pour moi Drew Brees est le vrai GOAT!\",\"url\":\"https:\/\/theplayoffs.news\/fr\/author\/flavien-jumeaugmail-com\/\"}]}<\/script>\n<!-- \/ Yoast SEO plugin. -->","yoast_head_json":{"title":"Bryce Young &eacute;cart&eacute; du poste de quarterback titulaire des Panthers! - The Playoffs FR","robots":{"index":"index","follow":"follow","max-snippet":"max-snippet:-1","max-image-preview":"max-image-preview:large","max-video-preview":"max-video-preview:-1"},"canonical":"https:\/\/theplayoffs.news\/fr\/actualite-nfl\/bryce-young-ecarte-titulaire-des-panthers\/","og_locale":"fr_FR","og_type":"article","og_title":"Bryce Young &eacute;cart&eacute; du poste de quarterback titulaire des Panthers! - The Playoffs FR","og_url":"https:\/\/theplayoffs.news\/fr\/actualite-nfl\/bryce-young-ecarte-titulaire-des-panthers\/","og_site_name":"The Playoffs FR","article_publisher":"https:\/\/www.facebook.com\/TheFreeAgentFR\/","og_image":[{"width":1920,"height":1280,"url":"https:\/\/theplayoffs.news\/fr\/wp-content\/uploads\/2024\/09\/USATSI_24244122.jpg","type":"image\/jpeg"}],"author":"Flavien Jumeau","twitter_card":"summary_large_image","twitter_creator":"@TheFreeAgentFR","twitter_site":"@TheFreeAgentFR","twitter_misc":{"\u00c9crit par":"Flavien Jumeau","Dur\u00e9e de lecture estim\u00e9e":"1 minute"},"schema":{"@context":"https:\/\/schema.org","@graph":[{"@type":"WebPage","@id":"https:\/\/theplayoffs.news\/fr\/actualite-nfl\/bryce-young-ecarte-titulaire-des-panthers\/","url":"https:\/\/theplayoffs.news\/fr\/actualite-nfl\/bryce-young-ecarte-titulaire-des-panthers\/","name":"Bryce Young \u00e9cart\u00e9 du poste de quarterback titulaire des Panthers! - The Playoffs FR","isPartOf":{"@id":"https:\/\/theplayoffs.news\/fr\/#website"},"primaryImageOfPage":{"@id":"https:\/\/theplayoffs.news\/fr\/actualite-nfl\/bryce-young-ecarte-titulaire-des-panthers\/#primaryimage"},"image":{"@id":"https:\/\/theplayoffs.news\/fr\/actualite-nfl\/bryce-young-ecarte-titulaire-des-panthers\/#primaryimage"},"thumbnailUrl":"https:\/\/theplayoffs.news\/fr\/wp-content\/uploads\/2024\/09\/USATSI_24244122.jpg","datePublished":"2024-09-16T18:02:36+00:00","dateModified":"2024-09-16T18:02:36+00:00","author":{"@id":"https:\/\/theplayoffs.news\/fr\/#\/schema\/person\/def63bc6746dc5957469b75feb99e66d"},"breadcrumb":{"@id":"https:\/\/theplayoffs.news\/fr\/actualite-nfl\/bryce-young-ecarte-titulaire-des-panthers\/#breadcrumb"},"inLanguage":"fr-FR","potentialAction":[{"@type":"ReadAction","target":["https:\/\/theplayoffs.news\/fr\/actualite-nfl\/bryce-young-ecarte-titulaire-des-panthers\/"]}]},{"@type":"ImageObject","inLanguage":"fr-FR","@id":"https:\/\/theplayoffs.news\/fr\/actualite-nfl\/bryce-young-ecarte-titulaire-des-panthers\/#primaryimage","url":"https:\/\/theplayoffs.news\/fr\/wp-content\/uploads\/2024\/09\/USATSI_24244122.jpg","contentUrl":"https:\/\/theplayoffs.news\/fr\/wp-content\/uploads\/2024\/09\/USATSI_24244122.jpg","width":1920,"height":1280,"caption":"Sep 15, 2024; Charlotte, North Carolina, USA; Carolina Panthers quarterback Bryce Young (9) throws against the Los Angeles Chargers during the second half at Bank of America Stadium. Mandatory Credit: Jim Dedmon-Imagn Images"},{"@type":"BreadcrumbList","@id":"https:\/\/theplayoffs.news\/fr\/actualite-nfl\/bryce-young-ecarte-titulaire-des-panthers\/#breadcrumb","itemListElement":[{"@type":"ListItem","position":1,"name":"Accueil","item":"https:\/\/theplayoffs.news\/fr\/"},{"@type":"ListItem","position":2,"name":"Bryce Young \u00e9cart\u00e9 du poste de quarterback titulaire des Panthers!"}]},{"@type":"WebSite","@id":"https:\/\/theplayoffs.news\/fr\/#website","url":"https:\/\/theplayoffs.news\/fr\/","name":"The Playoffs FR","description":"NBA-NFL-NHL-MLB","potentialAction":[{"@type":"SearchAction","target":{"@type":"EntryPoint","urlTemplate":"https:\/\/theplayoffs.news\/fr\/?s={search_term_string}"},"query-input":{"@type":"PropertyValueSpecification","valueRequired":true,"valueName":"search_term_string"}}],"inLanguage":"fr-FR"},{"@type":"Person","@id":"https:\/\/theplayoffs.news\/fr\/#\/schema\/person\/def63bc6746dc5957469b75feb99e66d","name":"Flavien Jumeau","image":{"@type":"ImageObject","inLanguage":"fr-FR","@id":"https:\/\/theplayoffs.news\/fr\/#\/schema\/person\/image\/","url":"https:\/\/secure.gravatar.com\/avatar\/e7fa8ba5a4b7e4ce35fe152f083f352db28ad0acce692004ed88a7a7d78893f7?s=96&d=mm&r=g","contentUrl":"https:\/\/secure.gravatar.com\/avatar\/e7fa8ba5a4b7e4ce35fe152f083f352db28ad0acce692004ed88a7a7d78893f7?s=96&d=mm&r=g","caption":"Flavien Jumeau"},"description":"Amoureux du sport (et de vraiment tous les sports) depuis mon plus jeune \u00e2ge, j\u2019ai longtemps h\u00e9site entre le snooker et le curling. Finalement c\u2019est le foot US que j\u2019ai d\u00e9cid\u00e9 de choisir! Responsable foot US sur TPO et animateur du podcast Tailgate j\u2019ai pour mission de vous faire d\u00e9couvrir ce sport passionnant si ce n\u2019est pas encore fait et de vous donner les derni\u00e8res actus. Le tout dans la bonne humeur et avec toujours un jeu de mots ou deux savamment distill\u00e9s! Fan des Saints, pour moi Drew Brees est le vrai GOAT!","url":"https:\/\/theplayoffs.news\/fr\/author\/flavien-jumeaugmail-com\/"}]}},"_links":{"self":[{"href":"https:\/\/theplayoffs.news\/fr\/wp-json\/wp\/v2\/posts\/1457782","targetHints":{"allow":["GET"]}}],"collection":[{"href":"https:\/\/theplayoffs.news\/fr\/wp-json\/wp\/v2\/posts"}],"about":[{"href":"https:\/\/theplayoffs.news\/fr\/wp-json\/wp\/v2\/types\/post"}],"author":[{"embeddable":true,"href":"https:\/\/theplayoffs.news\/fr\/wp-json\/wp\/v2\/users\/180309964"}],"replies":[{"embeddable":true,"href":"https:\/\/theplayoffs.news\/fr\/wp-json\/wp\/v2\/comments?post=1457782"}],"version-history":[{"count":2,"href":"https:\/\/theplayoffs.news\/fr\/wp-json\/wp\/v2\/posts\/1457782\/revisions"}],"predecessor-version":[{"id":1457787,"href":"https:\/\/theplayoffs.news\/fr\/wp-json\/wp\/v2\/posts\/1457782\/revisions\/1457787"}],"wp:featuredmedia":[{"embeddable":true,"href":"https:\/\/theplayoffs.news\/fr\/wp-json\/wp\/v2\/media\/1457784"}],"wp:attachment":[{"href":"https:\/\/theplayoffs.news\/fr\/wp-json\/wp\/v2\/media?parent=1457782"}],"wp:term":[{"taxonomy":"category","embeddable":true,"href":"https:\/\/theplayoffs.news\/fr\/wp-json\/wp\/v2\/categories?post=1457782"},{"taxonomy":"post_tag","embeddable":true,"href":"https:\/\/theplayoffs.news\/fr\/wp-json\/wp\/v2\/tags?post=1457782"},{"taxonomy":"sport","embeddable":true,"href":"https:\/\/theplayoffs.news\/fr\/wp-json\/wp\/v2\/sport?post=1457782"},{"taxonomy":"saison","embeddable":true,"href":"https:\/\/theplayoffs.news\/fr\/wp-json\/wp\/v2\/saison?post=1457782"}],"curies":[{"name":"wp","href":"https:\/\/api.w.org\/{rel}","templated":true}]}}