{"id":1457309,"date":"2024-09-13T12:00:01","date_gmt":"2024-09-13T10:00:01","guid":{"rendered":"https:\/\/theplayoffs.news\/fr\/?p=1457309"},"modified":"2024-09-13T12:00:01","modified_gmt":"2024-09-13T10:00:01","slug":"christian-mccaffrey-les-49ers-toujours-dans-lincertitude","status":"publish","type":"post","link":"https:\/\/theplayoffs.news\/fr\/actualite-nfl\/christian-mccaffrey-les-49ers-toujours-dans-lincertitude\/","title":{"rendered":"Christian McCaffrey : les 49ers toujours dans l&rsquo;incertitude"},"content":{"rendered":"<h2>Jour apr&egrave;s jour, le moindre mouvement de <a href=\"https:\/\/theplayoffs.news\/fr\/joueur\/christian-mccaffrey-nfl-6234502\/\" class=\"trk-cta-link\" data-cta-trk='{\"ctaType\":\"Link\",\"ctaSubType\":\"main\"}'>Christian McCaffrey<\/a> est &eacute;tudi&eacute;, analys&eacute;. Bless&eacute; au tendon d&rsquo;Achille depuis la pr&eacute;-saison, sa date de retour reste un myst&egrave;re.<\/h2><p>Absent lors du premier match de la saison face aux Jets de New York, Christian McCaffrey inqui&egrave;te les fans des 49ers. Loin d&rsquo;&ecirc;tre une simple blessure, sa tendinite au tendon d&rsquo;Achille pose question. En effet, la seule fa&ccedil;on pour McCaffrey de gu&eacute;rir est le repos. Seulement voil&agrave;, pour un acharn&eacute; de travail tel que le running back des 49ers, rester chez lui et se reposer ce n&rsquo;est pas dans ses habitudes.<\/p><p>Le match de dimanche arrive &agrave; grands pas, et CMC ne sait toujours pas s&rsquo;il jouera ou non. Pour rappel, il avait expliqu&eacute; &agrave; son coach que si le match avait &eacute;t&eacute; un match de playoffs il aurait jou&eacute;. Cela signifie qu&rsquo;il ressent toujours une douleur et qu&rsquo;il n&rsquo;est toujours pas gu&eacute;ri. Cette semaine, les entra&icirc;nements ont &eacute;t&eacute; all&eacute;g&eacute;s pour lui, et il n&rsquo;a pas encore particip&eacute; &agrave; un entra&icirc;nement complet de toute la semaine.<\/p><blockquote><p>En conf&eacute;rence de presse, son entra&icirc;neur Kyle Shanahan <a href=\"https:\/\/www.nbcsports.com\/nfl\/profootballtalk\/rumor-mill\/news\/kyle-shanahan-nothing-new-with-christian-mccaffrey-after-another-limited-practice\" class=\"trk-cta-link\" data-cta-trk='{\"ctaType\":\"Link\",\"ctaSubType\":\"main\"}'>a &eacute;t&eacute; questionn&eacute;<\/a> sur l&rsquo;&eacute;volution de sa blessure : &nbsp;&raquo; &laquo; Comme hier, il a eu une autre journ&eacute;e limit&eacute;e. Il a donc d&ucirc; faire un entra&icirc;nement l&eacute;ger. Il n&rsquo;y a rien de vraiment nouveau &agrave; ajouter.&nbsp;&raquo;<\/p><\/blockquote><p>Ce dimanche, les chances de voir McCaffrey jouer face aux Vikings du Minnesota se r&eacute;duisent de plus en plus. L&rsquo;excellent match du running back rempla&ccedil;ant <a href=\"https:\/\/theplayoffs.news\/fr\/joueur\/jordan-mason-san-francisco-49ers-nfl\/\" class=\"trk-cta-link\" data-cta-trk='{\"ctaType\":\"Link\",\"ctaSubType\":\"main\"}'>Jordan Mason<\/a> face aux Jets de New York devrait simplifier le choix de Kyle shanahan. Avec 147 yards et un touchdown en 28 port&eacute;es de balle lundi soir, Mason a frapp&eacute; un grand coup. Il devrait donc d&eacute;buter &agrave; nouveau dimanche si la situation de McCaffrey n&rsquo;&eacute;volue toujours pas.<\/p><p>&nbsp;<\/p><p>Cr&eacute;dit photo : David Gonzales-Imagn Images<\/p>\n","protected":false},"excerpt":{"rendered":"","protected":false},"author":180310258,"featured_media":1457311,"comment_status":"open","ping_status":"closed","sticky":false,"template":"","format":"standard","meta":{"inline_featured_image":false,"kia_subtitle":"","_mux_skip_reasons":[],"proofreadBy":0,"footnotes":""},"categories":[118,40],"tags":[923,939],"sport":[2785],"saison":[],"class_list":["post-1457309","post","type-post","status-publish","format-standard","has-post-thumbnail","hentry","category-actualite-nfl","category-nfl","tag-christian-mccaffrey","tag-san-francisco-49ers","sport-nfl"],"acf":[],"yoast_head":"<!-- This site is optimized with the Yoast SEO plugin v24.2 - https:\/\/yoast.com\/wordpress\/plugins\/seo\/ -->\n<title>Christian McCaffrey : les 49ers toujours dans l&#039;incertitude - The Playoffs FR<\/title>\n<meta name=\"robots\" content=\"index, follow, max-snippet:-1, max-image-preview:large, max-video-preview:-1\" \/>\n<link rel=\"canonical\" href=\"https:\/\/theplayoffs.news\/fr\/actualite-nfl\/christian-mccaffrey-les-49ers-toujours-dans-lincertitude\/\" \/>\n<meta property=\"og:locale\" content=\"fr_FR\" \/>\n<meta property=\"og:type\" content=\"article\" \/>\n<meta property=\"og:title\" content=\"Christian McCaffrey : les 49ers toujours dans l&#039;incertitude - The Playoffs FR\" \/>\n<meta property=\"og:url\" content=\"https:\/\/theplayoffs.news\/fr\/actualite-nfl\/christian-mccaffrey-les-49ers-toujours-dans-lincertitude\/\" \/>\n<meta property=\"og:site_name\" content=\"The Playoffs FR\" \/>\n<meta property=\"article:publisher\" content=\"https:\/\/www.facebook.com\/TheFreeAgentFR\/\" \/>\n<meta property=\"article:modified_time\" content=\"2024-09-13T12:00:01+02:00\" \/>\n<meta property=\"og:image\" content=\"https:\/\/theplayoffs.news\/fr\/wp-content\/uploads\/2024\/09\/USATSI_24211984.jpg\" \/>\n\t<meta property=\"og:image:width\" content=\"1920\" \/>\n\t<meta property=\"og:image:height\" content=\"1280\" \/>\n\t<meta property=\"og:image:type\" content=\"image\/jpeg\" \/>\n<meta name=\"author\" content=\"Raphael Pascal\" \/>\n<meta name=\"twitter:card\" content=\"summary_large_image\" \/>\n<meta name=\"twitter:creator\" content=\"@raph_psc\" \/>\n<meta name=\"twitter:site\" content=\"@TheFreeAgentFR\" \/>\n<meta name=\"twitter:label1\" content=\"\u00c9crit par\" \/>\n\t<meta name=\"twitter:data1\" content=\"Raphael Pascal\" \/>\n\t<meta name=\"twitter:label2\" content=\"Dur\u00e9e de lecture estim\u00e9e\" \/>\n\t<meta name=\"twitter:data2\" content=\"2 minutes\" \/>\n<script type=\"application\/ld+json\" class=\"yoast-schema-graph\">{\"@context\":\"https:\/\/schema.org\",\"@graph\":[{\"@type\":\"WebPage\",\"@id\":\"https:\/\/theplayoffs.news\/fr\/actualite-nfl\/christian-mccaffrey-les-49ers-toujours-dans-lincertitude\/\",\"url\":\"https:\/\/theplayoffs.news\/fr\/actualite-nfl\/christian-mccaffrey-les-49ers-toujours-dans-lincertitude\/\",\"name\":\"Christian McCaffrey : les 49ers toujours dans l\\\\'incertitude - The Playoffs FR\",\"isPartOf\":{\"@id\":\"https:\/\/theplayoffs.news\/fr\/#website\"},\"primaryImageOfPage\":{\"@id\":\"https:\/\/theplayoffs.news\/fr\/actualite-nfl\/christian-mccaffrey-les-49ers-toujours-dans-lincertitude\/#primaryimage\"},\"image\":{\"@id\":\"https:\/\/theplayoffs.news\/fr\/actualite-nfl\/christian-mccaffrey-les-49ers-toujours-dans-lincertitude\/#primaryimage\"},\"thumbnailUrl\":\"https:\/\/theplayoffs.news\/fr\/wp-content\/uploads\/2024\/09\/USATSI_24211984.jpg\",\"datePublished\":\"2024-09-13T10:00:01+00:00\",\"dateModified\":\"2024-09-13T10:00:01+00:00\",\"author\":{\"@id\":\"https:\/\/theplayoffs.news\/fr\/#\/schema\/person\/485c897926bddfb30c4c48ac6ef84900\"},\"breadcrumb\":{\"@id\":\"https:\/\/theplayoffs.news\/fr\/actualite-nfl\/christian-mccaffrey-les-49ers-toujours-dans-lincertitude\/#breadcrumb\"},\"inLanguage\":\"fr-FR\",\"potentialAction\":[{\"@type\":\"ReadAction\",\"target\":[\"https:\/\/theplayoffs.news\/fr\/actualite-nfl\/christian-mccaffrey-les-49ers-toujours-dans-lincertitude\/\"]}]},{\"@type\":\"ImageObject\",\"inLanguage\":\"fr-FR\",\"@id\":\"https:\/\/theplayoffs.news\/fr\/actualite-nfl\/christian-mccaffrey-les-49ers-toujours-dans-lincertitude\/#primaryimage\",\"url\":\"https:\/\/theplayoffs.news\/fr\/wp-content\/uploads\/2024\/09\/USATSI_24211984.jpg\",\"contentUrl\":\"https:\/\/theplayoffs.news\/fr\/wp-content\/uploads\/2024\/09\/USATSI_24211984.jpg\",\"width\":1920,\"height\":1280,\"caption\":\"Sep 9, 2024; Santa Clara, California, USA; San Francisco 49ers running back Christian McCaffrey (23) watches injured from the sidelines in the second quarter against the New York Jets at Levi\\\\'s Stadium. Mandatory Credit: David Gonzales-Imagn Images\"},{\"@type\":\"BreadcrumbList\",\"@id\":\"https:\/\/theplayoffs.news\/fr\/actualite-nfl\/christian-mccaffrey-les-49ers-toujours-dans-lincertitude\/#breadcrumb\",\"itemListElement\":[{\"@type\":\"ListItem\",\"position\":1,\"name\":\"Accueil\",\"item\":\"https:\/\/theplayoffs.news\/fr\/\"},{\"@type\":\"ListItem\",\"position\":2,\"name\":\"Christian McCaffrey : les 49ers toujours dans l&rsquo;incertitude\"}]},{\"@type\":\"WebSite\",\"@id\":\"https:\/\/theplayoffs.news\/fr\/#website\",\"url\":\"https:\/\/theplayoffs.news\/fr\/\",\"name\":\"The Playoffs FR\",\"description\":\"NBA-NFL-NHL-MLB\",\"potentialAction\":[{\"@type\":\"SearchAction\",\"target\":{\"@type\":\"EntryPoint\",\"urlTemplate\":\"https:\/\/theplayoffs.news\/fr\/?s={search_term_string}\"},\"query-input\":{\"@type\":\"PropertyValueSpecification\",\"valueRequired\":true,\"valueName\":\"search_term_string\"}}],\"inLanguage\":\"fr-FR\"},{\"@type\":\"Person\",\"@id\":\"https:\/\/theplayoffs.news\/fr\/#\/schema\/person\/485c897926bddfb30c4c48ac6ef84900\",\"name\":\"Raphael Pascal\",\"image\":{\"@type\":\"ImageObject\",\"inLanguage\":\"fr-FR\",\"@id\":\"https:\/\/theplayoffs.news\/fr\/#\/schema\/person\/image\/\",\"url\":\"https:\/\/secure.gravatar.com\/avatar\/121ff11187bbf8567a6a8b88a345550217899606196c19205b2337f770b1af55?s=96&d=mm&r=g\",\"contentUrl\":\"https:\/\/secure.gravatar.com\/avatar\/121ff11187bbf8567a6a8b88a345550217899606196c19205b2337f770b1af55?s=96&d=mm&r=g\",\"caption\":\"Raphael Pascal\"},\"description\":\"Podcasteur, commentateur et r\u00e9dacteur NBA et NFL. Depuis toujours fan de sport, j\\\\'ai d\u00e9couvert la NBA et la NFL a 18 ans et \u00e7a a \u00e9t\u00e9 un coup de c\u0153ur. Les Bucks et les Spurs m\\\\'ont fait d\u00e9couvrir la NBA et m\\\\'ont donn\u00e9 cet amour pour ce sport. Et pour la NFL, c\\\\'est le Superbowl perdu par les Chiefs face \u00e0 Tempa Bay qui m\\\\'a fait d\u00e9couvrir ce sport. Depuis, je suis fan de KC. Ce que j\\\\'aime le plus c\\\\'est les \u00e9missions \/ podcadts, car c\\\\'est un moment convivial o\u00f9 l\\\\'on peut donner des informations, mais cela permet aussi de pouvoir \u00e9changer et d\u00e9battre et c\\\\'est toujours passionnant. Rejoignez nous les jeudis \u00e0 19h chaque semaine pour une \u00e9mission NBA en direct sur Twitch, on sera ravi de pouvoir partager ces moments avec vous, et pouvoir r\u00e9pondre \u00e0 vos questions.\",\"sameAs\":[\"https:\/\/www.instagram.com\/raph_psc\/\",\"https:\/\/x.com\/raph_psc\"],\"url\":\"https:\/\/theplayoffs.news\/fr\/author\/rpascal-newsgmail-com\/\"}]}<\/script>\n<!-- \/ Yoast SEO plugin. -->","yoast_head_json":{"title":"Christian McCaffrey : les 49ers toujours dans l&#039;incertitude - The Playoffs FR","robots":{"index":"index","follow":"follow","max-snippet":"max-snippet:-1","max-image-preview":"max-image-preview:large","max-video-preview":"max-video-preview:-1"},"canonical":"https:\/\/theplayoffs.news\/fr\/actualite-nfl\/christian-mccaffrey-les-49ers-toujours-dans-lincertitude\/","og_locale":"fr_FR","og_type":"article","og_title":"Christian McCaffrey : les 49ers toujours dans l&#039;incertitude - The Playoffs FR","og_url":"https:\/\/theplayoffs.news\/fr\/actualite-nfl\/christian-mccaffrey-les-49ers-toujours-dans-lincertitude\/","og_site_name":"The Playoffs FR","article_publisher":"https:\/\/www.facebook.com\/TheFreeAgentFR\/","og_image":[{"width":1920,"height":1280,"url":"https:\/\/theplayoffs.news\/fr\/wp-content\/uploads\/2024\/09\/USATSI_24211984.jpg","type":"image\/jpeg"}],"author":"Raphael Pascal","twitter_card":"summary_large_image","twitter_creator":"@raph_psc","twitter_site":"@TheFreeAgentFR","twitter_misc":{"\u00c9crit par":"Raphael Pascal","Dur\u00e9e de lecture estim\u00e9e":"2 minutes"},"schema":{"@context":"https:\/\/schema.org","@graph":[{"@type":"WebPage","@id":"https:\/\/theplayoffs.news\/fr\/actualite-nfl\/christian-mccaffrey-les-49ers-toujours-dans-lincertitude\/","url":"https:\/\/theplayoffs.news\/fr\/actualite-nfl\/christian-mccaffrey-les-49ers-toujours-dans-lincertitude\/","name":"Christian McCaffrey : les 49ers toujours dans l\\'incertitude - The Playoffs FR","isPartOf":{"@id":"https:\/\/theplayoffs.news\/fr\/#website"},"primaryImageOfPage":{"@id":"https:\/\/theplayoffs.news\/fr\/actualite-nfl\/christian-mccaffrey-les-49ers-toujours-dans-lincertitude\/#primaryimage"},"image":{"@id":"https:\/\/theplayoffs.news\/fr\/actualite-nfl\/christian-mccaffrey-les-49ers-toujours-dans-lincertitude\/#primaryimage"},"thumbnailUrl":"https:\/\/theplayoffs.news\/fr\/wp-content\/uploads\/2024\/09\/USATSI_24211984.jpg","datePublished":"2024-09-13T10:00:01+00:00","dateModified":"2024-09-13T10:00:01+00:00","author":{"@id":"https:\/\/theplayoffs.news\/fr\/#\/schema\/person\/485c897926bddfb30c4c48ac6ef84900"},"breadcrumb":{"@id":"https:\/\/theplayoffs.news\/fr\/actualite-nfl\/christian-mccaffrey-les-49ers-toujours-dans-lincertitude\/#breadcrumb"},"inLanguage":"fr-FR","potentialAction":[{"@type":"ReadAction","target":["https:\/\/theplayoffs.news\/fr\/actualite-nfl\/christian-mccaffrey-les-49ers-toujours-dans-lincertitude\/"]}]},{"@type":"ImageObject","inLanguage":"fr-FR","@id":"https:\/\/theplayoffs.news\/fr\/actualite-nfl\/christian-mccaffrey-les-49ers-toujours-dans-lincertitude\/#primaryimage","url":"https:\/\/theplayoffs.news\/fr\/wp-content\/uploads\/2024\/09\/USATSI_24211984.jpg","contentUrl":"https:\/\/theplayoffs.news\/fr\/wp-content\/uploads\/2024\/09\/USATSI_24211984.jpg","width":1920,"height":1280,"caption":"Sep 9, 2024; Santa Clara, California, USA; San Francisco 49ers running back Christian McCaffrey (23) watches injured from the sidelines in the second quarter against the New York Jets at Levi\\'s Stadium. Mandatory Credit: David Gonzales-Imagn Images"},{"@type":"BreadcrumbList","@id":"https:\/\/theplayoffs.news\/fr\/actualite-nfl\/christian-mccaffrey-les-49ers-toujours-dans-lincertitude\/#breadcrumb","itemListElement":[{"@type":"ListItem","position":1,"name":"Accueil","item":"https:\/\/theplayoffs.news\/fr\/"},{"@type":"ListItem","position":2,"name":"Christian McCaffrey : les 49ers toujours dans l&rsquo;incertitude"}]},{"@type":"WebSite","@id":"https:\/\/theplayoffs.news\/fr\/#website","url":"https:\/\/theplayoffs.news\/fr\/","name":"The Playoffs FR","description":"NBA-NFL-NHL-MLB","potentialAction":[{"@type":"SearchAction","target":{"@type":"EntryPoint","urlTemplate":"https:\/\/theplayoffs.news\/fr\/?s={search_term_string}"},"query-input":{"@type":"PropertyValueSpecification","valueRequired":true,"valueName":"search_term_string"}}],"inLanguage":"fr-FR"},{"@type":"Person","@id":"https:\/\/theplayoffs.news\/fr\/#\/schema\/person\/485c897926bddfb30c4c48ac6ef84900","name":"Raphael Pascal","image":{"@type":"ImageObject","inLanguage":"fr-FR","@id":"https:\/\/theplayoffs.news\/fr\/#\/schema\/person\/image\/","url":"https:\/\/secure.gravatar.com\/avatar\/121ff11187bbf8567a6a8b88a345550217899606196c19205b2337f770b1af55?s=96&d=mm&r=g","contentUrl":"https:\/\/secure.gravatar.com\/avatar\/121ff11187bbf8567a6a8b88a345550217899606196c19205b2337f770b1af55?s=96&d=mm&r=g","caption":"Raphael Pascal"},"description":"Podcasteur, commentateur et r\u00e9dacteur NBA et NFL. Depuis toujours fan de sport, j\\'ai d\u00e9couvert la NBA et la NFL a 18 ans et \u00e7a a \u00e9t\u00e9 un coup de c\u0153ur. Les Bucks et les Spurs m\\'ont fait d\u00e9couvrir la NBA et m\\'ont donn\u00e9 cet amour pour ce sport. Et pour la NFL, c\\'est le Superbowl perdu par les Chiefs face \u00e0 Tempa Bay qui m\\'a fait d\u00e9couvrir ce sport. Depuis, je suis fan de KC. Ce que j\\'aime le plus c\\'est les \u00e9missions \/ podcadts, car c\\'est un moment convivial o\u00f9 l\\'on peut donner des informations, mais cela permet aussi de pouvoir \u00e9changer et d\u00e9battre et c\\'est toujours passionnant. Rejoignez nous les jeudis \u00e0 19h chaque semaine pour une \u00e9mission NBA en direct sur Twitch, on sera ravi de pouvoir partager ces moments avec vous, et pouvoir r\u00e9pondre \u00e0 vos questions.","sameAs":["https:\/\/www.instagram.com\/raph_psc\/","https:\/\/x.com\/raph_psc"],"url":"https:\/\/theplayoffs.news\/fr\/author\/rpascal-newsgmail-com\/"}]}},"_links":{"self":[{"href":"https:\/\/theplayoffs.news\/fr\/wp-json\/wp\/v2\/posts\/1457309","targetHints":{"allow":["GET"]}}],"collection":[{"href":"https:\/\/theplayoffs.news\/fr\/wp-json\/wp\/v2\/posts"}],"about":[{"href":"https:\/\/theplayoffs.news\/fr\/wp-json\/wp\/v2\/types\/post"}],"author":[{"embeddable":true,"href":"https:\/\/theplayoffs.news\/fr\/wp-json\/wp\/v2\/users\/180310258"}],"replies":[{"embeddable":true,"href":"https:\/\/theplayoffs.news\/fr\/wp-json\/wp\/v2\/comments?post=1457309"}],"version-history":[{"count":2,"href":"https:\/\/theplayoffs.news\/fr\/wp-json\/wp\/v2\/posts\/1457309\/revisions"}],"predecessor-version":[{"id":1457313,"href":"https:\/\/theplayoffs.news\/fr\/wp-json\/wp\/v2\/posts\/1457309\/revisions\/1457313"}],"wp:featuredmedia":[{"embeddable":true,"href":"https:\/\/theplayoffs.news\/fr\/wp-json\/wp\/v2\/media\/1457311"}],"wp:attachment":[{"href":"https:\/\/theplayoffs.news\/fr\/wp-json\/wp\/v2\/media?parent=1457309"}],"wp:term":[{"taxonomy":"category","embeddable":true,"href":"https:\/\/theplayoffs.news\/fr\/wp-json\/wp\/v2\/categories?post=1457309"},{"taxonomy":"post_tag","embeddable":true,"href":"https:\/\/theplayoffs.news\/fr\/wp-json\/wp\/v2\/tags?post=1457309"},{"taxonomy":"sport","embeddable":true,"href":"https:\/\/theplayoffs.news\/fr\/wp-json\/wp\/v2\/sport?post=1457309"},{"taxonomy":"saison","embeddable":true,"href":"https:\/\/theplayoffs.news\/fr\/wp-json\/wp\/v2\/saison?post=1457309"}],"curies":[{"name":"wp","href":"https:\/\/api.w.org\/{rel}","templated":true}]}}