{"id":1457238,"date":"2024-09-13T04:34:37","date_gmt":"2024-09-13T02:34:37","guid":{"rendered":"https:\/\/theplayoffs.news\/fr\/?p=1457238"},"modified":"2024-09-13T04:34:37","modified_gmt":"2024-09-13T02:34:37","slug":"tua-tagovailoa-commotion-cerebrale-week-2","status":"publish","type":"post","link":"https:\/\/theplayoffs.news\/fr\/actualite-nfl\/tua-tagovailoa-commotion-cerebrale-week-2\/","title":{"rendered":"Tua Tagovailoa sort du terrain sur commotion c\u00e9r\u00e9brale lors de la week 2"},"content":{"rendered":"<h2>NFL &ndash; Le quarterback des Miami Dolphins, Tua Tagovailoa, a subi une nouvelle commotion c&eacute;r&eacute;brale ce jeudi lors du match face aux Bills.<\/h2><p>Des images de <a href=\"https:\/\/theplayoffs.news\/fr\/joueur\/tua-tagovailoa-nfl-8482958\/\" class=\"trk-cta-link\" data-cta-trk='{\"ctaType\":\"Link\",\"ctaSubType\":\"main\"}'>Tua Tagovailoa<\/a> que nous aurions aim&eacute; ne plus jamais revoir de toute notre existence sont r&eacute;apparues ce jeudi lors du choc de la deuxi&egrave;me semaine de comp&eacute;tition de la saison 2024 entre les Bills de Buffalo et les Miami Dolphins. Le quarterback des Miami Dolphins a subi un choc &agrave; la t&ecirc;te lors d&rsquo;une course. Un choc qui a caus&eacute; une nouvelle commotion c&eacute;r&eacute;brale pour le ma&icirc;tre &agrave; jouer de la franchise floridienne qui en avait d&eacute;j&agrave; subi plusieurs lors de la saison 2022.<\/p><p>C&rsquo;est lors du troisi&egrave;me quart-temps de cette rencontre entre les Bills de Buffalo et les Miami Dolphins que le quarterback a du laisser ses co&eacute;quipiers. Alors que sa franchise de Miami &eacute;tait en grande difficult&eacute; et men&eacute;e de 21 points &agrave; ce moment du match, Tua Tagovailoa a voulu aller convertir une 4e tentative proche de l&rsquo;en but des Bills avec ses jambes. Mais en fin de course, la t&ecirc;te de Tagovailoa a heurt&eacute; le corps de Damar Hamlin. Un plaquage qui a envoy&eacute; imm&eacute;diatement au sol le <a href=\"https:\/\/twitter.com\/espn\/status\/1834418622082478502\" class=\"trk-cta-link\" data-cta-trk='{\"ctaType\":\"Link\",\"ctaSubType\":\"main\"}'>quarterback des Dolphins visiblement sonn&eacute;<\/a>.<\/p><blockquote class=\"twitter-tweet\" data-width=\"500\" data-dnt=\"true\">\n<p lang=\"en\" dir=\"ltr\">Tua Tagovailoa took a hard hit to the head but was able to walk off the field on his own. <a href=\"https:\/\/t.co\/7dAoCj9e2e\" class=\"trk-cta-link\" data-cta-trk='{\"ctaType\":\"Link\",\"ctaSubType\":\"main\"}'>pic.twitter.com\/7dAoCj9e2e<\/a><\/p>\n<p>&mdash; ESPN (@espn) <a href=\"https:\/\/twitter.com\/espn\/status\/1834418622082478502?ref_src=twsrc%5Etfw\" class=\"trk-cta-link\" data-cta-trk='{\"ctaType\":\"Link\",\"ctaSubType\":\"main\"}'>September 13, 2024<\/a><\/p><\/blockquote><p><script async src=\"https:\/\/platform.twitter.com\/widgets.js\" charset=\"utf-8\"><\/script><\/p><p>Apr&egrave;s une intervention rapide du staff m&eacute;dical des Miami Dolphins, Tua Tagovailoa semblait avoir repris une partie de ses esprits avant m&ecirc;me de quitter le terrain. Il devra maintenant satisfaire le protocole commotion de la NFL avant de pouvoir retrouver ses co&eacute;quipiers lors d&rsquo;une prochaine semaine de comp&eacute;tition. Mais le passif du jeune quarterback ne peut &ecirc;tre ignor&eacute; et c&rsquo;est la suite de sa carri&egrave;re qui appara&icirc;t aujourd&rsquo;hui en suspens au-del&agrave; de la seule question de cette saison 2024.<\/p><p><em>Cr&eacute;dit photo: Jasen Vinlove-Imagn Images<\/em><\/p>\n","protected":false},"excerpt":{"rendered":"","protected":false},"author":180309964,"featured_media":1457239,"comment_status":"open","ping_status":"closed","sticky":false,"template":"","format":"standard","meta":{"inline_featured_image":false,"kia_subtitle":"","_mux_skip_reasons":[],"proofreadBy":0,"footnotes":""},"categories":[118,40],"tags":[864,1045],"sport":[2785],"saison":[6111],"class_list":["post-1457238","post","type-post","status-publish","format-standard","has-post-thumbnail","hentry","category-actualite-nfl","category-nfl","tag-miami-dolphins","tag-tua-tagovailoa","sport-nfl","saison-6111"],"acf":[],"yoast_head":"<!-- This site is optimized with the Yoast SEO plugin v24.2 - https:\/\/yoast.com\/wordpress\/plugins\/seo\/ -->\n<title>Tua Tagovailoa sort du terrain sur commotion c&eacute;r&eacute;brale lors de la week 2 - The Playoffs FR<\/title>\n<meta name=\"robots\" content=\"index, follow, max-snippet:-1, max-image-preview:large, max-video-preview:-1\" \/>\n<link rel=\"canonical\" href=\"https:\/\/theplayoffs.news\/fr\/actualite-nfl\/tua-tagovailoa-commotion-cerebrale-week-2\/\" \/>\n<meta property=\"og:locale\" content=\"fr_FR\" \/>\n<meta property=\"og:type\" content=\"article\" \/>\n<meta property=\"og:title\" content=\"Tua Tagovailoa sort du terrain sur commotion c&eacute;r&eacute;brale lors de la week 2 - The Playoffs FR\" \/>\n<meta property=\"og:url\" content=\"https:\/\/theplayoffs.news\/fr\/actualite-nfl\/tua-tagovailoa-commotion-cerebrale-week-2\/\" \/>\n<meta property=\"og:site_name\" content=\"The Playoffs FR\" \/>\n<meta property=\"article:publisher\" content=\"https:\/\/www.facebook.com\/TheFreeAgentFR\/\" \/>\n<meta property=\"article:modified_time\" content=\"2024-09-13T04:34:37+02:00\" \/>\n<meta property=\"og:image\" content=\"https:\/\/theplayoffs.news\/fr\/wp-content\/uploads\/2024\/09\/USATSI_24217022.jpg\" \/>\n\t<meta property=\"og:image:width\" content=\"1920\" \/>\n\t<meta property=\"og:image:height\" content=\"1280\" \/>\n\t<meta property=\"og:image:type\" content=\"image\/jpeg\" \/>\n<meta name=\"author\" content=\"Flavien Jumeau\" \/>\n<meta name=\"twitter:card\" content=\"summary_large_image\" \/>\n<meta name=\"twitter:creator\" content=\"@TheFreeAgentFR\" \/>\n<meta name=\"twitter:site\" content=\"@TheFreeAgentFR\" \/>\n<meta name=\"twitter:label1\" content=\"\u00c9crit par\" \/>\n\t<meta name=\"twitter:data1\" content=\"Flavien Jumeau\" \/>\n\t<meta name=\"twitter:label2\" content=\"Dur\u00e9e de lecture estim\u00e9e\" \/>\n\t<meta name=\"twitter:data2\" content=\"2 minutes\" \/>\n<script type=\"application\/ld+json\" class=\"yoast-schema-graph\">{\"@context\":\"https:\/\/schema.org\",\"@graph\":[{\"@type\":\"WebPage\",\"@id\":\"https:\/\/theplayoffs.news\/fr\/actualite-nfl\/tua-tagovailoa-commotion-cerebrale-week-2\/\",\"url\":\"https:\/\/theplayoffs.news\/fr\/actualite-nfl\/tua-tagovailoa-commotion-cerebrale-week-2\/\",\"name\":\"Tua Tagovailoa sort du terrain sur commotion c\u00e9r\u00e9brale lors de la week 2 - The Playoffs FR\",\"isPartOf\":{\"@id\":\"https:\/\/theplayoffs.news\/fr\/#website\"},\"primaryImageOfPage\":{\"@id\":\"https:\/\/theplayoffs.news\/fr\/actualite-nfl\/tua-tagovailoa-commotion-cerebrale-week-2\/#primaryimage\"},\"image\":{\"@id\":\"https:\/\/theplayoffs.news\/fr\/actualite-nfl\/tua-tagovailoa-commotion-cerebrale-week-2\/#primaryimage\"},\"thumbnailUrl\":\"https:\/\/theplayoffs.news\/fr\/wp-content\/uploads\/2024\/09\/USATSI_24217022.jpg\",\"datePublished\":\"2024-09-13T02:34:37+00:00\",\"dateModified\":\"2024-09-13T02:34:37+00:00\",\"author\":{\"@id\":\"https:\/\/theplayoffs.news\/fr\/#\/schema\/person\/def63bc6746dc5957469b75feb99e66d\"},\"breadcrumb\":{\"@id\":\"https:\/\/theplayoffs.news\/fr\/actualite-nfl\/tua-tagovailoa-commotion-cerebrale-week-2\/#breadcrumb\"},\"inLanguage\":\"fr-FR\",\"potentialAction\":[{\"@type\":\"ReadAction\",\"target\":[\"https:\/\/theplayoffs.news\/fr\/actualite-nfl\/tua-tagovailoa-commotion-cerebrale-week-2\/\"]}]},{\"@type\":\"ImageObject\",\"inLanguage\":\"fr-FR\",\"@id\":\"https:\/\/theplayoffs.news\/fr\/actualite-nfl\/tua-tagovailoa-commotion-cerebrale-week-2\/#primaryimage\",\"url\":\"https:\/\/theplayoffs.news\/fr\/wp-content\/uploads\/2024\/09\/USATSI_24217022.jpg\",\"contentUrl\":\"https:\/\/theplayoffs.news\/fr\/wp-content\/uploads\/2024\/09\/USATSI_24217022.jpg\",\"width\":1920,\"height\":1280,\"caption\":\"Sep 12, 2024; Miami Gardens, Florida, USA; Miami Dolphins quarterback Tua Tagovailoa (1) drops back with the ball against the Buffalo Bills during the first half at Hard Rock Stadium. Mandatory Credit: Jasen Vinlove-Imagn Images\"},{\"@type\":\"BreadcrumbList\",\"@id\":\"https:\/\/theplayoffs.news\/fr\/actualite-nfl\/tua-tagovailoa-commotion-cerebrale-week-2\/#breadcrumb\",\"itemListElement\":[{\"@type\":\"ListItem\",\"position\":1,\"name\":\"Accueil\",\"item\":\"https:\/\/theplayoffs.news\/fr\/\"},{\"@type\":\"ListItem\",\"position\":2,\"name\":\"Tua Tagovailoa sort du terrain sur commotion c\u00e9r\u00e9brale lors de la week 2\"}]},{\"@type\":\"WebSite\",\"@id\":\"https:\/\/theplayoffs.news\/fr\/#website\",\"url\":\"https:\/\/theplayoffs.news\/fr\/\",\"name\":\"The Playoffs FR\",\"description\":\"NBA-NFL-NHL-MLB\",\"potentialAction\":[{\"@type\":\"SearchAction\",\"target\":{\"@type\":\"EntryPoint\",\"urlTemplate\":\"https:\/\/theplayoffs.news\/fr\/?s={search_term_string}\"},\"query-input\":{\"@type\":\"PropertyValueSpecification\",\"valueRequired\":true,\"valueName\":\"search_term_string\"}}],\"inLanguage\":\"fr-FR\"},{\"@type\":\"Person\",\"@id\":\"https:\/\/theplayoffs.news\/fr\/#\/schema\/person\/def63bc6746dc5957469b75feb99e66d\",\"name\":\"Flavien Jumeau\",\"image\":{\"@type\":\"ImageObject\",\"inLanguage\":\"fr-FR\",\"@id\":\"https:\/\/theplayoffs.news\/fr\/#\/schema\/person\/image\/\",\"url\":\"https:\/\/secure.gravatar.com\/avatar\/e7fa8ba5a4b7e4ce35fe152f083f352db28ad0acce692004ed88a7a7d78893f7?s=96&d=mm&r=g\",\"contentUrl\":\"https:\/\/secure.gravatar.com\/avatar\/e7fa8ba5a4b7e4ce35fe152f083f352db28ad0acce692004ed88a7a7d78893f7?s=96&d=mm&r=g\",\"caption\":\"Flavien Jumeau\"},\"description\":\"Amoureux du sport (et de vraiment tous les sports) depuis mon plus jeune \u00e2ge, j\u2019ai longtemps h\u00e9site entre le snooker et le curling. Finalement c\u2019est le foot US que j\u2019ai d\u00e9cid\u00e9 de choisir! Responsable foot US sur TPO et animateur du podcast Tailgate j\u2019ai pour mission de vous faire d\u00e9couvrir ce sport passionnant si ce n\u2019est pas encore fait et de vous donner les derni\u00e8res actus. Le tout dans la bonne humeur et avec toujours un jeu de mots ou deux savamment distill\u00e9s! Fan des Saints, pour moi Drew Brees est le vrai GOAT!\",\"url\":\"https:\/\/theplayoffs.news\/fr\/author\/flavien-jumeaugmail-com\/\"}]}<\/script>\n<!-- \/ Yoast SEO plugin. -->","yoast_head_json":{"title":"Tua Tagovailoa sort du terrain sur commotion c&eacute;r&eacute;brale lors de la week 2 - The Playoffs FR","robots":{"index":"index","follow":"follow","max-snippet":"max-snippet:-1","max-image-preview":"max-image-preview:large","max-video-preview":"max-video-preview:-1"},"canonical":"https:\/\/theplayoffs.news\/fr\/actualite-nfl\/tua-tagovailoa-commotion-cerebrale-week-2\/","og_locale":"fr_FR","og_type":"article","og_title":"Tua Tagovailoa sort du terrain sur commotion c&eacute;r&eacute;brale lors de la week 2 - The Playoffs FR","og_url":"https:\/\/theplayoffs.news\/fr\/actualite-nfl\/tua-tagovailoa-commotion-cerebrale-week-2\/","og_site_name":"The Playoffs FR","article_publisher":"https:\/\/www.facebook.com\/TheFreeAgentFR\/","og_image":[{"width":1920,"height":1280,"url":"https:\/\/theplayoffs.news\/fr\/wp-content\/uploads\/2024\/09\/USATSI_24217022.jpg","type":"image\/jpeg"}],"author":"Flavien Jumeau","twitter_card":"summary_large_image","twitter_creator":"@TheFreeAgentFR","twitter_site":"@TheFreeAgentFR","twitter_misc":{"\u00c9crit par":"Flavien Jumeau","Dur\u00e9e de lecture estim\u00e9e":"2 minutes"},"schema":{"@context":"https:\/\/schema.org","@graph":[{"@type":"WebPage","@id":"https:\/\/theplayoffs.news\/fr\/actualite-nfl\/tua-tagovailoa-commotion-cerebrale-week-2\/","url":"https:\/\/theplayoffs.news\/fr\/actualite-nfl\/tua-tagovailoa-commotion-cerebrale-week-2\/","name":"Tua Tagovailoa sort du terrain sur commotion c\u00e9r\u00e9brale lors de la week 2 - The Playoffs FR","isPartOf":{"@id":"https:\/\/theplayoffs.news\/fr\/#website"},"primaryImageOfPage":{"@id":"https:\/\/theplayoffs.news\/fr\/actualite-nfl\/tua-tagovailoa-commotion-cerebrale-week-2\/#primaryimage"},"image":{"@id":"https:\/\/theplayoffs.news\/fr\/actualite-nfl\/tua-tagovailoa-commotion-cerebrale-week-2\/#primaryimage"},"thumbnailUrl":"https:\/\/theplayoffs.news\/fr\/wp-content\/uploads\/2024\/09\/USATSI_24217022.jpg","datePublished":"2024-09-13T02:34:37+00:00","dateModified":"2024-09-13T02:34:37+00:00","author":{"@id":"https:\/\/theplayoffs.news\/fr\/#\/schema\/person\/def63bc6746dc5957469b75feb99e66d"},"breadcrumb":{"@id":"https:\/\/theplayoffs.news\/fr\/actualite-nfl\/tua-tagovailoa-commotion-cerebrale-week-2\/#breadcrumb"},"inLanguage":"fr-FR","potentialAction":[{"@type":"ReadAction","target":["https:\/\/theplayoffs.news\/fr\/actualite-nfl\/tua-tagovailoa-commotion-cerebrale-week-2\/"]}]},{"@type":"ImageObject","inLanguage":"fr-FR","@id":"https:\/\/theplayoffs.news\/fr\/actualite-nfl\/tua-tagovailoa-commotion-cerebrale-week-2\/#primaryimage","url":"https:\/\/theplayoffs.news\/fr\/wp-content\/uploads\/2024\/09\/USATSI_24217022.jpg","contentUrl":"https:\/\/theplayoffs.news\/fr\/wp-content\/uploads\/2024\/09\/USATSI_24217022.jpg","width":1920,"height":1280,"caption":"Sep 12, 2024; Miami Gardens, Florida, USA; Miami Dolphins quarterback Tua Tagovailoa (1) drops back with the ball against the Buffalo Bills during the first half at Hard Rock Stadium. Mandatory Credit: Jasen Vinlove-Imagn Images"},{"@type":"BreadcrumbList","@id":"https:\/\/theplayoffs.news\/fr\/actualite-nfl\/tua-tagovailoa-commotion-cerebrale-week-2\/#breadcrumb","itemListElement":[{"@type":"ListItem","position":1,"name":"Accueil","item":"https:\/\/theplayoffs.news\/fr\/"},{"@type":"ListItem","position":2,"name":"Tua Tagovailoa sort du terrain sur commotion c\u00e9r\u00e9brale lors de la week 2"}]},{"@type":"WebSite","@id":"https:\/\/theplayoffs.news\/fr\/#website","url":"https:\/\/theplayoffs.news\/fr\/","name":"The Playoffs FR","description":"NBA-NFL-NHL-MLB","potentialAction":[{"@type":"SearchAction","target":{"@type":"EntryPoint","urlTemplate":"https:\/\/theplayoffs.news\/fr\/?s={search_term_string}"},"query-input":{"@type":"PropertyValueSpecification","valueRequired":true,"valueName":"search_term_string"}}],"inLanguage":"fr-FR"},{"@type":"Person","@id":"https:\/\/theplayoffs.news\/fr\/#\/schema\/person\/def63bc6746dc5957469b75feb99e66d","name":"Flavien Jumeau","image":{"@type":"ImageObject","inLanguage":"fr-FR","@id":"https:\/\/theplayoffs.news\/fr\/#\/schema\/person\/image\/","url":"https:\/\/secure.gravatar.com\/avatar\/e7fa8ba5a4b7e4ce35fe152f083f352db28ad0acce692004ed88a7a7d78893f7?s=96&d=mm&r=g","contentUrl":"https:\/\/secure.gravatar.com\/avatar\/e7fa8ba5a4b7e4ce35fe152f083f352db28ad0acce692004ed88a7a7d78893f7?s=96&d=mm&r=g","caption":"Flavien Jumeau"},"description":"Amoureux du sport (et de vraiment tous les sports) depuis mon plus jeune \u00e2ge, j\u2019ai longtemps h\u00e9site entre le snooker et le curling. Finalement c\u2019est le foot US que j\u2019ai d\u00e9cid\u00e9 de choisir! Responsable foot US sur TPO et animateur du podcast Tailgate j\u2019ai pour mission de vous faire d\u00e9couvrir ce sport passionnant si ce n\u2019est pas encore fait et de vous donner les derni\u00e8res actus. Le tout dans la bonne humeur et avec toujours un jeu de mots ou deux savamment distill\u00e9s! Fan des Saints, pour moi Drew Brees est le vrai GOAT!","url":"https:\/\/theplayoffs.news\/fr\/author\/flavien-jumeaugmail-com\/"}]}},"_links":{"self":[{"href":"https:\/\/theplayoffs.news\/fr\/wp-json\/wp\/v2\/posts\/1457238","targetHints":{"allow":["GET"]}}],"collection":[{"href":"https:\/\/theplayoffs.news\/fr\/wp-json\/wp\/v2\/posts"}],"about":[{"href":"https:\/\/theplayoffs.news\/fr\/wp-json\/wp\/v2\/types\/post"}],"author":[{"embeddable":true,"href":"https:\/\/theplayoffs.news\/fr\/wp-json\/wp\/v2\/users\/180309964"}],"replies":[{"embeddable":true,"href":"https:\/\/theplayoffs.news\/fr\/wp-json\/wp\/v2\/comments?post=1457238"}],"version-history":[{"count":3,"href":"https:\/\/theplayoffs.news\/fr\/wp-json\/wp\/v2\/posts\/1457238\/revisions"}],"predecessor-version":[{"id":1457243,"href":"https:\/\/theplayoffs.news\/fr\/wp-json\/wp\/v2\/posts\/1457238\/revisions\/1457243"}],"wp:featuredmedia":[{"embeddable":true,"href":"https:\/\/theplayoffs.news\/fr\/wp-json\/wp\/v2\/media\/1457239"}],"wp:attachment":[{"href":"https:\/\/theplayoffs.news\/fr\/wp-json\/wp\/v2\/media?parent=1457238"}],"wp:term":[{"taxonomy":"category","embeddable":true,"href":"https:\/\/theplayoffs.news\/fr\/wp-json\/wp\/v2\/categories?post=1457238"},{"taxonomy":"post_tag","embeddable":true,"href":"https:\/\/theplayoffs.news\/fr\/wp-json\/wp\/v2\/tags?post=1457238"},{"taxonomy":"sport","embeddable":true,"href":"https:\/\/theplayoffs.news\/fr\/wp-json\/wp\/v2\/sport?post=1457238"},{"taxonomy":"saison","embeddable":true,"href":"https:\/\/theplayoffs.news\/fr\/wp-json\/wp\/v2\/saison?post=1457238"}],"curies":[{"name":"wp","href":"https:\/\/api.w.org\/{rel}","templated":true}]}}