{"id":1457148,"date":"2024-09-12T16:39:59","date_gmt":"2024-09-12T14:39:59","guid":{"rendered":"https:\/\/theplayoffs.news\/fr\/?p=1457148"},"modified":"2024-09-12T16:39:59","modified_gmt":"2024-09-12T14:39:59","slug":"cam-taylor-britt-i-dont-like-the-chiefs","status":"publish","type":"post","link":"https:\/\/theplayoffs.news\/fr\/actualite-nfl\/cam-taylor-britt-i-dont-like-the-chiefs\/","title":{"rendered":"Cam Taylor-Britt : &lsquo;I don&rsquo;t like the Chiefs&rsquo;"},"content":{"rendered":"<h2><a href=\"https:\/\/theplayoffs.news\/fr\/joueur\/cam-taylor-britt-nfl-8722392\/\" class=\"trk-cta-link\" data-cta-trk='{\"ctaType\":\"Link\",\"ctaSubType\":\"main\"}'>Cam Taylor-Britt<\/a> et les Bengals affronteront les Chiefs de Kansas City dimanche. Depuis les derni&egrave;res saisons, la rivalit&eacute; entre les deux franchises ne cesse d&rsquo;augmenter.<\/h2><p>Cam Taylor-Britt annonce la couleur. Ce Chiefs-Bengals n&rsquo;est pas un match comme les autres. L&rsquo;affiche de cette deuxi&egrave;me semaine de saison r&eacute;guli&egrave;re. Cincinnati a longtemps &eacute;t&eacute; la b&ecirc;te noire de <a href=\"https:\/\/theplayoffs.news\/fr\/joueur\/patrick-mahomes-nfl-6278954\/\" class=\"trk-cta-link\" data-cta-trk='{\"ctaType\":\"Link\",\"ctaSubType\":\"main\"}'>Patrick Mahomes,<\/a> mais depuis la victoire des Chiefs lors de la finale AFC en 2023, le rapport de force semble s&rsquo;&ecirc;tre invers&eacute;. De plus, les Bengals ont tr&egrave;s mal d&eacute;marr&eacute; leur saison avec une d&eacute;faite surprise face aux Patriots de la Nouvelle-Angleterre dimanche. &Agrave; l&rsquo;inverse, les Chiefs ont d&eacute;marr&eacute; avec une victoire lors du choc face aux Ravens de Baltimore pour un remake de la finale AFC 2024, en ouverture de la premi&egrave;re journ&eacute;e.<\/p><p>Dimanche, les deux meilleurs ennemis vont donc se retrouver, avec d&eacute;sormais un avantage pour les co&eacute;quipiers de Patrick Mahomes, vainqueurs lors des deux derni&egrave;res confrontations. Depuis l&rsquo;&eacute;pisode &laquo;&nbsp;Burrowhead&nbsp;&raquo; et le &laquo;&nbsp;test de paternit&eacute; de <a href=\"https:\/\/theplayoffs.news\/fr\/joueur\/joe-burrow-nfl-7831022\/\" class=\"trk-cta-link\" data-cta-trk='{\"ctaType\":\"Link\",\"ctaSubType\":\"main\"}'>Joe Burrow<\/a>&nbsp;&raquo; (pour rappel avant la finale AFC, les joueurs des Bengals ainsi que le maire de Cincinnati avaient &eacute;norm&eacute;ment trashtalk&eacute;), les Bengals n&rsquo;ont plus gagn&eacute; un seul match face aux Chiefs.<\/p><blockquote><p>Lors de la conf&eacute;rence de presse d&rsquo;avant-match Cam Taylor-Britt <a href=\"https:\/\/www.profootballnetwork.com\/bengals-cam-taylor-britt-not-impressed-chiefs-xavier-worthy\/\" class=\"trk-cta-link\" data-cta-trk='{\"ctaType\":\"Link\",\"ctaSubType\":\"main\"}'>a d&eacute;clar&eacute;<\/a> : &nbsp;&raquo; Je ne les aime pas. C&rsquo;est vrai qu&rsquo;on les rencontre souvent, et les derni&egrave;res fois &ccedil;a n&rsquo;a pas tourn&eacute; en notre faveur.&nbsp;&raquo; Le cornerback est &eacute;galement revenu sur le trashtalking entre les deux &eacute;quipes : &nbsp;&raquo; C&rsquo;est vrai que &ccedil;a parle beaucoup, mais je m&rsquo;en fiche, je ne me tais pas.&nbsp;&raquo;<\/p><\/blockquote><blockquote class=\"twitter-tweet\" data-width=\"500\" data-dnt=\"true\">\n<p lang=\"en\" dir=\"ltr\">RIVALRY: <a href=\"https:\/\/twitter.com\/hashtag\/Bengals?src=hash&amp;ref_src=twsrc%5Etfw\" class=\"trk-cta-link\" data-cta-trk='{\"ctaType\":\"Link\",\"ctaSubType\":\"main\"}'>#Bengals<\/a> CB Cam Taylor-Britt DOES NOT LIKE THE <a href=\"https:\/\/twitter.com\/hashtag\/CHIEFS?src=hash&amp;ref_src=twsrc%5Etfw\" class=\"trk-cta-link\" data-cta-trk='{\"ctaType\":\"Link\",\"ctaSubType\":\"main\"}'>#CHIEFS<\/a><\/p>\n<p>&ldquo;I don&rsquo;t like them&hellip; I don&rsquo;t shut up. I don&rsquo;t shut up.&rdquo;<\/p>\n<p>&#128064;&#128064;&#128064;<\/p>\n<p>(via <a href=\"https:\/\/twitter.com\/CLNSMedia?ref_src=twsrc%5Etfw\" class=\"trk-cta-link\" data-cta-trk='{\"ctaType\":\"Link\",\"ctaSubType\":\"main\"}'>@CLNSMedia<\/a>) <a href=\"https:\/\/t.co\/hWUnJeNypv\" class=\"trk-cta-link\" data-cta-trk='{\"ctaType\":\"Link\",\"ctaSubType\":\"main\"}'>pic.twitter.com\/hWUnJeNypv<\/a><\/p>\n<p>&mdash; MLFootball (@_MLFootball) <a href=\"https:\/\/twitter.com\/_MLFootball\/status\/1833997984947716466?ref_src=twsrc%5Etfw\" class=\"trk-cta-link\" data-cta-trk='{\"ctaType\":\"Link\",\"ctaSubType\":\"main\"}'>September 11, 2024<\/a><\/p><\/blockquote><p><script async src=\"https:\/\/platform.twitter.com\/widgets.js\" charset=\"utf-8\"><\/script><\/p><h3><a href=\"https:\/\/theplayoffs.news\/fr\/joueur\/xavier-worthy-nfl-9366124\/\" class=\"trk-cta-link\" data-cta-trk='{\"ctaType\":\"Link\",\"ctaSubType\":\"main\"}'>Xavier Worthy<\/a> au centre des d&eacute;bats<\/h3><p>Le receveur rookie des Chiefs a beaucoup fait parler de lui depuis ses d&eacute;buts impressionnants lors de la premi&egrave;re journ&eacute;e. Avec deux touchdowns en trois touches de balle, il va clairement &ecirc;tre une menace pour la d&eacute;fense des Bengals.<\/p><blockquote><p>Zac Taylor <a href=\"https:\/\/www.profootballnetwork.com\/bengals-cam-taylor-britt-not-impressed-chiefs-xavier-worthy\/\" class=\"trk-cta-link\" data-cta-trk='{\"ctaType\":\"Link\",\"ctaSubType\":\"main\"}'>a confi&eacute; :<\/a> &nbsp;&raquo; Nous avons aim&eacute; l&rsquo;&eacute;tudier au Texas. Ce n&rsquo;est pas seulement un gars rapide qui joue au football. C&rsquo;est un gars rapide qui est un tr&egrave;s bon joueur de football.&nbsp;&raquo;<\/p><\/blockquote><p>&nbsp;<\/p><blockquote><p>De son cot&eacute;, Cam Taylor-Britt <a href=\"https:\/\/www.profootballnetwork.com\/bengals-cam-taylor-britt-not-impressed-chiefs-xavier-worthy\/\" class=\"trk-cta-link\" data-cta-trk='{\"ctaType\":\"Link\",\"ctaSubType\":\"main\"}'>continue dans le trashtalking<\/a> : &laquo;&nbsp;Il a de la vitesse, c&rsquo;est &agrave; peu pr&egrave;s tout. Il peut courir tout droit. Il ne peut pas faire grand-chose d&rsquo;autre. Il ne p&egrave;se que 100 livres (165), si vous mettez les mains sur lui, vous arr&ecirc;terez sa vitesse. &laquo;&nbsp;<\/p><\/blockquote><p>Rendez-vous dimanche, pour ce choc entre les Chiefs de Kansas City et les Bengals de Cincinnati.<\/p><p>&nbsp;<\/p><p>Cr&eacute;dit photo : Sam Greene\/The Enquirer \/ USA TODAY NETWORK<\/p>\n","protected":false},"excerpt":{"rendered":"","protected":false},"author":180310258,"featured_media":1457154,"comment_status":"open","ping_status":"closed","sticky":false,"template":"","format":"standard","meta":{"inline_featured_image":false,"kia_subtitle":"","_mux_skip_reasons":[],"proofreadBy":0,"footnotes":""},"categories":[118,40],"tags":[5336,5731,802],"sport":[2785],"saison":[],"class_list":["post-1457148","post","type-post","status-publish","format-standard","has-post-thumbnail","hentry","category-actualite-nfl","category-nfl","tag-cam-taylor-britt","tag-chiefs-de-kansas-city","tag-cincinnati-bengals","sport-nfl"],"acf":[],"yoast_head":"<!-- This site is optimized with the Yoast SEO plugin v24.2 - https:\/\/yoast.com\/wordpress\/plugins\/seo\/ -->\n<title>Cam Taylor-Britt : &#039;I don&#039;t like the Chiefs&#039; - The Playoffs FR<\/title>\n<meta name=\"robots\" content=\"index, follow, max-snippet:-1, max-image-preview:large, max-video-preview:-1\" \/>\n<link rel=\"canonical\" href=\"https:\/\/theplayoffs.news\/fr\/actualite-nfl\/cam-taylor-britt-i-dont-like-the-chiefs\/\" \/>\n<meta property=\"og:locale\" content=\"fr_FR\" \/>\n<meta property=\"og:type\" content=\"article\" \/>\n<meta property=\"og:title\" content=\"Cam Taylor-Britt : &#039;I don&#039;t like the Chiefs&#039; - The Playoffs FR\" \/>\n<meta property=\"og:url\" content=\"https:\/\/theplayoffs.news\/fr\/actualite-nfl\/cam-taylor-britt-i-dont-like-the-chiefs\/\" \/>\n<meta property=\"og:site_name\" content=\"The Playoffs FR\" \/>\n<meta property=\"article:publisher\" content=\"https:\/\/www.facebook.com\/TheFreeAgentFR\/\" \/>\n<meta property=\"article:modified_time\" content=\"2024-09-12T16:39:59+02:00\" \/>\n<meta property=\"og:image\" content=\"https:\/\/theplayoffs.news\/fr\/wp-content\/uploads\/2024\/09\/USATSI_24007262.jpg\" \/>\n\t<meta property=\"og:image:width\" content=\"1920\" \/>\n\t<meta property=\"og:image:height\" content=\"1280\" \/>\n\t<meta property=\"og:image:type\" content=\"image\/jpeg\" \/>\n<meta name=\"author\" content=\"Raphael Pascal\" \/>\n<meta name=\"twitter:card\" content=\"summary_large_image\" \/>\n<meta name=\"twitter:creator\" content=\"@raph_psc\" \/>\n<meta name=\"twitter:site\" content=\"@TheFreeAgentFR\" \/>\n<meta name=\"twitter:label1\" content=\"\u00c9crit par\" \/>\n\t<meta name=\"twitter:data1\" content=\"Raphael Pascal\" \/>\n\t<meta name=\"twitter:label2\" content=\"Dur\u00e9e de lecture estim\u00e9e\" \/>\n\t<meta name=\"twitter:data2\" content=\"2 minutes\" \/>\n<script type=\"application\/ld+json\" class=\"yoast-schema-graph\">{\"@context\":\"https:\/\/schema.org\",\"@graph\":[{\"@type\":\"WebPage\",\"@id\":\"https:\/\/theplayoffs.news\/fr\/actualite-nfl\/cam-taylor-britt-i-dont-like-the-chiefs\/\",\"url\":\"https:\/\/theplayoffs.news\/fr\/actualite-nfl\/cam-taylor-britt-i-dont-like-the-chiefs\/\",\"name\":\"Cam Taylor-Britt : \\\\'I don\\\\'t like the Chiefs\\\\' - The Playoffs FR\",\"isPartOf\":{\"@id\":\"https:\/\/theplayoffs.news\/fr\/#website\"},\"primaryImageOfPage\":{\"@id\":\"https:\/\/theplayoffs.news\/fr\/actualite-nfl\/cam-taylor-britt-i-dont-like-the-chiefs\/#primaryimage\"},\"image\":{\"@id\":\"https:\/\/theplayoffs.news\/fr\/actualite-nfl\/cam-taylor-britt-i-dont-like-the-chiefs\/#primaryimage\"},\"thumbnailUrl\":\"https:\/\/theplayoffs.news\/fr\/wp-content\/uploads\/2024\/09\/USATSI_24007262.jpg\",\"datePublished\":\"2024-09-12T14:39:59+00:00\",\"dateModified\":\"2024-09-12T14:39:59+00:00\",\"author\":{\"@id\":\"https:\/\/theplayoffs.news\/fr\/#\/schema\/person\/485c897926bddfb30c4c48ac6ef84900\"},\"breadcrumb\":{\"@id\":\"https:\/\/theplayoffs.news\/fr\/actualite-nfl\/cam-taylor-britt-i-dont-like-the-chiefs\/#breadcrumb\"},\"inLanguage\":\"fr-FR\",\"potentialAction\":[{\"@type\":\"ReadAction\",\"target\":[\"https:\/\/theplayoffs.news\/fr\/actualite-nfl\/cam-taylor-britt-i-dont-like-the-chiefs\/\"]}]},{\"@type\":\"ImageObject\",\"inLanguage\":\"fr-FR\",\"@id\":\"https:\/\/theplayoffs.news\/fr\/actualite-nfl\/cam-taylor-britt-i-dont-like-the-chiefs\/#primaryimage\",\"url\":\"https:\/\/theplayoffs.news\/fr\/wp-content\/uploads\/2024\/09\/USATSI_24007262.jpg\",\"contentUrl\":\"https:\/\/theplayoffs.news\/fr\/wp-content\/uploads\/2024\/09\/USATSI_24007262.jpg\",\"width\":1920,\"height\":1280,\"caption\":\"Cincinnati Bengals cornerback Cam Taylor-Britt (29) takes questions after practice at the Chicago Bears Halas Hall practice facility in Lake Forest, Ill., on Thursday, Aug. 15, 2024.\"},{\"@type\":\"BreadcrumbList\",\"@id\":\"https:\/\/theplayoffs.news\/fr\/actualite-nfl\/cam-taylor-britt-i-dont-like-the-chiefs\/#breadcrumb\",\"itemListElement\":[{\"@type\":\"ListItem\",\"position\":1,\"name\":\"Accueil\",\"item\":\"https:\/\/theplayoffs.news\/fr\/\"},{\"@type\":\"ListItem\",\"position\":2,\"name\":\"Cam Taylor-Britt : &lsquo;I don&rsquo;t like the Chiefs&rsquo;\"}]},{\"@type\":\"WebSite\",\"@id\":\"https:\/\/theplayoffs.news\/fr\/#website\",\"url\":\"https:\/\/theplayoffs.news\/fr\/\",\"name\":\"The Playoffs FR\",\"description\":\"NBA-NFL-NHL-MLB\",\"potentialAction\":[{\"@type\":\"SearchAction\",\"target\":{\"@type\":\"EntryPoint\",\"urlTemplate\":\"https:\/\/theplayoffs.news\/fr\/?s={search_term_string}\"},\"query-input\":{\"@type\":\"PropertyValueSpecification\",\"valueRequired\":true,\"valueName\":\"search_term_string\"}}],\"inLanguage\":\"fr-FR\"},{\"@type\":\"Person\",\"@id\":\"https:\/\/theplayoffs.news\/fr\/#\/schema\/person\/485c897926bddfb30c4c48ac6ef84900\",\"name\":\"Raphael Pascal\",\"image\":{\"@type\":\"ImageObject\",\"inLanguage\":\"fr-FR\",\"@id\":\"https:\/\/theplayoffs.news\/fr\/#\/schema\/person\/image\/\",\"url\":\"https:\/\/secure.gravatar.com\/avatar\/121ff11187bbf8567a6a8b88a345550217899606196c19205b2337f770b1af55?s=96&d=mm&r=g\",\"contentUrl\":\"https:\/\/secure.gravatar.com\/avatar\/121ff11187bbf8567a6a8b88a345550217899606196c19205b2337f770b1af55?s=96&d=mm&r=g\",\"caption\":\"Raphael Pascal\"},\"description\":\"Podcasteur, commentateur et r\u00e9dacteur NBA et NFL. Depuis toujours fan de sport, j\\\\'ai d\u00e9couvert la NBA et la NFL a 18 ans et \u00e7a a \u00e9t\u00e9 un coup de c\u0153ur. Les Bucks et les Spurs m\\\\'ont fait d\u00e9couvrir la NBA et m\\\\'ont donn\u00e9 cet amour pour ce sport. Et pour la NFL, c\\\\'est le Superbowl perdu par les Chiefs face \u00e0 Tempa Bay qui m\\\\'a fait d\u00e9couvrir ce sport. Depuis, je suis fan de KC. Ce que j\\\\'aime le plus c\\\\'est les \u00e9missions \/ podcadts, car c\\\\'est un moment convivial o\u00f9 l\\\\'on peut donner des informations, mais cela permet aussi de pouvoir \u00e9changer et d\u00e9battre et c\\\\'est toujours passionnant. Rejoignez nous les jeudis \u00e0 19h chaque semaine pour une \u00e9mission NBA en direct sur Twitch, on sera ravi de pouvoir partager ces moments avec vous, et pouvoir r\u00e9pondre \u00e0 vos questions.\",\"sameAs\":[\"https:\/\/www.instagram.com\/raph_psc\/\",\"https:\/\/x.com\/raph_psc\"],\"url\":\"https:\/\/theplayoffs.news\/fr\/author\/rpascal-newsgmail-com\/\"}]}<\/script>\n<!-- \/ Yoast SEO plugin. -->","yoast_head_json":{"title":"Cam Taylor-Britt : &#039;I don&#039;t like the Chiefs&#039; - The Playoffs FR","robots":{"index":"index","follow":"follow","max-snippet":"max-snippet:-1","max-image-preview":"max-image-preview:large","max-video-preview":"max-video-preview:-1"},"canonical":"https:\/\/theplayoffs.news\/fr\/actualite-nfl\/cam-taylor-britt-i-dont-like-the-chiefs\/","og_locale":"fr_FR","og_type":"article","og_title":"Cam Taylor-Britt : &#039;I don&#039;t like the Chiefs&#039; - The Playoffs FR","og_url":"https:\/\/theplayoffs.news\/fr\/actualite-nfl\/cam-taylor-britt-i-dont-like-the-chiefs\/","og_site_name":"The Playoffs FR","article_publisher":"https:\/\/www.facebook.com\/TheFreeAgentFR\/","og_image":[{"width":1920,"height":1280,"url":"https:\/\/theplayoffs.news\/fr\/wp-content\/uploads\/2024\/09\/USATSI_24007262.jpg","type":"image\/jpeg"}],"author":"Raphael Pascal","twitter_card":"summary_large_image","twitter_creator":"@raph_psc","twitter_site":"@TheFreeAgentFR","twitter_misc":{"\u00c9crit par":"Raphael Pascal","Dur\u00e9e de lecture estim\u00e9e":"2 minutes"},"schema":{"@context":"https:\/\/schema.org","@graph":[{"@type":"WebPage","@id":"https:\/\/theplayoffs.news\/fr\/actualite-nfl\/cam-taylor-britt-i-dont-like-the-chiefs\/","url":"https:\/\/theplayoffs.news\/fr\/actualite-nfl\/cam-taylor-britt-i-dont-like-the-chiefs\/","name":"Cam Taylor-Britt : \\'I don\\'t like the Chiefs\\' - The Playoffs FR","isPartOf":{"@id":"https:\/\/theplayoffs.news\/fr\/#website"},"primaryImageOfPage":{"@id":"https:\/\/theplayoffs.news\/fr\/actualite-nfl\/cam-taylor-britt-i-dont-like-the-chiefs\/#primaryimage"},"image":{"@id":"https:\/\/theplayoffs.news\/fr\/actualite-nfl\/cam-taylor-britt-i-dont-like-the-chiefs\/#primaryimage"},"thumbnailUrl":"https:\/\/theplayoffs.news\/fr\/wp-content\/uploads\/2024\/09\/USATSI_24007262.jpg","datePublished":"2024-09-12T14:39:59+00:00","dateModified":"2024-09-12T14:39:59+00:00","author":{"@id":"https:\/\/theplayoffs.news\/fr\/#\/schema\/person\/485c897926bddfb30c4c48ac6ef84900"},"breadcrumb":{"@id":"https:\/\/theplayoffs.news\/fr\/actualite-nfl\/cam-taylor-britt-i-dont-like-the-chiefs\/#breadcrumb"},"inLanguage":"fr-FR","potentialAction":[{"@type":"ReadAction","target":["https:\/\/theplayoffs.news\/fr\/actualite-nfl\/cam-taylor-britt-i-dont-like-the-chiefs\/"]}]},{"@type":"ImageObject","inLanguage":"fr-FR","@id":"https:\/\/theplayoffs.news\/fr\/actualite-nfl\/cam-taylor-britt-i-dont-like-the-chiefs\/#primaryimage","url":"https:\/\/theplayoffs.news\/fr\/wp-content\/uploads\/2024\/09\/USATSI_24007262.jpg","contentUrl":"https:\/\/theplayoffs.news\/fr\/wp-content\/uploads\/2024\/09\/USATSI_24007262.jpg","width":1920,"height":1280,"caption":"Cincinnati Bengals cornerback Cam Taylor-Britt (29) takes questions after practice at the Chicago Bears Halas Hall practice facility in Lake Forest, Ill., on Thursday, Aug. 15, 2024."},{"@type":"BreadcrumbList","@id":"https:\/\/theplayoffs.news\/fr\/actualite-nfl\/cam-taylor-britt-i-dont-like-the-chiefs\/#breadcrumb","itemListElement":[{"@type":"ListItem","position":1,"name":"Accueil","item":"https:\/\/theplayoffs.news\/fr\/"},{"@type":"ListItem","position":2,"name":"Cam Taylor-Britt : &lsquo;I don&rsquo;t like the Chiefs&rsquo;"}]},{"@type":"WebSite","@id":"https:\/\/theplayoffs.news\/fr\/#website","url":"https:\/\/theplayoffs.news\/fr\/","name":"The Playoffs FR","description":"NBA-NFL-NHL-MLB","potentialAction":[{"@type":"SearchAction","target":{"@type":"EntryPoint","urlTemplate":"https:\/\/theplayoffs.news\/fr\/?s={search_term_string}"},"query-input":{"@type":"PropertyValueSpecification","valueRequired":true,"valueName":"search_term_string"}}],"inLanguage":"fr-FR"},{"@type":"Person","@id":"https:\/\/theplayoffs.news\/fr\/#\/schema\/person\/485c897926bddfb30c4c48ac6ef84900","name":"Raphael Pascal","image":{"@type":"ImageObject","inLanguage":"fr-FR","@id":"https:\/\/theplayoffs.news\/fr\/#\/schema\/person\/image\/","url":"https:\/\/secure.gravatar.com\/avatar\/121ff11187bbf8567a6a8b88a345550217899606196c19205b2337f770b1af55?s=96&d=mm&r=g","contentUrl":"https:\/\/secure.gravatar.com\/avatar\/121ff11187bbf8567a6a8b88a345550217899606196c19205b2337f770b1af55?s=96&d=mm&r=g","caption":"Raphael Pascal"},"description":"Podcasteur, commentateur et r\u00e9dacteur NBA et NFL. Depuis toujours fan de sport, j\\'ai d\u00e9couvert la NBA et la NFL a 18 ans et \u00e7a a \u00e9t\u00e9 un coup de c\u0153ur. Les Bucks et les Spurs m\\'ont fait d\u00e9couvrir la NBA et m\\'ont donn\u00e9 cet amour pour ce sport. Et pour la NFL, c\\'est le Superbowl perdu par les Chiefs face \u00e0 Tempa Bay qui m\\'a fait d\u00e9couvrir ce sport. Depuis, je suis fan de KC. Ce que j\\'aime le plus c\\'est les \u00e9missions \/ podcadts, car c\\'est un moment convivial o\u00f9 l\\'on peut donner des informations, mais cela permet aussi de pouvoir \u00e9changer et d\u00e9battre et c\\'est toujours passionnant. Rejoignez nous les jeudis \u00e0 19h chaque semaine pour une \u00e9mission NBA en direct sur Twitch, on sera ravi de pouvoir partager ces moments avec vous, et pouvoir r\u00e9pondre \u00e0 vos questions.","sameAs":["https:\/\/www.instagram.com\/raph_psc\/","https:\/\/x.com\/raph_psc"],"url":"https:\/\/theplayoffs.news\/fr\/author\/rpascal-newsgmail-com\/"}]}},"_links":{"self":[{"href":"https:\/\/theplayoffs.news\/fr\/wp-json\/wp\/v2\/posts\/1457148","targetHints":{"allow":["GET"]}}],"collection":[{"href":"https:\/\/theplayoffs.news\/fr\/wp-json\/wp\/v2\/posts"}],"about":[{"href":"https:\/\/theplayoffs.news\/fr\/wp-json\/wp\/v2\/types\/post"}],"author":[{"embeddable":true,"href":"https:\/\/theplayoffs.news\/fr\/wp-json\/wp\/v2\/users\/180310258"}],"replies":[{"embeddable":true,"href":"https:\/\/theplayoffs.news\/fr\/wp-json\/wp\/v2\/comments?post=1457148"}],"version-history":[{"count":3,"href":"https:\/\/theplayoffs.news\/fr\/wp-json\/wp\/v2\/posts\/1457148\/revisions"}],"predecessor-version":[{"id":1457162,"href":"https:\/\/theplayoffs.news\/fr\/wp-json\/wp\/v2\/posts\/1457148\/revisions\/1457162"}],"wp:featuredmedia":[{"embeddable":true,"href":"https:\/\/theplayoffs.news\/fr\/wp-json\/wp\/v2\/media\/1457154"}],"wp:attachment":[{"href":"https:\/\/theplayoffs.news\/fr\/wp-json\/wp\/v2\/media?parent=1457148"}],"wp:term":[{"taxonomy":"category","embeddable":true,"href":"https:\/\/theplayoffs.news\/fr\/wp-json\/wp\/v2\/categories?post=1457148"},{"taxonomy":"post_tag","embeddable":true,"href":"https:\/\/theplayoffs.news\/fr\/wp-json\/wp\/v2\/tags?post=1457148"},{"taxonomy":"sport","embeddable":true,"href":"https:\/\/theplayoffs.news\/fr\/wp-json\/wp\/v2\/sport?post=1457148"},{"taxonomy":"saison","embeddable":true,"href":"https:\/\/theplayoffs.news\/fr\/wp-json\/wp\/v2\/saison?post=1457148"}],"curies":[{"name":"wp","href":"https:\/\/api.w.org\/{rel}","templated":true}]}}