{"id":1456819,"date":"2024-09-11T11:30:57","date_gmt":"2024-09-11T09:30:57","guid":{"rendered":"https:\/\/theplayoffs.news\/fr\/?p=1456819"},"modified":"2024-09-11T11:30:57","modified_gmt":"2024-09-11T09:30:57","slug":"christian-mccaffrey-une-absence-plus-longue-que-prevue","status":"publish","type":"post","link":"https:\/\/theplayoffs.news\/fr\/actualite-nfl\/christian-mccaffrey-une-absence-plus-longue-que-prevue\/","title":{"rendered":"Christian McCaffrey : une absence plus longue que pr\u00e9vue ?"},"content":{"rendered":"<h2>Absent lors de la premi&egrave;re journ&eacute;e, <a href=\"https:\/\/theplayoffs.news\/fr\/joueur\/christian-mccaffrey-nfl-6234502\/\" class=\"trk-cta-link\" data-cta-trk='{\"ctaType\":\"Link\",\"ctaSubType\":\"main\"}'>Christian McCaffrey<\/a> pourrait &ecirc;tre &eacute;cart&eacute; des terrains encore quelques semaines. Le running back star des 49ers de San Francisco souffre d&rsquo;une tendinite au tendon d&rsquo;Achille.<\/h2><p>Absent des matchs de pr&eacute;-saison pour une g&ecirc;ne au mollet, Christian McCaffrey a pu profiter de plusieurs semaines de repos. &Agrave; l&rsquo;approche du premier match de la saison face aux Jets de New York, tout le monde semblait optimiste quant &agrave; la pr&eacute;sence de CMC. Finalement, le running back a &eacute;t&eacute; &eacute;cart&eacute; avant la rencontre.<\/p><blockquote><p>Le coach des 49ers de San Francisco Kyle Shanahan <a href=\"https:\/\/www.sportingnews.com\/in\/nfl\/news\/achilles-tendinitis-49ers-christian-mccaffrey-injury-recovery-timeline\/585b653ab6a23d558bcf1355\" class=\"trk-cta-link\" data-cta-trk='{\"ctaType\":\"Link\",\"ctaSubType\":\"main\"}'>a r&eacute;v&eacute;l&eacute;<\/a> ce mardi que McCaffrey souffrait d&rsquo;une tendinite au tendon d&rsquo;Achille : &nbsp;&raquo; C&rsquo;est une blessure qui va et vient. Quand il s&rsquo;agit de ce genre de g&egrave;nes, vous devez &ecirc;tre tr&egrave;s prudent.&nbsp;&raquo;<\/p><\/blockquote><h3>Une blessure tr&egrave;s g&ecirc;nante pour un running back<\/h3><p>Une tendinite au tendon d&rsquo;Achille provient d&rsquo;un stress excessif, et d&rsquo;un manque de repos. Le tendon d&rsquo;Achille est d&eacute;terminant dans les courses &agrave; haute intensit&eacute;, et pour un running back tel que McCaffrey qui a des appuis lourds, d&ucirc;s &agrave; sa masse musculaire tr&egrave;s importante, il est encore plus mis &agrave; contribution.<\/p><p>Si elle n&rsquo;est pas trait&eacute;e, la tendinite peut causer une rupture du tendon d&rsquo;Achille. Pour &eacute;viter cela, le seul rem&egrave;de est le repos. Malheureusement, il est difficile d&rsquo;&eacute;valuer la gravit&eacute; de la blessure. Mais &eacute;galement de savoir &agrave; quel moment le joueur est totalement gu&eacute;ri.<\/p><blockquote class=\"twitter-tweet\" data-width=\"500\" data-dnt=\"true\">\n<p lang=\"en\" dir=\"ltr\">BREAKING: <a href=\"https:\/\/twitter.com\/hashtag\/49ers?src=hash&amp;ref_src=twsrc%5Etfw\" class=\"trk-cta-link\" data-cta-trk='{\"ctaType\":\"Link\",\"ctaSubType\":\"main\"}'>#49ers<\/a> star running back Christian McCaffrey has Achilles tendinitis, according to HC Kyle Shanahan.<\/p>\n<p>In general Achilles tendonitis can take a few months to heal, but we do not know the severity of CMC&rsquo;s case. <a href=\"https:\/\/t.co\/J9RGlICsUc\" class=\"trk-cta-link\" data-cta-trk='{\"ctaType\":\"Link\",\"ctaSubType\":\"main\"}'>pic.twitter.com\/J9RGlICsUc<\/a><\/p>\n<p>&mdash; MLFootball (@_MLFootball) <a href=\"https:\/\/twitter.com\/_MLFootball\/status\/1833599296836374955?ref_src=twsrc%5Etfw\" class=\"trk-cta-link\" data-cta-trk='{\"ctaType\":\"Link\",\"ctaSubType\":\"main\"}'>September 10, 2024<\/a><\/p><\/blockquote><p><script async src=\"https:\/\/platform.twitter.com\/widgets.js\" charset=\"utf-8\"><\/script><\/p><p>Avant le match face aux Jets, McCaffrey a expliqu&eacute; pouvoir jouer le match, car sa g&ecirc;ne &eacute;tait supportable. Seulement s&rsquo;il joue malgr&eacute; la douleur en septembre, il risque de tra&icirc;ner cette blessure plusieurs mois. Les 49ers ont besoin d&rsquo;un CMC &agrave; 100% lorsque les playoffs d&eacute;buteront. C&rsquo;est pour cela qu&rsquo;ils pr&eacute;f&egrave;rent prendre aucun risque en ce d&eacute;but de saison.<\/p><h4>Un retour &agrave; la comp&eacute;tition retard&eacute;<\/h4><p>Dimanche, les 49ers se d&eacute;placent &agrave; Minneapolis pour affronter les Vikings. La d&eacute;cision de faire jouer Christian n&rsquo;a pas encore &eacute;t&eacute; prise. Cela d&eacute;pendra de son ressenti le jour du match. Une chose est s&ucirc;r, aucun risque ne sera pris.<\/p><blockquote><p>Apr&egrave;s le match face aux Jets, Kyle Shanahan <a href=\"https:\/\/www.sportingnews.com\/in\/nfl\/news\/achilles-tendinitis-49ers-christian-mccaffrey-injury-recovery-timeline\/585b653ab6a23d558bcf1355\" class=\"trk-cta-link\" data-cta-trk='{\"ctaType\":\"Link\",\"ctaSubType\":\"main\"}'>a expliqu&eacute;<\/a> : &laquo;&nbsp;S&rsquo;il s&rsquo;agissait d&rsquo;un match &eacute;liminatoire, il m&rsquo;a dit tr&egrave;s clairement qu&rsquo;il croyait pouvoir y aller. Mais comme c&rsquo;est le d&eacute;but de saison et que la blessure touche les membres inf&eacute;rieurs, le choix &eacute;tait facile.&nbsp;&raquo;<\/p><\/blockquote><p>L&rsquo;excellente performance de <a href=\"https:\/\/theplayoffs.news\/fr\/joueur\/jordan-mason-san-francisco-49ers-nfl\/\" class=\"trk-cta-link\" data-cta-trk='{\"ctaType\":\"Link\",\"ctaSubType\":\"main\"}'>Jordan Mason<\/a> face aux Jets devrait faciliter le choix de son coach. Avec 147 yards &agrave; la course et un touchdown, le running back rempla&ccedil;ant de CMC a &eacute;t&eacute; pr&eacute;cieux. L&rsquo;absence de McCaffrey n&rsquo;a pas emp&ecirc;ch&eacute; les 49ers de l&rsquo;emporter 32 &agrave; 19.<\/p>\n","protected":false},"excerpt":{"rendered":"","protected":false},"author":180310258,"featured_media":1456830,"comment_status":"open","ping_status":"closed","sticky":false,"template":"","format":"standard","meta":{"inline_featured_image":false,"kia_subtitle":"","_mux_skip_reasons":[],"proofreadBy":0,"footnotes":""},"categories":[118,40],"tags":[923,939],"sport":[2785],"saison":[],"class_list":["post-1456819","post","type-post","status-publish","format-standard","has-post-thumbnail","hentry","category-actualite-nfl","category-nfl","tag-christian-mccaffrey","tag-san-francisco-49ers","sport-nfl"],"acf":[],"yoast_head":"<!-- This site is optimized with the Yoast SEO plugin v24.2 - https:\/\/yoast.com\/wordpress\/plugins\/seo\/ -->\n<title>Christian McCaffrey : une absence plus longue que pr&eacute;vue ? - The Playoffs FR<\/title>\n<meta name=\"robots\" content=\"index, follow, max-snippet:-1, max-image-preview:large, max-video-preview:-1\" \/>\n<link rel=\"canonical\" href=\"https:\/\/theplayoffs.news\/fr\/actualite-nfl\/christian-mccaffrey-une-absence-plus-longue-que-prevue\/\" \/>\n<meta property=\"og:locale\" content=\"fr_FR\" \/>\n<meta property=\"og:type\" content=\"article\" \/>\n<meta property=\"og:title\" content=\"Christian McCaffrey : une absence plus longue que pr&eacute;vue ? - The Playoffs FR\" \/>\n<meta property=\"og:url\" content=\"https:\/\/theplayoffs.news\/fr\/actualite-nfl\/christian-mccaffrey-une-absence-plus-longue-que-prevue\/\" \/>\n<meta property=\"og:site_name\" content=\"The Playoffs FR\" \/>\n<meta property=\"article:publisher\" content=\"https:\/\/www.facebook.com\/TheFreeAgentFR\/\" \/>\n<meta property=\"article:modified_time\" content=\"2024-09-11T11:30:57+02:00\" \/>\n<meta property=\"og:image\" content=\"https:\/\/theplayoffs.news\/fr\/wp-content\/uploads\/2024\/09\/USATSI_24195806.jpg\" \/>\n\t<meta property=\"og:image:width\" content=\"1920\" \/>\n\t<meta property=\"og:image:height\" content=\"1280\" \/>\n\t<meta property=\"og:image:type\" content=\"image\/jpeg\" \/>\n<meta name=\"author\" content=\"Raphael Pascal\" \/>\n<meta name=\"twitter:card\" content=\"summary_large_image\" \/>\n<meta name=\"twitter:creator\" content=\"@raph_psc\" \/>\n<meta name=\"twitter:site\" content=\"@TheFreeAgentFR\" \/>\n<meta name=\"twitter:label1\" content=\"\u00c9crit par\" \/>\n\t<meta name=\"twitter:data1\" content=\"Raphael Pascal\" \/>\n\t<meta name=\"twitter:label2\" content=\"Dur\u00e9e de lecture estim\u00e9e\" \/>\n\t<meta name=\"twitter:data2\" content=\"2 minutes\" \/>\n<script type=\"application\/ld+json\" class=\"yoast-schema-graph\">{\"@context\":\"https:\/\/schema.org\",\"@graph\":[{\"@type\":\"WebPage\",\"@id\":\"https:\/\/theplayoffs.news\/fr\/actualite-nfl\/christian-mccaffrey-une-absence-plus-longue-que-prevue\/\",\"url\":\"https:\/\/theplayoffs.news\/fr\/actualite-nfl\/christian-mccaffrey-une-absence-plus-longue-que-prevue\/\",\"name\":\"Christian McCaffrey : une absence plus longue que pr\u00e9vue ? - The Playoffs FR\",\"isPartOf\":{\"@id\":\"https:\/\/theplayoffs.news\/fr\/#website\"},\"primaryImageOfPage\":{\"@id\":\"https:\/\/theplayoffs.news\/fr\/actualite-nfl\/christian-mccaffrey-une-absence-plus-longue-que-prevue\/#primaryimage\"},\"image\":{\"@id\":\"https:\/\/theplayoffs.news\/fr\/actualite-nfl\/christian-mccaffrey-une-absence-plus-longue-que-prevue\/#primaryimage\"},\"thumbnailUrl\":\"https:\/\/theplayoffs.news\/fr\/wp-content\/uploads\/2024\/09\/USATSI_24195806.jpg\",\"datePublished\":\"2024-09-11T09:30:57+00:00\",\"dateModified\":\"2024-09-11T09:30:57+00:00\",\"author\":{\"@id\":\"https:\/\/theplayoffs.news\/fr\/#\/schema\/person\/485c897926bddfb30c4c48ac6ef84900\"},\"breadcrumb\":{\"@id\":\"https:\/\/theplayoffs.news\/fr\/actualite-nfl\/christian-mccaffrey-une-absence-plus-longue-que-prevue\/#breadcrumb\"},\"inLanguage\":\"fr-FR\",\"potentialAction\":[{\"@type\":\"ReadAction\",\"target\":[\"https:\/\/theplayoffs.news\/fr\/actualite-nfl\/christian-mccaffrey-une-absence-plus-longue-que-prevue\/\"]}]},{\"@type\":\"ImageObject\",\"inLanguage\":\"fr-FR\",\"@id\":\"https:\/\/theplayoffs.news\/fr\/actualite-nfl\/christian-mccaffrey-une-absence-plus-longue-que-prevue\/#primaryimage\",\"url\":\"https:\/\/theplayoffs.news\/fr\/wp-content\/uploads\/2024\/09\/USATSI_24195806.jpg\",\"contentUrl\":\"https:\/\/theplayoffs.news\/fr\/wp-content\/uploads\/2024\/09\/USATSI_24195806.jpg\",\"width\":1920,\"height\":1280,\"caption\":\"Sep 9, 2024; Santa Clara, California, USA; San Francisco 49ers running back Christian McCaffrey (23) watches from the sideline due to injury during the second quarter against the New York Jets at Levi\\\\'s Stadium. Mandatory Credit: David Gonzales-Imagn Images\"},{\"@type\":\"BreadcrumbList\",\"@id\":\"https:\/\/theplayoffs.news\/fr\/actualite-nfl\/christian-mccaffrey-une-absence-plus-longue-que-prevue\/#breadcrumb\",\"itemListElement\":[{\"@type\":\"ListItem\",\"position\":1,\"name\":\"Accueil\",\"item\":\"https:\/\/theplayoffs.news\/fr\/\"},{\"@type\":\"ListItem\",\"position\":2,\"name\":\"Christian McCaffrey : une absence plus longue que pr\u00e9vue ?\"}]},{\"@type\":\"WebSite\",\"@id\":\"https:\/\/theplayoffs.news\/fr\/#website\",\"url\":\"https:\/\/theplayoffs.news\/fr\/\",\"name\":\"The Playoffs FR\",\"description\":\"NBA-NFL-NHL-MLB\",\"potentialAction\":[{\"@type\":\"SearchAction\",\"target\":{\"@type\":\"EntryPoint\",\"urlTemplate\":\"https:\/\/theplayoffs.news\/fr\/?s={search_term_string}\"},\"query-input\":{\"@type\":\"PropertyValueSpecification\",\"valueRequired\":true,\"valueName\":\"search_term_string\"}}],\"inLanguage\":\"fr-FR\"},{\"@type\":\"Person\",\"@id\":\"https:\/\/theplayoffs.news\/fr\/#\/schema\/person\/485c897926bddfb30c4c48ac6ef84900\",\"name\":\"Raphael Pascal\",\"image\":{\"@type\":\"ImageObject\",\"inLanguage\":\"fr-FR\",\"@id\":\"https:\/\/theplayoffs.news\/fr\/#\/schema\/person\/image\/\",\"url\":\"https:\/\/secure.gravatar.com\/avatar\/121ff11187bbf8567a6a8b88a345550217899606196c19205b2337f770b1af55?s=96&d=mm&r=g\",\"contentUrl\":\"https:\/\/secure.gravatar.com\/avatar\/121ff11187bbf8567a6a8b88a345550217899606196c19205b2337f770b1af55?s=96&d=mm&r=g\",\"caption\":\"Raphael Pascal\"},\"description\":\"Podcasteur, commentateur et r\u00e9dacteur NBA et NFL. Depuis toujours fan de sport, j\\\\'ai d\u00e9couvert la NBA et la NFL a 18 ans et \u00e7a a \u00e9t\u00e9 un coup de c\u0153ur. Les Bucks et les Spurs m\\\\'ont fait d\u00e9couvrir la NBA et m\\\\'ont donn\u00e9 cet amour pour ce sport. Et pour la NFL, c\\\\'est le Superbowl perdu par les Chiefs face \u00e0 Tempa Bay qui m\\\\'a fait d\u00e9couvrir ce sport. Depuis, je suis fan de KC. Ce que j\\\\'aime le plus c\\\\'est les \u00e9missions \/ podcadts, car c\\\\'est un moment convivial o\u00f9 l\\\\'on peut donner des informations, mais cela permet aussi de pouvoir \u00e9changer et d\u00e9battre et c\\\\'est toujours passionnant. Rejoignez nous les jeudis \u00e0 19h chaque semaine pour une \u00e9mission NBA en direct sur Twitch, on sera ravi de pouvoir partager ces moments avec vous, et pouvoir r\u00e9pondre \u00e0 vos questions.\",\"sameAs\":[\"https:\/\/www.instagram.com\/raph_psc\/\",\"https:\/\/x.com\/raph_psc\"],\"url\":\"https:\/\/theplayoffs.news\/fr\/author\/rpascal-newsgmail-com\/\"}]}<\/script>\n<!-- \/ Yoast SEO plugin. -->","yoast_head_json":{"title":"Christian McCaffrey : une absence plus longue que pr&eacute;vue ? - The Playoffs FR","robots":{"index":"index","follow":"follow","max-snippet":"max-snippet:-1","max-image-preview":"max-image-preview:large","max-video-preview":"max-video-preview:-1"},"canonical":"https:\/\/theplayoffs.news\/fr\/actualite-nfl\/christian-mccaffrey-une-absence-plus-longue-que-prevue\/","og_locale":"fr_FR","og_type":"article","og_title":"Christian McCaffrey : une absence plus longue que pr&eacute;vue ? - The Playoffs FR","og_url":"https:\/\/theplayoffs.news\/fr\/actualite-nfl\/christian-mccaffrey-une-absence-plus-longue-que-prevue\/","og_site_name":"The Playoffs FR","article_publisher":"https:\/\/www.facebook.com\/TheFreeAgentFR\/","og_image":[{"width":1920,"height":1280,"url":"https:\/\/theplayoffs.news\/fr\/wp-content\/uploads\/2024\/09\/USATSI_24195806.jpg","type":"image\/jpeg"}],"author":"Raphael Pascal","twitter_card":"summary_large_image","twitter_creator":"@raph_psc","twitter_site":"@TheFreeAgentFR","twitter_misc":{"\u00c9crit par":"Raphael Pascal","Dur\u00e9e de lecture estim\u00e9e":"2 minutes"},"schema":{"@context":"https:\/\/schema.org","@graph":[{"@type":"WebPage","@id":"https:\/\/theplayoffs.news\/fr\/actualite-nfl\/christian-mccaffrey-une-absence-plus-longue-que-prevue\/","url":"https:\/\/theplayoffs.news\/fr\/actualite-nfl\/christian-mccaffrey-une-absence-plus-longue-que-prevue\/","name":"Christian McCaffrey : une absence plus longue que pr\u00e9vue ? - The Playoffs FR","isPartOf":{"@id":"https:\/\/theplayoffs.news\/fr\/#website"},"primaryImageOfPage":{"@id":"https:\/\/theplayoffs.news\/fr\/actualite-nfl\/christian-mccaffrey-une-absence-plus-longue-que-prevue\/#primaryimage"},"image":{"@id":"https:\/\/theplayoffs.news\/fr\/actualite-nfl\/christian-mccaffrey-une-absence-plus-longue-que-prevue\/#primaryimage"},"thumbnailUrl":"https:\/\/theplayoffs.news\/fr\/wp-content\/uploads\/2024\/09\/USATSI_24195806.jpg","datePublished":"2024-09-11T09:30:57+00:00","dateModified":"2024-09-11T09:30:57+00:00","author":{"@id":"https:\/\/theplayoffs.news\/fr\/#\/schema\/person\/485c897926bddfb30c4c48ac6ef84900"},"breadcrumb":{"@id":"https:\/\/theplayoffs.news\/fr\/actualite-nfl\/christian-mccaffrey-une-absence-plus-longue-que-prevue\/#breadcrumb"},"inLanguage":"fr-FR","potentialAction":[{"@type":"ReadAction","target":["https:\/\/theplayoffs.news\/fr\/actualite-nfl\/christian-mccaffrey-une-absence-plus-longue-que-prevue\/"]}]},{"@type":"ImageObject","inLanguage":"fr-FR","@id":"https:\/\/theplayoffs.news\/fr\/actualite-nfl\/christian-mccaffrey-une-absence-plus-longue-que-prevue\/#primaryimage","url":"https:\/\/theplayoffs.news\/fr\/wp-content\/uploads\/2024\/09\/USATSI_24195806.jpg","contentUrl":"https:\/\/theplayoffs.news\/fr\/wp-content\/uploads\/2024\/09\/USATSI_24195806.jpg","width":1920,"height":1280,"caption":"Sep 9, 2024; Santa Clara, California, USA; San Francisco 49ers running back Christian McCaffrey (23) watches from the sideline due to injury during the second quarter against the New York Jets at Levi\\'s Stadium. Mandatory Credit: David Gonzales-Imagn Images"},{"@type":"BreadcrumbList","@id":"https:\/\/theplayoffs.news\/fr\/actualite-nfl\/christian-mccaffrey-une-absence-plus-longue-que-prevue\/#breadcrumb","itemListElement":[{"@type":"ListItem","position":1,"name":"Accueil","item":"https:\/\/theplayoffs.news\/fr\/"},{"@type":"ListItem","position":2,"name":"Christian McCaffrey : une absence plus longue que pr\u00e9vue ?"}]},{"@type":"WebSite","@id":"https:\/\/theplayoffs.news\/fr\/#website","url":"https:\/\/theplayoffs.news\/fr\/","name":"The Playoffs FR","description":"NBA-NFL-NHL-MLB","potentialAction":[{"@type":"SearchAction","target":{"@type":"EntryPoint","urlTemplate":"https:\/\/theplayoffs.news\/fr\/?s={search_term_string}"},"query-input":{"@type":"PropertyValueSpecification","valueRequired":true,"valueName":"search_term_string"}}],"inLanguage":"fr-FR"},{"@type":"Person","@id":"https:\/\/theplayoffs.news\/fr\/#\/schema\/person\/485c897926bddfb30c4c48ac6ef84900","name":"Raphael Pascal","image":{"@type":"ImageObject","inLanguage":"fr-FR","@id":"https:\/\/theplayoffs.news\/fr\/#\/schema\/person\/image\/","url":"https:\/\/secure.gravatar.com\/avatar\/121ff11187bbf8567a6a8b88a345550217899606196c19205b2337f770b1af55?s=96&d=mm&r=g","contentUrl":"https:\/\/secure.gravatar.com\/avatar\/121ff11187bbf8567a6a8b88a345550217899606196c19205b2337f770b1af55?s=96&d=mm&r=g","caption":"Raphael Pascal"},"description":"Podcasteur, commentateur et r\u00e9dacteur NBA et NFL. Depuis toujours fan de sport, j\\'ai d\u00e9couvert la NBA et la NFL a 18 ans et \u00e7a a \u00e9t\u00e9 un coup de c\u0153ur. Les Bucks et les Spurs m\\'ont fait d\u00e9couvrir la NBA et m\\'ont donn\u00e9 cet amour pour ce sport. Et pour la NFL, c\\'est le Superbowl perdu par les Chiefs face \u00e0 Tempa Bay qui m\\'a fait d\u00e9couvrir ce sport. Depuis, je suis fan de KC. Ce que j\\'aime le plus c\\'est les \u00e9missions \/ podcadts, car c\\'est un moment convivial o\u00f9 l\\'on peut donner des informations, mais cela permet aussi de pouvoir \u00e9changer et d\u00e9battre et c\\'est toujours passionnant. Rejoignez nous les jeudis \u00e0 19h chaque semaine pour une \u00e9mission NBA en direct sur Twitch, on sera ravi de pouvoir partager ces moments avec vous, et pouvoir r\u00e9pondre \u00e0 vos questions.","sameAs":["https:\/\/www.instagram.com\/raph_psc\/","https:\/\/x.com\/raph_psc"],"url":"https:\/\/theplayoffs.news\/fr\/author\/rpascal-newsgmail-com\/"}]}},"_links":{"self":[{"href":"https:\/\/theplayoffs.news\/fr\/wp-json\/wp\/v2\/posts\/1456819","targetHints":{"allow":["GET"]}}],"collection":[{"href":"https:\/\/theplayoffs.news\/fr\/wp-json\/wp\/v2\/posts"}],"about":[{"href":"https:\/\/theplayoffs.news\/fr\/wp-json\/wp\/v2\/types\/post"}],"author":[{"embeddable":true,"href":"https:\/\/theplayoffs.news\/fr\/wp-json\/wp\/v2\/users\/180310258"}],"replies":[{"embeddable":true,"href":"https:\/\/theplayoffs.news\/fr\/wp-json\/wp\/v2\/comments?post=1456819"}],"version-history":[{"count":4,"href":"https:\/\/theplayoffs.news\/fr\/wp-json\/wp\/v2\/posts\/1456819\/revisions"}],"predecessor-version":[{"id":1456835,"href":"https:\/\/theplayoffs.news\/fr\/wp-json\/wp\/v2\/posts\/1456819\/revisions\/1456835"}],"wp:featuredmedia":[{"embeddable":true,"href":"https:\/\/theplayoffs.news\/fr\/wp-json\/wp\/v2\/media\/1456830"}],"wp:attachment":[{"href":"https:\/\/theplayoffs.news\/fr\/wp-json\/wp\/v2\/media?parent=1456819"}],"wp:term":[{"taxonomy":"category","embeddable":true,"href":"https:\/\/theplayoffs.news\/fr\/wp-json\/wp\/v2\/categories?post=1456819"},{"taxonomy":"post_tag","embeddable":true,"href":"https:\/\/theplayoffs.news\/fr\/wp-json\/wp\/v2\/tags?post=1456819"},{"taxonomy":"sport","embeddable":true,"href":"https:\/\/theplayoffs.news\/fr\/wp-json\/wp\/v2\/sport?post=1456819"},{"taxonomy":"saison","embeddable":true,"href":"https:\/\/theplayoffs.news\/fr\/wp-json\/wp\/v2\/saison?post=1456819"}],"curies":[{"name":"wp","href":"https:\/\/api.w.org\/{rel}","templated":true}]}}