{"id":1456285,"date":"2024-09-08T13:39:55","date_gmt":"2024-09-08T11:39:55","guid":{"rendered":"https:\/\/theplayoffs.news\/fr\/?p=1456285"},"modified":"2024-09-08T13:39:55","modified_gmt":"2024-09-08T11:39:55","slug":"fin-de-saison-pour-angel-reese","status":"publish","type":"post","link":"https:\/\/theplayoffs.news\/fr\/wnba\/fin-de-saison-pour-angel-reese\/","title":{"rendered":"Fin de saison pour Angel Reese."},"content":{"rendered":"<h2><a href=\"https:\/\/theplayoffs.news\/fr\/wnba\/angel-reese-records-de-rebonds\/\" class=\"trk-cta-link\" data-cta-trk='{\"ctaType\":\"Link\",\"ctaSubType\":\"main\"}'>WNBA<\/a> &ndash; Coup dur pour la rookie Angel Reese, qui ne terminera pas la saison avec le Chicago Sky.<\/h2><p>&nbsp;<\/p><p>L&rsquo;&eacute;quipe de l&rsquo;Illinois l&rsquo;a annonc&eacute; ce week-end, sa joueuse ph&eacute;nom&egrave;ne Angel Reese doit mettre un terme &agrave; sa premi&egrave;re saison en WNBA en raison d&rsquo;une blessure au poignet.<\/p><p><span class=\"HwtZe\" lang=\"fr\"><span class=\"jCAhz ChMk0b\"><span class=\"ryNqvb\">C&rsquo;est apr&egrave;s avoir subi une &eacute;valuation m&eacute;dicale &agrave; l&rsquo;issue du dernier match du Sky qu&rsquo;Angel Reese a &eacute;t&eacute; &eacute;cart&eacute;e pour le reste de la saison, toujours selon son &eacute;quipe. <\/span><\/span><\/span><\/p><p>La joueuse n&rsquo;a pas tard&eacute; &agrave; r&eacute;agir sur le r&eacute;seau social <a href=\"https:\/\/x.com\/Reese10Angel\/status\/1832586256003559577\" class=\"trk-cta-link\" data-cta-trk='{\"ctaType\":\"Link\",\"ctaSubType\":\"main\"}'>X<\/a> (ex-Twitter) :<\/p><blockquote><p><span class=\"HwtZe\" lang=\"fr\"><span class=\"jCAhz ChMk0b\"><span class=\"ryNqvb\">&laquo;&nbsp;Je suis pleine d&rsquo;&eacute;motions en ce moment &agrave; l&rsquo;id&eacute;e d&rsquo;avoir cette blessure qui met fin &agrave; ma saison, mais aussi remplie de beaucoup de gratitude pour tout ce qui va suivre&nbsp;&raquo;.<\/span><\/span><\/span><\/p><\/blockquote><p>\n<div id=\"attachment_1451873\" style=\"width: 1930px\" class=\"wp-caption alignnone\"><img loading=\"lazy\" decoding=\"async\" aria-describedby=\"caption-attachment-1451873\" class=\"size-full wp-image-1451873\" src=\"https:\/\/theplayoffs.news\/fr\/wp-content\/uploads\/2024\/08\/USATSI_24027304.jpg\" alt=\"angel reese\" width=\"1920\" height=\"1440\" srcset=\"https:\/\/theplayoffs.news\/fr\/wp-content\/uploads\/2024\/08\/USATSI_24027304.jpg 1920w, https:\/\/theplayoffs.news\/fr\/wp-content\/uploads\/2024\/08\/USATSI_24027304-300x225.jpg 300w, https:\/\/theplayoffs.news\/fr\/wp-content\/uploads\/2024\/08\/USATSI_24027304-1030x773.jpg 1030w, https:\/\/theplayoffs.news\/fr\/wp-content\/uploads\/2024\/08\/USATSI_24027304-768x576.jpg 768w, https:\/\/theplayoffs.news\/fr\/wp-content\/uploads\/2024\/08\/USATSI_24027304-1320x990.jpg 1320w\" sizes=\"auto, (max-width: 1920px) 100vw, 1920px\" \/><p id=\"caption-attachment-1451873\" class=\"wp-caption-text\">Chicago Sky forward Angel Reese (5) on Aug. 18, 2024 at Footprint Center in Phoenix.<\/p><\/div>\n<\/p><p>&nbsp;<\/p><p><span class=\"HwtZe\" lang=\"fr\"><span class=\"jCAhz ChMk0b\"><span class=\"ryNqvb\">Angel Reese, septi&egrave;me choix de la derni&egrave;re Draft en provenance de la fac de LSU,&nbsp; a battu des records en tant que rookie pour son &eacute;quipe du Sky.<\/span><\/span><\/span><\/p><p><span class=\"HwtZe\" lang=\"fr\"><span class=\"jCAhz ChMk0b\"><span class=\"ryNqvb\"> Elle est devenue la #1 all time de la WNBA en termes de rebonds sur une saison (446) et de rebonds offensifs (172).&nbsp;<\/span><\/span><\/span><\/p><p><span class=\"HwtZe\" lang=\"fr\"><span class=\"jCAhz ChMk0b\"><span class=\"ryNqvb\"> Avec une moyenne de 13,1 rebonds par match (dont 5,1 rebonds offensifs), elle affiche les moyennes les plus &eacute;lev&eacute;es de toutes les joueuses de l&rsquo;histoire de la WNBA dans ces deux cat&eacute;gories statistiques (<em>en attendant la fin de saison r&eacute;guli&egrave;re<\/em>). <\/span><\/span><\/span><\/p><p><span class=\"HwtZe\" lang=\"fr\"><span class=\"jCAhz ChMk0b\"><span class=\"ryNqvb\">La joueuse &agrave; &eacute;galement su enchain&eacute; les performances, devenant la premi&egrave;re joueuse de l&rsquo;histoire de la ligue &agrave; enregistrer trois matchs cons&eacute;cutifs de 20 rebonds ou plus, ou en arrivant &agrave; encha&icirc;ner le plus de matchs cons&eacute;cutifs avec au moins dix rebonds, allant les attraper autant en attaque qu&rsquo;en d&eacute;fense.<br>\n<\/span><\/span><\/span><\/p><p><span class=\"HwtZe\" lang=\"fr\"><span class=\"jCAhz ChMk0b\"><span class=\"ryNqvb\">Plus globalement, cette premi&egrave;re saison d&rsquo;Angel Reese sera marqu&eacute; par 34 matchs jou&eacute;s, pour une moyenne de 13,6 points, 13,1 rebonds et 1,9 passes d&eacute;cisives par match, avec une r&eacute;ussite de 39,1 % aux tirs.<br>\n<\/span><\/span><\/span><\/p><h3><\/h3><h3>Fin du d&eacute;bat pour le titre de rookie de l&rsquo;ann&eacute;e.<\/h3><p>Avec cette blessure qui va l&rsquo;emp&ecirc;cher de conclure cette saison, o&ugrave; son &eacute;quipe du Sky se bat encore pour une place en playoffs, Angel Reese ne pourra tr&egrave;s certainement pas pr&eacute;tendre au troph&eacute;e de meilleure joueuse de premi&egrave;re ann&eacute;e en WNBA, promis d&eacute;sormais &agrave; Caitlin Clark.<\/p><p>Mais Angel Reese peut se targuer d&rsquo;avoir mis le doute dans la t&ecirc;tes de nombreux observateurs, leur duel &agrave; distance avec le joueuse d&rsquo;Indiana a aliment&eacute; la discussion et la passion nouvelle qui s&rsquo;est instaur&eacute; autour de la WNBA cette saison.<\/p><p>\n<div id=\"attachment_1451280\" style=\"width: 1930px\" class=\"wp-caption alignnone\"><img loading=\"lazy\" decoding=\"async\" aria-describedby=\"caption-attachment-1451280\" class=\"size-full wp-image-1451280\" src=\"https:\/\/theplayoffs.news\/fr\/wp-content\/uploads\/2024\/08\/USATSI_23780095_168402440_lowres.jpg\" alt=\"Angel Reese Caitlin Clark WNBA\" width=\"1920\" height=\"1280\" srcset=\"https:\/\/theplayoffs.news\/fr\/wp-content\/uploads\/2024\/08\/USATSI_23780095_168402440_lowres.jpg 1920w, https:\/\/theplayoffs.news\/fr\/wp-content\/uploads\/2024\/08\/USATSI_23780095_168402440_lowres-300x200.jpg 300w, https:\/\/theplayoffs.news\/fr\/wp-content\/uploads\/2024\/08\/USATSI_23780095_168402440_lowres-1030x687.jpg 1030w, https:\/\/theplayoffs.news\/fr\/wp-content\/uploads\/2024\/08\/USATSI_23780095_168402440_lowres-768x512.jpg 768w, https:\/\/theplayoffs.news\/fr\/wp-content\/uploads\/2024\/08\/USATSI_23780095_168402440_lowres-1320x880.jpg 1320w\" sizes=\"auto, (max-width: 1920px) 100vw, 1920px\" \/><p id=\"caption-attachment-1451280\" class=\"wp-caption-text\">Jul 19, 2024; Phoenix, AZ, USA; A view of Caitlin Clark and Angel Reese merchandise for sale during WNBA All Star Skills Night at Footprint Center. Mandatory Credit: Joe Camporeale-USA TODAY Sports<\/p><\/div>\n<\/p><p>&nbsp;<\/p><h6 style=\"text-align: right;\"><em><a href=\"https:\/\/www.nytimes.com\/athletic\/5752548\/2024\/09\/07\/chicago-sky-angel-reese-injury\/\" class=\"trk-cta-link\" data-cta-trk='{\"ctaType\":\"Link\",\"ctaSubType\":\"main\"}'>Source : The Athletic.<\/a><\/em><\/h6>\n","protected":false},"excerpt":{"rendered":"","protected":false},"author":180310001,"featured_media":1456287,"comment_status":"open","ping_status":"closed","sticky":false,"template":"","format":"standard","meta":{"inline_featured_image":false,"kia_subtitle":"","_mux_skip_reasons":[],"proofreadBy":0,"footnotes":""},"categories":[143],"tags":[145,7250,7235,7234,424],"sport":[2902],"saison":[6111],"class_list":["post-1456285","post","type-post","status-publish","format-standard","has-post-thumbnail","hentry","category-wnba","tag-chicago","tag-clark","tag-reese","tag-sky","tag-wnba","sport-wnba","saison-6111"],"acf":[],"yoast_head":"<!-- This site is optimized with the Yoast SEO plugin v24.2 - https:\/\/yoast.com\/wordpress\/plugins\/seo\/ -->\n<title>Fin de saison pour Angel Reese. - The Playoffs FR<\/title>\n<meta name=\"robots\" content=\"index, follow, max-snippet:-1, max-image-preview:large, max-video-preview:-1\" \/>\n<link rel=\"canonical\" href=\"https:\/\/theplayoffs.news\/fr\/wnba\/fin-de-saison-pour-angel-reese\/\" \/>\n<meta property=\"og:locale\" content=\"fr_FR\" \/>\n<meta property=\"og:type\" content=\"article\" \/>\n<meta property=\"og:title\" content=\"Fin de saison pour Angel Reese. - The Playoffs FR\" \/>\n<meta property=\"og:url\" content=\"https:\/\/theplayoffs.news\/fr\/wnba\/fin-de-saison-pour-angel-reese\/\" \/>\n<meta property=\"og:site_name\" content=\"The Playoffs FR\" \/>\n<meta property=\"article:publisher\" content=\"https:\/\/www.facebook.com\/TheFreeAgentFR\/\" \/>\n<meta property=\"article:modified_time\" content=\"2024-09-08T13:39:55+02:00\" \/>\n<meta property=\"og:image\" content=\"https:\/\/theplayoffs.news\/fr\/wp-content\/uploads\/2024\/09\/USATSI_24079100_168402440_lowres.jpg\" \/>\n\t<meta property=\"og:image:width\" content=\"1920\" \/>\n\t<meta property=\"og:image:height\" content=\"1280\" \/>\n\t<meta property=\"og:image:type\" content=\"image\/jpeg\" \/>\n<meta name=\"author\" content=\"Christopher Marrec-Top\" \/>\n<meta name=\"twitter:card\" content=\"summary_large_image\" \/>\n<meta name=\"twitter:creator\" content=\"@TheFreeAgentFR\" \/>\n<meta name=\"twitter:site\" content=\"@TheFreeAgentFR\" \/>\n<meta name=\"twitter:label1\" content=\"\u00c9crit par\" \/>\n\t<meta name=\"twitter:data1\" content=\"Christopher Marrec-Top\" \/>\n\t<meta name=\"twitter:label2\" content=\"Dur\u00e9e de lecture estim\u00e9e\" \/>\n\t<meta name=\"twitter:data2\" content=\"2 minutes\" \/>\n<script type=\"application\/ld+json\" class=\"yoast-schema-graph\">{\"@context\":\"https:\/\/schema.org\",\"@graph\":[{\"@type\":\"WebPage\",\"@id\":\"https:\/\/theplayoffs.news\/fr\/wnba\/fin-de-saison-pour-angel-reese\/\",\"url\":\"https:\/\/theplayoffs.news\/fr\/wnba\/fin-de-saison-pour-angel-reese\/\",\"name\":\"Fin de saison pour Angel Reese. - The Playoffs FR\",\"isPartOf\":{\"@id\":\"https:\/\/theplayoffs.news\/fr\/#website\"},\"primaryImageOfPage\":{\"@id\":\"https:\/\/theplayoffs.news\/fr\/wnba\/fin-de-saison-pour-angel-reese\/#primaryimage\"},\"image\":{\"@id\":\"https:\/\/theplayoffs.news\/fr\/wnba\/fin-de-saison-pour-angel-reese\/#primaryimage\"},\"thumbnailUrl\":\"https:\/\/theplayoffs.news\/fr\/wp-content\/uploads\/2024\/09\/USATSI_24079100_168402440_lowres.jpg\",\"datePublished\":\"2024-09-08T11:39:55+00:00\",\"dateModified\":\"2024-09-08T11:39:55+00:00\",\"author\":{\"@id\":\"https:\/\/theplayoffs.news\/fr\/#\/schema\/person\/863ce84969b07bfc09ef81750720e42a\"},\"breadcrumb\":{\"@id\":\"https:\/\/theplayoffs.news\/fr\/wnba\/fin-de-saison-pour-angel-reese\/#breadcrumb\"},\"inLanguage\":\"fr-FR\",\"potentialAction\":[{\"@type\":\"ReadAction\",\"target\":[\"https:\/\/theplayoffs.news\/fr\/wnba\/fin-de-saison-pour-angel-reese\/\"]}]},{\"@type\":\"ImageObject\",\"inLanguage\":\"fr-FR\",\"@id\":\"https:\/\/theplayoffs.news\/fr\/wnba\/fin-de-saison-pour-angel-reese\/#primaryimage\",\"url\":\"https:\/\/theplayoffs.news\/fr\/wp-content\/uploads\/2024\/09\/USATSI_24079100_168402440_lowres.jpg\",\"contentUrl\":\"https:\/\/theplayoffs.news\/fr\/wp-content\/uploads\/2024\/09\/USATSI_24079100_168402440_lowres.jpg\",\"width\":1920,\"height\":1280,\"caption\":\"Aug 25, 2024; Chicago, Illinois, USA; Chicago Sky forward Angel Reese (5) looks on during the first half of a basketball game against the Las Vegas Aces at Wintrust Arena. Mandatory Credit: Kamil Krzaczynski-USA TODAY Sports\"},{\"@type\":\"BreadcrumbList\",\"@id\":\"https:\/\/theplayoffs.news\/fr\/wnba\/fin-de-saison-pour-angel-reese\/#breadcrumb\",\"itemListElement\":[{\"@type\":\"ListItem\",\"position\":1,\"name\":\"Accueil\",\"item\":\"https:\/\/theplayoffs.news\/fr\/\"},{\"@type\":\"ListItem\",\"position\":2,\"name\":\"Fin de saison pour Angel Reese.\"}]},{\"@type\":\"WebSite\",\"@id\":\"https:\/\/theplayoffs.news\/fr\/#website\",\"url\":\"https:\/\/theplayoffs.news\/fr\/\",\"name\":\"The Playoffs FR\",\"description\":\"NBA-NFL-NHL-MLB\",\"potentialAction\":[{\"@type\":\"SearchAction\",\"target\":{\"@type\":\"EntryPoint\",\"urlTemplate\":\"https:\/\/theplayoffs.news\/fr\/?s={search_term_string}\"},\"query-input\":{\"@type\":\"PropertyValueSpecification\",\"valueRequired\":true,\"valueName\":\"search_term_string\"}}],\"inLanguage\":\"fr-FR\"},{\"@type\":\"Person\",\"@id\":\"https:\/\/theplayoffs.news\/fr\/#\/schema\/person\/863ce84969b07bfc09ef81750720e42a\",\"name\":\"Christopher Marrec-Top\",\"image\":{\"@type\":\"ImageObject\",\"inLanguage\":\"fr-FR\",\"@id\":\"https:\/\/theplayoffs.news\/fr\/#\/schema\/person\/image\/\",\"url\":\"https:\/\/secure.gravatar.com\/avatar\/3102192a417211661aecac9ec415c973058438e49145f224d4e3273853f80021?s=96&d=mm&r=g\",\"contentUrl\":\"https:\/\/secure.gravatar.com\/avatar\/3102192a417211661aecac9ec415c973058438e49145f224d4e3273853f80021?s=96&d=mm&r=g\",\"caption\":\"Christopher Marrec-Top\"},\"description\":\"Christopher, 37 ans et biberonn\u00e9 au cidre et aux cr\u00eapes (rien de plus normal pour un breton). Animateur du podcast \\\\\\\"And One\\\\\\\", d\u00e9di\u00e9 \u00e0 l\u2019univers du basket (NBA, WNBA, Draft), et r\u00e9dacteur pour le site ThePlayoffs. Je suis entr\u00e9 dans le monde des m\u00e9dias il y a quelques ann\u00e9es en tant que novice, mais ma passion pour le sport m\u2019anime au quotidien. Admirateur inconditionnel d\\\\'un certain \\\\\\\"Chosen One\\\\\\\", je l\\\\'ai particuli\u00e8rement suivi avec un maillot noir orn\u00e9 d\\\\'un grand C (avec le maillot \\\\\\\"purple and gold\\\\\\\" il se d\u00e9brouille toujours pas trop mal). Amoureux du sport am\u00e9ricain dans son ensemble, je reste fid\u00e8le \u00e0 la discipline fond\u00e9e par James Naismith. ENJOY !! Et longue vie \u00e0 ThePlayoffs !\",\"url\":\"https:\/\/theplayoffs.news\/fr\/author\/christophertop\/\"}]}<\/script>\n<!-- \/ Yoast SEO plugin. -->","yoast_head_json":{"title":"Fin de saison pour Angel Reese. - The Playoffs FR","robots":{"index":"index","follow":"follow","max-snippet":"max-snippet:-1","max-image-preview":"max-image-preview:large","max-video-preview":"max-video-preview:-1"},"canonical":"https:\/\/theplayoffs.news\/fr\/wnba\/fin-de-saison-pour-angel-reese\/","og_locale":"fr_FR","og_type":"article","og_title":"Fin de saison pour Angel Reese. - The Playoffs FR","og_url":"https:\/\/theplayoffs.news\/fr\/wnba\/fin-de-saison-pour-angel-reese\/","og_site_name":"The Playoffs FR","article_publisher":"https:\/\/www.facebook.com\/TheFreeAgentFR\/","og_image":[{"width":1920,"height":1280,"url":"https:\/\/theplayoffs.news\/fr\/wp-content\/uploads\/2024\/09\/USATSI_24079100_168402440_lowres.jpg","type":"image\/jpeg"}],"author":"Christopher Marrec-Top","twitter_card":"summary_large_image","twitter_creator":"@TheFreeAgentFR","twitter_site":"@TheFreeAgentFR","twitter_misc":{"\u00c9crit par":"Christopher Marrec-Top","Dur\u00e9e de lecture estim\u00e9e":"2 minutes"},"schema":{"@context":"https:\/\/schema.org","@graph":[{"@type":"WebPage","@id":"https:\/\/theplayoffs.news\/fr\/wnba\/fin-de-saison-pour-angel-reese\/","url":"https:\/\/theplayoffs.news\/fr\/wnba\/fin-de-saison-pour-angel-reese\/","name":"Fin de saison pour Angel Reese. - The Playoffs FR","isPartOf":{"@id":"https:\/\/theplayoffs.news\/fr\/#website"},"primaryImageOfPage":{"@id":"https:\/\/theplayoffs.news\/fr\/wnba\/fin-de-saison-pour-angel-reese\/#primaryimage"},"image":{"@id":"https:\/\/theplayoffs.news\/fr\/wnba\/fin-de-saison-pour-angel-reese\/#primaryimage"},"thumbnailUrl":"https:\/\/theplayoffs.news\/fr\/wp-content\/uploads\/2024\/09\/USATSI_24079100_168402440_lowres.jpg","datePublished":"2024-09-08T11:39:55+00:00","dateModified":"2024-09-08T11:39:55+00:00","author":{"@id":"https:\/\/theplayoffs.news\/fr\/#\/schema\/person\/863ce84969b07bfc09ef81750720e42a"},"breadcrumb":{"@id":"https:\/\/theplayoffs.news\/fr\/wnba\/fin-de-saison-pour-angel-reese\/#breadcrumb"},"inLanguage":"fr-FR","potentialAction":[{"@type":"ReadAction","target":["https:\/\/theplayoffs.news\/fr\/wnba\/fin-de-saison-pour-angel-reese\/"]}]},{"@type":"ImageObject","inLanguage":"fr-FR","@id":"https:\/\/theplayoffs.news\/fr\/wnba\/fin-de-saison-pour-angel-reese\/#primaryimage","url":"https:\/\/theplayoffs.news\/fr\/wp-content\/uploads\/2024\/09\/USATSI_24079100_168402440_lowres.jpg","contentUrl":"https:\/\/theplayoffs.news\/fr\/wp-content\/uploads\/2024\/09\/USATSI_24079100_168402440_lowres.jpg","width":1920,"height":1280,"caption":"Aug 25, 2024; Chicago, Illinois, USA; Chicago Sky forward Angel Reese (5) looks on during the first half of a basketball game against the Las Vegas Aces at Wintrust Arena. Mandatory Credit: Kamil Krzaczynski-USA TODAY Sports"},{"@type":"BreadcrumbList","@id":"https:\/\/theplayoffs.news\/fr\/wnba\/fin-de-saison-pour-angel-reese\/#breadcrumb","itemListElement":[{"@type":"ListItem","position":1,"name":"Accueil","item":"https:\/\/theplayoffs.news\/fr\/"},{"@type":"ListItem","position":2,"name":"Fin de saison pour Angel Reese."}]},{"@type":"WebSite","@id":"https:\/\/theplayoffs.news\/fr\/#website","url":"https:\/\/theplayoffs.news\/fr\/","name":"The Playoffs FR","description":"NBA-NFL-NHL-MLB","potentialAction":[{"@type":"SearchAction","target":{"@type":"EntryPoint","urlTemplate":"https:\/\/theplayoffs.news\/fr\/?s={search_term_string}"},"query-input":{"@type":"PropertyValueSpecification","valueRequired":true,"valueName":"search_term_string"}}],"inLanguage":"fr-FR"},{"@type":"Person","@id":"https:\/\/theplayoffs.news\/fr\/#\/schema\/person\/863ce84969b07bfc09ef81750720e42a","name":"Christopher Marrec-Top","image":{"@type":"ImageObject","inLanguage":"fr-FR","@id":"https:\/\/theplayoffs.news\/fr\/#\/schema\/person\/image\/","url":"https:\/\/secure.gravatar.com\/avatar\/3102192a417211661aecac9ec415c973058438e49145f224d4e3273853f80021?s=96&d=mm&r=g","contentUrl":"https:\/\/secure.gravatar.com\/avatar\/3102192a417211661aecac9ec415c973058438e49145f224d4e3273853f80021?s=96&d=mm&r=g","caption":"Christopher Marrec-Top"},"description":"Christopher, 37 ans et biberonn\u00e9 au cidre et aux cr\u00eapes (rien de plus normal pour un breton). Animateur du podcast \\\"And One\\\", d\u00e9di\u00e9 \u00e0 l\u2019univers du basket (NBA, WNBA, Draft), et r\u00e9dacteur pour le site ThePlayoffs. Je suis entr\u00e9 dans le monde des m\u00e9dias il y a quelques ann\u00e9es en tant que novice, mais ma passion pour le sport m\u2019anime au quotidien. Admirateur inconditionnel d\\'un certain \\\"Chosen One\\\", je l\\'ai particuli\u00e8rement suivi avec un maillot noir orn\u00e9 d\\'un grand C (avec le maillot \\\"purple and gold\\\" il se d\u00e9brouille toujours pas trop mal). Amoureux du sport am\u00e9ricain dans son ensemble, je reste fid\u00e8le \u00e0 la discipline fond\u00e9e par James Naismith. ENJOY !! Et longue vie \u00e0 ThePlayoffs !","url":"https:\/\/theplayoffs.news\/fr\/author\/christophertop\/"}]}},"_links":{"self":[{"href":"https:\/\/theplayoffs.news\/fr\/wp-json\/wp\/v2\/posts\/1456285","targetHints":{"allow":["GET"]}}],"collection":[{"href":"https:\/\/theplayoffs.news\/fr\/wp-json\/wp\/v2\/posts"}],"about":[{"href":"https:\/\/theplayoffs.news\/fr\/wp-json\/wp\/v2\/types\/post"}],"author":[{"embeddable":true,"href":"https:\/\/theplayoffs.news\/fr\/wp-json\/wp\/v2\/users\/180310001"}],"replies":[{"embeddable":true,"href":"https:\/\/theplayoffs.news\/fr\/wp-json\/wp\/v2\/comments?post=1456285"}],"version-history":[{"count":5,"href":"https:\/\/theplayoffs.news\/fr\/wp-json\/wp\/v2\/posts\/1456285\/revisions"}],"predecessor-version":[{"id":1456291,"href":"https:\/\/theplayoffs.news\/fr\/wp-json\/wp\/v2\/posts\/1456285\/revisions\/1456291"}],"wp:featuredmedia":[{"embeddable":true,"href":"https:\/\/theplayoffs.news\/fr\/wp-json\/wp\/v2\/media\/1456287"}],"wp:attachment":[{"href":"https:\/\/theplayoffs.news\/fr\/wp-json\/wp\/v2\/media?parent=1456285"}],"wp:term":[{"taxonomy":"category","embeddable":true,"href":"https:\/\/theplayoffs.news\/fr\/wp-json\/wp\/v2\/categories?post=1456285"},{"taxonomy":"post_tag","embeddable":true,"href":"https:\/\/theplayoffs.news\/fr\/wp-json\/wp\/v2\/tags?post=1456285"},{"taxonomy":"sport","embeddable":true,"href":"https:\/\/theplayoffs.news\/fr\/wp-json\/wp\/v2\/sport?post=1456285"},{"taxonomy":"saison","embeddable":true,"href":"https:\/\/theplayoffs.news\/fr\/wp-json\/wp\/v2\/saison?post=1456285"}],"curies":[{"name":"wp","href":"https:\/\/api.w.org\/{rel}","templated":true}]}}