{"id":1455996,"date":"2024-09-06T12:25:39","date_gmt":"2024-09-06T10:25:39","guid":{"rendered":"https:\/\/theplayoffs.news\/fr\/?p=1455996"},"modified":"2024-09-06T12:19:49","modified_gmt":"2024-09-06T10:19:49","slug":"brandon-ingram-seche-le-mini-camp-des-pelicans","status":"publish","type":"post","link":"https:\/\/theplayoffs.news\/fr\/actualite-nba\/brandon-ingram-seche-le-mini-camp-des-pelicans\/","title":{"rendered":"Brandon Ingram s\u00e8che le mini-camp des Pelicans"},"content":{"rendered":"<h2>Annonc&eacute; partant depuis la fin de saison derni&egrave;re, <a href=\"https:\/\/theplayoffs.news\/fr\/joueur\/brandon-ingram-nba-7826352\/\" class=\"trk-cta-link\" data-cta-trk='{\"ctaType\":\"Link\",\"ctaSubType\":\"main\"}'>Brandon Ingram<\/a> est toujours sous contrat avec les Pelicans. Mais cette situation pourrait changer dans les prochains jours.<\/h2><p>La semaine derni&egrave;re, les Pelicans de le Nouvelle-Orl&eacute;ans organisaient un mini-camp pour faire du team-building. Seulement voil&agrave;, un joueur a manqu&eacute; &agrave; l&rsquo;appel : Brandon Ingram. Cet &eacute;v&eacute;nement n&rsquo;est pas obligatoire, l&rsquo;ailier de 27 ans a souvent &eacute;t&eacute; &agrave; l&rsquo;incitative de ce camp, rendant son absence encore plus surprenante pour le front office.<\/p><blockquote><p>L&rsquo;insider des Pelicans de The Atletic <a href=\"https:\/\/www.nytimes.com\/athletic\/5746615\/2024\/09\/05\/brandon-ingram-pelicans-rumors-trade-future\/\" class=\"trk-cta-link\" data-cta-trk='{\"ctaType\":\"Link\",\"ctaSubType\":\"main\"}'>&agrave; d&rsquo;ailleurs d&eacute;clar&eacute;<\/a> : &ldquo;Les Pelicans pensaient qu&rsquo;Ingram serait l&agrave;, mais il n&rsquo;est jamais venu. C&rsquo;est un &eacute;v&eacute;nement (le minicamp) qu&rsquo;Ingram a organis&eacute; pour ses co&eacute;quipiers &agrave; plusieurs reprises par le pass&eacute;, donc son absence s&rsquo;est remarqu&eacute;e.&rdquo;<\/p><\/blockquote><blockquote class=\"twitter-tweet\" data-width=\"500\" data-dnt=\"true\">\n<p lang=\"en\" dir=\"ltr\">Brandon Ingram did not attend a week-long voluntary minicamp held by the Pelicans players in California, per <a href=\"https:\/\/twitter.com\/WillGuillory?ref_src=twsrc%5Etfw\" class=\"trk-cta-link\" data-cta-trk='{\"ctaType\":\"Link\",\"ctaSubType\":\"main\"}'>@WillGuillory<\/a> <\/p>\n<p>The minicamp featured every player on the roster except Ingram and recent signee Daniel Theis. <\/p>\n<p>The Pelicans believed Ingram would be there, but he never&hellip; <a href=\"https:\/\/t.co\/7bxRLlpWPl\" class=\"trk-cta-link\" data-cta-trk='{\"ctaType\":\"Link\",\"ctaSubType\":\"main\"}'>pic.twitter.com\/7bxRLlpWPl<\/a><\/p>\n<p>&mdash; NBACentral (@TheDunkCentral) <a href=\"https:\/\/twitter.com\/TheDunkCentral\/status\/1831714661219111249?ref_src=twsrc%5Etfw\" class=\"trk-cta-link\" data-cta-trk='{\"ctaType\":\"Link\",\"ctaSubType\":\"main\"}'>September 5, 2024<\/a><\/p><\/blockquote><p><script async src=\"https:\/\/platform.twitter.com\/widgets.js\" charset=\"utf-8\"><\/script><\/p><p>L&rsquo;ensemble de l&rsquo;effectif a particip&eacute; &agrave; ce camp, &agrave; l&rsquo;exception de deux joueurs, la recrue <a href=\"https:\/\/theplayoffs.news\/fr\/joueur\/daniel-theis-nba-4902074\/\" class=\"trk-cta-link\" data-cta-trk='{\"ctaType\":\"Link\",\"ctaSubType\":\"main\"}'>Daniel Theis<\/a> (qui a particip&eacute; aux JO avec l&rsquo;Allemagne), et donc Brandon Ingram. Entrant dans la derni&egrave;re ann&eacute;e de son contrat, l&rsquo;ailier n&rsquo;a pas obtenu la prolongation de contrat qu&rsquo;il esp&eacute;rait. De plus, l&rsquo;arriv&eacute;e de <a href=\"https:\/\/theplayoffs.news\/fr\/joueur\/dejounte-murray-nba-7814994\/\" class=\"trk-cta-link\" data-cta-trk='{\"ctaType\":\"Link\",\"ctaSubType\":\"main\"}'>Dejounte Murray<\/a>, et l&rsquo;&eacute;closion de <a href=\"https:\/\/theplayoffs.news\/fr\/joueur\/herbert-jones-nba-8555626\/\" class=\"trk-cta-link\" data-cta-trk='{\"ctaType\":\"Link\",\"ctaSubType\":\"main\"}'>Herb Jones<\/a> et <a href=\"https:\/\/theplayoffs.news\/fr\/joueur\/trey-murphy-iii-nba-8795376\/\" class=\"trk-cta-link\" data-cta-trk='{\"ctaType\":\"Link\",\"ctaSubType\":\"main\"}'>Tre Murphy<\/a> laisse de moins en moins de place &agrave; BI.<\/p><p>Avec l&rsquo;arriv&eacute;e de Murray, la grille salariale est de plus en plus charg&eacute;e. D&rsquo;autant plus que Tre Murphy entre dans la derni&egrave;re saison de son contrat rookie, et qu&rsquo;une prolongation devrait arriver. Seul probl&egrave;me, les &eacute;quipes pouvant accueillir Brandon Ingram ne sont pas nombreuses. De plus, sa derni&egrave;re campagne de playoffs rat&eacute;e ne joue pas en sa faveur.<\/p><p>L&rsquo;avenir de Brandon Ingram reste donc assez flou. Il devrait tout de m&ecirc;me d&eacute;buter la saison avec les Pelicans, mais la trade-deadline s&rsquo;annonce mouvement&eacute;e pour lui.<\/p><p>&nbsp;<\/p><p>Cr&eacute;dit photo : &nbsp;Stephen Lew-Imagn Images<\/p>\n","protected":false},"excerpt":{"rendered":"","protected":false},"author":180310258,"featured_media":1456000,"comment_status":"open","ping_status":"closed","sticky":false,"template":"","format":"standard","meta":{"inline_featured_image":false,"kia_subtitle":"","_mux_skip_reasons":[],"proofreadBy":0,"footnotes":""},"categories":[110,10],"tags":[774,767],"sport":[2783],"saison":[],"class_list":["post-1455996","post","type-post","status-publish","format-standard","has-post-thumbnail","hentry","category-actualite-nba","category-nba","tag-brandon-ingram","tag-nouvelle-orleans-pelicans","sport-nba"],"acf":[],"yoast_head":"<!-- This site is optimized with the Yoast SEO plugin v24.2 - https:\/\/yoast.com\/wordpress\/plugins\/seo\/ -->\n<title>Brandon Ingram s&egrave;che le mini-camp des Pelicans - The Playoffs FR<\/title>\n<meta name=\"robots\" content=\"index, follow, max-snippet:-1, max-image-preview:large, max-video-preview:-1\" \/>\n<link rel=\"canonical\" href=\"https:\/\/theplayoffs.news\/fr\/actualite-nba\/brandon-ingram-seche-le-mini-camp-des-pelicans\/\" \/>\n<meta property=\"og:locale\" content=\"fr_FR\" \/>\n<meta property=\"og:type\" content=\"article\" \/>\n<meta property=\"og:title\" content=\"Brandon Ingram s&egrave;che le mini-camp des Pelicans - The Playoffs FR\" \/>\n<meta property=\"og:url\" content=\"https:\/\/theplayoffs.news\/fr\/actualite-nba\/brandon-ingram-seche-le-mini-camp-des-pelicans\/\" \/>\n<meta property=\"og:site_name\" content=\"The Playoffs FR\" \/>\n<meta property=\"article:publisher\" content=\"https:\/\/www.facebook.com\/TheFreeAgentFR\/\" \/>\n<meta property=\"article:modified_time\" content=\"2024-09-06T12:25:39+02:00\" \/>\n<meta property=\"og:image\" content=\"https:\/\/theplayoffs.news\/fr\/wp-content\/uploads\/2024\/09\/USATSI_23146903.jpg\" \/>\n\t<meta property=\"og:image:width\" content=\"1920\" \/>\n\t<meta property=\"og:image:height\" content=\"1280\" \/>\n\t<meta property=\"og:image:type\" content=\"image\/jpeg\" \/>\n<meta name=\"author\" content=\"Raphael Pascal\" \/>\n<meta name=\"twitter:card\" content=\"summary_large_image\" \/>\n<meta name=\"twitter:creator\" content=\"@raph_psc\" \/>\n<meta name=\"twitter:site\" content=\"@TheFreeAgentFR\" \/>\n<meta name=\"twitter:label1\" content=\"\u00c9crit par\" \/>\n\t<meta name=\"twitter:data1\" content=\"Raphael Pascal\" \/>\n\t<meta name=\"twitter:label2\" content=\"Dur\u00e9e de lecture estim\u00e9e\" \/>\n\t<meta name=\"twitter:data2\" content=\"2 minutes\" \/>\n<script type=\"application\/ld+json\" class=\"yoast-schema-graph\">{\"@context\":\"https:\/\/schema.org\",\"@graph\":[{\"@type\":\"WebPage\",\"@id\":\"https:\/\/theplayoffs.news\/fr\/actualite-nba\/brandon-ingram-seche-le-mini-camp-des-pelicans\/\",\"url\":\"https:\/\/theplayoffs.news\/fr\/actualite-nba\/brandon-ingram-seche-le-mini-camp-des-pelicans\/\",\"name\":\"Brandon Ingram s\u00e8che le mini-camp des Pelicans - The Playoffs FR\",\"isPartOf\":{\"@id\":\"https:\/\/theplayoffs.news\/fr\/#website\"},\"primaryImageOfPage\":{\"@id\":\"https:\/\/theplayoffs.news\/fr\/actualite-nba\/brandon-ingram-seche-le-mini-camp-des-pelicans\/#primaryimage\"},\"image\":{\"@id\":\"https:\/\/theplayoffs.news\/fr\/actualite-nba\/brandon-ingram-seche-le-mini-camp-des-pelicans\/#primaryimage\"},\"thumbnailUrl\":\"https:\/\/theplayoffs.news\/fr\/wp-content\/uploads\/2024\/09\/USATSI_23146903.jpg\",\"datePublished\":\"2024-09-06T10:25:39+00:00\",\"dateModified\":\"2024-09-06T12:25:39+02:00\",\"author\":{\"@id\":\"https:\/\/theplayoffs.news\/fr\/#\/schema\/person\/485c897926bddfb30c4c48ac6ef84900\"},\"breadcrumb\":{\"@id\":\"https:\/\/theplayoffs.news\/fr\/actualite-nba\/brandon-ingram-seche-le-mini-camp-des-pelicans\/#breadcrumb\"},\"inLanguage\":\"fr-FR\",\"potentialAction\":[{\"@type\":\"ReadAction\",\"target\":[\"https:\/\/theplayoffs.news\/fr\/actualite-nba\/brandon-ingram-seche-le-mini-camp-des-pelicans\/\"]}]},{\"@type\":\"ImageObject\",\"inLanguage\":\"fr-FR\",\"@id\":\"https:\/\/theplayoffs.news\/fr\/actualite-nba\/brandon-ingram-seche-le-mini-camp-des-pelicans\/#primaryimage\",\"url\":\"https:\/\/theplayoffs.news\/fr\/wp-content\/uploads\/2024\/09\/USATSI_23146903.jpg\",\"contentUrl\":\"https:\/\/theplayoffs.news\/fr\/wp-content\/uploads\/2024\/09\/USATSI_23146903.jpg\",\"width\":1920,\"height\":1280,\"caption\":\"Apr 29, 2024; New Orleans, Louisiana, USA; New Orleans Pelicans forward Brandon Ingram (14) looks on against Oklahoma City Thunder guard Luguentz Dort (5) during the first half of game four of the first round for the 2024 NBA playoffs at Smoothie King Center. Mandatory Credit: Stephen Lew-USA TODAY Sports\"},{\"@type\":\"BreadcrumbList\",\"@id\":\"https:\/\/theplayoffs.news\/fr\/actualite-nba\/brandon-ingram-seche-le-mini-camp-des-pelicans\/#breadcrumb\",\"itemListElement\":[{\"@type\":\"ListItem\",\"position\":1,\"name\":\"Accueil\",\"item\":\"https:\/\/theplayoffs.news\/fr\/\"},{\"@type\":\"ListItem\",\"position\":2,\"name\":\"Brandon Ingram s\u00e8che le mini-camp des Pelicans\"}]},{\"@type\":\"WebSite\",\"@id\":\"https:\/\/theplayoffs.news\/fr\/#website\",\"url\":\"https:\/\/theplayoffs.news\/fr\/\",\"name\":\"The Playoffs FR\",\"description\":\"NBA-NFL-NHL-MLB\",\"potentialAction\":[{\"@type\":\"SearchAction\",\"target\":{\"@type\":\"EntryPoint\",\"urlTemplate\":\"https:\/\/theplayoffs.news\/fr\/?s={search_term_string}\"},\"query-input\":{\"@type\":\"PropertyValueSpecification\",\"valueRequired\":true,\"valueName\":\"search_term_string\"}}],\"inLanguage\":\"fr-FR\"},{\"@type\":\"Person\",\"@id\":\"https:\/\/theplayoffs.news\/fr\/#\/schema\/person\/485c897926bddfb30c4c48ac6ef84900\",\"name\":\"Raphael Pascal\",\"image\":{\"@type\":\"ImageObject\",\"inLanguage\":\"fr-FR\",\"@id\":\"https:\/\/theplayoffs.news\/fr\/#\/schema\/person\/image\/\",\"url\":\"https:\/\/secure.gravatar.com\/avatar\/121ff11187bbf8567a6a8b88a345550217899606196c19205b2337f770b1af55?s=96&d=mm&r=g\",\"contentUrl\":\"https:\/\/secure.gravatar.com\/avatar\/121ff11187bbf8567a6a8b88a345550217899606196c19205b2337f770b1af55?s=96&d=mm&r=g\",\"caption\":\"Raphael Pascal\"},\"description\":\"Podcasteur, commentateur et r\u00e9dacteur NBA et NFL. Depuis toujours fan de sport, j\\\\'ai d\u00e9couvert la NBA et la NFL a 18 ans et \u00e7a a \u00e9t\u00e9 un coup de c\u0153ur. Les Bucks et les Spurs m\\\\'ont fait d\u00e9couvrir la NBA et m\\\\'ont donn\u00e9 cet amour pour ce sport. Et pour la NFL, c\\\\'est le Superbowl perdu par les Chiefs face \u00e0 Tempa Bay qui m\\\\'a fait d\u00e9couvrir ce sport. Depuis, je suis fan de KC. Ce que j\\\\'aime le plus c\\\\'est les \u00e9missions \/ podcadts, car c\\\\'est un moment convivial o\u00f9 l\\\\'on peut donner des informations, mais cela permet aussi de pouvoir \u00e9changer et d\u00e9battre et c\\\\'est toujours passionnant. Rejoignez nous les jeudis \u00e0 19h chaque semaine pour une \u00e9mission NBA en direct sur Twitch, on sera ravi de pouvoir partager ces moments avec vous, et pouvoir r\u00e9pondre \u00e0 vos questions.\",\"sameAs\":[\"https:\/\/www.instagram.com\/raph_psc\/\",\"https:\/\/x.com\/raph_psc\"],\"url\":\"https:\/\/theplayoffs.news\/fr\/author\/rpascal-newsgmail-com\/\"}]}<\/script>\n<!-- \/ Yoast SEO plugin. -->","yoast_head_json":{"title":"Brandon Ingram s&egrave;che le mini-camp des Pelicans - The Playoffs FR","robots":{"index":"index","follow":"follow","max-snippet":"max-snippet:-1","max-image-preview":"max-image-preview:large","max-video-preview":"max-video-preview:-1"},"canonical":"https:\/\/theplayoffs.news\/fr\/actualite-nba\/brandon-ingram-seche-le-mini-camp-des-pelicans\/","og_locale":"fr_FR","og_type":"article","og_title":"Brandon Ingram s&egrave;che le mini-camp des Pelicans - The Playoffs FR","og_url":"https:\/\/theplayoffs.news\/fr\/actualite-nba\/brandon-ingram-seche-le-mini-camp-des-pelicans\/","og_site_name":"The Playoffs FR","article_publisher":"https:\/\/www.facebook.com\/TheFreeAgentFR\/","article_modified_time":"2024-09-06T10:19:49+00:00","og_image":[{"width":1920,"height":1280,"url":"https:\/\/theplayoffs.news\/fr\/wp-content\/uploads\/2024\/09\/USATSI_23146903.jpg","type":"image\/jpeg"}],"author":"Raphael Pascal","twitter_card":"summary_large_image","twitter_creator":"@raph_psc","twitter_site":"@TheFreeAgentFR","twitter_misc":{"\u00c9crit par":"Raphael Pascal","Dur\u00e9e de lecture estim\u00e9e":"2 minutes"},"schema":{"@context":"https:\/\/schema.org","@graph":[{"@type":"WebPage","@id":"https:\/\/theplayoffs.news\/fr\/actualite-nba\/brandon-ingram-seche-le-mini-camp-des-pelicans\/","url":"https:\/\/theplayoffs.news\/fr\/actualite-nba\/brandon-ingram-seche-le-mini-camp-des-pelicans\/","name":"Brandon Ingram s\u00e8che le mini-camp des Pelicans - The Playoffs FR","isPartOf":{"@id":"https:\/\/theplayoffs.news\/fr\/#website"},"primaryImageOfPage":{"@id":"https:\/\/theplayoffs.news\/fr\/actualite-nba\/brandon-ingram-seche-le-mini-camp-des-pelicans\/#primaryimage"},"image":{"@id":"https:\/\/theplayoffs.news\/fr\/actualite-nba\/brandon-ingram-seche-le-mini-camp-des-pelicans\/#primaryimage"},"thumbnailUrl":"https:\/\/theplayoffs.news\/fr\/wp-content\/uploads\/2024\/09\/USATSI_23146903.jpg","datePublished":"2024-09-06T10:25:39+00:00","dateModified":"2024-09-06T12:25:39+02:00","author":{"@id":"https:\/\/theplayoffs.news\/fr\/#\/schema\/person\/485c897926bddfb30c4c48ac6ef84900"},"breadcrumb":{"@id":"https:\/\/theplayoffs.news\/fr\/actualite-nba\/brandon-ingram-seche-le-mini-camp-des-pelicans\/#breadcrumb"},"inLanguage":"fr-FR","potentialAction":[{"@type":"ReadAction","target":["https:\/\/theplayoffs.news\/fr\/actualite-nba\/brandon-ingram-seche-le-mini-camp-des-pelicans\/"]}]},{"@type":"ImageObject","inLanguage":"fr-FR","@id":"https:\/\/theplayoffs.news\/fr\/actualite-nba\/brandon-ingram-seche-le-mini-camp-des-pelicans\/#primaryimage","url":"https:\/\/theplayoffs.news\/fr\/wp-content\/uploads\/2024\/09\/USATSI_23146903.jpg","contentUrl":"https:\/\/theplayoffs.news\/fr\/wp-content\/uploads\/2024\/09\/USATSI_23146903.jpg","width":1920,"height":1280,"caption":"Apr 29, 2024; New Orleans, Louisiana, USA; New Orleans Pelicans forward Brandon Ingram (14) looks on against Oklahoma City Thunder guard Luguentz Dort (5) during the first half of game four of the first round for the 2024 NBA playoffs at Smoothie King Center. Mandatory Credit: Stephen Lew-USA TODAY Sports"},{"@type":"BreadcrumbList","@id":"https:\/\/theplayoffs.news\/fr\/actualite-nba\/brandon-ingram-seche-le-mini-camp-des-pelicans\/#breadcrumb","itemListElement":[{"@type":"ListItem","position":1,"name":"Accueil","item":"https:\/\/theplayoffs.news\/fr\/"},{"@type":"ListItem","position":2,"name":"Brandon Ingram s\u00e8che le mini-camp des Pelicans"}]},{"@type":"WebSite","@id":"https:\/\/theplayoffs.news\/fr\/#website","url":"https:\/\/theplayoffs.news\/fr\/","name":"The Playoffs FR","description":"NBA-NFL-NHL-MLB","potentialAction":[{"@type":"SearchAction","target":{"@type":"EntryPoint","urlTemplate":"https:\/\/theplayoffs.news\/fr\/?s={search_term_string}"},"query-input":{"@type":"PropertyValueSpecification","valueRequired":true,"valueName":"search_term_string"}}],"inLanguage":"fr-FR"},{"@type":"Person","@id":"https:\/\/theplayoffs.news\/fr\/#\/schema\/person\/485c897926bddfb30c4c48ac6ef84900","name":"Raphael Pascal","image":{"@type":"ImageObject","inLanguage":"fr-FR","@id":"https:\/\/theplayoffs.news\/fr\/#\/schema\/person\/image\/","url":"https:\/\/secure.gravatar.com\/avatar\/121ff11187bbf8567a6a8b88a345550217899606196c19205b2337f770b1af55?s=96&d=mm&r=g","contentUrl":"https:\/\/secure.gravatar.com\/avatar\/121ff11187bbf8567a6a8b88a345550217899606196c19205b2337f770b1af55?s=96&d=mm&r=g","caption":"Raphael Pascal"},"description":"Podcasteur, commentateur et r\u00e9dacteur NBA et NFL. Depuis toujours fan de sport, j\\'ai d\u00e9couvert la NBA et la NFL a 18 ans et \u00e7a a \u00e9t\u00e9 un coup de c\u0153ur. Les Bucks et les Spurs m\\'ont fait d\u00e9couvrir la NBA et m\\'ont donn\u00e9 cet amour pour ce sport. Et pour la NFL, c\\'est le Superbowl perdu par les Chiefs face \u00e0 Tempa Bay qui m\\'a fait d\u00e9couvrir ce sport. Depuis, je suis fan de KC. Ce que j\\'aime le plus c\\'est les \u00e9missions \/ podcadts, car c\\'est un moment convivial o\u00f9 l\\'on peut donner des informations, mais cela permet aussi de pouvoir \u00e9changer et d\u00e9battre et c\\'est toujours passionnant. Rejoignez nous les jeudis \u00e0 19h chaque semaine pour une \u00e9mission NBA en direct sur Twitch, on sera ravi de pouvoir partager ces moments avec vous, et pouvoir r\u00e9pondre \u00e0 vos questions.","sameAs":["https:\/\/www.instagram.com\/raph_psc\/","https:\/\/x.com\/raph_psc"],"url":"https:\/\/theplayoffs.news\/fr\/author\/rpascal-newsgmail-com\/"}]}},"_links":{"self":[{"href":"https:\/\/theplayoffs.news\/fr\/wp-json\/wp\/v2\/posts\/1455996","targetHints":{"allow":["GET"]}}],"collection":[{"href":"https:\/\/theplayoffs.news\/fr\/wp-json\/wp\/v2\/posts"}],"about":[{"href":"https:\/\/theplayoffs.news\/fr\/wp-json\/wp\/v2\/types\/post"}],"author":[{"embeddable":true,"href":"https:\/\/theplayoffs.news\/fr\/wp-json\/wp\/v2\/users\/180310258"}],"replies":[{"embeddable":true,"href":"https:\/\/theplayoffs.news\/fr\/wp-json\/wp\/v2\/comments?post=1455996"}],"version-history":[{"count":3,"href":"https:\/\/theplayoffs.news\/fr\/wp-json\/wp\/v2\/posts\/1455996\/revisions"}],"predecessor-version":[{"id":1456005,"href":"https:\/\/theplayoffs.news\/fr\/wp-json\/wp\/v2\/posts\/1455996\/revisions\/1456005"}],"wp:featuredmedia":[{"embeddable":true,"href":"https:\/\/theplayoffs.news\/fr\/wp-json\/wp\/v2\/media\/1456000"}],"wp:attachment":[{"href":"https:\/\/theplayoffs.news\/fr\/wp-json\/wp\/v2\/media?parent=1455996"}],"wp:term":[{"taxonomy":"category","embeddable":true,"href":"https:\/\/theplayoffs.news\/fr\/wp-json\/wp\/v2\/categories?post=1455996"},{"taxonomy":"post_tag","embeddable":true,"href":"https:\/\/theplayoffs.news\/fr\/wp-json\/wp\/v2\/tags?post=1455996"},{"taxonomy":"sport","embeddable":true,"href":"https:\/\/theplayoffs.news\/fr\/wp-json\/wp\/v2\/sport?post=1455996"},{"taxonomy":"saison","embeddable":true,"href":"https:\/\/theplayoffs.news\/fr\/wp-json\/wp\/v2\/saison?post=1455996"}],"curies":[{"name":"wp","href":"https:\/\/api.w.org\/{rel}","templated":true}]}}